{"id":104,"date":"2018-03-09T09:05:44","date_gmt":"2018-03-09T09:05:44","guid":{"rendered":"http:\/\/wo-soll-das-hinfuehren.de\/Hauptmenue\/?p=104"},"modified":"2023-02-02T19:03:09","modified_gmt":"2023-02-02T19:03:09","slug":"meine-werbung","status":"publish","type":"post","link":"https:\/\/wo-soll-das-hinfuehren.de\/Hauptmenue\/?p=104","title":{"rendered":"Meine Werbung"},"content":{"rendered":"<p><strong>Meine aktuellen Bem\u00fchungen finden Sie in dem Beitrag <span style=\"color: #008000;\"><a style=\"color: #008000;\" href=\"https:\/\/wo-soll-das-hinfuehren.de\/Hauptmenue\/?p=4775\">&#8222;News 2023&#8220;<\/a><\/span><br \/>\n<\/strong><\/p>\n<p>&nbsp;<\/p>\n<p><strong>Mit dieser neuen Infotafel halte ich Mahnwachen auf \u00f6ffentlichen Pl\u00e4tzen ab und werbe f\u00fcr eine nachhaltige Lebensweise. Hierbei verteile ich Flyer.<br \/>\n<\/strong><\/p>\n<p><a href=\"http:\/\/wo-soll-das-hinfuehren.de\/Hauptmenue\/wp-content\/uploads\/2018\/03\/Schild-Mahnwache.pub_.jpg\"><img loading=\"lazy\" decoding=\"async\" class=\"alignnone size-medium wp-image-708\" src=\"http:\/\/wo-soll-das-hinfuehren.de\/Hauptmenue\/wp-content\/uploads\/2018\/03\/Schild-Mahnwache.pub_-300x212.jpg\" alt=\"\" width=\"300\" height=\"212\" srcset=\"https:\/\/wo-soll-das-hinfuehren.de\/Hauptmenue\/wp-content\/uploads\/2018\/03\/Schild-Mahnwache.pub_-300x212.jpg 300w, https:\/\/wo-soll-das-hinfuehren.de\/Hauptmenue\/wp-content\/uploads\/2018\/03\/Schild-Mahnwache.pub_-768x543.jpg 768w, https:\/\/wo-soll-das-hinfuehren.de\/Hauptmenue\/wp-content\/uploads\/2018\/03\/Schild-Mahnwache.pub_-1024x724.jpg 1024w, https:\/\/wo-soll-das-hinfuehren.de\/Hauptmenue\/wp-content\/uploads\/2018\/03\/Schild-Mahnwache.pub_.jpg 1754w\" sizes=\"auto, (max-width: 300px) 100vw, 300px\" \/><\/a><\/p>\n<p>Die neuen Flyer im DIN A5 Format sind aus umweltfreundlichem Papier und sind ebenfalls mit diesem Motiv bedruckt.<\/p>\n<p><strong>Mit Flyern m\u00f6chte ich zuk\u00fcnftig die Leute am Frankfurter Flughafen wach r\u00fctteln!<\/strong><\/p>\n<p>2017 war wieder ein Rekordjahr in Sachen CO2 Aussto\u00df. \u00a0Unsere Antwort darauf: immer mehr Menschen setzen sich v\u00f6llig unbek\u00fcmmert und voller Freude in ein Flugzeug und prozieren oft mehrmals im Jahr tonnenweise CO2 ( Treibhausgas ). Ihr \u00f6kologischer Fu\u00dfabdruck vergr\u00f6\u00dfert sich dadurch erheblich. \u00a0<strong>Ich frage Sie: ist dieses Verhalten klug und verantwortungsbewusst?<\/strong> Lesen Sie bitte die Informationen in dem Beitrag \u201c Die traurigen Fakten \u201c \u2013 UMWELTSCH\u00c4DEN DURCH FLUGZEUGE.<\/p>\n<p>Vorderseite Flyer<\/p>\n<p>Zum Lesen die Flyer bitte anklicken.<\/p>\n<p><a href=\"http:\/\/wo-soll-das-hinfuehren.de\/Hauptmenue\/wp-content\/uploads\/2018\/03\/Flyer-DIN-A5-Vorderseite-gr\u00fcn-Internet-NEU-20.04.2018.jpg\"><img loading=\"lazy\" decoding=\"async\" class=\"alignnone size-medium wp-image-513\" src=\"http:\/\/wo-soll-das-hinfuehren.de\/Hauptmenue\/wp-content\/uploads\/2018\/03\/Flyer-DIN-A5-Vorderseite-gr\u00fcn-Internet-NEU-20.04.2018-211x300.jpg\" alt=\"\" width=\"211\" height=\"300\" srcset=\"https:\/\/wo-soll-das-hinfuehren.de\/Hauptmenue\/wp-content\/uploads\/2018\/03\/Flyer-DIN-A5-Vorderseite-gr\u00fcn-Internet-NEU-20.04.2018-211x300.jpg 211w, https:\/\/wo-soll-das-hinfuehren.de\/Hauptmenue\/wp-content\/uploads\/2018\/03\/Flyer-DIN-A5-Vorderseite-gr\u00fcn-Internet-NEU-20.04.2018-768x1090.jpg 768w, https:\/\/wo-soll-das-hinfuehren.de\/Hauptmenue\/wp-content\/uploads\/2018\/03\/Flyer-DIN-A5-Vorderseite-gr\u00fcn-Internet-NEU-20.04.2018-722x1024.jpg 722w, https:\/\/wo-soll-das-hinfuehren.de\/Hauptmenue\/wp-content\/uploads\/2018\/03\/Flyer-DIN-A5-Vorderseite-gr\u00fcn-Internet-NEU-20.04.2018.jpg 874w\" sizes=\"auto, (max-width: 211px) 100vw, 211px\" \/><\/a><\/p>\n<p>R\u00fcckseite Flyer<\/p>\n<p><a href=\"http:\/\/wo-soll-das-hinfuehren.de\/Hauptmenue\/wp-content\/uploads\/2018\/03\/FLYER-DIN-A-5-NEU-20.04.2018.jpg\"><img loading=\"lazy\" decoding=\"async\" class=\"alignnone size-medium wp-image-508\" src=\"http:\/\/wo-soll-das-hinfuehren.de\/Hauptmenue\/wp-content\/uploads\/2018\/03\/FLYER-DIN-A-5-NEU-20.04.2018-211x300.jpg\" alt=\"\" width=\"211\" height=\"300\" srcset=\"https:\/\/wo-soll-das-hinfuehren.de\/Hauptmenue\/wp-content\/uploads\/2018\/03\/FLYER-DIN-A-5-NEU-20.04.2018-211x300.jpg 211w, https:\/\/wo-soll-das-hinfuehren.de\/Hauptmenue\/wp-content\/uploads\/2018\/03\/FLYER-DIN-A-5-NEU-20.04.2018-768x1090.jpg 768w, https:\/\/wo-soll-das-hinfuehren.de\/Hauptmenue\/wp-content\/uploads\/2018\/03\/FLYER-DIN-A-5-NEU-20.04.2018-722x1024.jpg 722w, https:\/\/wo-soll-das-hinfuehren.de\/Hauptmenue\/wp-content\/uploads\/2018\/03\/FLYER-DIN-A-5-NEU-20.04.2018.jpg 874w\" sizes=\"auto, (max-width: 211px) 100vw, 211px\" \/><\/a><\/p>\n<p>Mit dieser Infotafel nehme ich zuk\u00fcnftig an Montagsdemonstrationen am Frankfurter Flughafen teil. (Bilder in dem Beitrag &#8220; Aktuelles &#8222;)<\/p>\n<p><a href=\"http:\/\/wo-soll-das-hinfuehren.de\/Hauptmenue\/wp-content\/uploads\/2018\/03\/Schild-Montagsdemo.jpg\"><img loading=\"lazy\" decoding=\"async\" class=\"alignnone size-medium wp-image-597\" src=\"http:\/\/wo-soll-das-hinfuehren.de\/Hauptmenue\/wp-content\/uploads\/2018\/03\/Schild-Montagsdemo-300x212.jpg\" alt=\"\" width=\"300\" height=\"212\" srcset=\"https:\/\/wo-soll-das-hinfuehren.de\/Hauptmenue\/wp-content\/uploads\/2018\/03\/Schild-Montagsdemo-300x212.jpg 300w, https:\/\/wo-soll-das-hinfuehren.de\/Hauptmenue\/wp-content\/uploads\/2018\/03\/Schild-Montagsdemo-768x543.jpg 768w, https:\/\/wo-soll-das-hinfuehren.de\/Hauptmenue\/wp-content\/uploads\/2018\/03\/Schild-Montagsdemo-1024x724.jpg 1024w, https:\/\/wo-soll-das-hinfuehren.de\/Hauptmenue\/wp-content\/uploads\/2018\/03\/Schild-Montagsdemo.jpg 1754w\" sizes=\"auto, (max-width: 300px) 100vw, 300px\" \/><\/a><\/p>\n<p>Am 16. April schrieb ich zwei bekannten Fernsehmoderatoren den nachfolgenden Brief.<\/p>\n<p><a href=\"http:\/\/wo-soll-das-hinfuehren.de\/Hauptmenue\/wp-content\/uploads\/2018\/03\/Brief-n.-L.-Hr.-Yogeshwar-ohne-MBF-Nummer.jpg\"><img loading=\"lazy\" decoding=\"async\" class=\"alignnone size-medium wp-image-587\" src=\"http:\/\/wo-soll-das-hinfuehren.de\/Hauptmenue\/wp-content\/uploads\/2018\/03\/Brief-n.-L.-Hr.-Yogeshwar-ohne-MBF-Nummer-212x300.jpg\" alt=\"\" width=\"212\" height=\"300\" srcset=\"https:\/\/wo-soll-das-hinfuehren.de\/Hauptmenue\/wp-content\/uploads\/2018\/03\/Brief-n.-L.-Hr.-Yogeshwar-ohne-MBF-Nummer-212x300.jpg 212w, https:\/\/wo-soll-das-hinfuehren.de\/Hauptmenue\/wp-content\/uploads\/2018\/03\/Brief-n.-L.-Hr.-Yogeshwar-ohne-MBF-Nummer-768x1086.jpg 768w, https:\/\/wo-soll-das-hinfuehren.de\/Hauptmenue\/wp-content\/uploads\/2018\/03\/Brief-n.-L.-Hr.-Yogeshwar-ohne-MBF-Nummer-724x1024.jpg 724w, https:\/\/wo-soll-das-hinfuehren.de\/Hauptmenue\/wp-content\/uploads\/2018\/03\/Brief-n.-L.-Hr.-Yogeshwar-ohne-MBF-Nummer.jpg 1240w\" sizes=\"auto, (max-width: 212px) 100vw, 212px\" \/><\/a><\/p>\n<p><a href=\"http:\/\/wo-soll-das-hinfuehren.de\/Hauptmenue\/wp-content\/uploads\/2018\/03\/Brief-n.-L.-Hr.-Ranft-Hr.-Jo-2-S.2.jpg\"><img loading=\"lazy\" decoding=\"async\" class=\"alignnone size-medium wp-image-588\" src=\"http:\/\/wo-soll-das-hinfuehren.de\/Hauptmenue\/wp-content\/uploads\/2018\/03\/Brief-n.-L.-Hr.-Ranft-Hr.-Jo-2-S.2-212x300.jpg\" alt=\"\" width=\"212\" height=\"300\" srcset=\"https:\/\/wo-soll-das-hinfuehren.de\/Hauptmenue\/wp-content\/uploads\/2018\/03\/Brief-n.-L.-Hr.-Ranft-Hr.-Jo-2-S.2-212x300.jpg 212w, https:\/\/wo-soll-das-hinfuehren.de\/Hauptmenue\/wp-content\/uploads\/2018\/03\/Brief-n.-L.-Hr.-Ranft-Hr.-Jo-2-S.2-768x1086.jpg 768w, https:\/\/wo-soll-das-hinfuehren.de\/Hauptmenue\/wp-content\/uploads\/2018\/03\/Brief-n.-L.-Hr.-Ranft-Hr.-Jo-2-S.2-724x1024.jpg 724w, https:\/\/wo-soll-das-hinfuehren.de\/Hauptmenue\/wp-content\/uploads\/2018\/03\/Brief-n.-L.-Hr.-Ranft-Hr.-Jo-2-S.2.jpg 1240w\" sizes=\"auto, (max-width: 212px) 100vw, 212px\" \/><\/a><\/p>\n<p>In meinem pers\u00f6nlichen Umfeld mache ich Werbung f\u00fcr meine Internetseite.\u00a0 Von vielen Menschen h\u00f6re ich, dass sie sich auch schon seit Jahren Sorgen um unsere Umwelt machen.<\/p>\n<p style=\"text-align: center;\">\n","protected":false},"excerpt":{"rendered":"<p>Meine aktuellen Bem\u00fchungen finden Sie in dem Beitrag &#8222;News 2023&#8220; &nbsp; Mit dieser neuen Infotafel halte ich Mahnwachen auf \u00f6ffentlichen Pl\u00e4tzen ab und werbe f\u00fcr eine nachhaltige Lebensweise. Hierbei verteile ich Flyer. Die neuen Flyer im DIN A5 Format sind aus umweltfreundlichem Papier und sind ebenfalls mit diesem Motiv bedruckt. Mit Flyern m\u00f6chte ich zuk\u00fcnftig &hellip; <a href=\"https:\/\/wo-soll-das-hinfuehren.de\/Hauptmenue\/?p=104\" class=\"more-link\"><span class=\"screen-reader-text\">Meine Werbung<\/span> weiterlesen<\/a><\/p>\n","protected":false},"author":1,"featured_media":0,"comment_status":"open","ping_status":"open","sticky":false,"template":"","format":"standard","meta":{"footnotes":""},"categories":[1],"tags":[],"class_list":["post-104","post","type-post","status-publish","format-standard","hentry","category-allgemein"],"jetpack_featured_media_url":"","_links":{"self":[{"href":"https:\/\/wo-soll-das-hinfuehren.de\/Hauptmenue\/index.php?rest_route=\/wp\/v2\/posts\/104","targetHints":{"allow":["GET"]}}],"collection":[{"href":"https:\/\/wo-soll-das-hinfuehren.de\/Hauptmenue\/index.php?rest_route=\/wp\/v2\/posts"}],"about":[{"href":"https:\/\/wo-soll-das-hinfuehren.de\/Hauptmenue\/index.php?rest_route=\/wp\/v2\/types\/post"}],"author":[{"embeddable":true,"href":"https:\/\/wo-soll-das-hinfuehren.de\/Hauptmenue\/index.php?rest_route=\/wp\/v2\/users\/1"}],"replies":[{"embeddable":true,"href":"https:\/\/wo-soll-das-hinfuehren.de\/Hauptmenue\/index.php?rest_route=%2Fwp%2Fv2%2Fcomments&post=104"}],"version-history":[{"count":61,"href":"https:\/\/wo-soll-das-hinfuehren.de\/Hauptmenue\/index.php?rest_route=\/wp\/v2\/posts\/104\/revisions"}],"predecessor-version":[{"id":4897,"href":"https:\/\/wo-soll-das-hinfuehren.de\/Hauptmenue\/index.php?rest_route=\/wp\/v2\/posts\/104\/revisions\/4897"}],"wp:attachment":[{"href":"https:\/\/wo-soll-das-hinfuehren.de\/Hauptmenue\/index.php?rest_route=%2Fwp%2Fv2%2Fmedia&parent=104"}],"wp:term":[{"taxonomy":"category","embeddable":true,"href":"https:\/\/wo-soll-das-hinfuehren.de\/Hauptmenue\/index.php?rest_route=%2Fwp%2Fv2%2Fcategories&post=104"},{"taxonomy":"post_tag","embeddable":true,"href":"https:\/\/wo-soll-das-hinfuehren.de\/Hauptmenue\/index.php?rest_route=%2Fwp%2Fv2%2Ftags&post=104"}],"curies":[{"name":"wp","href":"https:\/\/api.w.org\/{rel}","templated":true}]}}