{"id":1119,"date":"2018-01-26T10:40:34","date_gmt":"2018-01-26T10:40:34","guid":{"rendered":"http:\/\/wo-soll-das-hinfuehren.de\/Hauptmenue\/?p=1119"},"modified":"2021-08-23T13:25:05","modified_gmt":"2021-08-23T13:25:05","slug":"eine-fahrradtour-im-kinzigtal","status":"publish","type":"post","link":"https:\/\/wo-soll-das-hinfuehren.de\/Hauptmenue\/?p=1119","title":{"rendered":"Eine Fahrradtour im Kinzigtal"},"content":{"rendered":"<p>Meine Fahrradtour am 07.09.2018 war die traurigste und erschreckendste Radtour in meinem Leben.<\/p>\n<p>Sie zeigte mir die Auswirkungen von unserer aktuellen kurzsichtigen Denk- und Lebensweise.<\/p>\n<p>Die sch\u00f6nen Bilder und Videos, welche ich in dem Beitrag\u00a0<a href=\"http:\/\/wo-soll-das-hinfuehren.de\/Hauptmenue\/?p=881\">HOFFNUNG<\/a> einstellte, k\u00f6nnten bald zu Erinnerungsfotos f\u00fcr junge Menschen werden\u2026<\/p>\n<p>Wie lange wir sie ihnen zeigen k\u00f6nnen w\u00e4re die n\u00e4chste Frage, wenn wir weiterhin so Schindluder mit unserer Natur treiben.<\/p>\n<p>Die Signale unserer Natur ( Lebensgrundlage ) sind nicht nur diesen Sommer eindeutig und eine Aussage von einem Nachbar zu meiner Webseite vor ein paar Wochen beschreibt die Sachlage ebenfalls eindeutig: \u201c Die Menschheit kapiert`s nicht \u201c<\/p>\n<p>Das zeigt beispielsweise der nachfolgend verlinkte Bericht \u00fcber PKW-Zulassungen.\u00a0 <a href=\"https:\/\/newsv2.orf.at\/stories\/2451797\/2451801\">Mit Vollgas in die Klimakrise<\/a><\/p>\n<p>Zudem werden Klimaforscher und Klimafolgenforscher von Regierungen nicht ernst genommen und von der Gesellschaft oft verh\u00f6hnt und verspottet.<\/p>\n<p>Wirtschaftswachstum, Konsum, Wohlstand und Luxus steht weltweit weiterhin bei fast allen Menschen an erster Stelle. Dass das nicht im Einklang mit der Natur steht und in eine Sackgasse f\u00fchrt wird einfach ignoriert. Der wohl fatalste Fehler in der Menschheitsgeschichte\u2026.<\/p>\n<p>Bilder vom 07.09.2018<\/p>\n<p>( Bilder zum Betrachten bitte ein- oder zweimal anklicken. )<\/p>\n<p>Vertrocknete Maisfelder<\/p>\n<p><a href=\"http:\/\/wo-soll-das-hinfuehren.de\/Hauptmenue\/wp-content\/uploads\/2018\/09\/DSCN9649.jpg\"><img loading=\"lazy\" decoding=\"async\" class=\"alignnone size-medium wp-image-1123\" src=\"http:\/\/wo-soll-das-hinfuehren.de\/Hauptmenue\/wp-content\/uploads\/2018\/09\/DSCN9649-300x225.jpg\" alt=\"\" width=\"300\" height=\"225\" srcset=\"https:\/\/wo-soll-das-hinfuehren.de\/Hauptmenue\/wp-content\/uploads\/2018\/09\/DSCN9649-300x225.jpg 300w, https:\/\/wo-soll-das-hinfuehren.de\/Hauptmenue\/wp-content\/uploads\/2018\/09\/DSCN9649-768x576.jpg 768w, https:\/\/wo-soll-das-hinfuehren.de\/Hauptmenue\/wp-content\/uploads\/2018\/09\/DSCN9649-1024x768.jpg 1024w\" sizes=\"auto, (max-width: 300px) 100vw, 300px\" \/><\/a><\/p>\n<p><a href=\"http:\/\/wo-soll-das-hinfuehren.de\/Hauptmenue\/wp-content\/uploads\/2018\/09\/20180907_121505.jpg\"><img loading=\"lazy\" decoding=\"async\" class=\"alignnone size-medium wp-image-1124\" src=\"http:\/\/wo-soll-das-hinfuehren.de\/Hauptmenue\/wp-content\/uploads\/2018\/09\/20180907_121505-300x225.jpg\" alt=\"\" width=\"300\" height=\"225\" srcset=\"https:\/\/wo-soll-das-hinfuehren.de\/Hauptmenue\/wp-content\/uploads\/2018\/09\/20180907_121505-300x225.jpg 300w, https:\/\/wo-soll-das-hinfuehren.de\/Hauptmenue\/wp-content\/uploads\/2018\/09\/20180907_121505-768x576.jpg 768w, https:\/\/wo-soll-das-hinfuehren.de\/Hauptmenue\/wp-content\/uploads\/2018\/09\/20180907_121505-1024x768.jpg 1024w\" sizes=\"auto, (max-width: 300px) 100vw, 300px\" \/><\/a><\/p>\n<p><a href=\"http:\/\/wo-soll-das-hinfuehren.de\/Hauptmenue\/wp-content\/uploads\/2018\/09\/20180907_132729.jpg\"><img loading=\"lazy\" decoding=\"async\" class=\"alignnone size-medium wp-image-1125\" src=\"http:\/\/wo-soll-das-hinfuehren.de\/Hauptmenue\/wp-content\/uploads\/2018\/09\/20180907_132729-300x225.jpg\" alt=\"\" width=\"300\" height=\"225\" srcset=\"https:\/\/wo-soll-das-hinfuehren.de\/Hauptmenue\/wp-content\/uploads\/2018\/09\/20180907_132729-300x225.jpg 300w, https:\/\/wo-soll-das-hinfuehren.de\/Hauptmenue\/wp-content\/uploads\/2018\/09\/20180907_132729-768x576.jpg 768w, https:\/\/wo-soll-das-hinfuehren.de\/Hauptmenue\/wp-content\/uploads\/2018\/09\/20180907_132729-1024x768.jpg 1024w\" sizes=\"auto, (max-width: 300px) 100vw, 300px\" \/><\/a><\/p>\n<p>Dunkle Wolken \u00fcber vertrocknetem Boden und kaum Regen&#8230;<\/p>\n<p><a href=\"http:\/\/wo-soll-das-hinfuehren.de\/Hauptmenue\/wp-content\/uploads\/2018\/09\/20180907_140410.jpg\"><img loading=\"lazy\" decoding=\"async\" class=\"alignnone size-medium wp-image-1126\" src=\"http:\/\/wo-soll-das-hinfuehren.de\/Hauptmenue\/wp-content\/uploads\/2018\/09\/20180907_140410-300x225.jpg\" alt=\"\" width=\"300\" height=\"225\" srcset=\"https:\/\/wo-soll-das-hinfuehren.de\/Hauptmenue\/wp-content\/uploads\/2018\/09\/20180907_140410-300x225.jpg 300w, https:\/\/wo-soll-das-hinfuehren.de\/Hauptmenue\/wp-content\/uploads\/2018\/09\/20180907_140410-768x576.jpg 768w, https:\/\/wo-soll-das-hinfuehren.de\/Hauptmenue\/wp-content\/uploads\/2018\/09\/20180907_140410-1024x768.jpg 1024w\" sizes=\"auto, (max-width: 300px) 100vw, 300px\" \/><\/a><\/p>\n<p>Die Ursache daf\u00fcr ist in der Bildmitte&#8230;<\/p>\n<p><a href=\"http:\/\/wo-soll-das-hinfuehren.de\/Hauptmenue\/wp-content\/uploads\/2018\/09\/20180907_141802.jpg\"><img loading=\"lazy\" decoding=\"async\" class=\"alignnone size-medium wp-image-1127\" src=\"http:\/\/wo-soll-das-hinfuehren.de\/Hauptmenue\/wp-content\/uploads\/2018\/09\/20180907_141802-300x225.jpg\" alt=\"\" width=\"300\" height=\"225\" srcset=\"https:\/\/wo-soll-das-hinfuehren.de\/Hauptmenue\/wp-content\/uploads\/2018\/09\/20180907_141802-300x225.jpg 300w, https:\/\/wo-soll-das-hinfuehren.de\/Hauptmenue\/wp-content\/uploads\/2018\/09\/20180907_141802-768x576.jpg 768w, https:\/\/wo-soll-das-hinfuehren.de\/Hauptmenue\/wp-content\/uploads\/2018\/09\/20180907_141802-1024x768.jpg 1024w\" sizes=\"auto, (max-width: 300px) 100vw, 300px\" \/><\/a><\/p>\n<p>Vorwurfsvolle Blicke&#8230;<\/p>\n<p><a href=\"http:\/\/wo-soll-das-hinfuehren.de\/Hauptmenue\/wp-content\/uploads\/2018\/09\/DSCN9647.jpg\"><img loading=\"lazy\" decoding=\"async\" class=\"alignnone size-medium wp-image-1128\" src=\"http:\/\/wo-soll-das-hinfuehren.de\/Hauptmenue\/wp-content\/uploads\/2018\/09\/DSCN9647-300x225.jpg\" alt=\"\" width=\"300\" height=\"225\" srcset=\"https:\/\/wo-soll-das-hinfuehren.de\/Hauptmenue\/wp-content\/uploads\/2018\/09\/DSCN9647-300x225.jpg 300w, https:\/\/wo-soll-das-hinfuehren.de\/Hauptmenue\/wp-content\/uploads\/2018\/09\/DSCN9647-768x576.jpg 768w, https:\/\/wo-soll-das-hinfuehren.de\/Hauptmenue\/wp-content\/uploads\/2018\/09\/DSCN9647-1024x768.jpg 1024w\" sizes=\"auto, (max-width: 300px) 100vw, 300px\" \/><\/a><\/p>\n<p><a href=\"http:\/\/wo-soll-das-hinfuehren.de\/Hauptmenue\/wp-content\/uploads\/2018\/09\/RSCN9709.jpg\"><img loading=\"lazy\" decoding=\"async\" class=\"alignnone size-medium wp-image-1129\" src=\"http:\/\/wo-soll-das-hinfuehren.de\/Hauptmenue\/wp-content\/uploads\/2018\/09\/RSCN9709-300x225.jpg\" alt=\"\" width=\"300\" height=\"225\" srcset=\"https:\/\/wo-soll-das-hinfuehren.de\/Hauptmenue\/wp-content\/uploads\/2018\/09\/RSCN9709-300x225.jpg 300w, https:\/\/wo-soll-das-hinfuehren.de\/Hauptmenue\/wp-content\/uploads\/2018\/09\/RSCN9709-768x576.jpg 768w, https:\/\/wo-soll-das-hinfuehren.de\/Hauptmenue\/wp-content\/uploads\/2018\/09\/RSCN9709-1024x768.jpg 1024w, https:\/\/wo-soll-das-hinfuehren.de\/Hauptmenue\/wp-content\/uploads\/2018\/09\/RSCN9709.jpg 1600w\" sizes=\"auto, (max-width: 300px) 100vw, 300px\" \/><\/a><\/p>\n<p>Verd\u00fcrrtes Weideland und leidende B\u00e4ume<\/p>\n<p><a href=\"http:\/\/wo-soll-das-hinfuehren.de\/Hauptmenue\/wp-content\/uploads\/2018\/02\/DSCN9701.jpg\"><img loading=\"lazy\" decoding=\"async\" class=\"alignnone size-medium wp-image-1132\" src=\"http:\/\/wo-soll-das-hinfuehren.de\/Hauptmenue\/wp-content\/uploads\/2018\/02\/DSCN9701-300x225.jpg\" alt=\"\" width=\"300\" height=\"225\" srcset=\"https:\/\/wo-soll-das-hinfuehren.de\/Hauptmenue\/wp-content\/uploads\/2018\/02\/DSCN9701-300x225.jpg 300w, https:\/\/wo-soll-das-hinfuehren.de\/Hauptmenue\/wp-content\/uploads\/2018\/02\/DSCN9701-768x576.jpg 768w, https:\/\/wo-soll-das-hinfuehren.de\/Hauptmenue\/wp-content\/uploads\/2018\/02\/DSCN9701-1024x768.jpg 1024w\" sizes=\"auto, (max-width: 300px) 100vw, 300px\" \/><\/a><\/p>\n<p><a href=\"http:\/\/wo-soll-das-hinfuehren.de\/Hauptmenue\/wp-content\/uploads\/2018\/02\/DSCN9698.jpg\"><img loading=\"lazy\" decoding=\"async\" class=\"alignnone size-medium wp-image-1133\" src=\"http:\/\/wo-soll-das-hinfuehren.de\/Hauptmenue\/wp-content\/uploads\/2018\/02\/DSCN9698-300x225.jpg\" alt=\"\" width=\"300\" height=\"225\" srcset=\"https:\/\/wo-soll-das-hinfuehren.de\/Hauptmenue\/wp-content\/uploads\/2018\/02\/DSCN9698-300x225.jpg 300w, https:\/\/wo-soll-das-hinfuehren.de\/Hauptmenue\/wp-content\/uploads\/2018\/02\/DSCN9698-768x576.jpg 768w, https:\/\/wo-soll-das-hinfuehren.de\/Hauptmenue\/wp-content\/uploads\/2018\/02\/DSCN9698-1024x768.jpg 1024w\" sizes=\"auto, (max-width: 300px) 100vw, 300px\" \/><\/a><\/p>\n<p><a href=\"http:\/\/wo-soll-das-hinfuehren.de\/Hauptmenue\/wp-content\/uploads\/2018\/02\/DSCN9702.jpg\"><img loading=\"lazy\" decoding=\"async\" class=\"alignnone size-medium wp-image-1134\" src=\"http:\/\/wo-soll-das-hinfuehren.de\/Hauptmenue\/wp-content\/uploads\/2018\/02\/DSCN9702-300x225.jpg\" alt=\"\" width=\"300\" height=\"225\" srcset=\"https:\/\/wo-soll-das-hinfuehren.de\/Hauptmenue\/wp-content\/uploads\/2018\/02\/DSCN9702-300x225.jpg 300w, https:\/\/wo-soll-das-hinfuehren.de\/Hauptmenue\/wp-content\/uploads\/2018\/02\/DSCN9702-768x576.jpg 768w, https:\/\/wo-soll-das-hinfuehren.de\/Hauptmenue\/wp-content\/uploads\/2018\/02\/DSCN9702-1024x768.jpg 1024w\" sizes=\"auto, (max-width: 300px) 100vw, 300px\" \/><\/a><\/p>\n<p>&nbsp;<\/p>\n<p>&nbsp;<\/p>\n<p>&nbsp;<\/p>\n","protected":false},"excerpt":{"rendered":"<p>Meine Fahrradtour am 07.09.2018 war die traurigste und erschreckendste Radtour in meinem Leben. Sie zeigte mir die Auswirkungen von unserer aktuellen kurzsichtigen Denk- und Lebensweise. Die sch\u00f6nen Bilder und Videos, welche ich in dem Beitrag\u00a0HOFFNUNG einstellte, k\u00f6nnten bald zu Erinnerungsfotos f\u00fcr junge Menschen werden\u2026 Wie lange wir sie ihnen zeigen k\u00f6nnen w\u00e4re die n\u00e4chste Frage, &hellip; <a href=\"https:\/\/wo-soll-das-hinfuehren.de\/Hauptmenue\/?p=1119\" class=\"more-link\"><span class=\"screen-reader-text\">Eine Fahrradtour im Kinzigtal<\/span> weiterlesen<\/a><\/p>\n","protected":false},"author":1,"featured_media":0,"comment_status":"open","ping_status":"open","sticky":false,"template":"","format":"standard","meta":{"footnotes":""},"categories":[1],"tags":[],"class_list":["post-1119","post","type-post","status-publish","format-standard","hentry","category-allgemein"],"jetpack_featured_media_url":"","_links":{"self":[{"href":"https:\/\/wo-soll-das-hinfuehren.de\/Hauptmenue\/index.php?rest_route=\/wp\/v2\/posts\/1119","targetHints":{"allow":["GET"]}}],"collection":[{"href":"https:\/\/wo-soll-das-hinfuehren.de\/Hauptmenue\/index.php?rest_route=\/wp\/v2\/posts"}],"about":[{"href":"https:\/\/wo-soll-das-hinfuehren.de\/Hauptmenue\/index.php?rest_route=\/wp\/v2\/types\/post"}],"author":[{"embeddable":true,"href":"https:\/\/wo-soll-das-hinfuehren.de\/Hauptmenue\/index.php?rest_route=\/wp\/v2\/users\/1"}],"replies":[{"embeddable":true,"href":"https:\/\/wo-soll-das-hinfuehren.de\/Hauptmenue\/index.php?rest_route=%2Fwp%2Fv2%2Fcomments&post=1119"}],"version-history":[{"count":18,"href":"https:\/\/wo-soll-das-hinfuehren.de\/Hauptmenue\/index.php?rest_route=\/wp\/v2\/posts\/1119\/revisions"}],"predecessor-version":[{"id":1151,"href":"https:\/\/wo-soll-das-hinfuehren.de\/Hauptmenue\/index.php?rest_route=\/wp\/v2\/posts\/1119\/revisions\/1151"}],"wp:attachment":[{"href":"https:\/\/wo-soll-das-hinfuehren.de\/Hauptmenue\/index.php?rest_route=%2Fwp%2Fv2%2Fmedia&parent=1119"}],"wp:term":[{"taxonomy":"category","embeddable":true,"href":"https:\/\/wo-soll-das-hinfuehren.de\/Hauptmenue\/index.php?rest_route=%2Fwp%2Fv2%2Fcategories&post=1119"},{"taxonomy":"post_tag","embeddable":true,"href":"https:\/\/wo-soll-das-hinfuehren.de\/Hauptmenue\/index.php?rest_route=%2Fwp%2Fv2%2Ftags&post=1119"}],"curies":[{"name":"wp","href":"https:\/\/api.w.org\/{rel}","templated":true}]}}