{"id":121,"date":"2018-03-13T17:20:59","date_gmt":"2018-03-13T17:20:59","guid":{"rendered":"http:\/\/wo-soll-das-hinfuehren.de\/Hauptmenue\/?p=121"},"modified":"2024-02-01T19:49:31","modified_gmt":"2024-02-01T19:49:31","slug":"die-traurigen-fakten","status":"publish","type":"post","link":"https:\/\/wo-soll-das-hinfuehren.de\/Hauptmenue\/?p=121","title":{"rendered":"Die traurigen Fakten"},"content":{"rendered":"<p><strong>Liebe Besucher,<\/strong><br \/>\n<strong> hier finden Sie Informationen \u00fcber die traurige Entwicklung in verschieden Bereichen. In den Beitr\u00e4gen<span style=\"color: #008000;\"> \u00a0<a style=\"color: #008000;\" href=\"https:\/\/wo-soll-das-hinfuehren.de\/Hauptmenue\/?p=5543\">&#8222;News 2024&#8220;<\/a>\u00a0 ,\u00a0 <a style=\"color: #008000;\" href=\"https:\/\/wo-soll-das-hinfuehren.de\/Hauptmenue\/?p=4775\">\u203aNews 2023\u2039<\/a> <\/span><\/strong>, <strong><span style=\"color: #008000;\"><a style=\"color: #008000;\" href=\"https:\/\/wo-soll-das-hinfuehren.de\/Hauptmenue\/?p=4048\">\u203aNews 2022\u2039<\/a><\/span> ,\u00a0 <span style=\"color: #008000;\"><a style=\"color: #008000;\" href=\"https:\/\/wo-soll-das-hinfuehren.de\/Hauptmenue\/?p=2952\">\u203a<\/a><a style=\"color: #008000;\" href=\"https:\/\/wo-soll-das-hinfuehren.de\/Hauptmenue\/?p=2952\">News 2021\u2039<\/a><\/span> , <span style=\"color: #008000;\">\u203a<\/span><\/strong><span style=\"color: #008000;\"><a style=\"color: #008000;\" href=\"https:\/\/wo-soll-das-hinfuehren.de\/Hauptmenue\/?p=1984\"><strong>News 2020\u2039 <\/strong><\/a><\/span><strong> , <span style=\"color: #008000;\">\u203a<\/span><a href=\"http:\/\/wo-soll-das-hinfuehren.de\/Hauptmenue\/?p=1223\"><span style=\"color: #008000;\">News 2019<\/span><\/a><span style=\"color: #008000;\">\u2039<\/span> und <span style=\"color: #008000;\"><a style=\"color: #008000;\" href=\"http:\/\/wo-soll-das-hinfuehren.de\/Hauptmenue\/?p=530\"><span style=\"color: #008000;\">\u203a<\/span>News 2018<\/a><\/span>\u2039 finden Sie neue Informationen zu einigen Bereichen.<br \/>\n<\/strong><\/p>\n<p>&nbsp;<\/p>\n<p><span style=\"color: #008000;\"><strong>&#8211; KLIMAWANDEL \/ TEMPERATURANSTIEG<\/strong><\/span><\/p>\n<p>Wir alle stellen fest das Wetter \u00e4ndert sich. Wenn die Sonne scheint ist es schnell unertr\u00e4glich hei\u00df, so hei\u00df, dass mittlerweile Pflanzen einen Sonnenbrand bekommen oder es ist unbest\u00e4ndiges Wetter mit Regen, Starkregen und Gewitter.<\/p>\n<p>Immer mehr Regionen auf der Welt leiden unter immer l\u00e4ngeren Trockenperioden.<\/p>\n<p>Die H\u00e4ufigkeit und die Intensit\u00e4t von Unwettern nimmt stark zu.<\/p>\n<p>Ein Temperaturanstieg von 1,1 Grad in den letzten sechzig Jahren h\u00f6rt sich nicht dramatisch an. Jedoch hat es einen solchen Temperaturanstieg in so kurzer Zeit noch nie gegeben.<\/p>\n<p><a href=\"http:\/\/wo-soll-das-hinfuehren.de\/Hauptmenue\/wp-content\/uploads\/2018\/03\/HINWEIS-Klimawandel-Temperaturanstieg-gr\u00fcn.jpg\"><img loading=\"lazy\" decoding=\"async\" class=\"alignnone size-medium wp-image-454\" src=\"http:\/\/wo-soll-das-hinfuehren.de\/Hauptmenue\/wp-content\/uploads\/2018\/03\/HINWEIS-Klimawandel-Temperaturanstieg-gr\u00fcn-300x212.jpg\" alt=\"\" width=\"300\" height=\"212\" srcset=\"https:\/\/wo-soll-das-hinfuehren.de\/Hauptmenue\/wp-content\/uploads\/2018\/03\/HINWEIS-Klimawandel-Temperaturanstieg-gr\u00fcn-300x212.jpg 300w, https:\/\/wo-soll-das-hinfuehren.de\/Hauptmenue\/wp-content\/uploads\/2018\/03\/HINWEIS-Klimawandel-Temperaturanstieg-gr\u00fcn-768x543.jpg 768w, https:\/\/wo-soll-das-hinfuehren.de\/Hauptmenue\/wp-content\/uploads\/2018\/03\/HINWEIS-Klimawandel-Temperaturanstieg-gr\u00fcn-1024x724.jpg 1024w, https:\/\/wo-soll-das-hinfuehren.de\/Hauptmenue\/wp-content\/uploads\/2018\/03\/HINWEIS-Klimawandel-Temperaturanstieg-gr\u00fcn.jpg 1754w\" sizes=\"auto, (max-width: 300px) 100vw, 300px\" \/><\/a>Diese Informationen finden Sie unter: <a href=\"http:\/\/www.oekosystem-erde.de\/html\/klimawandel-02.html\">http:\/\/www.oekosystem-erde.de\/html\/klimawandel-02.html<\/a><\/p>\n<p><a href=\"http:\/\/wo-soll-das-hinfuehren.de\/Hauptmenue\/wp-content\/uploads\/2018\/03\/HINWEIS-Klimawandel-Temperaturanstieg-gr\u00fcn.jpg\"><img loading=\"lazy\" decoding=\"async\" class=\"alignnone size-medium wp-image-454\" src=\"http:\/\/wo-soll-das-hinfuehren.de\/Hauptmenue\/wp-content\/uploads\/2018\/03\/HINWEIS-Klimawandel-Temperaturanstieg-gr\u00fcn-300x212.jpg\" alt=\"\" width=\"300\" height=\"212\" srcset=\"https:\/\/wo-soll-das-hinfuehren.de\/Hauptmenue\/wp-content\/uploads\/2018\/03\/HINWEIS-Klimawandel-Temperaturanstieg-gr\u00fcn-300x212.jpg 300w, https:\/\/wo-soll-das-hinfuehren.de\/Hauptmenue\/wp-content\/uploads\/2018\/03\/HINWEIS-Klimawandel-Temperaturanstieg-gr\u00fcn-768x543.jpg 768w, https:\/\/wo-soll-das-hinfuehren.de\/Hauptmenue\/wp-content\/uploads\/2018\/03\/HINWEIS-Klimawandel-Temperaturanstieg-gr\u00fcn-1024x724.jpg 1024w, https:\/\/wo-soll-das-hinfuehren.de\/Hauptmenue\/wp-content\/uploads\/2018\/03\/HINWEIS-Klimawandel-Temperaturanstieg-gr\u00fcn.jpg 1754w\" sizes=\"auto, (max-width: 300px) 100vw, 300px\" \/><\/a>Diese Informationen finden Sie unter: <a href=\"https:\/\/de.wikipedia.org\/wiki\/Globale_Erw\u00e4rmung\">https:\/\/de.wikipedia.org\/wiki\/Globale_Erw\u00e4rmung<\/a><\/p>\n<h4>Weitere Informationen von mir zu diesem Thema:<\/h4>\n<p><a href=\"http:\/\/wo-soll-das-hinfuehren.de\/Hauptmenue\/wp-content\/uploads\/2018\/03\/KLIMAWANDEL-TEMPERATURANSTIEG-1.jpg\">KLIMAWANDEL &#8211; TEMPERATURANSTIEG<\/a><\/p>\n<p><a href=\"http:\/\/wo-soll-das-hinfuehren.de\/Hauptmenue\/wp-content\/uploads\/2018\/03\/VW-BUS-ERLEBNIS.png\">Ein kleines Erlebnis<\/a><\/p>\n<p><a href=\"https:\/\/www.verbraucherschutz.tv\/2017\/12\/08\/auslieferung-t6-diesel\">VW-Bus T6<\/a><\/p>\n<p>&nbsp;<\/p>\n<hr \/>\n<p><strong><span style=\"color: #008000;\">&#8211; CO2 AUSSTOSS 2017 <\/span><br \/>\n<\/strong><\/p>\n<p>Deutschland hat nach einer Studie bis April bereits so viel Kohlendioxid (CO2) ausgesto\u00dfen, wie nach dem Pariser Klimaabkommen f\u00fcr das gesamte Jahr 2017 erlaubt w\u00e4re.<\/p>\n<p><a href=\"http:\/\/wo-soll-das-hinfuehren.de\/Hauptmenue\/wp-content\/uploads\/2018\/03\/HINWEIS-CO2-Aussto\u00df-Deutschland-gr\u00fcn.jpg\"><img loading=\"lazy\" decoding=\"async\" class=\"alignnone size-medium wp-image-574\" src=\"http:\/\/wo-soll-das-hinfuehren.de\/Hauptmenue\/wp-content\/uploads\/2018\/03\/HINWEIS-CO2-Aussto\u00df-Deutschland-gr\u00fcn-300x212.jpg\" alt=\"\" width=\"300\" height=\"212\" srcset=\"https:\/\/wo-soll-das-hinfuehren.de\/Hauptmenue\/wp-content\/uploads\/2018\/03\/HINWEIS-CO2-Aussto\u00df-Deutschland-gr\u00fcn-300x212.jpg 300w, https:\/\/wo-soll-das-hinfuehren.de\/Hauptmenue\/wp-content\/uploads\/2018\/03\/HINWEIS-CO2-Aussto\u00df-Deutschland-gr\u00fcn-768x543.jpg 768w, https:\/\/wo-soll-das-hinfuehren.de\/Hauptmenue\/wp-content\/uploads\/2018\/03\/HINWEIS-CO2-Aussto\u00df-Deutschland-gr\u00fcn-1024x724.jpg 1024w, https:\/\/wo-soll-das-hinfuehren.de\/Hauptmenue\/wp-content\/uploads\/2018\/03\/HINWEIS-CO2-Aussto\u00df-Deutschland-gr\u00fcn.jpg 1754w\" sizes=\"auto, (max-width: 300px) 100vw, 300px\" \/><\/a><a href=\"https:\/\/www.morgenpost.de\/wirtschaft\/article210196357\/Deutschlands-CO2-Budget-fuer-2017-schon-jetzt-aufgebraucht.html\">https:\/\/www.morgenpost.de\/wirtschaft\/article210196357\/Deutschlands-CO2-Budget-fuer-2017-schon-jetzt-aufgebraucht.html<\/a><\/p>\n<hr \/>\n<p><strong><span style=\"color: #008000;\">&#8211; UMWELTSCH\u00c4DEN DURCH FLUGZEUGE<\/span><\/strong><\/p>\n<p>30 Millionen Menschen leiden bereits in Deutschland unter dem Flugl\u00e4rm! Tendenz steigend.<\/p>\n<p>Immer mehr Menschen setzen sich v\u00f6llig unbek\u00fcmmert und voller Feude in ein Flugzeug und produzieren in wenigen Stunden tonnenweise CO2 (Treibhausgas) weil es in und billig ist. Fast niemand macht sich \u00fcber die Auswirkungen vor einem Flug Gedanken und gibt beispielsweise den Flug in einen CO2 Rechner ein.<\/p>\n<p><span style=\"color: #ff0000;\"><strong>Ein Flug macht Einsparungen in anderen Bereichen komplett zunichte und vergr\u00f6\u00dfert unseren \u00f6kologischen Fu\u00dfabdruck erheblich.<\/strong><\/span><\/p>\n<p>Wenn naturliebende Menschen z.B. nach Australien, Afrika oder in die Polarregionen fliegen um sich dort wilde freilebende Tiere, wie K\u00e4ngurus, L\u00f6wen und Eisb\u00e4ren etc. anzuschauen, sollte ihnen bewusst sein, dass sie durch ihre Reise den Klimawandel und damit das Aussterben dieser Arten vorantreiben. Leider wird<strong> NUR<\/strong> \u00fcber die sch\u00f6nen Seiten solcher Fernreisen berichtet und immer mehr Werbung daf\u00fcr gemacht.<\/p>\n<p>27000 Flugzeuge \u00fcberflogen 2013 t\u00e4glich Europa. Heute sind es wohl \u00fcber 30000 Flugzeuge. Flugzeuge geben aus meiner Sicht nicht nur sehr viel CO2 ( Treibhausgas ) und umweltsch\u00e4dliche Abgase in die h\u00f6heren sensiblen Luftschichten ab und verursachen L\u00e4rm, sie wirken vermutlich auch wie riesige Hei\u00dfluftf\u00f6hne am Himmel. (Ob sich jemand \u00fcber die gro\u00dfe W\u00e4rmeabstrahlung dort oben schon mal Gedanken gemacht hat konnte ich nicht heraus finden.) Zus\u00e4tzlich erw\u00e4rmen die vielen Kondenstreifen unser Klima.<\/p>\n<p><a href=\"http:\/\/wo-soll-das-hinfuehren.de\/Hauptmenue\/wp-content\/uploads\/2018\/03\/20180427_113137.jpg\"><img loading=\"lazy\" decoding=\"async\" class=\"alignnone size-medium wp-image-564\" src=\"http:\/\/wo-soll-das-hinfuehren.de\/Hauptmenue\/wp-content\/uploads\/2018\/03\/20180427_113137-300x169.jpg\" alt=\"\" width=\"300\" height=\"169\" srcset=\"https:\/\/wo-soll-das-hinfuehren.de\/Hauptmenue\/wp-content\/uploads\/2018\/03\/20180427_113137-300x169.jpg 300w, https:\/\/wo-soll-das-hinfuehren.de\/Hauptmenue\/wp-content\/uploads\/2018\/03\/20180427_113137-768x432.jpg 768w, https:\/\/wo-soll-das-hinfuehren.de\/Hauptmenue\/wp-content\/uploads\/2018\/03\/20180427_113137-1024x576.jpg 1024w\" sizes=\"auto, (max-width: 300px) 100vw, 300px\" \/><\/a><\/p>\n<p><a href=\"http:\/\/wo-soll-das-hinfuehren.de\/Hauptmenue\/wp-content\/uploads\/2018\/03\/001.jpg\"><img loading=\"lazy\" decoding=\"async\" class=\"alignnone size-medium wp-image-525\" src=\"http:\/\/wo-soll-das-hinfuehren.de\/Hauptmenue\/wp-content\/uploads\/2018\/03\/001-300x161.jpg\" alt=\"\" width=\"300\" height=\"161\" srcset=\"https:\/\/wo-soll-das-hinfuehren.de\/Hauptmenue\/wp-content\/uploads\/2018\/03\/001-300x161.jpg 300w, https:\/\/wo-soll-das-hinfuehren.de\/Hauptmenue\/wp-content\/uploads\/2018\/03\/001-768x413.jpg 768w, https:\/\/wo-soll-das-hinfuehren.de\/Hauptmenue\/wp-content\/uploads\/2018\/03\/001-1024x551.jpg 1024w, https:\/\/wo-soll-das-hinfuehren.de\/Hauptmenue\/wp-content\/uploads\/2018\/03\/001.jpg 1428w\" sizes=\"auto, (max-width: 300px) 100vw, 300px\" \/><\/a><\/p>\n<p><a href=\"http:\/\/wo-soll-das-hinfuehren.de\/Hauptmenue\/wp-content\/uploads\/2018\/03\/HINWEIS-Wahnsinnige-Zahlen-Animation-gr\u00fcn.jpg\"><img loading=\"lazy\" decoding=\"async\" class=\"alignnone size-medium wp-image-475\" src=\"http:\/\/wo-soll-das-hinfuehren.de\/Hauptmenue\/wp-content\/uploads\/2018\/03\/HINWEIS-Wahnsinnige-Zahlen-Animation-gr\u00fcn-300x212.jpg\" alt=\"\" width=\"300\" height=\"212\" srcset=\"https:\/\/wo-soll-das-hinfuehren.de\/Hauptmenue\/wp-content\/uploads\/2018\/03\/HINWEIS-Wahnsinnige-Zahlen-Animation-gr\u00fcn-300x212.jpg 300w, https:\/\/wo-soll-das-hinfuehren.de\/Hauptmenue\/wp-content\/uploads\/2018\/03\/HINWEIS-Wahnsinnige-Zahlen-Animation-gr\u00fcn-768x543.jpg 768w, https:\/\/wo-soll-das-hinfuehren.de\/Hauptmenue\/wp-content\/uploads\/2018\/03\/HINWEIS-Wahnsinnige-Zahlen-Animation-gr\u00fcn-1024x724.jpg 1024w, https:\/\/wo-soll-das-hinfuehren.de\/Hauptmenue\/wp-content\/uploads\/2018\/03\/HINWEIS-Wahnsinnige-Zahlen-Animation-gr\u00fcn.jpg 1754w\" sizes=\"auto, (max-width: 300px) 100vw, 300px\" \/><\/a>Eine Animation hierzu finden Sie unter diesem Link:<a href=\"https:\/\/www.focus.de\/wissen\/videos\/wahnsinnige-zahlen-massenverkehr-ueber-europa_id_3677779.html\">https:\/\/www.focus.de\/wissen\/videos\/wahnsinnige-zahlen-massenverkehr-ueber-europa_id_3677779.html <\/a><\/p>\n<p>&nbsp;<\/p>\n<p><strong>Lesen Sie bitte den letzten und wichtigsten Beitrag &#8220; Flugverkehr belastet Klima &#8220; auf der nachfolgend verlinkten Seite.<\/strong><\/p>\n<p><a href=\"http:\/\/wo-soll-das-hinfuehren.de\/Hauptmenue\/wp-content\/uploads\/2018\/03\/HINWEIS-Umweltbelastung-Flugzeuge-4.jpg\"><img loading=\"lazy\" decoding=\"async\" class=\"alignnone size-medium wp-image-428\" src=\"http:\/\/wo-soll-das-hinfuehren.de\/Hauptmenue\/wp-content\/uploads\/2018\/03\/HINWEIS-Umweltbelastung-Flugzeuge-4-300x212.jpg\" alt=\"\" width=\"300\" height=\"212\" srcset=\"https:\/\/wo-soll-das-hinfuehren.de\/Hauptmenue\/wp-content\/uploads\/2018\/03\/HINWEIS-Umweltbelastung-Flugzeuge-4-300x212.jpg 300w, https:\/\/wo-soll-das-hinfuehren.de\/Hauptmenue\/wp-content\/uploads\/2018\/03\/HINWEIS-Umweltbelastung-Flugzeuge-4-768x543.jpg 768w, https:\/\/wo-soll-das-hinfuehren.de\/Hauptmenue\/wp-content\/uploads\/2018\/03\/HINWEIS-Umweltbelastung-Flugzeuge-4-1024x724.jpg 1024w, https:\/\/wo-soll-das-hinfuehren.de\/Hauptmenue\/wp-content\/uploads\/2018\/03\/HINWEIS-Umweltbelastung-Flugzeuge-4.jpg 1754w\" sizes=\"auto, (max-width: 300px) 100vw, 300px\" \/><\/a>Diese Informationen finden Sie unter: <a href=\"http:\/\/www.vcd.org\/themen\/flugverkehr\">http:\/\/www.vcd.org\/themen\/flugverkehr<\/a> (Verkehrsclub Deutschland e.V.)<\/p>\n<p>Meine Lebensqualit\u00e4t ist durch den heutigen L\u00e4rm, insbesondere dem Flugl\u00e4rm, stark gesunken.<\/p>\n<hr \/>\n<p><span style=\"color: #008000;\"><strong>&#8211; UMWELTSCH\u00c4DEN DURCH KREUZFAHRTEN<\/strong><\/span><\/p>\n<p>Eine Kreuzfahrt st\u00f6\u00dft so viele Schadstoffe aus wie f\u00fcnf Millionen PKW. Die mei\u00dften Kreuzfahrtschiffe werden auf See mit Schwer\u00f6l angetrieben und verursachen noch gr\u00f6\u00dfere Umweltsch\u00e4den als Flugzeuge. Au\u00dferdem wird oft zus\u00e4tzlich eine Flugreise zum Ablege- und Anlegehafen gebucht. Lesen Sie bitte die nachfolgeden Beitr\u00e4ge.<\/p>\n<p><a href=\"http:\/\/wo-soll-das-hinfuehren.de\/Hauptmenue\/wp-content\/uploads\/2018\/03\/HINWEIS-Umweltsch\u00e4den-durch-Kreuzfahrten-gr\u00fcn.jpg\"><img loading=\"lazy\" decoding=\"async\" class=\"alignnone size-medium wp-image-430\" src=\"http:\/\/wo-soll-das-hinfuehren.de\/Hauptmenue\/wp-content\/uploads\/2018\/03\/HINWEIS-Umweltsch\u00e4den-durch-Kreuzfahrten-gr\u00fcn-300x212.jpg\" alt=\"\" width=\"300\" height=\"212\" srcset=\"https:\/\/wo-soll-das-hinfuehren.de\/Hauptmenue\/wp-content\/uploads\/2018\/03\/HINWEIS-Umweltsch\u00e4den-durch-Kreuzfahrten-gr\u00fcn-300x212.jpg 300w, https:\/\/wo-soll-das-hinfuehren.de\/Hauptmenue\/wp-content\/uploads\/2018\/03\/HINWEIS-Umweltsch\u00e4den-durch-Kreuzfahrten-gr\u00fcn-768x543.jpg 768w, https:\/\/wo-soll-das-hinfuehren.de\/Hauptmenue\/wp-content\/uploads\/2018\/03\/HINWEIS-Umweltsch\u00e4den-durch-Kreuzfahrten-gr\u00fcn-1024x724.jpg 1024w, https:\/\/wo-soll-das-hinfuehren.de\/Hauptmenue\/wp-content\/uploads\/2018\/03\/HINWEIS-Umweltsch\u00e4den-durch-Kreuzfahrten-gr\u00fcn.jpg 1754w\" sizes=\"auto, (max-width: 300px) 100vw, 300px\" \/><\/a>Diese Informationen finden Sie unter:<a href=\"http:\/\/utopia.de\/ratgeber\/kreuzfahrten-kreuzfahrtschiffe\/\">utopia.de\/ratgeber\/kreuzfahrten-kreuzfahrtschiffe\/<\/a><\/p>\n<p>&nbsp;<\/p>\n<p><a href=\"http:\/\/wo-soll-das-hinfuehren.de\/Hauptmenue\/wp-content\/uploads\/2018\/03\/HINWEIS-Umweltsch\u00e4den-durch-Kreuzfahrten-gr\u00fcn.jpg\"><img loading=\"lazy\" decoding=\"async\" class=\"alignnone size-medium wp-image-430\" src=\"http:\/\/wo-soll-das-hinfuehren.de\/Hauptmenue\/wp-content\/uploads\/2018\/03\/HINWEIS-Umweltsch\u00e4den-durch-Kreuzfahrten-gr\u00fcn-300x212.jpg\" alt=\"\" width=\"300\" height=\"212\" srcset=\"https:\/\/wo-soll-das-hinfuehren.de\/Hauptmenue\/wp-content\/uploads\/2018\/03\/HINWEIS-Umweltsch\u00e4den-durch-Kreuzfahrten-gr\u00fcn-300x212.jpg 300w, https:\/\/wo-soll-das-hinfuehren.de\/Hauptmenue\/wp-content\/uploads\/2018\/03\/HINWEIS-Umweltsch\u00e4den-durch-Kreuzfahrten-gr\u00fcn-768x543.jpg 768w, https:\/\/wo-soll-das-hinfuehren.de\/Hauptmenue\/wp-content\/uploads\/2018\/03\/HINWEIS-Umweltsch\u00e4den-durch-Kreuzfahrten-gr\u00fcn-1024x724.jpg 1024w, https:\/\/wo-soll-das-hinfuehren.de\/Hauptmenue\/wp-content\/uploads\/2018\/03\/HINWEIS-Umweltsch\u00e4den-durch-Kreuzfahrten-gr\u00fcn.jpg 1754w\" sizes=\"auto, (max-width: 300px) 100vw, 300px\" \/><\/a>Diese Informationen finden Sie unter:<a href=\"http:\/\/nabu.de\/news\/2017\/09\/23043.html\">nabu.de\/news\/2017\/09\/23043.html<\/a><\/p>\n<hr \/>\n<p><span style=\"color: #008000;\"><strong>&#8211; AUFTAUEN DER PERMAFROSTB\u00d6DEN<\/strong><\/span><\/p>\n<p>Das Auftauen der Permafrostb\u00f6den durch die globale Erderw\u00e4rmung wird dramatische Folgen f\u00fcr unser \u00d6kosystem haben !<\/p>\n<p><a href=\"http:\/\/wo-soll-das-hinfuehren.de\/Hauptmenue\/wp-content\/uploads\/2018\/03\/HINWEIS-Auftauen-der-Permafrostb\u00f6den-gr\u00fcn.jpg\"><img loading=\"lazy\" decoding=\"async\" class=\"alignnone size-medium wp-image-431\" src=\"http:\/\/wo-soll-das-hinfuehren.de\/Hauptmenue\/wp-content\/uploads\/2018\/03\/HINWEIS-Auftauen-der-Permafrostb\u00f6den-gr\u00fcn-300x212.jpg\" alt=\"\" width=\"300\" height=\"212\" srcset=\"https:\/\/wo-soll-das-hinfuehren.de\/Hauptmenue\/wp-content\/uploads\/2018\/03\/HINWEIS-Auftauen-der-Permafrostb\u00f6den-gr\u00fcn-300x212.jpg 300w, https:\/\/wo-soll-das-hinfuehren.de\/Hauptmenue\/wp-content\/uploads\/2018\/03\/HINWEIS-Auftauen-der-Permafrostb\u00f6den-gr\u00fcn-768x543.jpg 768w, https:\/\/wo-soll-das-hinfuehren.de\/Hauptmenue\/wp-content\/uploads\/2018\/03\/HINWEIS-Auftauen-der-Permafrostb\u00f6den-gr\u00fcn-1024x724.jpg 1024w, https:\/\/wo-soll-das-hinfuehren.de\/Hauptmenue\/wp-content\/uploads\/2018\/03\/HINWEIS-Auftauen-der-Permafrostb\u00f6den-gr\u00fcn.jpg 1754w\" sizes=\"auto, (max-width: 300px) 100vw, 300px\" \/><\/a>Diese Informationen finden Sie unter:<a href=\"https:\/\/www.welt.de\/wissenschaft\/article111584550\/Wenn-Permafrostboeden-tauen-droht-der-Klima-Gau.html\">https:\/\/www.welt.de\/wissenschaft\/article111584550\/Wenn-Permafrostboeden-tauen-droht-der-Klima-Gau.html<\/a><\/p>\n<p><a href=\"http:\/\/wo-soll-das-hinfuehren.de\/Hauptmenue\/wp-content\/uploads\/2018\/03\/HINWEIS-Auftauen-der-Permafrostb\u00f6den-gr\u00fcn.jpg\"><img loading=\"lazy\" decoding=\"async\" class=\"alignnone size-medium wp-image-431\" src=\"http:\/\/wo-soll-das-hinfuehren.de\/Hauptmenue\/wp-content\/uploads\/2018\/03\/HINWEIS-Auftauen-der-Permafrostb\u00f6den-gr\u00fcn-300x212.jpg\" alt=\"\" width=\"300\" height=\"212\" srcset=\"https:\/\/wo-soll-das-hinfuehren.de\/Hauptmenue\/wp-content\/uploads\/2018\/03\/HINWEIS-Auftauen-der-Permafrostb\u00f6den-gr\u00fcn-300x212.jpg 300w, https:\/\/wo-soll-das-hinfuehren.de\/Hauptmenue\/wp-content\/uploads\/2018\/03\/HINWEIS-Auftauen-der-Permafrostb\u00f6den-gr\u00fcn-768x543.jpg 768w, https:\/\/wo-soll-das-hinfuehren.de\/Hauptmenue\/wp-content\/uploads\/2018\/03\/HINWEIS-Auftauen-der-Permafrostb\u00f6den-gr\u00fcn-1024x724.jpg 1024w, https:\/\/wo-soll-das-hinfuehren.de\/Hauptmenue\/wp-content\/uploads\/2018\/03\/HINWEIS-Auftauen-der-Permafrostb\u00f6den-gr\u00fcn.jpg 1754w\" sizes=\"auto, (max-width: 300px) 100vw, 300px\" \/><\/a>Diese Informationen finden Sie unter: ( Wenn sie nicht alle Information lesen m\u00f6chten gehen Sie bitte zu Punkt 8. Zusammenfassung ) <a href=\"https:\/\/www.umweltbundesamt.de\/sites\/default\/files\/medien\/357\/dokumente\/klimagefahr_durch_tauenden_permafrost.pdf\">https:\/\/www.umweltbundesamt.de\/sites\/default\/files\/medien\/357\/dokumente\/klimagefahr_durch_tauenden_permafrost.pdf<\/a><\/p>\n<p>Wenn ich aktuellere Informationen zu diesem Thema finde aktualisiere ich diese Informationen.<\/p>\n<hr \/>\n<p><span style=\"color: #008000;\"><strong>&#8211; ABTAUEN DES POLAREISES UND DER GLETSCHER<\/strong><\/span><\/p>\n<p>Das Polareis und die Gletscher der Erde schmelzen immer schneller!<\/p>\n<p>Ein Bericht welcher die dramatische Entwicklung und ihre Auswirkungen sehr gut beschreibt finden Sie ebenfalls auf \u00d6kosystem Erde, Thema Industriezeitalter:<\/p>\n<p><a href=\"http:\/\/wo-soll-das-hinfuehren.de\/Hauptmenue\/wp-content\/uploads\/2018\/03\/HINWEIS-Abtauen-des-Polareises-und-der-Gletscher-gr\u00fcn.jpg\"><img loading=\"lazy\" decoding=\"async\" class=\"alignnone size-medium wp-image-434\" src=\"http:\/\/wo-soll-das-hinfuehren.de\/Hauptmenue\/wp-content\/uploads\/2018\/03\/HINWEIS-Abtauen-des-Polareises-und-der-Gletscher-gr\u00fcn-300x212.jpg\" alt=\"\" width=\"300\" height=\"212\" srcset=\"https:\/\/wo-soll-das-hinfuehren.de\/Hauptmenue\/wp-content\/uploads\/2018\/03\/HINWEIS-Abtauen-des-Polareises-und-der-Gletscher-gr\u00fcn-300x212.jpg 300w, https:\/\/wo-soll-das-hinfuehren.de\/Hauptmenue\/wp-content\/uploads\/2018\/03\/HINWEIS-Abtauen-des-Polareises-und-der-Gletscher-gr\u00fcn-768x543.jpg 768w, https:\/\/wo-soll-das-hinfuehren.de\/Hauptmenue\/wp-content\/uploads\/2018\/03\/HINWEIS-Abtauen-des-Polareises-und-der-Gletscher-gr\u00fcn-1024x724.jpg 1024w, https:\/\/wo-soll-das-hinfuehren.de\/Hauptmenue\/wp-content\/uploads\/2018\/03\/HINWEIS-Abtauen-des-Polareises-und-der-Gletscher-gr\u00fcn.jpg 1754w\" sizes=\"auto, (max-width: 300px) 100vw, 300px\" \/><\/a>Diese Informationen finden Sie unter:<a href=\"http:\/\/www.oekosystem-erde.de\/html\/klimawandel-02.html\">http:\/\/www.oekosystem-erde.de\/html\/klimawandel-02.html<\/a><\/p>\n<p>Ein weiterer Bericht mit Bildern vom Gletscherr\u00fcckgang hierzu:<\/p>\n<p><a href=\"http:\/\/wo-soll-das-hinfuehren.de\/Hauptmenue\/wp-content\/uploads\/2018\/03\/HINWEIS-Abtauen-des-Polareises-und-der-Gletscher-gr\u00fcn.jpg\"><img loading=\"lazy\" decoding=\"async\" class=\"alignnone size-medium wp-image-434\" src=\"http:\/\/wo-soll-das-hinfuehren.de\/Hauptmenue\/wp-content\/uploads\/2018\/03\/HINWEIS-Abtauen-des-Polareises-und-der-Gletscher-gr\u00fcn-300x212.jpg\" alt=\"\" width=\"300\" height=\"212\" srcset=\"https:\/\/wo-soll-das-hinfuehren.de\/Hauptmenue\/wp-content\/uploads\/2018\/03\/HINWEIS-Abtauen-des-Polareises-und-der-Gletscher-gr\u00fcn-300x212.jpg 300w, https:\/\/wo-soll-das-hinfuehren.de\/Hauptmenue\/wp-content\/uploads\/2018\/03\/HINWEIS-Abtauen-des-Polareises-und-der-Gletscher-gr\u00fcn-768x543.jpg 768w, https:\/\/wo-soll-das-hinfuehren.de\/Hauptmenue\/wp-content\/uploads\/2018\/03\/HINWEIS-Abtauen-des-Polareises-und-der-Gletscher-gr\u00fcn-1024x724.jpg 1024w, https:\/\/wo-soll-das-hinfuehren.de\/Hauptmenue\/wp-content\/uploads\/2018\/03\/HINWEIS-Abtauen-des-Polareises-und-der-Gletscher-gr\u00fcn.jpg 1754w\" sizes=\"auto, (max-width: 300px) 100vw, 300px\" \/><\/a>Diese Informationen finden Sie unter:<a href=\"https:\/\/www.br.de\/klimawandel\/gletscherschmelze-gletscher-schmelzen-klimawandel-100.html\">https:\/\/www.br.de\/klimawandel\/gletscherschmelze-gletscher-schmelzen-klimawandel-100.html<\/a><\/p>\n<p><strong><a href=\"https:\/\/live-counter.com\/arktis-eisschmelze\/\">Aktuelle Informationen zur Eisschmelze<\/a><\/strong><\/p>\n<hr \/>\n<p><span style=\"color: #008000;\"><strong>&#8211; INSEKTENR\u00dcCKGANG<\/strong><\/span><\/p>\n<p>Bitte lesen Sie die nachfolgenden Informationen zu diesem Thema.<\/p>\n<p><a href=\"http:\/\/wo-soll-das-hinfuehren.de\/Hauptmenue\/wp-content\/uploads\/2018\/03\/HINWEIS-Insektensterben-gr\u00fcn.jpg\"><img loading=\"lazy\" decoding=\"async\" class=\"alignnone size-medium wp-image-437\" src=\"http:\/\/wo-soll-das-hinfuehren.de\/Hauptmenue\/wp-content\/uploads\/2018\/03\/HINWEIS-Insektensterben-gr\u00fcn-300x212.jpg\" alt=\"\" width=\"300\" height=\"212\" srcset=\"https:\/\/wo-soll-das-hinfuehren.de\/Hauptmenue\/wp-content\/uploads\/2018\/03\/HINWEIS-Insektensterben-gr\u00fcn-300x212.jpg 300w, https:\/\/wo-soll-das-hinfuehren.de\/Hauptmenue\/wp-content\/uploads\/2018\/03\/HINWEIS-Insektensterben-gr\u00fcn-768x543.jpg 768w, https:\/\/wo-soll-das-hinfuehren.de\/Hauptmenue\/wp-content\/uploads\/2018\/03\/HINWEIS-Insektensterben-gr\u00fcn-1024x724.jpg 1024w, https:\/\/wo-soll-das-hinfuehren.de\/Hauptmenue\/wp-content\/uploads\/2018\/03\/HINWEIS-Insektensterben-gr\u00fcn.jpg 1754w\" sizes=\"auto, (max-width: 300px) 100vw, 300px\" \/><\/a>Diese Informationen finden Sie unter:https:<a href=\"https:\/\/www.nabu.de\/news\/2016\/01\/20033.html\">https:\/\/www.nabu.de\/news\/2016\/01\/20033.html<\/a><\/p>\n<p>&nbsp;<\/p>\n<p><a href=\"http:\/\/wo-soll-das-hinfuehren.de\/Hauptmenue\/wp-content\/uploads\/2018\/03\/HINWEIS-Insektensterben-gr\u00fcn.jpg\"><img loading=\"lazy\" decoding=\"async\" class=\"alignnone size-medium wp-image-437\" src=\"http:\/\/wo-soll-das-hinfuehren.de\/Hauptmenue\/wp-content\/uploads\/2018\/03\/HINWEIS-Insektensterben-gr\u00fcn-300x212.jpg\" alt=\"\" width=\"300\" height=\"212\" srcset=\"https:\/\/wo-soll-das-hinfuehren.de\/Hauptmenue\/wp-content\/uploads\/2018\/03\/HINWEIS-Insektensterben-gr\u00fcn-300x212.jpg 300w, https:\/\/wo-soll-das-hinfuehren.de\/Hauptmenue\/wp-content\/uploads\/2018\/03\/HINWEIS-Insektensterben-gr\u00fcn-768x543.jpg 768w, https:\/\/wo-soll-das-hinfuehren.de\/Hauptmenue\/wp-content\/uploads\/2018\/03\/HINWEIS-Insektensterben-gr\u00fcn-1024x724.jpg 1024w, https:\/\/wo-soll-das-hinfuehren.de\/Hauptmenue\/wp-content\/uploads\/2018\/03\/HINWEIS-Insektensterben-gr\u00fcn.jpg 1754w\" sizes=\"auto, (max-width: 300px) 100vw, 300px\" \/><\/a>Diese Informationen finden Sie unter:<a href=\"http:\/\/www.zeit.de\/wissen\/umwelt\/2017-10\/insektensterben-fluginsekten-gesamtmasse-rueckgang-studie\">http:\/\/www.zeit.de\/wissen\/umwelt\/2017-10\/insektensterben-fluginsekten-gesamtmasse-rueckgang-studie<\/a><\/p>\n<hr \/>\n<p><span style=\"color: #008000;\"><strong>&#8211; AUSSTERBEN VIELER TIERARTEN<\/strong><\/span><\/p>\n<p><strong>Das massive Artensterben hat mehrere Gr\u00fcnde !<\/strong><\/p>\n<p>Lesen Sie bitte die nachfolgenden Berichte hier\u00fcber !<\/p>\n<p><a href=\"http:\/\/wo-soll-das-hinfuehren.de\/Hauptmenue\/wp-content\/uploads\/2018\/03\/HINWEIS-Aussterben-vieler-Tierarten-gr\u00fcn.jpg\"><img loading=\"lazy\" decoding=\"async\" class=\"alignnone size-medium wp-image-439\" src=\"http:\/\/wo-soll-das-hinfuehren.de\/Hauptmenue\/wp-content\/uploads\/2018\/03\/HINWEIS-Aussterben-vieler-Tierarten-gr\u00fcn-300x212.jpg\" alt=\"\" width=\"300\" height=\"212\" srcset=\"https:\/\/wo-soll-das-hinfuehren.de\/Hauptmenue\/wp-content\/uploads\/2018\/03\/HINWEIS-Aussterben-vieler-Tierarten-gr\u00fcn-300x212.jpg 300w, https:\/\/wo-soll-das-hinfuehren.de\/Hauptmenue\/wp-content\/uploads\/2018\/03\/HINWEIS-Aussterben-vieler-Tierarten-gr\u00fcn-768x543.jpg 768w, https:\/\/wo-soll-das-hinfuehren.de\/Hauptmenue\/wp-content\/uploads\/2018\/03\/HINWEIS-Aussterben-vieler-Tierarten-gr\u00fcn-1024x724.jpg 1024w, https:\/\/wo-soll-das-hinfuehren.de\/Hauptmenue\/wp-content\/uploads\/2018\/03\/HINWEIS-Aussterben-vieler-Tierarten-gr\u00fcn.jpg 1754w\" sizes=\"auto, (max-width: 300px) 100vw, 300px\" \/><\/a><a href=\"http:\/\/www.spiegel.de\/wissenschaft\/natur\/artensterben-jaehrlich-verschwinden-58-000-tierarten-a-982906.html\">http:\/\/www.spiegel.de\/wissenschaft\/natur\/artensterben-jaehrlich-verschwinden-58-000-tierarten-a-982906.html<\/a><\/p>\n<p>&nbsp;<\/p>\n<p><a href=\"http:\/\/wo-soll-das-hinfuehren.de\/Hauptmenue\/wp-content\/uploads\/2018\/03\/HINWEIS-Aussterben-vieler-Tierarten-gr\u00fcn.jpg\"><img loading=\"lazy\" decoding=\"async\" class=\"alignnone size-medium wp-image-439\" src=\"http:\/\/wo-soll-das-hinfuehren.de\/Hauptmenue\/wp-content\/uploads\/2018\/03\/HINWEIS-Aussterben-vieler-Tierarten-gr\u00fcn-300x212.jpg\" alt=\"\" width=\"300\" height=\"212\" srcset=\"https:\/\/wo-soll-das-hinfuehren.de\/Hauptmenue\/wp-content\/uploads\/2018\/03\/HINWEIS-Aussterben-vieler-Tierarten-gr\u00fcn-300x212.jpg 300w, https:\/\/wo-soll-das-hinfuehren.de\/Hauptmenue\/wp-content\/uploads\/2018\/03\/HINWEIS-Aussterben-vieler-Tierarten-gr\u00fcn-768x543.jpg 768w, https:\/\/wo-soll-das-hinfuehren.de\/Hauptmenue\/wp-content\/uploads\/2018\/03\/HINWEIS-Aussterben-vieler-Tierarten-gr\u00fcn-1024x724.jpg 1024w, https:\/\/wo-soll-das-hinfuehren.de\/Hauptmenue\/wp-content\/uploads\/2018\/03\/HINWEIS-Aussterben-vieler-Tierarten-gr\u00fcn.jpg 1754w\" sizes=\"auto, (max-width: 300px) 100vw, 300px\" \/><\/a>Diese Informationen finden Sie unter:<a href=\"https:\/\/www.br.de\/rote-liste\/klimawandel-temperaturanstieg-ursache-artenschwund-artensterben-weltweit-100.html\">https:\/\/www.br.de\/rote-liste\/klimawandel-temperaturanstieg-ursache-artenschwund-artensterben-weltweit-100.html<\/a><\/p>\n<hr \/>\n<p><strong><span style=\"color: #008000;\">&#8211; UMWELTVERSCHMUTZUNG DURCH PLASTIK<\/span><br \/>\n<\/strong><\/p>\n<p>In unseren Weltmeeren befinden sich gigantische Mengen Plastikm\u00fcll welche auch aus Deutschland stammen !<\/p>\n<p>Lesen Sie bitte die nachfolgenden Berichte hier\u00fcber !<\/p>\n<p><a href=\"http:\/\/wo-soll-das-hinfuehren.de\/Hauptmenue\/wp-content\/uploads\/2018\/03\/HINWEIS-Umweltverschmutzung-durch-Plastik-gr\u00fcn.jpg\"><img loading=\"lazy\" decoding=\"async\" class=\"alignnone size-medium wp-image-441\" src=\"http:\/\/wo-soll-das-hinfuehren.de\/Hauptmenue\/wp-content\/uploads\/2018\/03\/HINWEIS-Umweltverschmutzung-durch-Plastik-gr\u00fcn-300x212.jpg\" alt=\"\" width=\"300\" height=\"212\" srcset=\"https:\/\/wo-soll-das-hinfuehren.de\/Hauptmenue\/wp-content\/uploads\/2018\/03\/HINWEIS-Umweltverschmutzung-durch-Plastik-gr\u00fcn-300x212.jpg 300w, https:\/\/wo-soll-das-hinfuehren.de\/Hauptmenue\/wp-content\/uploads\/2018\/03\/HINWEIS-Umweltverschmutzung-durch-Plastik-gr\u00fcn-768x543.jpg 768w, https:\/\/wo-soll-das-hinfuehren.de\/Hauptmenue\/wp-content\/uploads\/2018\/03\/HINWEIS-Umweltverschmutzung-durch-Plastik-gr\u00fcn-1024x724.jpg 1024w, https:\/\/wo-soll-das-hinfuehren.de\/Hauptmenue\/wp-content\/uploads\/2018\/03\/HINWEIS-Umweltverschmutzung-durch-Plastik-gr\u00fcn.jpg 1754w\" sizes=\"auto, (max-width: 300px) 100vw, 300px\" \/><\/a>Diese Informationen finden Sie unter:<a href=\"http:\/\/nachhaltig-sein.info\/lebensweise\/plastik-kunststoff-folgen-mensch-tiere-umwelt-gesundheit\">http:\/\/nachhaltig-sein.info\/lebensweise\/plastik-kunststoff-folgen-mensch-tiere-umwelt-gesundheit<\/a><\/p>\n<p>&nbsp;<\/p>\n<p><a href=\"http:\/\/wo-soll-das-hinfuehren.de\/Hauptmenue\/wp-content\/uploads\/2018\/03\/HINWEIS-Umweltverschmutzung-durch-Plastik-gr\u00fcn.jpg\"><img loading=\"lazy\" decoding=\"async\" class=\"alignnone size-medium wp-image-441\" src=\"http:\/\/wo-soll-das-hinfuehren.de\/Hauptmenue\/wp-content\/uploads\/2018\/03\/HINWEIS-Umweltverschmutzung-durch-Plastik-gr\u00fcn-300x212.jpg\" alt=\"\" width=\"300\" height=\"212\" srcset=\"https:\/\/wo-soll-das-hinfuehren.de\/Hauptmenue\/wp-content\/uploads\/2018\/03\/HINWEIS-Umweltverschmutzung-durch-Plastik-gr\u00fcn-300x212.jpg 300w, https:\/\/wo-soll-das-hinfuehren.de\/Hauptmenue\/wp-content\/uploads\/2018\/03\/HINWEIS-Umweltverschmutzung-durch-Plastik-gr\u00fcn-768x543.jpg 768w, https:\/\/wo-soll-das-hinfuehren.de\/Hauptmenue\/wp-content\/uploads\/2018\/03\/HINWEIS-Umweltverschmutzung-durch-Plastik-gr\u00fcn-1024x724.jpg 1024w, https:\/\/wo-soll-das-hinfuehren.de\/Hauptmenue\/wp-content\/uploads\/2018\/03\/HINWEIS-Umweltverschmutzung-durch-Plastik-gr\u00fcn.jpg 1754w\" sizes=\"auto, (max-width: 300px) 100vw, 300px\" \/><\/a>Diese Informationen finden Sie unter:<a href=\"https:\/\/www.nabu.de\/natur-und-landschaft\/meere\/muellkippe-meer\/muellkippemeer.html\">https:\/\/www.nabu.de\/natur-und-landschaft\/meere\/muellkippe-meer\/muellkippemeer.html<\/a><\/p>\n<p>&nbsp;<\/p>\n<ul>\n<li><strong><a href=\"https:\/\/wo-soll-das-hinfuehren.de\/Hauptmenue\/wp-content\/uploads\/2021\/10\/20211024_132121-scaled.jpg\">Die Recycling &#8211; L\u00fcge<\/a><\/strong><\/li>\n<\/ul>\n<p><a href=\"https:\/\/www.youtube.com\/watch?v=yeKNYR0aubs\"><strong>Das passiert mit unserem Plastikm\u00fcll<\/strong><\/a><\/p>\n<p><a href=\"https:\/\/youtu.be\/b0e4087RNxQ\"><strong>Wie deutscher Plastikm\u00fcll Asien verdreckt<\/strong><\/a><\/p>\n","protected":false},"excerpt":{"rendered":"<p>Liebe Besucher, hier finden Sie Informationen \u00fcber die traurige Entwicklung in verschieden Bereichen. In den Beitr\u00e4gen \u00a0&#8222;News 2024&#8220;\u00a0 ,\u00a0 \u203aNews 2023\u2039 , \u203aNews 2022\u2039 ,\u00a0 \u203aNews 2021\u2039 , \u203aNews 2020\u2039 , \u203aNews 2019\u2039 und \u203aNews 2018\u2039 finden Sie neue Informationen zu einigen Bereichen. &nbsp; &#8211; KLIMAWANDEL \/ TEMPERATURANSTIEG Wir alle stellen fest das Wetter \u00e4ndert &hellip; <a href=\"https:\/\/wo-soll-das-hinfuehren.de\/Hauptmenue\/?p=121\" class=\"more-link\"><span class=\"screen-reader-text\">Die traurigen Fakten<\/span> weiterlesen<\/a><\/p>\n","protected":false},"author":1,"featured_media":0,"comment_status":"open","ping_status":"open","sticky":false,"template":"","format":"standard","meta":{"footnotes":""},"categories":[1],"tags":[],"class_list":["post-121","post","type-post","status-publish","format-standard","hentry","category-allgemein"],"jetpack_featured_media_url":"","_links":{"self":[{"href":"https:\/\/wo-soll-das-hinfuehren.de\/Hauptmenue\/index.php?rest_route=\/wp\/v2\/posts\/121","targetHints":{"allow":["GET"]}}],"collection":[{"href":"https:\/\/wo-soll-das-hinfuehren.de\/Hauptmenue\/index.php?rest_route=\/wp\/v2\/posts"}],"about":[{"href":"https:\/\/wo-soll-das-hinfuehren.de\/Hauptmenue\/index.php?rest_route=\/wp\/v2\/types\/post"}],"author":[{"embeddable":true,"href":"https:\/\/wo-soll-das-hinfuehren.de\/Hauptmenue\/index.php?rest_route=\/wp\/v2\/users\/1"}],"replies":[{"embeddable":true,"href":"https:\/\/wo-soll-das-hinfuehren.de\/Hauptmenue\/index.php?rest_route=%2Fwp%2Fv2%2Fcomments&post=121"}],"version-history":[{"count":194,"href":"https:\/\/wo-soll-das-hinfuehren.de\/Hauptmenue\/index.php?rest_route=\/wp\/v2\/posts\/121\/revisions"}],"predecessor-version":[{"id":5642,"href":"https:\/\/wo-soll-das-hinfuehren.de\/Hauptmenue\/index.php?rest_route=\/wp\/v2\/posts\/121\/revisions\/5642"}],"wp:attachment":[{"href":"https:\/\/wo-soll-das-hinfuehren.de\/Hauptmenue\/index.php?rest_route=%2Fwp%2Fv2%2Fmedia&parent=121"}],"wp:term":[{"taxonomy":"category","embeddable":true,"href":"https:\/\/wo-soll-das-hinfuehren.de\/Hauptmenue\/index.php?rest_route=%2Fwp%2Fv2%2Fcategories&post=121"},{"taxonomy":"post_tag","embeddable":true,"href":"https:\/\/wo-soll-das-hinfuehren.de\/Hauptmenue\/index.php?rest_route=%2Fwp%2Fv2%2Ftags&post=121"}],"curies":[{"name":"wp","href":"https:\/\/api.w.org\/{rel}","templated":true}]}}