{"id":1223,"date":"2018-02-18T17:21:42","date_gmt":"2018-02-18T17:21:42","guid":{"rendered":"http:\/\/wo-soll-das-hinfuehren.de\/Hauptmenue\/?p=1223"},"modified":"2024-04-10T12:26:59","modified_gmt":"2024-04-10T12:26:59","slug":"news-2019","status":"publish","type":"post","link":"https:\/\/wo-soll-das-hinfuehren.de\/Hauptmenue\/?p=1223","title":{"rendered":"News 2019"},"content":{"rendered":"<p style=\"text-align: center;\">Die neuesten Informationen stehen oben in dem Beitrag.<\/p>\n<p style=\"text-align: center;\"><a href=\"https:\/\/wo-soll-das-hinfuehren.de\/Hauptmenue\/wp-content\/uploads\/2018\/03\/Schild-Mahnwache.pub_.jpg\"><img loading=\"lazy\" decoding=\"async\" class=\"wp-image-708 aligncenter\" src=\"https:\/\/wo-soll-das-hinfuehren.de\/Hauptmenue\/wp-content\/uploads\/2018\/03\/Schild-Mahnwache.pub_-300x212.jpg\" alt=\"\" width=\"378\" height=\"267\" srcset=\"https:\/\/wo-soll-das-hinfuehren.de\/Hauptmenue\/wp-content\/uploads\/2018\/03\/Schild-Mahnwache.pub_-300x212.jpg 300w, https:\/\/wo-soll-das-hinfuehren.de\/Hauptmenue\/wp-content\/uploads\/2018\/03\/Schild-Mahnwache.pub_-768x543.jpg 768w, https:\/\/wo-soll-das-hinfuehren.de\/Hauptmenue\/wp-content\/uploads\/2018\/03\/Schild-Mahnwache.pub_-1024x724.jpg 1024w, https:\/\/wo-soll-das-hinfuehren.de\/Hauptmenue\/wp-content\/uploads\/2018\/03\/Schild-Mahnwache.pub_.jpg 1754w\" sizes=\"auto, (max-width: 378px) 100vw, 378px\" \/><\/a><\/p>\n<h4 style=\"text-align: center;\"><span style=\"color: #008000;\"><em><strong>Nachfolgende Links und Bilder bitte anklicken.<\/strong><\/em><\/span><\/h4>\n<p>&nbsp;<\/p>\n<ul>\n<li><a href=\"http:\/\/wo-soll-das-hinfuehren.de\/Hauptmenue\/?p=1177\"><strong>Meine Sichtweise Weihnachten 2019 ist leider exakt die Gleiche wie Weihnachten 2018<\/strong><\/a><\/li>\n<\/ul>\n<p>&nbsp;<\/p>\n<ul>\n<li><strong>Klima &#8211; Demo am 29.11.2019 in Gelnhausen. <\/strong>\u00dcbergabe von Forderungen an den Main-Kinzig-Kreis zur Eind\u00e4mmung der Klimakrise.<strong><br \/>\n<\/strong><\/li>\n<\/ul>\n<p><a href=\"https:\/\/wo-soll-das-hinfuehren.de\/Hauptmenue\/wp-content\/uploads\/2018\/02\/DSCI0147.jpg\"><img loading=\"lazy\" decoding=\"async\" class=\"alignnone size-medium wp-image-2491\" src=\"https:\/\/wo-soll-das-hinfuehren.de\/Hauptmenue\/wp-content\/uploads\/2018\/02\/DSCI0147-300x225.jpg\" alt=\"\" width=\"300\" height=\"225\" srcset=\"https:\/\/wo-soll-das-hinfuehren.de\/Hauptmenue\/wp-content\/uploads\/2018\/02\/DSCI0147-300x225.jpg 300w, https:\/\/wo-soll-das-hinfuehren.de\/Hauptmenue\/wp-content\/uploads\/2018\/02\/DSCI0147-768x576.jpg 768w, https:\/\/wo-soll-das-hinfuehren.de\/Hauptmenue\/wp-content\/uploads\/2018\/02\/DSCI0147-1024x768.jpg 1024w\" sizes=\"auto, (max-width: 300px) 100vw, 300px\" \/><\/a><\/p>\n<p>Weitere Bilder: <a href=\"https:\/\/wo-soll-das-hinfuehren.de\/Hauptmenue\/wp-content\/uploads\/2018\/02\/DSCI0143.jpg\">Foto1\u00a0<\/a>\/ <a href=\"https:\/\/wo-soll-das-hinfuehren.de\/Hauptmenue\/wp-content\/uploads\/2018\/02\/DSCI0142.jpg\">Foto 2<\/a><\/p>\n<p><a href=\"https:\/\/wo-soll-das-hinfuehren.de\/Hauptmenue\/wp-content\/uploads\/2018\/02\/WhatsApp-Image-2019-11-15-at-19.10.11.jpeg\"><img loading=\"lazy\" decoding=\"async\" class=\"alignnone size-medium wp-image-2487\" src=\"https:\/\/wo-soll-das-hinfuehren.de\/Hauptmenue\/wp-content\/uploads\/2018\/02\/WhatsApp-Image-2019-11-15-at-19.10.11-300x300.jpeg\" alt=\"\" width=\"300\" height=\"300\" srcset=\"https:\/\/wo-soll-das-hinfuehren.de\/Hauptmenue\/wp-content\/uploads\/2018\/02\/WhatsApp-Image-2019-11-15-at-19.10.11-300x300.jpeg 300w, https:\/\/wo-soll-das-hinfuehren.de\/Hauptmenue\/wp-content\/uploads\/2018\/02\/WhatsApp-Image-2019-11-15-at-19.10.11-150x150.jpeg 150w, https:\/\/wo-soll-das-hinfuehren.de\/Hauptmenue\/wp-content\/uploads\/2018\/02\/WhatsApp-Image-2019-11-15-at-19.10.11-768x768.jpeg 768w, https:\/\/wo-soll-das-hinfuehren.de\/Hauptmenue\/wp-content\/uploads\/2018\/02\/WhatsApp-Image-2019-11-15-at-19.10.11-1024x1024.jpeg 1024w, https:\/\/wo-soll-das-hinfuehren.de\/Hauptmenue\/wp-content\/uploads\/2018\/02\/WhatsApp-Image-2019-11-15-at-19.10.11.jpeg 1080w\" sizes=\"auto, (max-width: 300px) 100vw, 300px\" \/><\/a><\/p>\n<ul>\n<li><a href=\"https:\/\/parentsforfuture.de\/de\/gelnhausen\"><strong>People for future &#8211; Gelnhausen<\/strong><\/a><\/li>\n<\/ul>\n<p>&nbsp;<\/p>\n<ul>\n<li><strong><a href=\"https:\/\/bewusst-vegan-froh.de\/diese-rede-von-einen-indianer-haeuptling-wird-dir-helfen-sich-zu-erinnern-wer-du-wirklich-bist\/\">Diese Rede von einem Indianerh\u00e4uptling wird dir helfen dich zu erinnern, wer du wirklich bist.<\/a><\/strong><\/li>\n<\/ul>\n<p>&nbsp;<\/p>\n<ul>\n<li><a href=\"https:\/\/www.nzz.ch\/international\/nico-paech-dann-geht-in-gottes-namen-unter-ld.1518768?mktcid=smsh&amp;mktcval=Facebook&amp;fbclid=IwAR33geVA9sN1MslFOCf7NaNPUAFaI-IexV5qNVnDb2f3f5PsaYmsv5YYsRc\"><strong>Nico Paech &#8222;Dann geht in Gottes Namen unter&#8220;<\/strong><\/a><\/li>\n<\/ul>\n<p>&nbsp;<\/p>\n<ul>\n<li><a href=\"https:\/\/www.deutschland-fliegt-nicht.de\/\"><strong>Deutschland fliegt nicht.<\/strong><\/a><\/li>\n<li><a href=\"http:\/\/www.flughafen-bi.de\/Archiv\/2019\/2019_11_11_montagsdemo.html\"><strong>Dreihundertste Montagsdemo und Aktionswoche<\/strong><\/a><\/li>\n<li><a href=\"https:\/\/www.facebook.com\/gegenwind2011\/videos\/791025904652118\"><span style=\"color: #008000;\"><strong>Beeindruckende Rede von Lars Reichow &#8211; Facebook<\/strong><\/span><\/a><\/li>\n<\/ul>\n<p><a href=\"https:\/\/wo-soll-das-hinfuehren.de\/Hauptmenue\/wp-content\/uploads\/2018\/02\/Werner-f\u00fcrs-Klima.jpg\"><img loading=\"lazy\" decoding=\"async\" class=\"alignnone wp-image-2464\" src=\"https:\/\/wo-soll-das-hinfuehren.de\/Hauptmenue\/wp-content\/uploads\/2018\/02\/Werner-f\u00fcrs-Klima-300x212.jpg\" alt=\"\" width=\"319\" height=\"225\" srcset=\"https:\/\/wo-soll-das-hinfuehren.de\/Hauptmenue\/wp-content\/uploads\/2018\/02\/Werner-f\u00fcrs-Klima-300x212.jpg 300w, https:\/\/wo-soll-das-hinfuehren.de\/Hauptmenue\/wp-content\/uploads\/2018\/02\/Werner-f\u00fcrs-Klima-768x543.jpg 768w, https:\/\/wo-soll-das-hinfuehren.de\/Hauptmenue\/wp-content\/uploads\/2018\/02\/Werner-f\u00fcrs-Klima-1024x724.jpg 1024w, https:\/\/wo-soll-das-hinfuehren.de\/Hauptmenue\/wp-content\/uploads\/2018\/02\/Werner-f\u00fcrs-Klima.jpg 1754w\" sizes=\"auto, (max-width: 319px) 100vw, 319px\" \/><\/a><\/p>\n<p><a href=\"https:\/\/wo-soll-das-hinfuehren.de\/Hauptmenue\/wp-content\/uploads\/2018\/02\/Werner-f\u00fcrs-Klima-1-gro\u00df.jpg\"><img loading=\"lazy\" decoding=\"async\" class=\"alignnone size-medium wp-image-2467\" src=\"https:\/\/wo-soll-das-hinfuehren.de\/Hauptmenue\/wp-content\/uploads\/2018\/02\/Werner-f\u00fcrs-Klima-1-gro\u00df-300x285.jpg\" alt=\"\" width=\"300\" height=\"285\" srcset=\"https:\/\/wo-soll-das-hinfuehren.de\/Hauptmenue\/wp-content\/uploads\/2018\/02\/Werner-f\u00fcrs-Klima-1-gro\u00df-300x285.jpg 300w, https:\/\/wo-soll-das-hinfuehren.de\/Hauptmenue\/wp-content\/uploads\/2018\/02\/Werner-f\u00fcrs-Klima-1-gro\u00df.jpg 705w\" sizes=\"auto, (max-width: 300px) 100vw, 300px\" \/><\/a><\/p>\n<div style=\"width: 660px;\" class=\"wp-video\"><video class=\"wp-video-shortcode\" id=\"video-1223-1\" width=\"660\" height=\"374\" preload=\"metadata\" controls=\"controls\"><source type=\"video\/mp4\" src=\"https:\/\/wo-soll-das-hinfuehren.de\/Hauptmenue\/wp-content\/uploads\/2018\/02\/video_flughafen.mp4?_=1\" \/><a href=\"https:\/\/wo-soll-das-hinfuehren.de\/Hauptmenue\/wp-content\/uploads\/2018\/02\/video_flughafen.mp4\">https:\/\/wo-soll-das-hinfuehren.de\/Hauptmenue\/wp-content\/uploads\/2018\/02\/video_flughafen.mp4<\/a><\/video><\/div>\n<p>&nbsp;<\/p>\n<p><a href=\"https:\/\/wo-soll-das-hinfuehren.de\/Hauptmenue\/wp-content\/uploads\/2018\/02\/20191108_193534.jpg\"><img loading=\"lazy\" decoding=\"async\" class=\"alignnone size-medium wp-image-2443\" src=\"https:\/\/wo-soll-das-hinfuehren.de\/Hauptmenue\/wp-content\/uploads\/2018\/02\/20191108_193534-157x300.jpg\" alt=\"\" width=\"157\" height=\"300\" srcset=\"https:\/\/wo-soll-das-hinfuehren.de\/Hauptmenue\/wp-content\/uploads\/2018\/02\/20191108_193534-157x300.jpg 157w, https:\/\/wo-soll-das-hinfuehren.de\/Hauptmenue\/wp-content\/uploads\/2018\/02\/20191108_193534-536x1024.jpg 536w, https:\/\/wo-soll-das-hinfuehren.de\/Hauptmenue\/wp-content\/uploads\/2018\/02\/20191108_193534.jpg 661w\" sizes=\"auto, (max-width: 157px) 100vw, 157px\" \/><\/a><\/p>\n<ul>\n<li><a href=\"https:\/\/www.vcd.org\/themen\/flugverkehr\"><strong>Flugverkehr &#8211; Weitreichende Folgen f\u00fcr Umwelt und Gesundheit<\/strong><\/a><\/li>\n<\/ul>\n<p>&nbsp;<\/p>\n<ul>\n<li>Am 08.10.2019 erstellte ich den Beitrag <a href=\"https:\/\/wo-soll-das-hinfuehren.de\/Hauptmenue\/?p=2332\">&#8222;Die Menschheit schafft sich ab\u201c<\/a>.<\/li>\n<\/ul>\n<p>&nbsp;<\/p>\n<ul>\n<li><a href=\"https:\/\/m.youtube.com\/watch?v=-HmqJHGsyBQ&amp;feature=youtu.be\"><strong>Weltklimarat hat sich geirrt: Klimawandel entwickelt sich anders!<\/strong><\/a><\/li>\n<\/ul>\n<p>&nbsp;<\/p>\n<ul>\n<li>\n<h3>Bildzeitung vom 23.02.2007<\/h3>\n<\/li>\n<\/ul>\n<p><a href=\"https:\/\/wo-soll-das-hinfuehren.de\/Hauptmenue\/wp-content\/uploads\/2018\/02\/DSCN1059-e1569507366828.jpg\"><img loading=\"lazy\" decoding=\"async\" class=\"alignnone size-medium wp-image-2306\" src=\"https:\/\/wo-soll-das-hinfuehren.de\/Hauptmenue\/wp-content\/uploads\/2018\/02\/DSCN1059-e1569507366828-225x300.jpg\" alt=\"\" width=\"225\" height=\"300\" srcset=\"https:\/\/wo-soll-das-hinfuehren.de\/Hauptmenue\/wp-content\/uploads\/2018\/02\/DSCN1059-e1569507366828-225x300.jpg 225w, https:\/\/wo-soll-das-hinfuehren.de\/Hauptmenue\/wp-content\/uploads\/2018\/02\/DSCN1059-e1569507366828-768x1024.jpg 768w\" sizes=\"auto, (max-width: 225px) 100vw, 225px\" \/><\/a><\/p>\n<p>Wissenschaftler stellen nach fast 13 Jahren fest, dass das Auftauen der Polkappen, der Gletscher und der Permafrostb\u00f6den in dieser Schnelligkeit und in dem aktuellen Umfang nun 70 Jahre fr\u00fcher als angenommen beginnt. Und trotz der erschreckenden neuen Erkenntnis haben wir pl\u00f6tzlich wieder 8 Jahre Zeit um die Klimakatastrophe zu verhindern. Das kann nur von Menschen kommen (&#8230;).<\/p>\n<p>Wenn es nicht so traurig w\u00e4re, m\u00fcsste ich dar\u00fcber lachen.<\/p>\n<p>In einem Punkt sind sich einige Wissenschaftler und Frau Merkel einig: 2050 werden wir Klimaneutral sein, weil dann keine Menschen mehr leben, welche CO2 produzieren k\u00f6nnen. Frau Merkel meint wir schaffen das (&#8230;). Mit ihrer Politik ganz bestimmt (&#8230;).<\/p>\n<p>&nbsp;<\/p>\n<ul>\n<li><a href=\"https:\/\/youtu.be\/ZjeEjhH7V8w\">Greta Thunberg h\u00e4lt berechtigte Wutrede bei UN-Sondergipfel zum Klima.<\/a><\/li>\n<\/ul>\n<p>&nbsp;<\/p>\n<ul>\n<li><a href=\"https:\/\/www.aol.de\/nachrichten\/2019\/09\/25\/treffen-mit-klima-ikone-merkel-widerspricht-greta-thunberg\/\">Aber unsere Kanzlerin f\u00e4hrt weiter den selbst- und alleszerst\u00f6renden Kurs. Das ist beispiellose Dummheit und beispielloser Egoismus. Frau Merkel glaubt an Technologie, nicht an Naturgesetze.<\/a><\/li>\n<\/ul>\n<p>So wie die meisten Menschen nicht verstehen, dass unsere Lebensweise einen gro\u00dfen Einfluss auf unsere Lebensgrundlage hat, wird es Frau Merkel nie verstehen. Ihr fehlt die n\u00f6tige Intelligenz dazu. Sie ist Physikerin und sollte schon lange die Warnungen von Wissenschaftlern und Klimaforschern verstehen und ernst nehmen.<\/p>\n<ul>\n<li>Meine Flyer von 2006: <a href=\"https:\/\/wo-soll-das-hinfuehren.de\/Hauptmenue\/wp-content\/uploads\/2018\/02\/NATUR-IN-NOT-2005-blau-Vorderseite.jpg\">Flyer 1 Vorders.<\/a> \u00a0 \u00a0<a href=\"https:\/\/wo-soll-das-hinfuehren.de\/Hauptmenue\/wp-content\/uploads\/2018\/02\/NATUR-IN-NOT-2005-blau-R\u00fcckseitseite.jpg\">Flyer 1 R\u00fccks.<\/a> \u00a0 \u00a0<a href=\"https:\/\/wo-soll-das-hinfuehren.de\/Hauptmenue\/wp-content\/uploads\/2018\/02\/NATUR-IN-NOT-2005-Flugticket.jpg\">Flyer 2<\/a><\/li>\n<\/ul>\n<p>&nbsp;<\/p>\n<ul>\n<li><strong>Ich werde in den n\u00e4chsten Tagen einen neuen Beitrag erstellen, der die Gr\u00fcnde aufzeigt, warum sich die Menschheit ausl\u00f6scht.<\/strong><\/li>\n<\/ul>\n<p>Ich erstelle diesen Beitrag, weil z. B. in einer Grandparents-for-future Gruppe niemand f\u00fcr den Klimawandel verantwortlich ist (&#8230;).\u00a0 Nach dem Motto: &#8220; <strong>Der Klimawandel ist in erster Linie von Menschen gemacht, aber keiner war`s.&#8220;<\/strong><\/p>\n<p>Und dem Motto: <strong>&#8222;Alles muss sich \u00e4ndern, aber bitte nicht bei mir!&#8220;<\/strong><\/p>\n<p>Der Durchschnittsdeutsche ben\u00f6tigt 3 Erden f\u00fcr seine Lebensweise und produziert ca. 10 Tonnen CO2 im Jahr. Nachhaltig w\u00e4re 1 Erde und 2 Tonnen CO2 im Jahr. Das geht alles zu Lasten unserer Umwelt. Immer mehr Menschen \u00fcberziehen durch ihren Wohlstand und ihre Lebensweise ihr Umweltkonto (&#8230;). Und das schon seit Jahrzehnten. Unserer Natur bleibt dadurch gar keine andere Wahl als nun kaputt zu gehen (&#8230;). Das ist so simpel, wie einfach.<\/p>\n<p>Luisa Neubauer m\u00f6chte Kohlekraftwerke sofort abschalten, aber aufs Fliegen m\u00f6chte sie nicht verzichten. Was bedeutet das in Fakten? Sie produziert dadurch weit mehr CO2 als die zul\u00e4ssigen 2 Tonnen. Diese Informationen, welche ich nun so h\u00f6re oder lese, zeigen mir, dass die meisten Menschen weiterhin in ihrer selbstgemachten Scheinwelt leben und die Realit\u00e4t \u00fcberhaupt nicht erkennen. Das gilt vor allem auch f\u00fcr Politiker und Wirtschaftsbosse (&#8230;). Der menschliche Egoismus ist im Jahr 2019 wohl nicht mehr zu toppen.<\/p>\n<p>Heute las ich in einer WhattsApp-Gruppe: In Zukunft m\u00fcssen umweltfreundliche Smartphones produziert werden. Wir sind ja erst am Anfang. <strong>Ein umweltfreundliches Smartphone besteht aus reinem Holz, ohne Elektronik und Akku und dient lediglich kleinen Kindern zum Spielen.<\/strong> F\u00fcr mich sind solche \u00c4u\u00dferungen bzw. Rechtfertigungen f\u00fcr die Handynutzung und die vielen anderen Dinge wie z. B. andere Elektronik, Autos, auch Elektroautos und und und Rechtfertigungen von Menschen, welche nicht \u00fcber den Tellerrand schauen k\u00f6nnen oder wollen. Mit wirklicher Intelligenz hat das nichts zu tun.<\/p>\n<p><strong>Wir sind bereits am Ende mit unserer Umweltzerst\u00f6rung und werden ganz sicher nicht mit immer mehr Technik, Ressourcen- und Energieverbrauch die Welt retten! Was f\u00fcr ein menschlicher Irrsinn!<\/strong><\/p>\n<p><strong>Wir sind auf der Erde Lebewesen wie viele andere auch und ma\u00dfen uns an, hier alles mit Technik und Giften steuern zu k\u00f6nnen. Egoistischer geht es kaum.<\/strong><\/p>\n<p>Alle Menschen auf dieser Welt m\u00fcssten ab sofort nachhaltig leben, wenn wir unsere Lebensgrundlage nicht weiter zerst\u00f6ren wollen. Das ist gar nicht m\u00f6glich und das wollen die meisten Menschen auch nicht. Dies w\u00fcrde bedeuten auf fast alles zu verzichten und leben wie manche Urv\u00f6lker im Urwald (&#8230;). Deshalb geht die Selbst- und Naturzerst\u00f6rung in etwas geminderter Form weiter bis uns die Natur die Lichter ausknippst. Anders ist der menschliche Egoismus wohl nicht tot zu kriegen. Sorry, aber anders kann ich es leider nicht treffend formulieren.<\/p>\n<p>Wir haben uns eine Welt geschaffen, die alles andere als nachhaltig ist und versuchen offensichtlich diese Lebensweise mir allen Raffinessen zu rechtfertigen und in \u00e4hnlicher Form weiterzuf\u00fchren (&#8230;).<\/p>\n<p>Hinzu kommt, dass wir unserer Natur bereits solche gigantischen Sch\u00e4den zugef\u00fcgt haben, welche nicht mehr R\u00fcckg\u00e4ngig gemacht werden k\u00f6nnen und auch nicht mehr reparabel sind. Die Apokalypse l\u00e4uft (&#8230;). Beispiele: Dramatische Schmelze der Polkappen, der Gletscher, rasantes Auftauen der Permafrostb\u00f6den, die vielen Waldbr\u00e4nde auf der Erde, das Waldsterben uvm.. 415 ppm CO2 in der Luft. 1,3 Grad Erderw\u00e4rmung.<\/p>\n<p>Wir verbrennen t\u00e4glich Millionen Liter Treibstoff (Schwer\u00f6l, \u00d6l, Benzin, Diesel, Heiz\u00f6l, Kerosin, Gas) und tonnenweise Kohle. Erzeugen dadurch Unmengen giftige Abgase, CO2, W\u00e4rme und wundern uns warum sich unser Planet immer schneller erw\u00e4rmt. Mit realer Intelligenz hat das ebenfalls nichts zu tun. Mit selbstgeschaffener menschlicher Intelligenz sehr wohl.<\/p>\n<p>Neunj\u00e4hrige Kinder mit realer Intelligenz sind deshalb intelligenter als die meisten Erwachsenen. Bsp.: <a href=\"https:\/\/wo-soll-das-hinfuehren.de\/Hauptmenue\/wp-content\/uploads\/2018\/02\/Eine-kleine-Geschichte-vom-20.06.2019-neu.jpg\">Eine kleine Geschichte vom 20.06.2019<\/a><\/p>\n<p><strong>Fortw\u00e4hrendes Wirtschaftswachstum kann und wird es auf einer festen Gr\u00f6\u00dfe wie unserer Erde nicht geben. Schon gar nicht bei einer stetig wachsenden Weltbev\u00f6lkerung mit immer mehr Anspr\u00fcchen. Diese Tatsache will offensichtlich niemand h\u00f6ren und glauben. Und nun gehen uns die Planeten aus, um dort mit der Zerst\u00f6rung in \u00e4hnlicher Form weiter zu machen. Die zerst\u00f6rerische Technik haben wir nun daf\u00fcr.<br \/>\n<\/strong><\/p>\n<p>Ein sehr gutes Beispiel erlebte ich am Donnerstag in unserem 8 Familienhaus mit Polizeieinsatz. Diese unglaubliche Geschichte werde ich in den n\u00e4chsten Tagen hier einstellen. \u00dcberschrift: &#8222;Ich dachte, ich bin im falschen Film.&#8220;<\/p>\n<p>Mein Titel f\u00fcr dieses von mir gemachte Bild am 20.09.2019: \u00a0 \u00a0 \u00a0 \u00a0 \u00a0\u00a0 &#8222;Selbstzerst\u00f6rung im Endstadium&#8220;<\/p>\n<p><a href=\"https:\/\/wo-soll-das-hinfuehren.de\/Hauptmenue\/wp-content\/uploads\/2018\/02\/20190920_083153.jpg\"><img loading=\"lazy\" decoding=\"async\" class=\"alignnone size-medium wp-image-2255\" src=\"https:\/\/wo-soll-das-hinfuehren.de\/Hauptmenue\/wp-content\/uploads\/2018\/02\/20190920_083153-300x169.jpg\" alt=\"\" width=\"300\" height=\"169\" srcset=\"https:\/\/wo-soll-das-hinfuehren.de\/Hauptmenue\/wp-content\/uploads\/2018\/02\/20190920_083153-300x169.jpg 300w, https:\/\/wo-soll-das-hinfuehren.de\/Hauptmenue\/wp-content\/uploads\/2018\/02\/20190920_083153-768x432.jpg 768w, https:\/\/wo-soll-das-hinfuehren.de\/Hauptmenue\/wp-content\/uploads\/2018\/02\/20190920_083153-1024x576.jpg 1024w\" sizes=\"auto, (max-width: 300px) 100vw, 300px\" \/><\/a><\/p>\n<p><a href=\"https:\/\/wo-soll-das-hinfuehren.de\/Hauptmenue\/wp-content\/uploads\/2018\/02\/20190922_195508.jpg\"><img loading=\"lazy\" decoding=\"async\" class=\"alignnone size-medium wp-image-2258\" src=\"https:\/\/wo-soll-das-hinfuehren.de\/Hauptmenue\/wp-content\/uploads\/2018\/02\/20190922_195508-244x300.jpg\" alt=\"\" width=\"244\" height=\"300\" srcset=\"https:\/\/wo-soll-das-hinfuehren.de\/Hauptmenue\/wp-content\/uploads\/2018\/02\/20190922_195508-244x300.jpg 244w, https:\/\/wo-soll-das-hinfuehren.de\/Hauptmenue\/wp-content\/uploads\/2018\/02\/20190922_195508.jpg 720w\" sizes=\"auto, (max-width: 244px) 100vw, 244px\" \/><\/a><\/p>\n<p>&nbsp;<\/p>\n<p>&nbsp;<\/p>\n<p><a href=\"https:\/\/wo-soll-das-hinfuehren.de\/Hauptmenue\/wp-content\/uploads\/2018\/02\/20190914_084447.jpg\"><img loading=\"lazy\" decoding=\"async\" class=\"alignnone size-medium wp-image-2237\" src=\"https:\/\/wo-soll-das-hinfuehren.de\/Hauptmenue\/wp-content\/uploads\/2018\/02\/20190914_084447-300x300.jpg\" alt=\"\" width=\"300\" height=\"300\" srcset=\"https:\/\/wo-soll-das-hinfuehren.de\/Hauptmenue\/wp-content\/uploads\/2018\/02\/20190914_084447-300x300.jpg 300w, https:\/\/wo-soll-das-hinfuehren.de\/Hauptmenue\/wp-content\/uploads\/2018\/02\/20190914_084447-150x150.jpg 150w, https:\/\/wo-soll-das-hinfuehren.de\/Hauptmenue\/wp-content\/uploads\/2018\/02\/20190914_084447.jpg 708w\" sizes=\"auto, (max-width: 300px) 100vw, 300px\" \/><\/a><\/p>\n<p>&nbsp;<\/p>\n<ul>\n<li><a href=\"https:\/\/youtu.be\/IB5RyvdRAcU\"><strong>AUFRUF<\/strong><\/a><\/li>\n<\/ul>\n<p>&nbsp;<\/p>\n<ul>\n<li><a href=\"https:\/\/www.focus.de\/wissen\/klima\/klimakatastrophe-forscher-sehen-menschheit-mitte-des-jahrhunderts-am-ende_id_10802940.html?utm_source=facebook&amp;utm_medium=social&amp;utm_campaign=facebook-focus-online&amp;fbc=facebook-focus-online&amp;ts=201909081341&amp;cid=08092019&amp;fbclid=IwAR0hAQUvmvUqlTWd9ef9cfq7GrOLZMw5SeaHLAI9gRDtuQza1G0goQNLfz4\">Warnung vor dem Nichtstun! Schock-Prognose zur Klimakatastrophe: Mitte des Jahrhunderts ist die Menschheit am Ende<\/a><\/li>\n<\/ul>\n<p>&nbsp;<\/p>\n<ul>\n<li><a href=\"https:\/\/wo-soll-das-hinfuehren.de\/Hauptmenue\/wp-content\/uploads\/2018\/02\/Greenpeace-Patenschaft.jpg\">Patenschaft<\/a><\/li>\n<\/ul>\n<p><a href=\"https:\/\/wo-soll-das-hinfuehren.de\/Hauptmenue\/wp-content\/uploads\/2018\/03\/GNZ-08.08.2019.jpg\"><img loading=\"lazy\" decoding=\"async\" class=\" wp-image-2202 aligncenter\" src=\"https:\/\/wo-soll-das-hinfuehren.de\/Hauptmenue\/wp-content\/uploads\/2018\/03\/GNZ-08.08.2019-212x300.jpg\" alt=\"\" width=\"285\" height=\"404\" srcset=\"https:\/\/wo-soll-das-hinfuehren.de\/Hauptmenue\/wp-content\/uploads\/2018\/03\/GNZ-08.08.2019-212x300.jpg 212w, https:\/\/wo-soll-das-hinfuehren.de\/Hauptmenue\/wp-content\/uploads\/2018\/03\/GNZ-08.08.2019-768x1086.jpg 768w, https:\/\/wo-soll-das-hinfuehren.de\/Hauptmenue\/wp-content\/uploads\/2018\/03\/GNZ-08.08.2019-724x1024.jpg 724w, https:\/\/wo-soll-das-hinfuehren.de\/Hauptmenue\/wp-content\/uploads\/2018\/03\/GNZ-08.08.2019.jpg 1240w\" sizes=\"auto, (max-width: 285px) 100vw, 285px\" \/><\/a><\/p>\n<ul>\n<li><a href=\"https:\/\/www.gnz.de\/region\/main-kinzig-kreis\/die-natur-zeigt-uns-die-rote-karte-FN1294337\">Link zum Pressebericht in der GNZ am 08.08.2010<\/a><\/li>\n<\/ul>\n<p>&nbsp;<\/p>\n<ul>\n<li><a href=\"https:\/\/www.youtube.com\/watch?v=F4jDk2MPZbA\">Klimaempfang 2019 Professor Harald Lesch<\/a><\/li>\n<\/ul>\n<p>&nbsp;<\/p>\n<ul>\n<li style=\"text-align: left;\"><a href=\"https:\/\/www.youtube.com\/watch?v=ZQrhiokmIpA&amp;t=53s\">Prof. Dr. Volker Quaschning (HTW Berlin): Klimaschutz in Deutschland \u2013 kaum besser als Trump<\/a><\/li>\n<\/ul>\n<p>&nbsp;<\/p>\n<ul>\n<li>Am 06.08.2019 lud ich ortsans\u00e4ssige Kreis- Landtags- und Bundestagsabgeordnete ein. Aufgrund der positiven R\u00fcckmeldungen von B\u00fcrgermeistern und Abgeordneten zu meinen Bem\u00fchungen und meiner Webseite werde ich weitere Informationsveranstaltungen durchf\u00fchren. Ein Pressebericht zu meinen Bem\u00fchungen wurde mir vom Pressehaus Naumann f\u00fcr diese Woche zugesagt.<\/li>\n<\/ul>\n<p>&nbsp;<\/p>\n<ul>\n<li>Jetzt h\u00e4ngen in 10 Rath\u00e4usern im Main-Kinzig-Kreis DIN A1 und DIN A2 Plakate. Einladungen im DIN A 5 Format liegen in 12 Rath\u00e4usern aus.<\/li>\n<\/ul>\n<p>31 Oberb\u00fcrgermeister und B\u00fcrgermeister haben Einladungen von mir erhalten. Stadtverordnete und Gemeinder\u00e4te sind ebenso herzlich von mir zur Infoveranstaltung am 09.08.2019 in W\u00e4chtersbach eingeladen.\u00a0 <a href=\"https:\/\/wo-soll-das-hinfuehren.de\/Hauptmenue\/wp-content\/uploads\/2018\/02\/20190729_150557.jpg\">Foto 1<\/a>\u00a0 \u00a0\u00a0<a href=\"https:\/\/wo-soll-das-hinfuehren.de\/Hauptmenue\/wp-content\/uploads\/2018\/02\/20190729_111236.jpg\">Foto 2<\/a>\u00a0 \u00a0 <a href=\"https:\/\/wo-soll-das-hinfuehren.de\/Hauptmenue\/wp-content\/uploads\/2018\/02\/20190715_114802.jpg\">Foto 3<\/a>\u00a0 \u00a0 <a href=\"https:\/\/wo-soll-das-hinfuehren.de\/Hauptmenue\/wp-content\/uploads\/2018\/02\/20190715_114807.jpg\">Foto 4<\/a><\/p>\n<p>&nbsp;<\/p>\n<ul>\n<li><span style=\"color: #ff0000;\"><a style=\"color: #ff0000;\" href=\"https:\/\/www.outfox-world.de\/kommentare\/klimakatastrophe-forstleute-rufen-klimanotstand-fuer-den-wald-aus.html\"><strong>KLIMANOTSTAND f\u00fcr unsere W\u00e4lder &#8211; Unsere W\u00e4lder sterben nun gro\u00dffl\u00e4chig ab.<\/strong><\/a><\/span><\/li>\n<\/ul>\n<p>Bilder aus dem Main-Kinzig-Kreis: <a href=\"https:\/\/wo-soll-das-hinfuehren.de\/Hauptmenue\/wp-content\/uploads\/2018\/02\/20190712_164601.jpg\">Foto 1 \/ Gelnhausen<\/a><\/p>\n<p>Weitere Fotos n\u00e4he Hesseldorf und Schlierbach. Hinter Birstein Ri. Vogelsberg sieht man wie immer mehr B\u00e4ume absterben.<\/p>\n<p><a href=\"https:\/\/wo-soll-das-hinfuehren.de\/Hauptmenue\/wp-content\/uploads\/2018\/02\/DSCN0536.jpg\"><img loading=\"lazy\" decoding=\"async\" class=\"alignnone wp-image-2123\" src=\"https:\/\/wo-soll-das-hinfuehren.de\/Hauptmenue\/wp-content\/uploads\/2018\/02\/DSCN0536-300x225.jpg\" alt=\"\" width=\"139\" height=\"104\" srcset=\"https:\/\/wo-soll-das-hinfuehren.de\/Hauptmenue\/wp-content\/uploads\/2018\/02\/DSCN0536-300x225.jpg 300w, https:\/\/wo-soll-das-hinfuehren.de\/Hauptmenue\/wp-content\/uploads\/2018\/02\/DSCN0536-768x576.jpg 768w, https:\/\/wo-soll-das-hinfuehren.de\/Hauptmenue\/wp-content\/uploads\/2018\/02\/DSCN0536-1024x768.jpg 1024w\" sizes=\"auto, (max-width: 139px) 100vw, 139px\" \/>\u00a0 <\/a><a href=\"https:\/\/wo-soll-das-hinfuehren.de\/Hauptmenue\/wp-content\/uploads\/2018\/02\/DSCN0538.jpg\"><img loading=\"lazy\" decoding=\"async\" class=\"alignnone wp-image-2125\" src=\"https:\/\/wo-soll-das-hinfuehren.de\/Hauptmenue\/wp-content\/uploads\/2018\/02\/DSCN0538-300x225.jpg\" alt=\"\" width=\"135\" height=\"101\" srcset=\"https:\/\/wo-soll-das-hinfuehren.de\/Hauptmenue\/wp-content\/uploads\/2018\/02\/DSCN0538-300x225.jpg 300w, https:\/\/wo-soll-das-hinfuehren.de\/Hauptmenue\/wp-content\/uploads\/2018\/02\/DSCN0538-768x576.jpg 768w, https:\/\/wo-soll-das-hinfuehren.de\/Hauptmenue\/wp-content\/uploads\/2018\/02\/DSCN0538-1024x768.jpg 1024w\" sizes=\"auto, (max-width: 135px) 100vw, 135px\" \/>\u00a0 <\/a><a href=\"https:\/\/wo-soll-das-hinfuehren.de\/Hauptmenue\/wp-content\/uploads\/2018\/02\/DSCN0541.jpg\"><img loading=\"lazy\" decoding=\"async\" class=\"alignnone wp-image-2126\" src=\"https:\/\/wo-soll-das-hinfuehren.de\/Hauptmenue\/wp-content\/uploads\/2018\/02\/DSCN0541-300x225.jpg\" alt=\"\" width=\"136\" height=\"102\" srcset=\"https:\/\/wo-soll-das-hinfuehren.de\/Hauptmenue\/wp-content\/uploads\/2018\/02\/DSCN0541-300x225.jpg 300w, https:\/\/wo-soll-das-hinfuehren.de\/Hauptmenue\/wp-content\/uploads\/2018\/02\/DSCN0541-768x576.jpg 768w, https:\/\/wo-soll-das-hinfuehren.de\/Hauptmenue\/wp-content\/uploads\/2018\/02\/DSCN0541-1024x768.jpg 1024w\" sizes=\"auto, (max-width: 136px) 100vw, 136px\" \/>\u00a0 <\/a><a href=\"https:\/\/wo-soll-das-hinfuehren.de\/Hauptmenue\/wp-content\/uploads\/2018\/02\/DSCN0534.jpg\"><img loading=\"lazy\" decoding=\"async\" class=\"alignnone wp-image-2117\" src=\"https:\/\/wo-soll-das-hinfuehren.de\/Hauptmenue\/wp-content\/uploads\/2018\/02\/DSCN0534-300x225.jpg\" alt=\"\" width=\"133\" height=\"100\" srcset=\"https:\/\/wo-soll-das-hinfuehren.de\/Hauptmenue\/wp-content\/uploads\/2018\/02\/DSCN0534-300x225.jpg 300w, https:\/\/wo-soll-das-hinfuehren.de\/Hauptmenue\/wp-content\/uploads\/2018\/02\/DSCN0534-768x576.jpg 768w, https:\/\/wo-soll-das-hinfuehren.de\/Hauptmenue\/wp-content\/uploads\/2018\/02\/DSCN0534-1024x768.jpg 1024w\" sizes=\"auto, (max-width: 133px) 100vw, 133px\" \/><\/a><\/p>\n<p>&nbsp;<\/p>\n<ul>\n<li><a href=\"https:\/\/www.komplett-media.de\/de_alle-fuers-klima-_200220.html\">Einladung von Deborah Weinbuch &#8211; Ihr neues Buch &#8222;ALLE F\u00dcRS KLIMA&#8220;.<\/a><\/li>\n<\/ul>\n<p>&nbsp;<\/p>\n<ul>\n<li><a href=\"https:\/\/wo-soll-das-hinfuehren.de\/Hauptmenue\/wp-content\/uploads\/2018\/02\/VID-20190710-WA0014.mp4\"><strong>DAUERSTREIK IN K\u00d6LN &#8211;\u00a0 Sch\u00fcler in K\u00f6ln streiken jetzt Tag und Nacht, auch in den Ferien und bei schlechtem Wetter<\/strong><\/a><\/li>\n<\/ul>\n<p>&nbsp;<\/p>\n<ul>\n<li><a href=\"https:\/\/www.welt.de\/politik\/deutschland\/article196382381\/Umweltbundesamt-warnt-In-Deutschland-entbrennt-Kampf-ums-Wasser.html?utm_source=pocket-newtab\">Umweltbundesamt warnt: In Deutschland entbrennt der Kampf ums Wasser<\/a><\/li>\n<\/ul>\n<p>&nbsp;<\/p>\n<p style=\"text-align: center;\">Ich\u00a0 bitte\u00a0 um Anmeldung zu dieser Infoveranstaltung im Beitrag &#8222;<a href=\"https:\/\/wo-soll-das-hinfuehren.de\/Hauptmenue\/?p=1984\">ANMELDUNG zur Infoveranstaltung&#8220;\u00a0\u00a0\u00a0<\/a><\/p>\n<ul>\n<li><span style=\"color: #008000;\"><strong>Meldet Euch bitte zu dieser Infoveranstaltung an!<\/strong> <\/span>Die eingeladenen Professoren, B\u00fcrgermeister, Oberb\u00fcrgermeister, Schulleitungen und der Hessische Rundfunk etc. beobachten nun wie viele Personen sich zu dieser ersten Infoveranstaltung anmelden. Umso mehr Menschen sich anmelden, umso mehr geraten sie unter Druck, wenn sie trotz Einladung, nicht an dieser Informationsveranstaltung teilnehmen.\u00a0 <strong>Die Zeiten des Wegschauens m\u00fcssen ein Ende haben, wenn wir eine Zukunft haben wollen (&#8230;).<\/strong> Werdet bitte aktiv, \u00fcbernehmt bitte Verantwortung und k\u00e4mpft mit FridaysForFuture, ParentsForFuture, GrandparentsForFuture uvm. um die Zukunft Eurer Kinder und Enkelkinder! Ihre Kinder oder Enkelkinder werden Sie fr\u00fcher oder sp\u00e4ter einmal fragen, was Sie gegen den Klimawandel und die Umweltzerst\u00f6rung getan haben (&#8230;).<\/li>\n<\/ul>\n<p>&nbsp;<\/p>\n<ul>\n<li><strong><span style=\"color: #008000;\">In Gelnhausen entsteht gerade eine P4F Ortsgruppe.<\/span><\/strong><\/li>\n<\/ul>\n<p><a href=\"https:\/\/wo-soll-das-hinfuehren.de\/Hauptmenue\/wp-content\/uploads\/2018\/02\/Bild-P4F-Gelnhausen-neu.png\"><img loading=\"lazy\" decoding=\"async\" class=\" wp-image-2078 aligncenter\" src=\"https:\/\/wo-soll-das-hinfuehren.de\/Hauptmenue\/wp-content\/uploads\/2018\/02\/Bild-P4F-Gelnhausen-neu-300x168.png\" alt=\"\" width=\"564\" height=\"316\" srcset=\"https:\/\/wo-soll-das-hinfuehren.de\/Hauptmenue\/wp-content\/uploads\/2018\/02\/Bild-P4F-Gelnhausen-neu-300x168.png 300w, https:\/\/wo-soll-das-hinfuehren.de\/Hauptmenue\/wp-content\/uploads\/2018\/02\/Bild-P4F-Gelnhausen-neu-768x431.png 768w, https:\/\/wo-soll-das-hinfuehren.de\/Hauptmenue\/wp-content\/uploads\/2018\/02\/Bild-P4F-Gelnhausen-neu-1024x574.png 1024w, https:\/\/wo-soll-das-hinfuehren.de\/Hauptmenue\/wp-content\/uploads\/2018\/02\/Bild-P4F-Gelnhausen-neu.png 1284w\" sizes=\"auto, (max-width: 564px) 100vw, 564px\" \/><\/a><\/p>\n<p>&nbsp;<\/p>\n<ul>\n<li><strong>Am 28.06.2019 hielt ich eine<\/strong> <strong>Mahnwache vor dem Haupteingang des Hessischen Rundfunks in Frankfurt am Main<\/strong> <strong>ab<\/strong>. Hierbei verteilte ich in der Zeit zwischen 7 Uhr und 9.30 Uhr ca. 60 Einladungen \u00fcberwiegend an Mitarbeiter des Hessischen Rundfunks zur Informationsveranstaltung am 09.08.2019 in W\u00e4chtersbach. Auch der Intendant Herr Krupp erhielt von mir eine Einladung. Zus\u00e4tzlich erhielt er das Schreiben der Stadt W\u00e4chtersbach und die Unterlagen, welche ich seit ca. drei Wochen \u00fcberwiegend im Main-Kinzig-Kreis an Schulleitungen, Kindergartenleitungen, Elternbeir\u00e4te, B\u00fcrgermeister, Oberb\u00fcrgermeister und Kirchen verteile. Nat\u00fcrlich erhielt er auch die aktuellen Verteilerlisten in ausgedruckter Form.<\/li>\n<\/ul>\n<p>&nbsp;<\/p>\n<ul>\n<li><a href=\"https:\/\/wo-soll-das-hinfuehren.de\/Hauptmenue\/wp-content\/uploads\/2018\/02\/Brief-n.-L.-Herr-Krupp.jpg\">Mein Anschreiben an Herrn Krupp, dem Intentendanten des HR<\/a><\/li>\n<\/ul>\n<p>&nbsp;<\/p>\n<p><a href=\"https:\/\/wo-soll-das-hinfuehren.de\/Hauptmenue\/wp-content\/uploads\/2018\/02\/DSCN0637.jpg\"><img loading=\"lazy\" decoding=\"async\" class=\"alignnone size-medium wp-image-1951\" src=\"https:\/\/wo-soll-das-hinfuehren.de\/Hauptmenue\/wp-content\/uploads\/2018\/02\/DSCN0637-300x225.jpg\" alt=\"\" width=\"300\" height=\"225\" srcset=\"https:\/\/wo-soll-das-hinfuehren.de\/Hauptmenue\/wp-content\/uploads\/2018\/02\/DSCN0637-300x225.jpg 300w, https:\/\/wo-soll-das-hinfuehren.de\/Hauptmenue\/wp-content\/uploads\/2018\/02\/DSCN0637-768x576.jpg 768w, https:\/\/wo-soll-das-hinfuehren.de\/Hauptmenue\/wp-content\/uploads\/2018\/02\/DSCN0637-1024x768.jpg 1024w\" sizes=\"auto, (max-width: 300px) 100vw, 300px\" \/><\/a><\/p>\n<p>Weitere Fotos:\u00a0<strong> <a href=\"https:\/\/wo-soll-das-hinfuehren.de\/Hauptmenue\/wp-content\/uploads\/2018\/02\/20190628_082627.jpg\">Foto 1<\/a><\/strong> \u00a0 \/\u00a0 <strong><a href=\"https:\/\/wo-soll-das-hinfuehren.de\/Hauptmenue\/wp-content\/uploads\/2019\/06\/20190628_083258.jpg\">Foto 2 <\/a><\/strong> \u00a0\u00a0 \/\u00a0 <strong><a href=\"https:\/\/wo-soll-das-hinfuehren.de\/Hauptmenue\/wp-content\/uploads\/2018\/02\/20190628_082408.jpg\">Foto 3<\/a><\/strong> \u00a0 \/\u00a0\u00a0<strong> <a href=\"https:\/\/wo-soll-das-hinfuehren.de\/Hauptmenue\/wp-content\/uploads\/2018\/02\/20190628_114017.jpg\">Foto 4<\/a><\/strong><\/p>\n<ul>\n<li><strong>Meine Einsatzfahrzeuge:<\/strong> <a href=\"https:\/\/wo-soll-das-hinfuehren.de\/Hauptmenue\/wp-content\/uploads\/2018\/02\/20190628_113702.jpg\">Gro\u00dfer Einsatz, gro\u00dfes Fahrzeug \/ kleiner Einsatz, kleines Einsatzfahrzeug (fast CO2 neutral)<\/a><\/li>\n<\/ul>\n<p>&nbsp;<\/p>\n<div style=\"width: 314px;\" class=\"wp-video\"><video class=\"wp-video-shortcode\" id=\"video-1223-2\" width=\"314\" height=\"566\" preload=\"metadata\" controls=\"controls\"><source type=\"video\/mp4\" src=\"https:\/\/wo-soll-das-hinfuehren.de\/Hauptmenue\/wp-content\/uploads\/2019\/06\/ScreenRecorderProject120_cut_001.mp4?_=2\" \/><a href=\"https:\/\/wo-soll-das-hinfuehren.de\/Hauptmenue\/wp-content\/uploads\/2019\/06\/ScreenRecorderProject120_cut_001.mp4\">https:\/\/wo-soll-das-hinfuehren.de\/Hauptmenue\/wp-content\/uploads\/2019\/06\/ScreenRecorderProject120_cut_001.mp4<\/a><\/video><\/div>\n<p style=\"text-align: center;\"><span style=\"color: #008000;\">Ganz herzlichen Dank f\u00fcr dieses wundervolle Video!<\/span><\/p>\n<ul>\n<li>Unsere Pflanzen und W\u00e4lder sterben, alles vertrocknet und Politiker diskutieren ob Sie den Klimanotstand ausrufen sollen oder nicht. Das zeigt, wie entfernt die meisten Menschen von der Realit\u00e4t sind. Der Wald brennt, bzw. verbrennt und wir \u00fcberlegen ob wir die Feuerwehr alarmieren sollen (&#8230;)<\/li>\n<\/ul>\n<p style=\"text-align: center;\"><span style=\"color: #ff0000;\"><strong><a style=\"color: #ff0000;\" href=\"https:\/\/www.aol.de\/nachrichten\/2019\/05\/29\/greta-thunberg-und-der-terminator-wollen-die-welt-retten\/\">Das ist ein NOTFALL!!!<\/a><\/strong><\/span><\/p>\n<p>&nbsp;<\/p>\n<ul>\n<li><a href=\"https:\/\/taz.de\/Hitze-in-der-Arktis-ueberrascht-Forscher\/!5604245\/\"><strong>Hitze \u00fcberrascht Forscher<\/strong><\/a><\/li>\n<\/ul>\n<p>&nbsp;<\/p>\n<ul>\n<li>Am 24.06.2019 lud ich Professor Harald Lesch ein. Danach war ich in Frankfurt a.M. und habe mir einen Platz vor dem Hessischen Rundfunk angesehen um dort eine Mahnwache abzuhalten. Danach gab ich meine Informationen und Einladungen zur ersten Infoveranstaltung am R\u00f6mer f\u00fcr OB Feldmann, in Offenbach f\u00fcr OB Dr. Schwenke und in Hanau f\u00fcr OB Kaminsky ab. Freundliche Unterst\u00fctzung bekam ich in Frankfurt von einer jungen Mutter. Sie fotografierte mich und verteilt nun meine Einladungen in Frankfurt. Herzlichen Dank hierf\u00fcr! \u00a0 <strong><a href=\"https:\/\/wo-soll-das-hinfuehren.de\/Hauptmenue\/wp-content\/uploads\/2019\/06\/20190624_105258-e1561394506823.jpg\">Foto 1<\/a>\u00a0<\/strong> \u00a0 \u00a0 \/ \u00a0 \u00a0<strong><a href=\"https:\/\/wo-soll-das-hinfuehren.de\/Hauptmenue\/wp-content\/uploads\/2019\/06\/20190624_111009.jpg\">Foto 2<\/a><\/strong> \u00a0\u00a0 \/ \u00a0\u00a0 <a href=\"https:\/\/wo-soll-das-hinfuehren.de\/Hauptmenue\/wp-content\/uploads\/2018\/02\/20190624_122530.jpg\"><strong>Foto 3<\/strong><\/a><strong> \u00a0 \/ \u00a0 <a href=\"https:\/\/wo-soll-das-hinfuehren.de\/Hauptmenue\/wp-content\/uploads\/2018\/02\/20190624_140640.jpg\">Foto 4<\/a><\/strong><\/li>\n<\/ul>\n<p>&nbsp;<\/p>\n<ul>\n<li><a href=\"https:\/\/wo-soll-das-hinfuehren.de\/Hauptmenue\/wp-content\/uploads\/2018\/02\/Eine-kleine-Geschichte-vom-20.06.2019-neu.jpg\">Eine kleine Geschichte vom 19.06.2019<\/a><\/li>\n<\/ul>\n<p>&nbsp;<\/p>\n<ul>\n<li><a href=\"https:\/\/www.zdf.de\/nachrichten\/heute-plus\/videos\/klimakrise-oder-alles-halb-so-wild-100.html\"><span style=\"color: #0000ff;\"><strong>Klimakrise &#8211; oder alles halb so wild?<\/strong><\/span><\/a><\/li>\n<\/ul>\n<p>&nbsp;<\/p>\n<ul>\n<li><a href=\"https:\/\/www.zdf.de\/dokumentation\/planet-e\/planet-e-wenn-das-klima-kippt-der-weckruf-des-azteken-beitrag-interviewfrage2-stefan-rahmstorf-100.html#autoplay=true\"><span style=\"color: #0000ff;\"><strong>Zwei weitere, sehenswerte Videos von Professor Stefan Rahmstorf<\/strong><\/span><\/a><\/li>\n<\/ul>\n<p>&nbsp;<\/p>\n<ul>\n<li><a href=\"https:\/\/www.gnz.de\/region\/gelnhausen\/wir-konnen-uns-nicht-wegducken-KB1276840\">Wir k\u00f6nnen uns nicht wegducken \u2013 GNZ <\/a><\/li>\n<\/ul>\n<p>&nbsp;<\/p>\n<ul>\n<li><a href=\"https:\/\/www.bild.de\/ratgeber\/2019\/ratgeber\/klima-plastikmuell-erster-plastikatlas-enthuellt-unbequeme-wahrheiten-62454780.bild.html\">Neue Informationen zu unserem Plastikkonsum.<\/a><\/li>\n<\/ul>\n<p>&nbsp;<\/p>\n<ul>\n<li>Nach den Sommerferien werde ich Informationsveranstaltungen in Stadthallen durchf\u00fchren. Wie Greta Thunberg stelle ich nun immer wieder fest, wie schlecht die meisten Menschen informiert sind. Das Motto k\u00f6nnte \u00e4hnlich lauten wie in der Wei\u00dfen Villa in Gelnhausen ab dem 21.06.2019:\u00a0 &#8222;<a href=\"https:\/\/www.gelnhausen.de\/leben-in-gelnhausen\/veranstaltungen\/sommersalon-weisse-villa.html\">Ich war`s nicht &#8211; wozu Verantwortung?&#8220;<\/a><\/li>\n<\/ul>\n<p>&nbsp;<\/p>\n<ul>\n<li><a href=\"https:\/\/www.aol.de\/nachrichten\/2019\/05\/29\/greta-thunberg-und-der-terminator-wollen-die-welt-retten\/\">Greta Thunberg und der Terminator wollen die Welt retten<\/a><\/li>\n<\/ul>\n<p>Zu Ihrer Information: Greta Thunbergs Mutter war Operns\u00e4ngerin und flog regelm\u00e4\u00dfig durch die Welt. Sie gab ihren Beruf f\u00fcr Gretas Zukunft auf weil sie VERANTWORTUNG f\u00fcr ihr Tun \u00fcbernahm. Durch ihre berufsbedingten Auslandsfl\u00fcge produzierte sie zig Tonnen CO2. Sie hat sich f\u00fcr die Zukunft ihrer Tochter entschieden.<\/p>\n<p>Ich besuche nun jeden Samstag meine Enkelkinder mit dem E-Bike. Die CO2 Ersparnis gegen\u00fcber dem PKW liegt bei ca. 6,4 kg CO2 pro Fahrt (Fahrstrecke 52 km). Auch Eink\u00e4ufe und die Verteilung der nachfolgend aufgef\u00fchrten Informationen t\u00e4tige ich nun ausschlie\u00dflich mit dem E-Bike und das Auto bleibt stehen.<strong><span style=\"color: #008000;\"> Das ergibt ca. 400 kg CO2 Einsparung im Jahr und entspricht einer Fahrleistung von 3.000 km mit meinem PKW.\u00a0 <a href=\"https:\/\/wo-soll-das-hinfuehren.de\/Hauptmenue\/wp-content\/uploads\/2018\/02\/DSCI0003.jpg\">Foto 1<\/a> \/\u00a0 <a href=\"https:\/\/wo-soll-das-hinfuehren.de\/Hauptmenue\/wp-content\/uploads\/2019\/06\/20190607_122310-e1560091200467.jpg\">Foto 2<\/a> \/\u00a0 <a href=\"https:\/\/wo-soll-das-hinfuehren.de\/Hauptmenue\/wp-content\/uploads\/2019\/06\/20190607_105608.jpg\">Foto 3<\/a> \/ <a href=\"https:\/\/wo-soll-das-hinfuehren.de\/Hauptmenue\/wp-content\/uploads\/2018\/02\/20190614_101712.jpg\">Foto 4<\/a> \/ <a href=\"https:\/\/wo-soll-das-hinfuehren.de\/Hauptmenue\/wp-content\/uploads\/2018\/02\/20190614_114233.jpg\">Foto 5<\/a><br \/>\n<\/span><\/strong><\/p>\n<p>Selbstverst\u00e4ndlich fliege ich auch nicht mit dem Flugzeug.<\/p>\n<p>Hier sind meine Flyer vom April 2018 zum Thema Fliegen:<\/p>\n<p><a href=\"https:\/\/wo-soll-das-hinfuehren.de\/Hauptmenue\/wp-content\/uploads\/2018\/03\/Flyer-DIN-A5-Vorderseite-gr\u00fcn-Internet-NEU-20.04.2018.jpg\"><img loading=\"lazy\" decoding=\"async\" class=\"alignnone size-medium wp-image-513\" src=\"https:\/\/wo-soll-das-hinfuehren.de\/Hauptmenue\/wp-content\/uploads\/2018\/03\/Flyer-DIN-A5-Vorderseite-gr\u00fcn-Internet-NEU-20.04.2018-211x300.jpg\" alt=\"\" width=\"211\" height=\"300\" srcset=\"https:\/\/wo-soll-das-hinfuehren.de\/Hauptmenue\/wp-content\/uploads\/2018\/03\/Flyer-DIN-A5-Vorderseite-gr\u00fcn-Internet-NEU-20.04.2018-211x300.jpg 211w, https:\/\/wo-soll-das-hinfuehren.de\/Hauptmenue\/wp-content\/uploads\/2018\/03\/Flyer-DIN-A5-Vorderseite-gr\u00fcn-Internet-NEU-20.04.2018-768x1090.jpg 768w, https:\/\/wo-soll-das-hinfuehren.de\/Hauptmenue\/wp-content\/uploads\/2018\/03\/Flyer-DIN-A5-Vorderseite-gr\u00fcn-Internet-NEU-20.04.2018-722x1024.jpg 722w, https:\/\/wo-soll-das-hinfuehren.de\/Hauptmenue\/wp-content\/uploads\/2018\/03\/Flyer-DIN-A5-Vorderseite-gr\u00fcn-Internet-NEU-20.04.2018.jpg 874w\" sizes=\"auto, (max-width: 211px) 100vw, 211px\" \/><\/a><a href=\"https:\/\/wo-soll-das-hinfuehren.de\/Hauptmenue\/wp-content\/uploads\/2018\/03\/FLYER-DIN-A-5-NEU-20.04.2018.jpg\"><img loading=\"lazy\" decoding=\"async\" class=\"alignnone size-medium wp-image-508\" src=\"https:\/\/wo-soll-das-hinfuehren.de\/Hauptmenue\/wp-content\/uploads\/2018\/03\/FLYER-DIN-A-5-NEU-20.04.2018-211x300.jpg\" alt=\"\" width=\"211\" height=\"300\" srcset=\"https:\/\/wo-soll-das-hinfuehren.de\/Hauptmenue\/wp-content\/uploads\/2018\/03\/FLYER-DIN-A-5-NEU-20.04.2018-211x300.jpg 211w, https:\/\/wo-soll-das-hinfuehren.de\/Hauptmenue\/wp-content\/uploads\/2018\/03\/FLYER-DIN-A-5-NEU-20.04.2018-768x1090.jpg 768w, https:\/\/wo-soll-das-hinfuehren.de\/Hauptmenue\/wp-content\/uploads\/2018\/03\/FLYER-DIN-A-5-NEU-20.04.2018-722x1024.jpg 722w, https:\/\/wo-soll-das-hinfuehren.de\/Hauptmenue\/wp-content\/uploads\/2018\/03\/FLYER-DIN-A-5-NEU-20.04.2018.jpg 874w\" sizes=\"auto, (max-width: 211px) 100vw, 211px\" \/><\/a><\/p>\n<p>&nbsp;<\/p>\n<ul>\n<li><a href=\"https:\/\/wo-soll-das-hinfuehren.de\/Hauptmenue\/wp-content\/uploads\/2018\/02\/Sehr-geehrte-Damen-und-Herren-neu-09.06.2019.pdf\">Mein Schreiben an Schulleitungen, Kindergartenleitungen, Elternbeir\u00e4te, B\u00fcrgermeister und Kirchen im Main-Kinzig-Kreis und umliegenden Kreisen.<\/a><\/li>\n<\/ul>\n<p>&nbsp;<\/p>\n<ul>\n<li><a href=\"https:\/\/wo-soll-das-hinfuehren.de\/Hauptmenue\/wp-content\/uploads\/2018\/02\/SN_LEB_Fridays_2019_04.pdf\"><strong><span style=\"color: #008000;\">Stellungnahme Landeselternbeirat Baden-W\u00fcrttemberg<\/span><\/strong><\/a><\/li>\n<\/ul>\n<p>&nbsp;<\/p>\n<ul>\n<li><strong><a href=\"https:\/\/wo-soll-das-hinfuehren.de\/Hauptmenue\/wp-content\/uploads\/2018\/02\/Stellungnahme-TeachersForFuture.pdf\"><span style=\"color: #008000;\">Stellungnahme von Teachers for Future<\/span> <\/a><\/strong><\/li>\n<\/ul>\n<p>&nbsp;<\/p>\n<ul>\n<li>Diesen Institutionen \/ Einrichtungen und Personen \u00fcbergab mein Anschreiben, Flyer und die Stellungnahme des Landeselternbeirates von Baden-W\u00fcrttemberg.<\/li>\n<\/ul>\n<p><a href=\"https:\/\/wo-soll-das-hinfuehren.de\/Hauptmenue\/wp-content\/uploads\/2018\/02\/Liste-Flyer-03.07.19.jpg\"><img loading=\"lazy\" decoding=\"async\" class=\"alignnone size-medium wp-image-2066\" src=\"https:\/\/wo-soll-das-hinfuehren.de\/Hauptmenue\/wp-content\/uploads\/2018\/02\/Liste-Flyer-03.07.19-212x300.jpg\" alt=\"\" width=\"212\" height=\"300\" srcset=\"https:\/\/wo-soll-das-hinfuehren.de\/Hauptmenue\/wp-content\/uploads\/2018\/02\/Liste-Flyer-03.07.19-212x300.jpg 212w, https:\/\/wo-soll-das-hinfuehren.de\/Hauptmenue\/wp-content\/uploads\/2018\/02\/Liste-Flyer-03.07.19-768x1086.jpg 768w, https:\/\/wo-soll-das-hinfuehren.de\/Hauptmenue\/wp-content\/uploads\/2018\/02\/Liste-Flyer-03.07.19-724x1024.jpg 724w, https:\/\/wo-soll-das-hinfuehren.de\/Hauptmenue\/wp-content\/uploads\/2018\/02\/Liste-Flyer-03.07.19.jpg 1240w\" sizes=\"auto, (max-width: 212px) 100vw, 212px\" \/><\/a><\/p>\n<p><a href=\"https:\/\/wo-soll-das-hinfuehren.de\/Hauptmenue\/wp-content\/uploads\/2018\/02\/Liste-Flyer-Seite-2-am-30.06.2019.jpg\"><img loading=\"lazy\" decoding=\"async\" class=\"alignnone size-medium wp-image-2027\" src=\"https:\/\/wo-soll-das-hinfuehren.de\/Hauptmenue\/wp-content\/uploads\/2018\/02\/Liste-Flyer-Seite-2-am-30.06.2019-212x300.jpg\" alt=\"\" width=\"212\" height=\"300\" srcset=\"https:\/\/wo-soll-das-hinfuehren.de\/Hauptmenue\/wp-content\/uploads\/2018\/02\/Liste-Flyer-Seite-2-am-30.06.2019-212x300.jpg 212w, https:\/\/wo-soll-das-hinfuehren.de\/Hauptmenue\/wp-content\/uploads\/2018\/02\/Liste-Flyer-Seite-2-am-30.06.2019-768x1086.jpg 768w, https:\/\/wo-soll-das-hinfuehren.de\/Hauptmenue\/wp-content\/uploads\/2018\/02\/Liste-Flyer-Seite-2-am-30.06.2019-724x1024.jpg 724w, https:\/\/wo-soll-das-hinfuehren.de\/Hauptmenue\/wp-content\/uploads\/2018\/02\/Liste-Flyer-Seite-2-am-30.06.2019.jpg 1240w\" sizes=\"auto, (max-width: 212px) 100vw, 212px\" \/><\/a><\/p>\n<p><a href=\"https:\/\/wo-soll-das-hinfuehren.de\/Hauptmenue\/wp-content\/uploads\/2018\/02\/Liste-Flyer-Seite-3-neu-am-03.07.2019.jpg\"><img loading=\"lazy\" decoding=\"async\" class=\"alignnone size-medium wp-image-2068\" src=\"https:\/\/wo-soll-das-hinfuehren.de\/Hauptmenue\/wp-content\/uploads\/2018\/02\/Liste-Flyer-Seite-3-neu-am-03.07.2019-212x300.jpg\" alt=\"\" width=\"212\" height=\"300\" srcset=\"https:\/\/wo-soll-das-hinfuehren.de\/Hauptmenue\/wp-content\/uploads\/2018\/02\/Liste-Flyer-Seite-3-neu-am-03.07.2019-212x300.jpg 212w, https:\/\/wo-soll-das-hinfuehren.de\/Hauptmenue\/wp-content\/uploads\/2018\/02\/Liste-Flyer-Seite-3-neu-am-03.07.2019-768x1086.jpg 768w, https:\/\/wo-soll-das-hinfuehren.de\/Hauptmenue\/wp-content\/uploads\/2018\/02\/Liste-Flyer-Seite-3-neu-am-03.07.2019-724x1024.jpg 724w, https:\/\/wo-soll-das-hinfuehren.de\/Hauptmenue\/wp-content\/uploads\/2018\/02\/Liste-Flyer-Seite-3-neu-am-03.07.2019.jpg 1240w\" sizes=\"auto, (max-width: 212px) 100vw, 212px\" \/><\/a><\/p>\n<ul>\n<li><a href=\"https:\/\/wo-soll-das-hinfuehren.de\/Hauptmenue\/?p=1604\"><strong><span style=\"color: #008000;\">Diese Institutionen \/ Einrichtungen und Personen unterst\u00fctzen Fridaysforfuture<\/span><\/strong><\/a><\/li>\n<\/ul>\n<p>&nbsp;<\/p>\n<p style=\"text-align: center;\"><strong>Sehen Sie sich bitte das nachfolgende Video von Professor Harald Lesch zum Thema &#8222;<span style=\"color: #0000ff;\">Wirtschaftswachstum<\/span>&#8220; an.<\/strong><\/p>\n<h2 style=\"text-align: center;\"><span style=\"color: #0000ff;\"><strong><a style=\"color: #0000ff;\" href=\"https:\/\/www.youtube.com\/watch?v=9ZUNY7sYaf0&amp;t=115s\">Denkansto\u00df &#8211; Video<\/a><\/strong><\/span><\/h2>\n<ul>\n<li>Hinweis: Das Video ggf. mit dem Schieberegler zur\u00fcck spulen, da es oft nicht am Anfang startet.<\/li>\n<\/ul>\n<p>&nbsp;<\/p>\n<ul>\n<li><a href=\"https:\/\/www.facebook.com\/groups\/1562982667288412\/permalink\/2219960848257254\/?sfnsn=xwmo\">Gro\u00dfdemonstration am 24.05.2019 in 100 L\u00e4ndern<\/a><\/li>\n<\/ul>\n<p>&nbsp;<\/p>\n<ul>\n<li><a href=\"http:\/\/www.klimawahl-2019.eu\/\">Hier findet Ihr Informationen zur EU-Wahl<\/a><\/li>\n<\/ul>\n<p>&nbsp;<\/p>\n<p><a href=\"https:\/\/wo-soll-das-hinfuehren.de\/Hauptmenue\/wp-content\/uploads\/2018\/02\/IMG-20190525-WA0011.jpg\"><img loading=\"lazy\" decoding=\"async\" class=\"alignnone size-medium wp-image-1596\" src=\"https:\/\/wo-soll-das-hinfuehren.de\/Hauptmenue\/wp-content\/uploads\/2018\/02\/IMG-20190525-WA0011-293x300.jpg\" alt=\"\" width=\"293\" height=\"300\" srcset=\"https:\/\/wo-soll-das-hinfuehren.de\/Hauptmenue\/wp-content\/uploads\/2018\/02\/IMG-20190525-WA0011-293x300.jpg 293w, https:\/\/wo-soll-das-hinfuehren.de\/Hauptmenue\/wp-content\/uploads\/2018\/02\/IMG-20190525-WA0011.jpg 765w\" sizes=\"auto, (max-width: 293px) 100vw, 293px\" \/><\/a><\/p>\n<ul>\n<li><a href=\"https:\/\/wo-soll-das-hinfuehren.de\/Hauptmenue\/?p=1560\">Hier die ersten Bilder und Videos von der fridaysforfuture Gro\u00dfdemonstration am 24.05.2019 in Frankfurt a. M. <\/a><\/li>\n<\/ul>\n<p>&nbsp;<\/p>\n<ul>\n<li><a href=\"http:\/\/www.flughafen-bi.de\/Archiv\/2019\/2019_05_24_friday%20for%20future.html\">Weitere Bilder auf der Webseite &#8220; flughafen-bi.de<\/a><\/li>\n<\/ul>\n<p>&nbsp;<\/p>\n<ul>\n<li><a href=\"https:\/\/wo-soll-das-hinfuehren.de\/Hauptmenue\/wp-content\/uploads\/2018\/02\/Meine-weiteren-Aktivit\u00e4ten...-neu.jpg\">Meine weiteren Aktivit\u00e4ten&#8230;<\/a><\/li>\n<li><a href=\"http:\/\/wo-soll-das-hinfuehren.de\/Hauptmenue\/wp-content\/uploads\/2018\/02\/Anschreiben-B%C3%BCrgermeister-Liste-1.jpg\">Angeschriebene B\u00fcrgermeister vom Mai 2018 + Landrat des M-K-K \u00a0<\/a><\/li>\n<li><a href=\"http:\/\/wo-soll-das-hinfuehren.de\/Hauptmenue\/wp-content\/uploads\/2018\/02\/Antwort-Landrat.jpg\">Antwortschreiben von unserem Landrat im Juni 2018<\/a><\/li>\n<\/ul>\n<p>&nbsp;<\/p>\n<ul>\n<li>\n<h2><span style=\"color: #008000;\"><strong><a style=\"color: #008000;\" href=\"https:\/\/www.zdf.de\/nachrichten\/heute\/goldene-kamera-wie-greta-thunberg-den-promis-ins-gewissen-redet-100.html\">Filmtipp<\/a><\/strong><\/span><\/h2>\n<\/li>\n<\/ul>\n<p>&nbsp;<\/p>\n<p>&nbsp;<\/p>\n<ul>\n<li><a href=\"http:\/\/www.giessener-zeitung.de\/buseck\/beitrag\/128922\/die-10-besten-klimaschutz-tipps-von-parents-for-future-hessen\/\">Gie\u00dfener Zeitung berichtet \u00fcber die neuen Flyer von PARENTS 4 FUTURE HESSEN<\/a><\/li>\n<\/ul>\n<p>&nbsp;<\/p>\n<ul>\n<li>Ab dem 12.05.019 unterst\u00fctze ich\u00a0<a href=\"https:\/\/parentsforfuture.de\/\">PARENTS 4 FUTURE HESSEN<\/a> aktiv und verteile die neuen Flyer u.a. an Schulen und Kinderg\u00e4rten.<\/li>\n<\/ul>\n<p><a href=\"https:\/\/wo-soll-das-hinfuehren.de\/Hauptmenue\/wp-content\/uploads\/2018\/02\/Flyer-Parents-vorne-klein-neu.jpg\"><img loading=\"lazy\" decoding=\"async\" class=\"alignnone wp-image-1464\" src=\"https:\/\/wo-soll-das-hinfuehren.de\/Hauptmenue\/wp-content\/uploads\/2018\/02\/Flyer-Parents-vorne-klein-neu-214x300.jpg\" alt=\"\" width=\"203\" height=\"284\" srcset=\"https:\/\/wo-soll-das-hinfuehren.de\/Hauptmenue\/wp-content\/uploads\/2018\/02\/Flyer-Parents-vorne-klein-neu-214x300.jpg 214w, https:\/\/wo-soll-das-hinfuehren.de\/Hauptmenue\/wp-content\/uploads\/2018\/02\/Flyer-Parents-vorne-klein-neu-768x1075.jpg 768w, https:\/\/wo-soll-das-hinfuehren.de\/Hauptmenue\/wp-content\/uploads\/2018\/02\/Flyer-Parents-vorne-klein-neu-731x1024.jpg 731w, https:\/\/wo-soll-das-hinfuehren.de\/Hauptmenue\/wp-content\/uploads\/2018\/02\/Flyer-Parents-vorne-klein-neu.jpg 807w\" sizes=\"auto, (max-width: 203px) 100vw, 203px\" \/><\/a><\/p>\n<p><a href=\"https:\/\/wo-soll-das-hinfuehren.de\/Hauptmenue\/wp-content\/uploads\/2018\/02\/Flyer-Parents-hinten-klein-neu.jpg\"><img loading=\"lazy\" decoding=\"async\" class=\"alignnone wp-image-1465\" src=\"https:\/\/wo-soll-das-hinfuehren.de\/Hauptmenue\/wp-content\/uploads\/2018\/02\/Flyer-Parents-hinten-klein-neu-214x300.jpg\" alt=\"\" width=\"204\" height=\"286\" srcset=\"https:\/\/wo-soll-das-hinfuehren.de\/Hauptmenue\/wp-content\/uploads\/2018\/02\/Flyer-Parents-hinten-klein-neu-214x300.jpg 214w, https:\/\/wo-soll-das-hinfuehren.de\/Hauptmenue\/wp-content\/uploads\/2018\/02\/Flyer-Parents-hinten-klein-neu-768x1075.jpg 768w, https:\/\/wo-soll-das-hinfuehren.de\/Hauptmenue\/wp-content\/uploads\/2018\/02\/Flyer-Parents-hinten-klein-neu-732x1024.jpg 732w, https:\/\/wo-soll-das-hinfuehren.de\/Hauptmenue\/wp-content\/uploads\/2018\/02\/Flyer-Parents-hinten-klein-neu.jpg 808w\" sizes=\"auto, (max-width: 204px) 100vw, 204px\" \/><\/a><\/p>\n<p>\u2026wenn wir jetzt nicht UMDENKEN und beginnen VERANTWORTUNG zu \u00fcbernehmen, nehmen wir unseren Kindern und Enkelkindern ihre ZUKUNFT !<\/p>\n<p>&nbsp;<\/p>\n<ul>\n<li>NEU: Ab dem 09.05.2019 nun auch auf\u00a0 <span style=\"color: #0000ff;\"><strong><a style=\"color: #0000ff;\" href=\"https:\/\/www.facebook.com\/werner.kohn.52\">facebook<\/a><\/strong><\/span><\/li>\n<\/ul>\n<p>&nbsp;<\/p>\n<ul>\n<li><a href=\"https:\/\/m.tagesspiegel.de\/erderwaermung-und-politik-lieber-klimawandel-als-oekodiktatur\/23886600.html?utm_referrer=http%3A%2F%2Fm.facebook.com%2F&amp;fbclid=IwAR2PzeAs2A_T4DG0iaK7MZWh86sSprjsh_2H__wDLZU392ATz-IAlJU7Tpo\">Lieber Klimawandel als \u00d6kodiktatur<\/a><\/li>\n<\/ul>\n<p>&nbsp;<\/p>\n<ul>\n<li><a href=\"https:\/\/www.publik-forum.de\/Politik-Gesellschaft\/den-klimanotstand-ausrufen\">publik-forum.de\/Politik-Gesellschaft\/den-klimanotstand-ausrufen<\/a><\/li>\n<li><a href=\"http:\/\/wo-soll-das-hinfuehren.de\/Hauptmenue\/wp-content\/uploads\/2018\/02\/Lieber-Herr-Eiselt-04.05.2019.-neu.jpg\">Mein Kommentar zu dieser Kolumne<\/a> ( Da er etwas l\u00e4nger war habe ich ihn an die Redaktion gesendet. )<\/li>\n<li>Ein Beispiel zur Vernunft: <a href=\"http:\/\/wo-soll-das-hinfuehren.de\/Hauptmenue\/wp-content\/uploads\/2018\/03\/Flyer-DIN-A5-Vorderseite-gr\u00fcn-Internet-NEU-20.04.2018.jpg\">Flyer-Vorderseite<\/a> \u00a0<a href=\"http:\/\/wo-soll-das-hinfuehren.de\/Hauptmenue\/wp-content\/uploads\/2018\/03\/FLYER-DIN-A-5-NEU-20.04.2018.jpg\">Flyer-R\u00fcckseite<\/a><\/li>\n<\/ul>\n<p>&nbsp;<\/p>\n<ul>\n<li><a href=\"https:\/\/m.spiegel.de\/politik\/deutschland\/konstanz-ruft-als-erste-stadt-in-deutschland-den-klimanotstand-aus-a-1265519.html\">Konstanz ruft als erste Stadt Deutschlands den Klimanotstand aus.<\/a><\/li>\n<\/ul>\n<p>&nbsp;<\/p>\n<ul>\n<li>Mahnwache von PEOPLE 4 FUTURE jeden Donnerstag von 12:00 &#8211; 13:00 Uhr an der Hauptwache in Frankfurt a. M..\u00a0 <span style=\"color: #ff0000;\">ACHTUNG am 09.05. findet sie woanders statt !<\/span><\/li>\n<\/ul>\n<p>Mahnwache am 02.05.2019<\/p>\n<p><a href=\"http:\/\/wo-soll-das-hinfuehren.de\/Hauptmenue\/wp-content\/uploads\/2018\/02\/20190502_123410.jpg\"><img loading=\"lazy\" decoding=\"async\" class=\"alignnone size-medium wp-image-1413\" src=\"http:\/\/wo-soll-das-hinfuehren.de\/Hauptmenue\/wp-content\/uploads\/2018\/02\/20190502_123410-300x169.jpg\" alt=\"\" width=\"300\" height=\"169\" srcset=\"https:\/\/wo-soll-das-hinfuehren.de\/Hauptmenue\/wp-content\/uploads\/2018\/02\/20190502_123410-300x169.jpg 300w, https:\/\/wo-soll-das-hinfuehren.de\/Hauptmenue\/wp-content\/uploads\/2018\/02\/20190502_123410-768x432.jpg 768w, https:\/\/wo-soll-das-hinfuehren.de\/Hauptmenue\/wp-content\/uploads\/2018\/02\/20190502_123410-1024x576.jpg 1024w\" sizes=\"auto, (max-width: 300px) 100vw, 300px\" \/><\/a><\/p>\n<p>&nbsp;<\/p>\n<ul>\n<li><a href=\"https:\/\/www.zeit.de\/gesellschaft\/2019-04\/klimaschutz-oekologie-nachhaltigkeit-flugreisen-fleischkonsum-fossile-brennstoffe\/komplettansicht\">Klimaschutz: Warum unsere Ausreden falsch sind<\/a><\/li>\n<\/ul>\n<p>&nbsp;<\/p>\n<ul>\n<li><a href=\"https:\/\/translate.google.de\/translate?hl=de&amp;sl=en&amp;u=https:\/\/www.bbc.com\/news\/uk-scotland-scotland-politics-48077802&amp;prev=search\">Schottland reagiert auf &#8220; fridaysforfuture &#8220; Streiks ! (Mit Google \u00fcbersetzt)<\/a><\/li>\n<\/ul>\n<p>&nbsp;<\/p>\n<ul>\n<li><a href=\"http:\/\/www.fr.de\/frankfurt\/fridays-future-frankfurt-parolen-12227099.html\">Sch\u00fcler streiken auch in den Ferien und bei schlechtem Wetter<\/a><\/li>\n<\/ul>\n<p>&nbsp;<\/p>\n<ul>\n<li>Solidarit\u00e4t mit \u201c <a href=\"https:\/\/parentsforfuture.de\/\"><strong><span style=\"color: #008000;\">parentsforfuture<\/span><\/strong><\/a> \u201c<\/li>\n<\/ul>\n<p>Bitte unterst\u00fctzen auch Sie parentsforfuture!\u00a0\u00a0 Informieren Sie sich bitte und werden Sie aktiv in Regional- oder Ortsgruppen !<\/p>\n<p>&nbsp;<\/p>\n<ul>\n<li>Als Denkansto\u00df wenn wir nicht endlich UMDENKEN und zur Erinnerung an das bereits in &#8220; News 2018 &#8220; verlinkte Video von Prof. Harald Lesch:\u00a0\u00a0\u00a0 <span style=\"color: #0000ff;\"><a style=\"color: #0000ff;\" href=\"https:\/\/www.youtube.com\/watch?v=9ZUNY7sYaf0&amp;t=115s\">Die Menschheit schafft sich ab<\/a><\/span><\/li>\n<\/ul>\n<p>Hinweis: Das Video ggf. mit dem Schieberegler zur\u00fcck spulen da, es oft nicht am Anfang startet.\u00a0\u00a0 <a href=\"https:\/\/live-counter.com\/arktis-eisschmelze\/\">Das ewige Eis schmilzt immer schneller<\/a><\/p>\n<p>&nbsp;<\/p>\n<ul>\n<li><b>Wie kann man Menschen begreiflich machen, dass unsere Lebensweise Einfluss auf die Natur und unser \u00d6kosystem hat ?<\/b><\/li>\n<\/ul>\n<p><a href=\"http:\/\/wo-soll-das-hinfuehren.de\/Hauptmenue\/wp-content\/uploads\/2019\/04\/Wie-kann-man-Menschen-S1.-Variante-3.jpg\"><img loading=\"lazy\" decoding=\"async\" class=\"alignnone size-medium wp-image-1376\" src=\"http:\/\/wo-soll-das-hinfuehren.de\/Hauptmenue\/wp-content\/uploads\/2019\/04\/Wie-kann-man-Menschen-S1.-Variante-3-212x300.jpg\" alt=\"\" width=\"212\" height=\"300\" srcset=\"https:\/\/wo-soll-das-hinfuehren.de\/Hauptmenue\/wp-content\/uploads\/2019\/04\/Wie-kann-man-Menschen-S1.-Variante-3-212x300.jpg 212w, https:\/\/wo-soll-das-hinfuehren.de\/Hauptmenue\/wp-content\/uploads\/2019\/04\/Wie-kann-man-Menschen-S1.-Variante-3-768x1086.jpg 768w, https:\/\/wo-soll-das-hinfuehren.de\/Hauptmenue\/wp-content\/uploads\/2019\/04\/Wie-kann-man-Menschen-S1.-Variante-3-724x1024.jpg 724w, https:\/\/wo-soll-das-hinfuehren.de\/Hauptmenue\/wp-content\/uploads\/2019\/04\/Wie-kann-man-Menschen-S1.-Variante-3.jpg 1240w\" sizes=\"auto, (max-width: 212px) 100vw, 212px\" \/><\/a><\/p>\n<p><a href=\"http:\/\/wo-soll-das-hinfuehren.de\/Hauptmenue\/wp-content\/uploads\/2019\/04\/Wie-kann-man-Menschen-S2.-Variante-3.jpg\"><img loading=\"lazy\" decoding=\"async\" class=\"alignnone size-medium wp-image-1377\" src=\"http:\/\/wo-soll-das-hinfuehren.de\/Hauptmenue\/wp-content\/uploads\/2019\/04\/Wie-kann-man-Menschen-S2.-Variante-3-212x300.jpg\" alt=\"\" width=\"212\" height=\"300\" srcset=\"https:\/\/wo-soll-das-hinfuehren.de\/Hauptmenue\/wp-content\/uploads\/2019\/04\/Wie-kann-man-Menschen-S2.-Variante-3-212x300.jpg 212w, https:\/\/wo-soll-das-hinfuehren.de\/Hauptmenue\/wp-content\/uploads\/2019\/04\/Wie-kann-man-Menschen-S2.-Variante-3-768x1086.jpg 768w, https:\/\/wo-soll-das-hinfuehren.de\/Hauptmenue\/wp-content\/uploads\/2019\/04\/Wie-kann-man-Menschen-S2.-Variante-3-724x1024.jpg 724w, https:\/\/wo-soll-das-hinfuehren.de\/Hauptmenue\/wp-content\/uploads\/2019\/04\/Wie-kann-man-Menschen-S2.-Variante-3.jpg 1240w\" sizes=\"auto, (max-width: 212px) 100vw, 212px\" \/><\/a><\/p>\n<p><a href=\"http:\/\/wo-soll-das-hinfuehren.de\/Hauptmenue\/wp-content\/uploads\/2019\/04\/20190419_121538-neu-1.jpg\"><img loading=\"lazy\" decoding=\"async\" class=\"alignnone size-medium wp-image-1352\" src=\"http:\/\/wo-soll-das-hinfuehren.de\/Hauptmenue\/wp-content\/uploads\/2019\/04\/20190419_121538-neu-1-300x225.jpg\" alt=\"\" width=\"300\" height=\"225\" srcset=\"https:\/\/wo-soll-das-hinfuehren.de\/Hauptmenue\/wp-content\/uploads\/2019\/04\/20190419_121538-neu-1-300x225.jpg 300w, https:\/\/wo-soll-das-hinfuehren.de\/Hauptmenue\/wp-content\/uploads\/2019\/04\/20190419_121538-neu-1-768x576.jpg 768w, https:\/\/wo-soll-das-hinfuehren.de\/Hauptmenue\/wp-content\/uploads\/2019\/04\/20190419_121538-neu-1-1024x768.jpg 1024w\" sizes=\"auto, (max-width: 300px) 100vw, 300px\" \/><\/a><\/p>\n<p><a href=\"https:\/\/live-counter.com\/autos\/\">Hier finden Sie aktuelle Zahlen zum Beispiel &#8220; Auto&#8220;<\/a><\/p>\n<p>&nbsp;<\/p>\n<ul>\n<li>Diese Webseite ist seit dem 15.04.2019 auch unter &#8222;<a href=\"http:\/\/www.grandparents-for-future.de\">grandparents-for-future.de<\/a>&#8220; zu erreichen.<\/li>\n<\/ul>\n<p>&nbsp;<\/p>\n<ul>\n<li><span style=\"color: #008000;\"><strong><a style=\"color: #008000;\" href=\"http:\/\/www.flughafen-bi.de\/Archiv\/2019\/2019_04_12_Friday%20for%20Future.html\">Zum Ferienstart Protest von fridays for future<\/a><\/strong><\/span><\/li>\n<\/ul>\n<p><a href=\"http:\/\/wo-soll-das-hinfuehren.de\/Hauptmenue\/wp-content\/uploads\/2019\/04\/Freitagsdemo-12.04.2019.jpg\"><img loading=\"lazy\" decoding=\"async\" class=\"alignnone size-medium wp-image-1304\" src=\"http:\/\/wo-soll-das-hinfuehren.de\/Hauptmenue\/wp-content\/uploads\/2019\/04\/Freitagsdemo-12.04.2019-300x138.jpg\" alt=\"\" width=\"300\" height=\"138\" srcset=\"https:\/\/wo-soll-das-hinfuehren.de\/Hauptmenue\/wp-content\/uploads\/2019\/04\/Freitagsdemo-12.04.2019-300x138.jpg 300w, https:\/\/wo-soll-das-hinfuehren.de\/Hauptmenue\/wp-content\/uploads\/2019\/04\/Freitagsdemo-12.04.2019-768x353.jpg 768w, https:\/\/wo-soll-das-hinfuehren.de\/Hauptmenue\/wp-content\/uploads\/2019\/04\/Freitagsdemo-12.04.2019-1024x471.jpg 1024w, https:\/\/wo-soll-das-hinfuehren.de\/Hauptmenue\/wp-content\/uploads\/2019\/04\/Freitagsdemo-12.04.2019.jpg 1893w\" sizes=\"auto, (max-width: 300px) 100vw, 300px\" \/><\/a><\/p>\n<p>&nbsp;<\/p>\n<ul>\n<li><a href=\"http:\/\/www.flughafen-bi.de\/Archiv\/2019\/2019_04_08_montagsdemo.html\"><span style=\"color: #008000;\"><strong>Solidarit\u00e4t mit &#8222;Fridays for future&#8220;<\/strong><\/span><\/a><\/li>\n<\/ul>\n<p>&nbsp;<\/p>\n<ul>\n<li><a href=\"https:\/\/www.zeit.de\/kultur\/2019-04\/klimawandel-generationenkonflikt-schuelerproteste-schock-erwachsene?sort=desc#comments\">Klimawandel: Der Schock, wenn alles pl\u00f6tzlich ganz einfach erscheint <\/a><\/li>\n<li><a href=\"http:\/\/wo-soll-das-hinfuehren.de\/Hauptmenue\/wp-content\/uploads\/2018\/02\/Kommentar-Zeit-Online-09.04.2019.jpg\">Mein Kommentar zu dieser Kolumne und zu den anderen Kommentaren<\/a><\/li>\n<\/ul>\n<p>&nbsp;<\/p>\n<ul>\n<li>Ich bin h\u00f6chst erfreut \u00fcber die Zusammenarbeit von Fridays for Future und Wissenschaftlern \u2026und deren Forderungen an die Politik. Vielleicht \u00e4ndert sich ja das allgemeine Lebensmotto : Lebe deinen Traum \u2013 und denke nicht an die Auswirkungen f\u00fcr die Natur und deine Nachkommen\u2026<\/li>\n<\/ul>\n<p><a href=\"https:\/\/fridaysforfuture.de\/forderungen\/\"><span style=\"color: #008000;\"><strong>https:\/\/fridaysforfuture.de\/forderungen\/<\/strong><\/span><\/a><\/p>\n<p>Unterst\u00fctzen Sie bitte fridaysforfuture !<\/p>\n<p>&nbsp;<\/p>\n<ul>\n<li><a href=\"http:\/\/wo-soll-das-hinfuehren.de\/Hauptmenue\/wp-content\/uploads\/2018\/02\/Friday.jpg\"><span style=\"color: #008000;\"><strong>Fridays for Future in Gelnhausen<\/strong> <\/span><\/a>\u00a0 Nun kommt Bewegung in die Sache.\u00a0\u00a0\u00a0\u00a0\u00a0\u00a0 Sch\u00fcler nehmen Erwachsene in die Pflicht &#8230;<\/li>\n<\/ul>\n<p>&nbsp;<\/p>\n<ul>\n<li><a href=\"http:\/\/wo-soll-das-hinfuehren.de\/Hauptmenue\/wp-content\/uploads\/2019\/04\/Klartext-6.jpg\">Klartext<\/a><\/li>\n<\/ul>\n<p>&nbsp;<\/p>\n<ul>\n<li><a href=\"http:\/\/www.spiegel.de\/wissenschaft\/mensch\/fridays-for-future-die-kinder-sind-laengst-noch-nicht-wuetend-genug-a-1260262.html\">Die Kinder sind l\u00e4ngst noch nicht w\u00fctend genug<\/a><\/li>\n<\/ul>\n<p>&nbsp;<\/p>\n<ul>\n<li><strong><a href=\"https:\/\/www.zdf.de\/nachrichten\/heute\/goldene-kamera-wie-greta-thunberg-den-promis-ins-gewissen-redet-100.html\"><span style=\"color: #008000;\">Reden von Greta Thunberg und Dirk Steffens bei der Goldenen Kamera<\/span><\/a><\/strong><\/li>\n<\/ul>\n<p>&nbsp;<\/p>\n<ul>\n<li><a href=\"http:\/\/www.spiegel.de\/wissenschaft\/natur\/greta-thunberg-das-gesicht-der-globalen-klimabewegung-a-1241185.html\">Globale Klimakrise Gretas Aufstand<\/a><\/li>\n<\/ul>\n","protected":false},"excerpt":{"rendered":"<p>Die neuesten Informationen stehen oben in dem Beitrag. Nachfolgende Links und Bilder bitte anklicken. &nbsp; Meine Sichtweise Weihnachten 2019 ist leider exakt die Gleiche wie Weihnachten 2018 &nbsp; Klima &#8211; Demo am 29.11.2019 in Gelnhausen. \u00dcbergabe von Forderungen an den Main-Kinzig-Kreis zur Eind\u00e4mmung der Klimakrise. Weitere Bilder: Foto1\u00a0\/ Foto 2 People for future &#8211; Gelnhausen &hellip; <a href=\"https:\/\/wo-soll-das-hinfuehren.de\/Hauptmenue\/?p=1223\" class=\"more-link\"><span class=\"screen-reader-text\">News 2019<\/span> weiterlesen<\/a><\/p>\n","protected":false},"author":1,"featured_media":0,"comment_status":"open","ping_status":"open","sticky":false,"template":"","format":"standard","meta":{"footnotes":""},"categories":[1],"tags":[],"class_list":["post-1223","post","type-post","status-publish","format-standard","hentry","category-allgemein"],"jetpack_featured_media_url":"","_links":{"self":[{"href":"https:\/\/wo-soll-das-hinfuehren.de\/Hauptmenue\/index.php?rest_route=\/wp\/v2\/posts\/1223","targetHints":{"allow":["GET"]}}],"collection":[{"href":"https:\/\/wo-soll-das-hinfuehren.de\/Hauptmenue\/index.php?rest_route=\/wp\/v2\/posts"}],"about":[{"href":"https:\/\/wo-soll-das-hinfuehren.de\/Hauptmenue\/index.php?rest_route=\/wp\/v2\/types\/post"}],"author":[{"embeddable":true,"href":"https:\/\/wo-soll-das-hinfuehren.de\/Hauptmenue\/index.php?rest_route=\/wp\/v2\/users\/1"}],"replies":[{"embeddable":true,"href":"https:\/\/wo-soll-das-hinfuehren.de\/Hauptmenue\/index.php?rest_route=%2Fwp%2Fv2%2Fcomments&post=1223"}],"version-history":[{"count":599,"href":"https:\/\/wo-soll-das-hinfuehren.de\/Hauptmenue\/index.php?rest_route=\/wp\/v2\/posts\/1223\/revisions"}],"predecessor-version":[{"id":5819,"href":"https:\/\/wo-soll-das-hinfuehren.de\/Hauptmenue\/index.php?rest_route=\/wp\/v2\/posts\/1223\/revisions\/5819"}],"wp:attachment":[{"href":"https:\/\/wo-soll-das-hinfuehren.de\/Hauptmenue\/index.php?rest_route=%2Fwp%2Fv2%2Fmedia&parent=1223"}],"wp:term":[{"taxonomy":"category","embeddable":true,"href":"https:\/\/wo-soll-das-hinfuehren.de\/Hauptmenue\/index.php?rest_route=%2Fwp%2Fv2%2Fcategories&post=1223"},{"taxonomy":"post_tag","embeddable":true,"href":"https:\/\/wo-soll-das-hinfuehren.de\/Hauptmenue\/index.php?rest_route=%2Fwp%2Fv2%2Ftags&post=1223"}],"curies":[{"name":"wp","href":"https:\/\/api.w.org\/{rel}","templated":true}]}}