{"id":1984,"date":"2018-02-19T03:52:29","date_gmt":"2018-02-19T03:52:29","guid":{"rendered":"https:\/\/wo-soll-das-hinfuehren.de\/Hauptmenue\/?p=1984"},"modified":"2025-09-28T15:38:02","modified_gmt":"2025-09-28T15:38:02","slug":"anmeldung-zur-infoveranstaltung-am-09-08-2019","status":"publish","type":"post","link":"https:\/\/wo-soll-das-hinfuehren.de\/Hauptmenue\/?p=1984","title":{"rendered":"News 2020"},"content":{"rendered":"<p style=\"text-align: center;\">Die neuesten Informationen stehen oben in dem Beitrag<\/p>\n<p style=\"text-align: center;\"><a href=\"https:\/\/wo-soll-das-hinfuehren.de\/Hauptmenue\/wp-content\/uploads\/2019\/05\/DSCI0438.jpg\"><img loading=\"lazy\" decoding=\"async\" class=\"size-medium wp-image-1561 aligncenter\" src=\"https:\/\/wo-soll-das-hinfuehren.de\/Hauptmenue\/wp-content\/uploads\/2019\/05\/DSCI0438-300x225.jpg\" alt=\"\" width=\"300\" height=\"225\" srcset=\"https:\/\/wo-soll-das-hinfuehren.de\/Hauptmenue\/wp-content\/uploads\/2019\/05\/DSCI0438-300x225.jpg 300w, https:\/\/wo-soll-das-hinfuehren.de\/Hauptmenue\/wp-content\/uploads\/2019\/05\/DSCI0438-768x576.jpg 768w, https:\/\/wo-soll-das-hinfuehren.de\/Hauptmenue\/wp-content\/uploads\/2019\/05\/DSCI0438-1024x768.jpg 1024w\" sizes=\"auto, (max-width: 300px) 100vw, 300px\" \/><\/a><\/p>\n<p style=\"text-align: center;\"><strong>Es ist erfreulich, dass nun langsam immer mehr Menschen die Bedrohung erkennen und etwas dagegen tun (\u2026). Umso trauriger ist, dass die meisten Menschen dies nicht erkennen oder erkennen wollen und nichts dagegen tun (\u2026).<\/strong><\/p>\n<p style=\"text-align: center;\"><a href=\"https:\/\/wo-soll-das-hinfuehren.de\/Hauptmenue\/wp-content\/uploads\/2018\/02\/INFO-2020-neu.jpg\"><img loading=\"lazy\" decoding=\"async\" class=\"size-medium wp-image-2841 aligncenter\" src=\"https:\/\/wo-soll-das-hinfuehren.de\/Hauptmenue\/wp-content\/uploads\/2018\/02\/INFO-2020-neu-300x211.jpg\" alt=\"\" width=\"300\" height=\"211\" srcset=\"https:\/\/wo-soll-das-hinfuehren.de\/Hauptmenue\/wp-content\/uploads\/2018\/02\/INFO-2020-neu-300x211.jpg 300w, https:\/\/wo-soll-das-hinfuehren.de\/Hauptmenue\/wp-content\/uploads\/2018\/02\/INFO-2020-neu-1024x722.jpg 1024w, https:\/\/wo-soll-das-hinfuehren.de\/Hauptmenue\/wp-content\/uploads\/2018\/02\/INFO-2020-neu-768x541.jpg 768w, https:\/\/wo-soll-das-hinfuehren.de\/Hauptmenue\/wp-content\/uploads\/2018\/02\/INFO-2020-neu.jpg 1240w\" sizes=\"auto, (max-width: 300px) 100vw, 300px\" \/><\/a><\/p>\n<h4 style=\"text-align: center;\"><span style=\"color: #008000;\"><em><strong>\u00a0Links und Bilder bitte anklicken.<\/strong><\/em><\/span><\/h4>\n<p style=\"text-align: center;\"><a href=\"https:\/\/www.facebook.com\/werner.kohn.52\"><strong>Werner Kohn bei <span style=\"color: #0000ff;\">Facebook<\/span><\/strong><\/a><\/p>\n<p>&nbsp;<\/p>\n<ul>\n<li><strong><a href=\"https:\/\/www.heise.de\/tp\/features\/Von-wegen-Immaterialisierung-Das-Lebendige-wird-erdrueckt-durch-von-Menschen-geschaffene-tote-4986392.html\">Von wegen Immaterialisierung: Das Lebendige wird erdr\u00fcckt durch von Menschen geschaffene tote Objekte <\/a><\/strong><\/li>\n<\/ul>\n<p>Dieser Kommentar zu dem Artikel beschreibt es leider sehr treffend: <strong><a href=\"https:\/\/wo-soll-das-hinfuehren.de\/Hauptmenue\/wp-content\/uploads\/2018\/02\/Kommentar-Telepolis.jpg\">Kommentar<\/a><\/strong><\/p>\n<p>Wir leben auf diesem Planeten und so gut wie niemand hinterfragt einmal ob er \/ sie hier nachhaltig und im Einklang mit der Natur lebt (&#8230;).<\/p>\n<p>&nbsp;<\/p>\n<ul>\n<li><strong><a href=\"https:\/\/www.tagesschau.de\/ausland\/klimaklage-kinder-101.html\">Erster Erfolg f\u00fcr Klimaklage von Kindern<\/a><\/strong><\/li>\n<\/ul>\n<p>&nbsp;<\/p>\n<ul>\n<li><strong>Neuer Beitrag:<\/strong> <strong><a href=\"https:\/\/wo-soll-das-hinfuehren.de\/Hauptmenue\/?p=2912\">&#8222;Fakten, Basiswissen und aktuelle Infos zum Klimawandel&#8220;<\/a><\/strong><\/li>\n<\/ul>\n<p>&nbsp;<\/p>\n<ul>\n<li><strong>Filmtipp: <a href=\"https:\/\/www.daserste.de\/information\/talk\/maischberger\/sendung\/die-klimakrise-deutschland-auf-der-anklagebank-100.html\">Talk bei Maischberger &#8211; Sendung &#8222;Die Klimakrise &#8211; Deutschland auf der Anklagebank&#8220;<\/a><\/strong><\/li>\n<\/ul>\n<p>Mein Kommentar zu dieser Sendung: Der Menschheit ist nicht ansatzweise klar welche Umweltsch\u00e4den sie auf diesem Planeten durch ihre luxuri\u00f6se Lebensweise schon verursacht hat! Es gibt offensichtlich nicht viele Menschen, welche die Sache einmal aus der Perspektive der Natur betrachten (&#8230;). Zu glauben, dass wir mit immer mehr Technik, durch die Produktion von immer mehr Waren und durch den Bau von immer mehr Geb\u00e4uden die Menschen in Arbeit halten k\u00f6nnen &#8211; ohne dadurch die Natur immer weiter zu zerst\u00f6ren &#8211; , zeigt wie egoistisch und intelligent die allermeisten Menschen wirklich sind (&#8230;).<\/p>\n<p>Mit unseren Vorstellungen, was alles zum Leben dazugeh\u00f6ren muss, endet die Menschheit in der Klima- und Umweltkatastrophe (&#8230;). Das ist Fakt (&#8230;). Erleben werden wir es in den n\u00e4chsten Jahren, weil die Katastrophe nun immer mehr an Fahrt aufnimmt (&#8230;). Leider (&#8230;).<\/p>\n<p>&nbsp;<\/p>\n<ul>\n<li>\n<h4>Filmtipp: <a href=\"https:\/\/programm.ard.de\/TV\/Themenschwerpunkte\/Film\/Drama\/Startseite\/?sendung=281063739671270\">\u00d6kozid<\/a><\/h4>\n<\/li>\n<\/ul>\n<p>&nbsp;<\/p>\n<ul>\n<li>\n<h4><strong>Filmtipp:<\/strong> <strong><a href=\"https:\/\/www.daserste.de\/information\/reportage-dokumentation\/dokus\/videos\/ich-bin-greta-video-100.html\">Ich bin Greta<\/a><\/strong><\/h4>\n<\/li>\n<\/ul>\n<p><a href=\"https:\/\/wo-soll-das-hinfuehren.de\/Hauptmenue\/wp-content\/uploads\/2018\/02\/Screenshot_20201122-164019_Chrome.jpg\">Mein Kommentar zur Reportage<\/a><\/p>\n<p>&nbsp;<\/p>\n<ul>\n<li>\n<h4><span style=\"color: #008000;\"><strong><a style=\"color: #008000;\" href=\"https:\/\/www.hoflebensberg.de\/?fbclid=IwAR1AjGdY_5sPt3cPYmprG89y4NkDwblgujGm54s95XXI3Q-YqrNZgZbGi-0\">Tolles Zukunftsprojekt<\/a><\/strong><\/span><\/h4>\n<\/li>\n<\/ul>\n<p>&nbsp;<\/p>\n<ul>\n<li><strong><a href=\"https:\/\/www.rnf.de\/mediathek\/video\/alexander-gerst-nachricht-an-meine-enkelkinder\/\">Astronaut Alexander Gerst &#8211; Nachricht an meine Enkelkinder<\/a><\/strong><\/li>\n<\/ul>\n<p>Hinweis: Durch das Ausleben unserer Tr\u00e4ume (Reisen, Weltreisen, gro\u00dfe H\u00e4user, Villen mit Swimmingpool, PS-Boliden, in den Weltraum fliegen u.v.m.) haben wir unsere Lebensgrundlage in einem noch nie dagewesenen Ausma\u00df zerst\u00f6rt.<\/p>\n<p>Grund: Weil fast alle Menschen &#8222;<strong>nur<\/strong>&#8220; an ihren pers\u00f6nlichen Vorteil und Spa\u00df denken und <strong>nicht<\/strong> an die Folgen f\u00fcr Natur und Umwelt!<\/p>\n<p>&nbsp;<\/p>\n<ul>\n<li><strong>Empfehlenswerte Webseite: <span style=\"color: #0000ff;\"><a style=\"color: #0000ff;\" href=\"http:\/\/nordseefauna.org\/\">Nordseefauna<\/a><\/span><\/strong><\/li>\n<\/ul>\n<p>&nbsp;<\/p>\n<ul>\n<li><strong><a href=\"https:\/\/taz.de\/Klimaziele-und-Wirtschaftswachstum\/!5718595\/\">WIRTSCHAFTSWACHSTUM<\/a><\/strong><\/li>\n<\/ul>\n<p>&nbsp;<\/p>\n<ul>\n<li><strong><a href=\"https:\/\/taz.de\/Bedeutung-des-Begriffs-Neutralitaet\/!5721898\/\">NEUTRALIT\u00c4T<\/a><\/strong><\/li>\n<\/ul>\n<p>&nbsp;<\/p>\n<ul>\n<li><strong><a href=\"https:\/\/scilogs.spektrum.de\/klimalounge\/deutschland-ist-schon-2c-waermer-geworden\/\">Deutschland ist schon 2\u00b0C w\u00e4rmer geworden<\/a><\/strong><\/li>\n<\/ul>\n<p>&nbsp;<\/p>\n<ul>\n<li><a href=\"https:\/\/www.stern.de\/panorama\/klimakrise--warum-wir-nicht-warten-koennen--bis-unsere-kinder-handeln-9426208.html\"><strong>Warum wir nicht warten k\u00f6nnen, bis unsere Kinder die Klimakrise stoppen<\/strong><\/a><\/li>\n<\/ul>\n<p>&nbsp;<\/p>\n<ul>\n<li>\n<h3><strong><a href=\"https:\/\/www.klima-streik.org\/?utm_source=google&amp;utm_medium=search&amp;utm_campaign=google_search_Freude&amp;gclid=CjwKCAjwh7H7BRBBEiwAPXjadqvaYwj6idGEz3WjECdIBbsX0ZNUFtUsRYnWsmrsuQ6vMcyrB9fe3xoClp8QAvD_BwE\"><span style=\"color: #008000;\"><span style=\"color: #ff0000;\">KLIMA<\/span>STREIK 25.09.2020<\/span><\/a><\/strong><\/h3>\n<\/li>\n<\/ul>\n<p>&nbsp;<\/p>\n<p style=\"text-align: center;\"><a href=\"https:\/\/wo-soll-das-hinfuehren.de\/Hauptmenue\/wp-content\/uploads\/2020\/09\/20200918_171108.jpg\"><img loading=\"lazy\" decoding=\"async\" class=\"alignnone size-medium wp-image-2808\" src=\"https:\/\/wo-soll-das-hinfuehren.de\/Hauptmenue\/wp-content\/uploads\/2020\/09\/20200918_171108-193x300.jpg\" alt=\"\" width=\"193\" height=\"300\" srcset=\"https:\/\/wo-soll-das-hinfuehren.de\/Hauptmenue\/wp-content\/uploads\/2020\/09\/20200918_171108-193x300.jpg 193w, https:\/\/wo-soll-das-hinfuehren.de\/Hauptmenue\/wp-content\/uploads\/2020\/09\/20200918_171108-659x1024.jpg 659w, https:\/\/wo-soll-das-hinfuehren.de\/Hauptmenue\/wp-content\/uploads\/2020\/09\/20200918_171108.jpg 720w\" sizes=\"auto, (max-width: 193px) 100vw, 193px\" \/><\/a><\/p>\n<p>&nbsp;<\/p>\n<ul>\n<li><strong><a href=\"https:\/\/noe.orf.at\/stories\/3064031\/\">\u201eDie Klimakrise ist nicht mehr aufzuhalten\u201c<\/a><\/strong><\/li>\n<\/ul>\n<p>&nbsp;<\/p>\n<ul>\n<li><strong><a href=\"https:\/\/www.kontextwochenzeitung.de\/debatte\/491\/pfeifen-im-absterbenden-walde-6953.html\">Pfeifen im absterbenden Walde<\/a><\/strong><\/li>\n<\/ul>\n<p>&nbsp;<\/p>\n<ul>\n<li><a href=\"https:\/\/m.youtube.com\/watch?fbclid=IwAR3f0_7wW-XDSRqftKMitF9Vp0q57X-4Ef4LJbaEFUwPiqpIXTU9rk_2nZE&amp;v=-m3EjS7vXyg\"><strong>LIEBER WALD &#8211; Waldsterben 2020<\/strong><\/a><\/li>\n<\/ul>\n<p>&nbsp;<\/p>\n<p>Der \/ Die Durchschnittsdeutsche ben\u00f6tigt 3 Erden f\u00fcr seine \/ ihre Lebensweise und produziert ca. 10 Tonnen CO2, statt den zul\u00e4ssigen 2 Tonnen pro Kopf im Jahr (&#8230;). Wir leben seit gestern wieder auf Pump und nehmen dadurch unseren Kindern und Enkelkindern ihre Zukunft (&#8230;).<\/p>\n<p>Die meisten Menschen interessiert das nicht wirklich (&#8230;). Was sind wir doch f\u00fcr eine zerst\u00f6rende und verantwortungslose Gesellschaft (&#8230;).<\/p>\n<ul>\n<li><a href=\"https:\/\/utopia.de\/ratgeber\/earth-overshoot-day\/\"><strong>Earth Overshoot Day 2020<\/strong><\/a><\/li>\n<\/ul>\n<p><a href=\"https:\/\/www.fussabdruck.de\/\">Hier k\u00f6nnen Sie ihren \u00f6kologischen Fu\u00dfabdruck berechnen<\/a><\/p>\n<p><a href=\"https:\/\/www.mdr.de\/video\/mdr-videos\/d\/video-142134.html\">Der \u00f6kologische Fu\u00dfabdruck der Menschen<\/a><\/p>\n<p><a href=\"https:\/\/utopia.de\/app\/uploads\/2018\/08\/earth-overshoot-day-2019-grafik-2-z-global-footprint-network-www.footprintnetwork.org-190725.jpg\"><span style=\"color: #ff0000;\"><strong>So viele Erden br\u00e4uchten wir&#8230;<\/strong><\/span><\/a><\/p>\n<p>&nbsp;<\/p>\n<ul>\n<li><span style=\"color: #0000ff;\"><strong>Ich m\u00f6chte hier noch einmal daran erinnern!<\/strong><\/span><\/li>\n<\/ul>\n<p>Der Durchschnittsdeutsche ben\u00f6tigt 3 Erden f\u00fcr seine luxuri\u00f6se Lebensweise und produziert im Durchschnitt 10 Tonnen CO2 statt den zul\u00e4ssigen 2 Tonnen im Jahr. Wo das hinf\u00fchrt ist so klar und ist wei\u00df Gott nicht so schwer zu verstehen. Ist die Menschheit eine Herde Schafe, welche nicht viel weiter als bis zum n\u00e4chsten Grashalm denken kann? Die Erderw\u00e4rmung nimmt nun immer schneller zu und die Auswirkungen werden immer katastrophaler (&#8230;). Werden die meisten Menschen erst wach wenn es kein Wasser und keine Nahrung mehr gibt? Offensichtlich ja (&#8230;).<\/p>\n<p><a href=\"https:\/\/amp.focus.de\/wissen\/natur\/landstriche-sind-ausgetrocknet-extreme-trockenheit-im-ganzen-land-waldbrandgefahr-in-deutschland-sehr-hoch_id_12292670.html\"><strong>Die schlimmste D\u00fcrre seit 250 Jahren<\/strong><\/a><\/p>\n<p><a href=\"https:\/\/taz.de\/Duerre-in-Niedersachsen\/!5701874\/\"><strong>D\u00fcrre in Niedersachsen und in den Niederlanden<\/strong><\/a><\/p>\n<p>&nbsp;<\/p>\n<ul>\n<li><a href=\"https:\/\/m.geo.de\/natur\/nachhaltigkeit\/23143-rtkl-alles-nur-panikmache-fuenf-vor-zwoelf-ist-es-doch-schon-seit-50?utm_source=facebook&amp;utm_medium=posting&amp;utm_campaign=geo_fanpage\"><strong>Es ist nicht mehr f\u00fcnf vor zw\u00f6lf, sondern bereits halb zwei!<\/strong><\/a><\/li>\n<\/ul>\n<p>&nbsp;<\/p>\n<ul>\n<li><strong>Ein weiteres Jahr ist vergangen und die meisten Menschen erkennen immer noch nicht die Katastrophe auf die wir in immer schnellerem Tempo zu steuern (&#8230;). <\/strong><\/li>\n<\/ul>\n<p>Aufgrund der Trockenheit im dritten Jahr in Folge sterben immer mehr B\u00e4ume ab. B\u00e4ume aller Art! Gestern sah ich absterbende Obstb\u00e4ume. Die Wasserversorgung ist in manchen Regionen am Limit. Bauern m\u00fcssen Tiere schlachten wegen der D\u00fcrre und Ernteverluste bedrohen ihre Existenz. Doch die meisten Menschen freuen sich \u00fcber den richtigen Sommer und \u00e4rgern sich dar\u00fcber, dass sie nicht wie gewohnt mit dem Flugzeug oder Kreuzfahrtschiff, bedingt durch Corona, verreisen k\u00f6nnen. Es ist f\u00fcr mich immer schwerer nachzuvollziehen wie egoistisch die meisten Menschen offensichtlich sind. Die nachfolgende Prognose von Wissenschaftlern ist f\u00fcr mich nicht nur der wahrscheinlichste Ausgang, sondern der einzig m\u00f6gliche Ausgang aufgrund des Verhaltens der allermeisten Menschen (&#8230;).<\/p>\n<p><a href=\"https:\/\/wo-soll-das-hinfuehren.de\/Hauptmenue\/wp-content\/uploads\/2018\/03\/GNZ-08.08.2019.jpg\"><img loading=\"lazy\" decoding=\"async\" class=\"alignnone size-medium wp-image-2202\" src=\"https:\/\/wo-soll-das-hinfuehren.de\/Hauptmenue\/wp-content\/uploads\/2018\/03\/GNZ-08.08.2019-212x300.jpg\" alt=\"\" width=\"212\" height=\"300\" srcset=\"https:\/\/wo-soll-das-hinfuehren.de\/Hauptmenue\/wp-content\/uploads\/2018\/03\/GNZ-08.08.2019-212x300.jpg 212w, https:\/\/wo-soll-das-hinfuehren.de\/Hauptmenue\/wp-content\/uploads\/2018\/03\/GNZ-08.08.2019-768x1086.jpg 768w, https:\/\/wo-soll-das-hinfuehren.de\/Hauptmenue\/wp-content\/uploads\/2018\/03\/GNZ-08.08.2019-724x1024.jpg 724w, https:\/\/wo-soll-das-hinfuehren.de\/Hauptmenue\/wp-content\/uploads\/2018\/03\/GNZ-08.08.2019.jpg 1240w\" sizes=\"auto, (max-width: 212px) 100vw, 212px\" \/><\/a><\/p>\n<p>&nbsp;<\/p>\n<ul>\n<li><strong><a href=\"https:\/\/utopia.de\/zusammenbruch-zivilisation-klimakrise-prognose-klimawandel-193842\/\"><span style=\"color: #ff0000;\">Klimaforscher: Zusammenbruch der Zivilisation ist der wahrscheinlichste Ausgang<\/span><\/a><\/strong><\/li>\n<\/ul>\n<p>&nbsp;<\/p>\n<ul>\n<li><span style=\"color: #ff0000;\"><a style=\"color: #ff0000;\" href=\"https:\/\/netzfrauen.org\/2020\/06\/24\/goodall\/\"><strong>Jane Goodall: Die Menschheit ist am Ende, wenn sie sich nach Covid-19 nicht umstellen kann<\/strong><\/a><\/span><\/li>\n<\/ul>\n<p>&nbsp;<\/p>\n<ul>\n<li><a href=\"https:\/\/www.klimareporter.de\/erdsystem\/es-regnet-aber-es-bleibt-trocken\"><strong>Es regnet, aber es bleibt trocken.<\/strong><\/a><\/li>\n<\/ul>\n<p>&nbsp;<\/p>\n<ul>\n<li><a href=\"https:\/\/www.zdf.de\/dokumentation\/planet-e\/planet-e-die-flammen-der-floeze-100.html\"><strong>Ein weiteres CO2 Problem &#8222;Die Flammen der Fl\u00f6ze&#8220; planet-e<\/strong><\/a><\/li>\n<\/ul>\n<p>&nbsp;<\/p>\n<ul>\n<li><strong>Erinnerung an Filmbeitr\u00e4ge von 1978! <\/strong><\/li>\n<\/ul>\n<p>Seit 42 Jahren ist unser Weg in die Sackgasse bekannt. Damals wie heute bezeichnen viele Menschen die wissenschaftlichen Erkenntnisse als Quatsch obwohl die damaligen Bef\u00fcrchtungen nun mehr als deutlich erkennbar sind.<\/p>\n<p><a href=\"https:\/\/youtu.be\/6W2cL7Vop88\">Hoimar von Ditfurth : Der Ast auf dem wir sitzen 1\/2 2017<\/a><\/p>\n<p><a href=\"https:\/\/youtu.be\/eFS9Av_slck\">Hoimar von Ditfurth : Der Ast auf dem wir sitzen 2\/2 2017<\/a><\/p>\n<p>&nbsp;<\/p>\n<ul>\n<li><strong>Empfehlenswerte Webseite:\u00a0 <a href=\"https:\/\/gruen4future.de\/\"><span style=\"color: #008000;\">Gr\u00fcn4Future.de<\/span><\/a><\/strong><\/li>\n<\/ul>\n<p>&nbsp;<\/p>\n<ul>\n<li><a href=\"https:\/\/www.zdf.de\/politik\/frontal-21\/wie-deutschlands-waelder-sterben-100.html\"><strong>Zu wenig Regen &#8211; Wie Deutschlands W\u00e4lder sterben<\/strong><\/a><\/li>\n<\/ul>\n<p>Fotos vom Gelnh\u00e4user Wald<\/p>\n<p><a href=\"https:\/\/wo-soll-das-hinfuehren.de\/Hauptmenue\/wp-content\/uploads\/2018\/02\/20200502_182631-scaled.jpg\"><img loading=\"lazy\" decoding=\"async\" class=\"alignnone wp-image-2573\" src=\"https:\/\/wo-soll-das-hinfuehren.de\/Hauptmenue\/wp-content\/uploads\/2018\/02\/20200502_182631-300x169.jpg\" alt=\"\" width=\"190\" height=\"107\" srcset=\"https:\/\/wo-soll-das-hinfuehren.de\/Hauptmenue\/wp-content\/uploads\/2018\/02\/20200502_182631-300x169.jpg 300w, https:\/\/wo-soll-das-hinfuehren.de\/Hauptmenue\/wp-content\/uploads\/2018\/02\/20200502_182631-1024x576.jpg 1024w, https:\/\/wo-soll-das-hinfuehren.de\/Hauptmenue\/wp-content\/uploads\/2018\/02\/20200502_182631-768x432.jpg 768w, https:\/\/wo-soll-das-hinfuehren.de\/Hauptmenue\/wp-content\/uploads\/2018\/02\/20200502_182631-1536x864.jpg 1536w, https:\/\/wo-soll-das-hinfuehren.de\/Hauptmenue\/wp-content\/uploads\/2018\/02\/20200502_182631-2048x1152.jpg 2048w\" sizes=\"auto, (max-width: 190px) 100vw, 190px\" \/><\/a><\/p>\n<p><a href=\"https:\/\/wo-soll-das-hinfuehren.de\/Hauptmenue\/wp-content\/uploads\/2018\/02\/20200502_183012-scaled.jpg\"><img loading=\"lazy\" decoding=\"async\" class=\"alignnone wp-image-2576\" src=\"https:\/\/wo-soll-das-hinfuehren.de\/Hauptmenue\/wp-content\/uploads\/2018\/02\/20200502_183012-300x169.jpg\" alt=\"\" width=\"191\" height=\"107\" srcset=\"https:\/\/wo-soll-das-hinfuehren.de\/Hauptmenue\/wp-content\/uploads\/2018\/02\/20200502_183012-300x169.jpg 300w, https:\/\/wo-soll-das-hinfuehren.de\/Hauptmenue\/wp-content\/uploads\/2018\/02\/20200502_183012-1024x576.jpg 1024w, https:\/\/wo-soll-das-hinfuehren.de\/Hauptmenue\/wp-content\/uploads\/2018\/02\/20200502_183012-768x432.jpg 768w, https:\/\/wo-soll-das-hinfuehren.de\/Hauptmenue\/wp-content\/uploads\/2018\/02\/20200502_183012-1536x864.jpg 1536w, https:\/\/wo-soll-das-hinfuehren.de\/Hauptmenue\/wp-content\/uploads\/2018\/02\/20200502_183012-2048x1152.jpg 2048w\" sizes=\"auto, (max-width: 191px) 100vw, 191px\" \/><\/a><\/p>\n<p><a href=\"https:\/\/wo-soll-das-hinfuehren.de\/Hauptmenue\/wp-content\/uploads\/2018\/02\/DSCN1775-scaled.jpg\"><img loading=\"lazy\" decoding=\"async\" class=\"alignnone wp-image-2593\" src=\"https:\/\/wo-soll-das-hinfuehren.de\/Hauptmenue\/wp-content\/uploads\/2018\/02\/DSCN1775-300x225.jpg\" alt=\"\" width=\"190\" height=\"142\" srcset=\"https:\/\/wo-soll-das-hinfuehren.de\/Hauptmenue\/wp-content\/uploads\/2018\/02\/DSCN1775-300x225.jpg 300w, https:\/\/wo-soll-das-hinfuehren.de\/Hauptmenue\/wp-content\/uploads\/2018\/02\/DSCN1775-1024x768.jpg 1024w, https:\/\/wo-soll-das-hinfuehren.de\/Hauptmenue\/wp-content\/uploads\/2018\/02\/DSCN1775-768x576.jpg 768w, https:\/\/wo-soll-das-hinfuehren.de\/Hauptmenue\/wp-content\/uploads\/2018\/02\/DSCN1775-1536x1152.jpg 1536w, https:\/\/wo-soll-das-hinfuehren.de\/Hauptmenue\/wp-content\/uploads\/2018\/02\/DSCN1775-2048x1536.jpg 2048w\" sizes=\"auto, (max-width: 190px) 100vw, 190px\" \/><\/a><\/p>\n<p>Weitere Bilder: <a href=\"https:\/\/wo-soll-das-hinfuehren.de\/Hauptmenue\/wp-content\/uploads\/2018\/02\/FSCN1798-scaled.jpg\">Bild 4,\u00a0 <\/a><a href=\"https:\/\/wo-soll-das-hinfuehren.de\/Hauptmenue\/wp-content\/uploads\/2018\/02\/FSCN1799-scaled.jpg\"> Bild 5,\u00a0 <\/a><a href=\"https:\/\/wo-soll-das-hinfuehren.de\/Hauptmenue\/wp-content\/uploads\/2018\/02\/FSCN1802-scaled.jpg\">Bild 6<\/a><\/p>\n<p>&nbsp;<\/p>\n<ul>\n<li><strong><a href=\"https:\/\/m.augsburger-allgemeine.de\/kultur\/Journal\/Wenn-wir-so-weitermachen-stirbt-unsere-Spezies-aus-id57208341.html\"><span style=\"color: #333399;\">\u201eWenn wir so weitermachen, stirbt unsere Spezies aus\u201c<\/span><\/a><\/strong><\/li>\n<\/ul>\n<p>&nbsp;<\/p>\n<ul>\n<li><a href=\"https:\/\/fridaysforfuture.de\/netzstreikfursklima\/\"><strong><span style=\"color: #008000;\">NETZSTREIKF\u00dcRSKLIMA am 24.04.2020<\/span><\/strong><\/a><\/li>\n<\/ul>\n<p>&nbsp;<\/p>\n<ul>\n<li><a href=\"https:\/\/www.horizonworld.de\/positive-nachrichten-die-du-2019-wahrscheinlich-uebersehen-hast\/\"><strong>Positive Nachrichten, die du 2019 wahrscheinlich \u00fcbersehen hast<\/strong><\/a><\/li>\n<\/ul>\n<p>&nbsp;<\/p>\n<ul>\n<li><a href=\"https:\/\/taz.de\/Klimawandel-groesstes-Zukunftsrisiko\/!5662815\/\"><strong>Kein Land sch\u00fctzt Kinder genug<\/strong><\/a><\/li>\n<\/ul>\n<p>&nbsp;<\/p>\n<ul>\n<li><a href=\"https:\/\/www.fr.de\/politik\/klimawandel-mensch-verliert-kontrolle-ueber-klima-13483572.html\"><strong>Der Mensch verliert die Kontrolle \u00fcber den Klimawandel<\/strong><\/a><\/li>\n<\/ul>\n<p>&nbsp;<\/p>\n<ul>\n<li><a href=\"https:\/\/orf.at\/stories\/3154574\/\"><strong>Guterres zu Klimawandel: \u201eUnser Planet steht in Flammen\u201c<\/strong><\/a><\/li>\n<\/ul>\n<p>&nbsp;<\/p>\n<ul>\n<li><strong>Sehr interessante und sehenswerte Sendung: <a href=\"https:\/\/www1.wdr.de\/daserste\/hartaberfair\/videos\/video-welt-im-klimawandel-wieviel-koennen-wir-selbst-tun-102.html\">hart aber fair<\/a><\/strong><\/li>\n<\/ul>\n<p>&nbsp;<\/p>\n<ul>\n<li><strong>Sehr interessanter Vortrag von Prof. Will Steffen von 2018: <a href=\"https:\/\/www.youtube.com\/watch?v=esF6bl2H5x0\">Die gro\u00dfe Wende voraus<\/a><\/strong><strong>\u00a0 &#8211; Aufruf zum Handeln<br \/>\n<\/strong><\/li>\n<\/ul>\n<p>&nbsp;<\/p>\n<ul>\n<li><strong>Filmtipp: <a href=\"https:\/\/youtu.be\/pLmgurQuYMw\">Die Erdzerst\u00f6rer<\/a><\/strong><\/li>\n<\/ul>\n<p>&nbsp;<\/p>\n<div align=\"center\">\n<p style=\"text-align: center;\"><strong><a id=\"ebsr5556uh\" href=\"https:\/\/www.besucherzaehler-kostenlos.de\">besucherzaehler-kostenlos.de<\/a><script language=\"JavaScript\" src=\"https:\/\/www.besucherzaehler-kostenlos.de\/js\/counter.js.php?count=1&#038;id=Z5uw93MPVv&#038;start=7863&#038;design=2d\"><\/script><\/strong><\/p>\n<\/div>\n","protected":false},"excerpt":{"rendered":"<p>Die neuesten Informationen stehen oben in dem Beitrag Es ist erfreulich, dass nun langsam immer mehr Menschen die Bedrohung erkennen und etwas dagegen tun (\u2026). Umso trauriger ist, dass die meisten Menschen dies nicht erkennen oder erkennen wollen und nichts dagegen tun (\u2026). \u00a0Links und Bilder bitte anklicken. Werner Kohn bei Facebook &nbsp; Von wegen &hellip; <a href=\"https:\/\/wo-soll-das-hinfuehren.de\/Hauptmenue\/?p=1984\" class=\"more-link\"><span class=\"screen-reader-text\">News 2020<\/span> weiterlesen<\/a><\/p>\n","protected":false},"author":1,"featured_media":0,"comment_status":"open","ping_status":"open","sticky":false,"template":"","format":"standard","meta":{"footnotes":""},"categories":[1],"tags":[],"class_list":["post-1984","post","type-post","status-publish","format-standard","hentry","category-allgemein"],"jetpack_featured_media_url":"","_links":{"self":[{"href":"https:\/\/wo-soll-das-hinfuehren.de\/Hauptmenue\/index.php?rest_route=\/wp\/v2\/posts\/1984","targetHints":{"allow":["GET"]}}],"collection":[{"href":"https:\/\/wo-soll-das-hinfuehren.de\/Hauptmenue\/index.php?rest_route=\/wp\/v2\/posts"}],"about":[{"href":"https:\/\/wo-soll-das-hinfuehren.de\/Hauptmenue\/index.php?rest_route=\/wp\/v2\/types\/post"}],"author":[{"embeddable":true,"href":"https:\/\/wo-soll-das-hinfuehren.de\/Hauptmenue\/index.php?rest_route=\/wp\/v2\/users\/1"}],"replies":[{"embeddable":true,"href":"https:\/\/wo-soll-das-hinfuehren.de\/Hauptmenue\/index.php?rest_route=%2Fwp%2Fv2%2Fcomments&post=1984"}],"version-history":[{"count":228,"href":"https:\/\/wo-soll-das-hinfuehren.de\/Hauptmenue\/index.php?rest_route=\/wp\/v2\/posts\/1984\/revisions"}],"predecessor-version":[{"id":6706,"href":"https:\/\/wo-soll-das-hinfuehren.de\/Hauptmenue\/index.php?rest_route=\/wp\/v2\/posts\/1984\/revisions\/6706"}],"wp:attachment":[{"href":"https:\/\/wo-soll-das-hinfuehren.de\/Hauptmenue\/index.php?rest_route=%2Fwp%2Fv2%2Fmedia&parent=1984"}],"wp:term":[{"taxonomy":"category","embeddable":true,"href":"https:\/\/wo-soll-das-hinfuehren.de\/Hauptmenue\/index.php?rest_route=%2Fwp%2Fv2%2Fcategories&post=1984"},{"taxonomy":"post_tag","embeddable":true,"href":"https:\/\/wo-soll-das-hinfuehren.de\/Hauptmenue\/index.php?rest_route=%2Fwp%2Fv2%2Ftags&post=1984"}],"curies":[{"name":"wp","href":"https:\/\/api.w.org\/{rel}","templated":true}]}}