{"id":2332,"date":"2018-02-05T15:18:08","date_gmt":"2018-02-05T15:18:08","guid":{"rendered":"https:\/\/wo-soll-das-hinfuehren.de\/Hauptmenue\/?p=2332"},"modified":"2026-03-30T16:02:43","modified_gmt":"2026-03-30T16:02:43","slug":"die-menschheit-schafft-sich-ab","status":"publish","type":"post","link":"https:\/\/wo-soll-das-hinfuehren.de\/Hauptmenue\/?p=2332","title":{"rendered":"Die Menschheit schafft sich ab"},"content":{"rendered":"<p>Am 08.10.2019 erstellte ich den Beitrag \u201eDie Menschheit schafft sich ab\u201c<\/p>\n<p>So wie es Professor Harald Lesch in seinem Buch und in dem verlinkten Video andeutet, wird es wohl leider auch bald kommen.<\/p>\n<p><strong>Den meisten Menschen ist \u00fcberhaupt nicht bewusst, wie weit die Menschheit mit ihrer Umweltzerst\u00f6rung schon ist (\u2026). Und dass jeder in unserer Wohlstandsgesellschaft zum Gro\u00dfteil daf\u00fcr urs\u00e4chlich und verantwortlich ist.<\/strong><\/p>\n<p>Diese beginnt in unserer geschaffenen \u201eWohlstandswelt\u201c schon als Baby. Ein Baby ben\u00f6tigt gro\u00dfe Mengen Windeln, welche schon Plastik enthalten, hergestellt, transportiert und entsorgt werden m\u00fcssen. Das schafft zwar Arbeitspl\u00e4tze, ist jedoch nicht im Einklang mit der Natur und somit nicht nachhaltig. Im Anschluss bekommt das Baby heutzutage Wahnsinnsmengen an Plastikspielzeug und viele andere Dinge geschenkt. Damit geht das Umweltkonto des Kleinkindes im Gegensatz zu fr\u00fcher weiter ins Minus.<\/p>\n<p>Mit ca. 3 Jahren steigert sich die Umweltkonto\u00fcberziehung seit vielen Jahren, weil das Kleinkind in der Regel mit dem PKW in die Kita gefahren und wieder abgeholt wird. Hinzu kommt immer \u00f6fter ein vollausgestatteter Spielplatz im eigenen Garten mit Metallschaukel, Trampolin, Rutsche u.v.m&#8230;<\/p>\n<p>Ab der Einschulung werden viele Kinder in unserer \u201eWohlstandswelt\u201c ebenfalls oft mit einem PKW (immer \u00f6fter mit einem riesen SUV) in die Schule gefahren und dort wieder abgeholt. Danach zum Gesangsunterricht, zur Nachhilfe oder zur Freundin oder Freund. Der \u00f6kologische Fu\u00dfabdruck wird dadurch erneut gr\u00f6\u00dfer.<\/p>\n<p>Nach der Schulzeit steigert sich die Selbstzerst\u00f6rung erheblich. Junge Menschen studieren heutzutage nicht mehr in der n\u00e4chsten Universit\u00e4t. Es ist oft eine Universit\u00e4t im Ausland und sie fangen an durch die Welt zu jetten und produzieren riesen Mengen CO2 (Treibhausgas). <strong>1 Tonne CO2 im Jahr sind umweltvertr\u00e4glich.<\/strong><\/p>\n<p>Jungen Menschen wird in unserer sogenannten \u201eWohlstandsgesellschaft\u201c zum Ziel gesetzt einen Beruf zu erlernen, durch den sie gutes Geld verdienen werden um dann gut leben k\u00f6nnen.<\/p>\n<p>\u201egut leben\u201c bedeutet im Jahr 2019: Haus- oder Eigentumswohnung bauen, sch\u00f6ne Wohnungseinrichtung kaufen, regelm\u00e4\u00dfig schicke Klamotten kaufen, Auto (m\u00f6glichst gro\u00df mit viel PS) kaufen, jede Menge Elektoger\u00e4te \/ Elektonik kaufen und durch die Welt reisen (gerne mit dem Flugzeug).<\/p>\n<p>Und fertig ist die Selbstzerst\u00f6rung jedes einzelnen Menschen, weil er durch diese Lebensweise nun mehrere Planeten ben\u00f6tigt (Unmengen Ressourcen ben\u00f6tigt) und weit mehr als die zul\u00e4ssige 1 Tonne CO2 im Jahr produziert.<\/p>\n<p>Durch Bildung, Wohlstand und Lebensgenuss in vollen Z\u00fcgen, werden wir zu massiven Erdzerst\u00f6rern bzw. zu Erdzerst\u00f6rerinnen.<\/p>\n<p>Unser Konsum- und Luxuswahn ist selbst- und alleszerst\u00f6rend, weil er nichts mit einer nachhaltigen Lebensweise und Vernunft zu tun hat. Es ist reiner Egoismus. Und er ist f\u00fcr die meisten Menschen wie eine Droge. Kapitalismus befeuert die Sache wie Sauerstoff die Flammen bei einem Feuer.<\/p>\n<p>Wir erfinden Dinge, bauen Dinge und nutzen Dinge, egal wie gro\u00df der Umweltschaden ist der dadurch entsteht. Hauptsache Arbeit, damit unser selbstzerst\u00f6rendes System weiterw\u00e4chst und funktioniert.<\/p>\n<p>Wir haben uns selbstzerst\u00f6rende Systeme geschaffen, nehmen daran teil und bemerken nicht einmal, dass es auf Selbstzerst\u00f6rung hinausl\u00e4uft, weil wir uns dadurch immer schneller die Lebensgrundlage entziehen.<\/p>\n<p>Der deutsche Astronaut Alexander Gerst sagt in einem Video: \u201ewenn es au\u00dferirdische Wesen g\u00e4be, welche uns aus dem All beobachten, w\u00fcrden sie sich fragen ob Menschen intelligent sind.\u201c<\/p>\n<p>Nach 22 Jahren vergeblicher Bem\u00fchungen Menschen aufzukl\u00e4ren \u201ewas sie da tun\u201c kann ich nur sagen: \u201eMenschen sind nicht intelligent.\u201c<\/p>\n<p><strong>&#8222;Intelligente Wesen zerst\u00f6ren ihre Lebensgrundlage n i c h t!&#8220; Wir tun es jedoch mit gro\u00dfem Flei\u00df und Freude und bezeichnen uns als &#8222;intelligent&#8220;.<\/strong><\/p>\n<p>Die Meisten k\u00f6nnen nur das, was man ihnen lernt. Selbstst\u00e4ndiges Denken und Handeln ist fast nicht mehr vorhanden im Jahr 2019.<\/p>\n<p>Wer z. B. sieht wie wir unsere Natur weltweit mit Freude zubetonieren, asphaltieren und zupflastern, dem muss klar sein, dass das, was wir weltweit betreiben, ein versuchter Massensuizid ist, wie es Professor Schellnhuber ausdr\u00fcckt. Es wird uns auch gelingen, weil wir immer weitermachen. Neuerdings vielleicht etwas weniger umweltsch\u00e4dlich, was andere Dinge betrifft. Und die Bereitschaft f\u00fcr gravierende Ver\u00e4nderungen liegt bei fast allen Menschen in unserer Wohlstandsgesellschaft in weiter Ferne. Selbst bei Frontleuten der neuen Klimabewegungen wie z.B. Luisa Neubauer, welche auf das Fliegen nicht verzichten m\u00f6chte. Fliegen ist eine fundamentale, gravierende Umweltzerst\u00f6rung, welche durchaus vermeidbar ist und in der Regel als unn\u00f6tiger Luxus eingestuft werden kann! (Bei einer zul\u00e4ssigen Tonne CO2 pro Kopf im Jahr ist Fliegen ein absolutes &#8222;no go&#8220;. Ich werde meinen kleinen Enkels\u00f6hnen demn\u00e4chst erkl\u00e4ren m\u00fcssen, dass die Leute in den Flugzeugen zum Spa\u00df das Klima aufheizen und somit die dramatische Klimaerw\u00e4rmung noch beschleunigen.)<\/p>\n<p><strong><a href=\"https:\/\/www.google.com\/url?sa=t&amp;rct=j&amp;q=&amp;esrc=s&amp;source=web&amp;cd=&amp;cad=rja&amp;uact=8&amp;ved=2ahUKEwixi9ql26mAAxUR_7sIHZUtDgoQwqsBegQIDRAG&amp;url=https%3A%2F%2Fwww.youtube.com%2Fwatch%3Fv%3DqXAEseBheWs&amp;usg=AOvVaw0x5cKWsNRFnS_cLRiuIYev&amp;opi=89978449\"><span style=\"color: #ff0000;\">UBA-Erkl\u00e4rfilm: Flugreisen und Klimawirkung<\/span><\/a><\/strong><\/p>\n<p>Hinzu kommt, dass jedes Geb\u00e4ude, jede Stra\u00dfe und jeder Parkplatz klima- und umweltsch\u00e4dlich ist!<\/p>\n<ul>\n<li><a href=\"https:\/\/www.n-tv.de\/wirtschaft\/Bauen-schadet-Klima-wie-Autos-und-Fleisch-article21280049.html?utm_source=pocket-newtab\"><strong><span style=\"color: #ff0000;\">Bauen schadet Klima wie Autos und Fleisch<\/span><\/strong><\/a><\/li>\n<\/ul>\n<p><span style=\"color: #0000ff;\"><strong>Au\u00dferdem kann und wird es kein fortw\u00e4hrendes Wirtschaftswachstum auf einer festen Gr\u00f6\u00dfe wie unserer Erde geben. Schon gar nicht bei einer wachsenden Weltbev\u00f6lkerung mit immer gr\u00f6\u00dferen Anspr\u00fcchen. Diese grundlegende und fundamentale Tatsache wird offensichtlich von fast allen Menschen einschlie\u00dflich Politikern komplett ausgeblendet.<\/strong><\/span> So \u00e4hnlich wie die Realit\u00e4t des aktuellen Zustandes unserer \u00d6kosysteme und unseres Planeten. Der franz\u00f6sische Staatschef scheint es nach dem neuesten Klima- und Umweltbericht langsam zu realisieren. Frau Merkel hingegen ist noch Meilen davon entfernt. Ihr fehlt die n\u00f6tige Intelligenz, so wie vielen anderen Menschen.<\/p>\n<p>An dieser Stelle noch einen Hinweis an Frau Merkel: Das was im Westen schon seit Jahrzehnten stattfindet ist ein Ausverkauf unserer Natur. (Nachhaltigkeit Fehlanzeige, Verschwendung pur.)<\/p>\n<p>Dies sind die Eigenschaften vieler Menschen nach meinen eigenen Erfahrungen in den letzten 40 Jahren: egoistisch, habgierig, r\u00fccksichtlos, gewissenlos, scheinheilig und naiv.<\/p>\n<p>Das ist deutscher Klartext, wie es Professor Lesch auch in einem seiner Videos beschreibt.<\/p>\n<h4><span style=\"color: #008000;\">Ausnahmen gibt es nur wenige:<\/span><\/h4>\n<p><a href=\"https:\/\/wo-soll-das-hinfuehren.de\/Hauptmenue\/wp-content\/uploads\/2018\/02\/Stellungnahme-LNB-BW-S.1-o.-KD.jpg\"><img loading=\"lazy\" decoding=\"async\" class=\"alignnone wp-image-6746\" src=\"https:\/\/wo-soll-das-hinfuehren.de\/Hauptmenue\/wp-content\/uploads\/2018\/02\/Stellungnahme-LNB-BW-S.1-o.-KD-155x300.jpg\" alt=\"\" width=\"206\" height=\"399\" srcset=\"https:\/\/wo-soll-das-hinfuehren.de\/Hauptmenue\/wp-content\/uploads\/2018\/02\/Stellungnahme-LNB-BW-S.1-o.-KD-155x300.jpg 155w, https:\/\/wo-soll-das-hinfuehren.de\/Hauptmenue\/wp-content\/uploads\/2018\/02\/Stellungnahme-LNB-BW-S.1-o.-KD-529x1024.jpg 529w, https:\/\/wo-soll-das-hinfuehren.de\/Hauptmenue\/wp-content\/uploads\/2018\/02\/Stellungnahme-LNB-BW-S.1-o.-KD.jpg 720w\" sizes=\"auto, (max-width: 206px) 100vw, 206px\" \/><\/a><\/p>\n<p><a href=\"https:\/\/wo-soll-das-hinfuehren.de\/Hauptmenue\/wp-content\/uploads\/2018\/02\/Stellungnahme-FFF-LNB-BW-S.2-o.-KD.jpg\"><img loading=\"lazy\" decoding=\"async\" class=\"alignnone size-medium wp-image-6750\" src=\"https:\/\/wo-soll-das-hinfuehren.de\/Hauptmenue\/wp-content\/uploads\/2018\/02\/Stellungnahme-FFF-LNB-BW-S.2-o.-KD-216x300.jpg\" alt=\"\" width=\"216\" height=\"300\" srcset=\"https:\/\/wo-soll-das-hinfuehren.de\/Hauptmenue\/wp-content\/uploads\/2018\/02\/Stellungnahme-FFF-LNB-BW-S.2-o.-KD-216x300.jpg 216w, https:\/\/wo-soll-das-hinfuehren.de\/Hauptmenue\/wp-content\/uploads\/2018\/02\/Stellungnahme-FFF-LNB-BW-S.2-o.-KD.jpg 720w\" sizes=\"auto, (max-width: 216px) 100vw, 216px\" \/><\/a><\/p>\n<p>&nbsp;<\/p>\n<p>Erkl\u00e4ren lassen sich die meisten Menschen im Jahr 2019 (und in den darauf folgenden Jahren) nichts mehr. Zu gro\u00df ist ihr Egoismus. Sie wissen nicht nur um den Klimawandel in der Regel alles besser. Bsp.: Die meisten Politiker und die meisten B\u00fcrger.<\/p>\n<p>Wir Menschen &#8211; keine Au\u00dferirdischen &#8211; haben uns Systeme geschaffen, damit wir alle Arbeit haben. Was das f\u00fcr Folgen hat, wenn wir immer mehr Dinge produzieren, welche uns das Leben angenehmer und leichter machen, also Spa\u00df machen, bei \u00fcber 8 Milliarden Menschen, denkt offensichtlich niemand nach.<\/p>\n<p><strong>Die Meisten kreiseln in diesen selbstzerst\u00f6renden Systemen bzw. in ihrer kleinen Welt herum und schaffen es nicht \u00fcber den Tellerrand zu schauen.<\/strong><\/p>\n<p>Auch in meinem Umfeld sehe ich wie nun immer mehr Menschen die fridaysforfuture \u2013 Bewegungen gut finden, selbst mitmachen, meine Aufkl\u00e4rungsbem\u00fchungen gut finden und dann z.B. die n\u00e4chste Urlaubsreise auf die kanarischen Inseln buchen. Das hei\u00dft mal eben 6 Tonnen CO2 produzieren. Und das als frischgebackene Oma. (Ich darf hier an die 415 ppm CO2 in der Atmosph\u00e4re erinnern.)<\/p>\n<p>Viele andere Omas und Opas tun das in \u00e4hnlichem Stil. Kitaleiterinnen und Kitaangestellte jetten munter durch die Welt, Lehrerinnen und Lehrer jetten munter durch die Welt und viele andere obwohl sie nun das Klima retten wollen. Eine eigene Ferienwohnung im fernen Ausland ist \u201ein\u201c und man jettet fr\u00f6hlich hin und her. Menschen die nach Deutschland gekommen sind um hier zu arbeiten und zu leben fliegen regelm\u00e4\u00dfig in ihre Heimat. Osteurop\u00e4er oder S\u00fcdl\u00e4nder die hier arbeiten fahren oder fliegen \u00f6fters im Jahr nach Hause und produzieren gro\u00dfe Mengen CO2. Die Fl\u00fcchtlinge werden in K\u00fcrze das Gleiche tun und werden ihren \u00f6kologischen Fu\u00dfabdruck bald erheblich vergr\u00f6\u00dfern. Auch weil sie sich unserem verschwenderischen Lebensstil in naher Zukunft anpassen werden.<\/p>\n<p><strong>Das ist alles nicht im Einklang mit der Natur und nicht nachhaltig, sondern eine Katastrophe und endet auch in dieser (\u2026). Eben egoistisch und alles andere als intelligent, vern\u00fcnftig und verantwortungsvoll.<br \/>\n<\/strong><\/p>\n<p>Nach dem Motto: \u201eGenie\u00dfe dein Leben in vollen Z\u00fcgen, mach dir keine Sorgen und denke nicht an morgen\u201c. Horte so viel du kannst, denke nicht an die Sch\u00e4den an Natur, Umwelt, an deine Nachkommen und nachfolgende Generationen.\u00a0 In Englisch: \u201eONE LIFE &#8211; LIVE IT.\u201c<\/p>\n<p>Auch unsere moderne Medizintechnik dient ausschlie\u00dflich den aktuell lebenden Menschen. Menschen die dadurch z.T. viele Jahre l\u00e4nger leben belasten dadurch unsere Lebensgrundlage viel l\u00e4nger und oft st\u00e4rker. Bsp.: Antibiotika<\/p>\n<p>Wir k\u00f6nnen die Natur mit unserem Egoismus und unserer kurzsichtigen Denkweise ein paar Jahrzehnte austricksen. Danach (also bald) kommt die gro\u00dfe Abschlussrechnung unserer Natur und der Erde, welche unsere Nachkommen vermutlich mit ihrem Leben bezahlen werden (\u2026).<\/p>\n<p>Das ist traurig, aber wahr (\u2026).<\/p>\n<p>Und die Wahrheit wollen Egoisten in der Regel nicht h\u00f6ren (\u2026).<\/p>\n<p>So wird es leider kommen, wie es kommen muss (\u2026).<\/p>\n<p>Mit Naturgesetzen kann man nicht verhandeln (\u2026). Sagt Professor Lesch richtigerweise.<\/p>\n<p>Die Erde wird sich durch unser egoistisches und r\u00fccksichtloses Verhalten nun immer schneller um mehrere Grad erw\u00e4rmen. Das zu stoppen ist eine Illusion, mehr nicht. Vor 40 Jahren h\u00e4tte man noch die M\u00f6glichkeit gehabt massiv gegenzusteuern. Jedoch nicht mit Wirtschaftswachstum, immer mehr Lebensgenuss und st\u00e4ndig wachsendem Konsum. Sondern mit einer m\u00f6glichst nachhaltigen Lebensweise aller Menschen auf diesem Planeten.<\/p>\n<p>&nbsp;<\/p>\n<p>Jeder Mensch ist f\u00fcr Natur und Umwelt verantwortlich und tr\u00e4gt in unserer Wohlstandsgesellschaft mehr oder weniger zur Umweltzerst\u00f6rung bei (\u2026). Derzeit <strong>viel<\/strong> <strong>mehr<\/strong> als weniger (\u2026). Das liegt bei jedem Einzelnen.<\/p>\n<p>Geben Sie Ihre Daten in den \u00f6kologischen Fu\u00dfabdruckrechner ein und staunen Sie wie viele Planeten Sie f\u00fcr Ihre Lebensweise ben\u00f6tigen. Ver\u00e4ndern Sie danach so lange die Daten bis Sie diesen Planeten nicht mehr als zul\u00e4ssig belasten. Nun wissen Sie ann\u00e4hernd, auf was Sie alles verzichten m\u00fcssen um nachhaltig zu leben.<\/p>\n<p>Das sind die Fakten und ebenfalls deutscher Klartext!<\/p>\n<p>Gr\u00fcn w\u00e4hlen, ein paar Euro f\u00fcr eine CO2 Steuer bezahlen und so \u00e4hnlich wie bisher weiterleben wollen reicht bei weitem nicht aus um die Umwelt- und Klimakatastrophe zu verhindern.<\/p>\n<p>Die Sch\u00e4den, die die Menschheit der Erde in den letzten 70 Jahren angetan hat ist erdgeschichtlich einmalig und ist wohl nicht zu toppen.<\/p>\n<p><span style=\"color: #ff0000;\"><strong>Wir f\u00fchren schon seit langem den dritten Weltkrieg gegen unsere Natur und merken es nicht.<\/strong><\/span><\/p>\n<p>Unseren Gegner \u201eMutter Natur\u201c haben wir nun im Jahr 2019 besiegt. Unserer W\u00e4lder sterben und brennen, danach sterben die Kriegsgewinner, weil sie sich ihrer Lebensgrundlage entzogen haben.<\/p>\n<p>Dummer Weise! Der Mensch, der Zerst\u00f6rer (\u2026).<\/p>\n<p>Der Mensch wird sich immer mehr nehmen als er d\u00fcrfte solange es keiner bemerkt und keiner regelt. Selbst wenn die Menschheit eine zweite Chance bek\u00e4me, w\u00fcrde sie aus meiner Sicht den gleichen Fehler wieder begehen, weil es nur eine kleine Minderheit von Menschen gibt, welche bereit w\u00e4ren mit fast nichts (nachhaltig) hier auf der Erde zu leben.<\/p>\n<p>Das sind aus meiner Sicht die f\u00fcnf Hauptgr\u00fcnde f\u00fcr die Zerst\u00f6rung: Habgier, Egoismus, Neid, Verlogenheit und Dummheit (begrenzte Intelligenz).<\/p>\n<p>Ein weiterer Grund ist: <a href=\"https:\/\/wo-soll-das-hinfuehren.de\/Hauptmenue\/?p=4923\">DOPPELMORAL<\/a><\/p>\n<p><span style=\"color: #0000ff;\">So wie wir uns verhalten k\u00f6nnte man meinen ein Raumschiff h\u00e4tte uns auf der Erde ausgesetzt und der Commander h\u00e4tte gesagt: Macht euch die Erde untertan und tobt euch richtig aus. Wenn nichts mehr geht ruft an. Wir holen euch dann ab und bringen euch zum n\u00e4chsten bewohnbaren Planeten. Dort k\u00f6nnt ihr dann mit der Zerst\u00f6rung und dem Raubbau weitermachen (\u2026).<br \/>\n<\/span><\/p>\n<p><a href=\"https:\/\/wo-soll-das-hinfuehren.de\/Hauptmenue\/wp-content\/uploads\/2018\/02\/20190922_195508.jpg\"><img loading=\"lazy\" decoding=\"async\" class=\"alignnone size-medium wp-image-2258\" src=\"https:\/\/wo-soll-das-hinfuehren.de\/Hauptmenue\/wp-content\/uploads\/2018\/02\/20190922_195508-244x300.jpg\" alt=\"\" width=\"244\" height=\"300\" srcset=\"https:\/\/wo-soll-das-hinfuehren.de\/Hauptmenue\/wp-content\/uploads\/2018\/02\/20190922_195508-244x300.jpg 244w, https:\/\/wo-soll-das-hinfuehren.de\/Hauptmenue\/wp-content\/uploads\/2018\/02\/20190922_195508.jpg 720w\" sizes=\"auto, (max-width: 244px) 100vw, 244px\" \/><\/a><\/p>\n<p>Die Lebensweise sehr vieler Menschen ist seit Jahrzehnten alles andere als nachhaltig und verantwortungsbewusst. Diese verschwenderische und verantwortungslose Lebensweise mache ich den Menschen zum Vorwurf. Dazu geh\u00f6ren nat\u00fcrlich die Politiker und die Staatschefs auf der ganzen Welt, welche die Warnungen der Wissenschaftler und Klimaforscher schon seit Jahrzehnten nicht ernst nehmen.<\/p>\n<p>&nbsp;<\/p>\n<p><strong>Diese Gr\u00fcnde sprechen f\u00fcr die weitere Selbstzerst\u00f6rung:<\/strong><\/p>\n<p>&#8211; \u00dcber 8 Milliarden Menschen kann die Erde nicht nachhaltig ern\u00e4hren und auch nicht verkraften.<\/p>\n<p>&#8211; Immer mehr Menschen ben\u00f6tigen mehrere Planeten f\u00fcr ihre Lebensweise. (\u00d6kologischer Fu\u00dfabdruck) Wohin das f\u00fchrt ist klar.<\/p>\n<p>&#8211; Immer mehr Menschen produzieren weit mehr als die zul\u00e4ssige 1 Tonne CO2 pro Kopf und Jahr.<\/p>\n<p>&#8211; Immer mehr Bebauung weltweit f\u00fchrt zur Zerst\u00f6rung unserer Natur und zum Anstieg des CO2 Aussto\u00dfes.<\/p>\n<p>&#8211; Immer mehr W\u00e4lder werden gerodet und abgebrannt oder sterben nun ab, da sie nicht mehr mit den dramatischen Klimaver\u00e4nderungen klarkommen.<\/p>\n<p>&#8211; Verm\u00fcllung des gesamten Planeten mit Plastik und Mikroplastik.<\/p>\n<p>&#8211; Steigende Luftverschmutzung durch immer mehr Abgase, Feinstaub und Ultra-Feinstaub, welche u.a. durch die Verbrennung von Kerosin bei Linienflugzeugen entsteht und sich sogar in den Polarregionen niederschl\u00e4gt.<\/p>\n<p>&#8211; Massentourismus.<\/p>\n<p>&#8211; Wir halten weiter an Wirtschaftswachstum fest und treiben es an obwohl es kein fortw\u00e4hrendes Wirtschaftswachstum auf einer festen Gr\u00f6\u00dfe wie unserer Erde geben kann ohne dadurch die Natur und unsere \u00d6kosysteme zerst\u00f6ren.<\/p>\n<p>&#8211; Wir greifen mittlerweile \u00fcberall auf der Welt in die Natur und die nat\u00fcrlichen Prozesse ein und versuchen sie mit Technik und Giften zu steuern.<\/p>\n<p>&#8211; Das Eis auf der gesamten Erde taut nun in einem Wahnsinnstempo. Das beinhaltet auch das Auftauen der Permafrostb\u00f6den. Gigantische Mengen CO2 und Methan werden dadurch zus\u00e4tzlich freigesetzt.<\/p>\n<p>&#8211; Die Gletscher tauen nun in einem immer schnelleren Tempo.<\/p>\n<p>&#8211; Das Meer wird dadurch immer schneller ansteigen.<\/p>\n<p>&#8211; Dadurch und durch weltweit steigende Temperaturen kommt es zu gigantischen Fl\u00fcchtlingsstr\u00f6men, welche bereits begonnen haben.<\/p>\n<p>&nbsp;<\/p>\n<p>&nbsp;<\/p>\n<p><strong>Diese Gr\u00fcnde sprechen gegen die weitere Selbstzerst\u00f6rung:<\/strong><\/p>\n<p>&#8211; Leider fallen mir keine ein.<\/p>\n<p>Die Bem\u00fchungen, welche nun angestrebt werden, sind realistisch gesehen l\u00e4cherlich angesichts der Sch\u00e4den die wir bisher in den letzten Jahrzehnten verursacht haben. Einige umweltzerst\u00f6rende Dinge wie &#8222;Fl\u00e4chenverbrauch \/ Fl\u00e4chenversiegelung durch Bebauung&#8220; werden gar nicht angegangen.<\/p>\n<p>&nbsp;<\/p>\n<p>Vor ca. 3 Monaten (bis Juli 2019) und davor hatte ich wie viele Wissenschaftler, Klimaforscher und Klimaaktivisten noch die Hoffnung wir k\u00f6nnten die Welt retten. Nachdem man nun sieht was gerade mit unserem Wald passiert, mit den Gletschern auf dieser Erde, was im Regenwald, in den Polarregionen, in Sibirien und in Alaska abl\u00e4uft muss eigentlich jedem der etwas mehr Verstand besitzt klarwerden, dass das nun eine Illusion ist.<\/p>\n<p>Ich m\u00f6chte mich wie Professor Lesch und der Astronaut Alexander Gerst bei den jungen Generation entschuldigen. Ich habe mein M\u00f6glichstes getan. Mich haben meine Versuche die Welt zu retten in den 22 Jahren mehrere Tausend Euro gekostet bei einem bescheidenen Einkommen. Hunderte Stunden Arbeit habe ich investiert. Der Natur &#8211; unserer Lebensgrundlage &#8211; zolle ich gr\u00f6\u00dften Respekt und versuche sie schon seit \u00fcber 22 Jahren m\u00f6glichst wenig zu sch\u00e4digen. Mein Arbeitsplatz ist 500 Meter entfernt und somit gut zu Fu\u00df erreichbar. Meinen 39 Jahre alten VW-Bus hatte ich vor 28 Jahren gebraucht gekauft und er war nur die H\u00e4lfte der Zeit angemeldet. Im August 2019 meldete ich ihn wieder ab, f\u00fcr immer. Mit meinen 62 Jahren bin ich viermal aus beruflichen Gr\u00fcnden geflogen. Insgesamt 6000 km Flugstrecke. Ich wohne seit vielen Jahren in einer 29 m2 Wohnung. Einen W\u00e4schetrockner und eine Sp\u00fclmaschine habe ich noch nie besessen. Meine Zimmertemperatur betr\u00e4gt in der kalten Jahreszeit 20 Grad tags\u00fcber. Meine Kleidung trage ich auf, so wie Greta Thunberg. Ich esse wenig Fleisch, esse ganz selten Fisch und K\u00e4se, kaufe nur Dinge die ich ben\u00f6tige und versuche m\u00f6glichst wenig M\u00fcll zu produzieren. Soviel zu meinem \u00f6kologischen Fu\u00dfabdruck.<\/p>\n<p>&nbsp;<\/p>\n<p>Auf meiner Webseite gibt es viele Informationen, welche meine Aussagen best\u00e4tigen. Im Internet und in den Medien noch viel mehr.<\/p>\n<p>Wissenschaftler, Klimaforscher und Menschen, welche nun immer mehr traurige und erschreckende Tatsachen und Fakten ver\u00f6ffentlichen zu verteufeln ist im Jahr 2019 (und auch in den folgenden Jahren) die einfachste und g\u00e4ngigste Methode um sich der Wahrheit und der Realit\u00e4t zu entziehen. Mit Verstand, Intelligenz und Charakter hat das jedoch nichts zu tun (\u2026).<\/p>\n<p>Eigenschaften wie Bescheidenheit, Ehrlichkeit, Demut, Respekt, Anstand und Glauben existieren im Jahr 2019 (und in den folgenden Jahren) offensichtlich nicht mehr (\u2026).<\/p>\n<p>&nbsp;<\/p>\n<p style=\"text-align: center;\"><strong>Meine Auffassung:<\/strong><\/p>\n<p style=\"text-align: center;\"><strong> \u201eWo es Menschen gibt, gibt es keinen Frieden, keine Ruhe und keine Einigung!\u201c<\/strong><\/p>\n<p>&nbsp;<\/p>\n<pre style=\"text-align: center;\"><strong><span style=\"color: #008000;\">Meine Text- und Filmempfehlungen zu diesem Beitrag:<\/span><\/strong><\/pre>\n<p>&nbsp;<\/p>\n<ul>\n<li><a href=\"http:\/\/climatefactsnow.org\/alle-fakten-in-10-minuten-erklaert\/\"><strong>Alle Fakten in 10 Minuten erkl\u00e4rt<\/strong><\/a> \u00a0\u00a0 Bitte das Video ansehen. (Das Video hat nach ca. 5 Minuten eine l\u00e4ngere Sprachpause)<\/li>\n<\/ul>\n<p>&nbsp;<\/p>\n<ul>\n<li><a href=\"https:\/\/www.nachdenkseiten.de\/?p=55110#more-55110\"><strong>Das Thema Klimawandel ist nicht neu<\/strong><\/a><\/li>\n<\/ul>\n<p>&nbsp;<\/p>\n<ul>\n<li><strong><a href=\"https:\/\/www.youtube.com\/watch?v=9ZUNY7sYaf0\">Prof. Lesch &#8222;Die Menschheit schafft sich ab&#8220;<\/a><\/strong><\/li>\n<\/ul>\n<p>&nbsp;<\/p>\n<ul>\n<li><strong><a href=\"https:\/\/wo-soll-das-hinfuehren.de\/Hauptmenue\/?p=27\">THEMA NR. 1 : WIRTSCHAFTSWACHSTUM \/ KLIMAKATASTROPHE<\/a><\/strong><\/li>\n<\/ul>\n<p>&nbsp;<\/p>\n<ul>\n<li><a href=\"https:\/\/www.youtube.com\/watch?v=eEPzwQdp27Y\"><strong>Wir haben keinen Planet B &#8211; Astronaut Alexander Gerst<\/strong><\/a><\/li>\n<\/ul>\n<p>&nbsp;<\/p>\n<ul>\n<li><strong><a href=\"https:\/\/www.heise.de\/tp\/features\/Weltklima-auf-der-Kippe-4456028.html\">Weltklima auf der Kippe<\/a><\/strong><\/li>\n<\/ul>\n<p>&nbsp;<\/p>\n<ul>\n<li><strong><a href=\"https:\/\/www.deutschlandfunk.de\/hoimar-von-ditfurth-vor-100-jahren-geboren-er-warnte-100.html\">Hoimar von Ditfurth: vor 100 Jahren geboren &#8211; Er warnte bereits 1978 vor dem menschengemachten Klimawandel<\/a><\/strong><\/li>\n<\/ul>\n<p>&nbsp;<\/p>\n<ul>\n<li><strong><a href=\"https:\/\/www.zdf.de\/dokumentation\/dokumentation-sonstige\/querschnitt-die-balance-der-biosphaere-100.html\">Hoimar von Dithfurth &#8211; Der Ast auf dem wir sitzen &#8211; Teil 1 und Teil 2<\/a><\/strong><\/li>\n<\/ul>\n<p>&nbsp;<\/p>\n<ul>\n<li><a href=\"https:\/\/www.heise.de\/tp\/features\/Klimawandel-nicht-mehr-zu-stoppen-3409477.html\"><strong>Klimawandel nicht mehr zu stoppen &#8211; <\/strong>Vertraulicher Bericht vom UN-Klimarat aus dem Jahr 2006<\/a><\/li>\n<\/ul>\n<p>&nbsp;<\/p>\n<ul>\n<li><strong><a href=\"https:\/\/m.augsburger-allgemeine.de\/kultur\/Journal\/Wenn-wir-so-weitermachen-stirbt-unsere-Spezies-aus-id57208341.html\">&#8222;Wenn wir so weiter machen, stirbt unsere Spezies aus&#8220;<\/a><\/strong><\/li>\n<\/ul>\n<blockquote><p><span style=\"color: #0000ff;\">Der Mensch hingegen denkt nur an sich selbst, wir haben eine komplett anthropozentrische Sicht auf alles. Doch wenn wir die Welt nur aus unserer Perspektive betrachten, werden wir als Art nicht \u00fcberleben. Ich meine das nicht moralisch, mir geht es wirklich nur um eine Frage des \u00dcberlebens. (Textauszug aus diesem Artikel)<\/span><\/p>\n<p><span style=\"color: #0000ff;\"><b><span class=\"rtr-entity\" data-rtr-entity=\"Stefano Mancuso\" data-rtr-id=\"95399a2659ebe9b92e8f500b81e1295de1997ff1\" data-rtr-score=\"505.043312909\" data-rtr-etype=\"person\">Mancuso<\/span>:<\/b> Uns ist nicht wirklich bewusst, dass wir ein Teil der Natur sind. Wir sind keine Wesen, die au\u00dferhalb dieses Zusammenhangs existieren. Unser \u00dcberleben als Spezies ist nur garantiert, wenn das \u00dcberleben der anderen Arten sicher ist. F\u00fcr uns als Menschen ist es notwendig, dass diese Gemeinschaft der Arten auf der Erde erhalten bleibt. (Textauszug aus diesem Artikel)<\/span><\/p><\/blockquote>\n<p>&nbsp;<\/p>\n<ul>\n<li><a href=\"https:\/\/www.heise.de\/tp\/features\/Die-Rache-Gaias-Liegt-der-Planet-bereits-im-Fieber-3404526.html\"><strong>Die Rache Gaias &#8211; Liegt der Planet bereits im Fieber?<\/strong><\/a><\/li>\n<\/ul>\n<p>&nbsp;<\/p>\n<ul>\n<li><strong>Filmtipp: <a href=\"https:\/\/youtu.be\/sWlbnNDu6OE\">Die Erdzerst\u00f6rer<\/a><\/strong><\/li>\n<\/ul>\n<p>&nbsp;<\/p>\n<ul>\n<li><strong>Grenzen der Intelligenz, Sieg der Gewohnheit<\/strong><\/li>\n<\/ul>\n<p><a href=\"https:\/\/wo-soll-das-hinfuehren.de\/Hauptmenue\/wp-content\/uploads\/2018\/03\/GRENZEN-DER-INTELLIGENZ.jpg\"><img loading=\"lazy\" decoding=\"async\" class=\"alignnone size-medium wp-image-1068\" src=\"https:\/\/wo-soll-das-hinfuehren.de\/Hauptmenue\/wp-content\/uploads\/2018\/03\/GRENZEN-DER-INTELLIGENZ-212x300.jpg\" alt=\"\" width=\"212\" height=\"300\" srcset=\"https:\/\/wo-soll-das-hinfuehren.de\/Hauptmenue\/wp-content\/uploads\/2018\/03\/GRENZEN-DER-INTELLIGENZ-212x300.jpg 212w, https:\/\/wo-soll-das-hinfuehren.de\/Hauptmenue\/wp-content\/uploads\/2018\/03\/GRENZEN-DER-INTELLIGENZ-768x1086.jpg 768w, https:\/\/wo-soll-das-hinfuehren.de\/Hauptmenue\/wp-content\/uploads\/2018\/03\/GRENZEN-DER-INTELLIGENZ-724x1024.jpg 724w, https:\/\/wo-soll-das-hinfuehren.de\/Hauptmenue\/wp-content\/uploads\/2018\/03\/GRENZEN-DER-INTELLIGENZ.jpg 1240w\" sizes=\"auto, (max-width: 212px) 100vw, 212px\" \/><\/a><\/p>\n<ul>\n<li><a href=\"http:\/\/wo-soll-das-hinfuehren.de\/Hauptmenue\/?p=1052\"><strong>Mein Kommentar zu diesem Text<\/strong><\/a>\u00a0 vom 10.05.2018<\/li>\n<\/ul>\n<p>&nbsp;<\/p>\n<p style=\"text-align: center;\"><a href=\"https:\/\/wo-soll-das-hinfuehren.de\/Hauptmenue\/wp-content\/uploads\/2018\/02\/MENSCH-was-tust-Du-neu.jpg\"><img loading=\"lazy\" decoding=\"async\" class=\"wp-image-2432 aligncenter\" src=\"https:\/\/wo-soll-das-hinfuehren.de\/Hauptmenue\/wp-content\/uploads\/2018\/02\/MENSCH-was-tust-Du-neu-300x211.jpg\" alt=\"\" width=\"398\" height=\"280\" srcset=\"https:\/\/wo-soll-das-hinfuehren.de\/Hauptmenue\/wp-content\/uploads\/2018\/02\/MENSCH-was-tust-Du-neu-300x211.jpg 300w, https:\/\/wo-soll-das-hinfuehren.de\/Hauptmenue\/wp-content\/uploads\/2018\/02\/MENSCH-was-tust-Du-neu-768x541.jpg 768w, https:\/\/wo-soll-das-hinfuehren.de\/Hauptmenue\/wp-content\/uploads\/2018\/02\/MENSCH-was-tust-Du-neu-1024x722.jpg 1024w, https:\/\/wo-soll-das-hinfuehren.de\/Hauptmenue\/wp-content\/uploads\/2018\/02\/MENSCH-was-tust-Du-neu.jpg 1240w\" sizes=\"auto, (max-width: 398px) 100vw, 398px\" \/><\/a><\/p>\n<p><a href=\"https:\/\/wo-soll-das-hinfuehren.de\/Hauptmenue\/wp-content\/uploads\/2019\/04\/20190419_121538-neu-1.jpg\"><img loading=\"lazy\" decoding=\"async\" class=\" wp-image-1352 aligncenter\" src=\"https:\/\/wo-soll-das-hinfuehren.de\/Hauptmenue\/wp-content\/uploads\/2019\/04\/20190419_121538-neu-1-300x225.jpg\" alt=\"\" width=\"398\" height=\"299\" srcset=\"https:\/\/wo-soll-das-hinfuehren.de\/Hauptmenue\/wp-content\/uploads\/2019\/04\/20190419_121538-neu-1-300x225.jpg 300w, https:\/\/wo-soll-das-hinfuehren.de\/Hauptmenue\/wp-content\/uploads\/2019\/04\/20190419_121538-neu-1-768x576.jpg 768w, https:\/\/wo-soll-das-hinfuehren.de\/Hauptmenue\/wp-content\/uploads\/2019\/04\/20190419_121538-neu-1-1024x768.jpg 1024w\" sizes=\"auto, (max-width: 398px) 100vw, 398px\" \/><\/a><\/p>\n<p style=\"text-align: center;\"><strong>Mein Textvorschlag f\u00fcr Geschichtsb\u00fccher und Gedenksteine: &#8222;Im Laufe der Erdgeschichte war die Anwesenheit der Menschen eine sehr kurze und traurige Episode.&#8220;<\/strong><\/p>\n<p style=\"text-align: center;\">&#8222;Sie dachten nur an sich und nicht an die Folgen f\u00fcr die Natur.&#8220;<\/p>\n<p style=\"text-align: center;\">Dieses Bild pr\u00e4sentierte ich 2004 auf meiner Webseite.<\/p>\n<p style=\"text-align: center;\"><a href=\"https:\/\/wo-soll-das-hinfuehren.de\/Hauptmenue\/wp-content\/uploads\/2022\/02\/ta5ed18_kevin-carter-pulitzer-prize1.jpg\"><img loading=\"lazy\" decoding=\"async\" class=\"size-medium wp-image-4222 aligncenter\" src=\"https:\/\/wo-soll-das-hinfuehren.de\/Hauptmenue\/wp-content\/uploads\/2022\/02\/ta5ed18_kevin-carter-pulitzer-prize1-300x200.jpg\" alt=\"\" width=\"300\" height=\"200\" srcset=\"https:\/\/wo-soll-das-hinfuehren.de\/Hauptmenue\/wp-content\/uploads\/2022\/02\/ta5ed18_kevin-carter-pulitzer-prize1-300x200.jpg 300w, https:\/\/wo-soll-das-hinfuehren.de\/Hauptmenue\/wp-content\/uploads\/2022\/02\/ta5ed18_kevin-carter-pulitzer-prize1-768x512.jpg 768w, https:\/\/wo-soll-das-hinfuehren.de\/Hauptmenue\/wp-content\/uploads\/2022\/02\/ta5ed18_kevin-carter-pulitzer-prize1.jpg 1024w\" sizes=\"auto, (max-width: 300px) 100vw, 300px\" \/><\/a><\/p>\n<p style=\"text-align: center;\">Letzte Aktualisierung des Beitrags am 07.10.2025<\/p>\n<h3 style=\"text-align: center;\"><strong><span style=\"color: #ff0000;\">Filmtipp: <a style=\"color: #ff0000;\" href=\"https:\/\/youtu.be\/_RMQZU-xLvk\">Wer wir waren<\/a><\/span><\/strong><\/h3>\n<h3 style=\"text-align: center;\"><a href=\"https:\/\/wo-soll-das-hinfuehren.de\/Hauptmenue\/wp-content\/uploads\/2023\/05\/ScreenRecorderProject180.mp4\"><span style=\"color: #ff0000;\">Ausschnitt<\/span><\/a><\/h3>\n<p>&nbsp;<\/p>\n<h5 style=\"text-align: center;\"><strong><span style=\"color: #ff0000;\"><a style=\"color: #ff0000;\" href=\"https:\/\/youtu.be\/XCnY-1mDuBA\">Wo soll das hinf\u00fchren?<\/a><\/span><\/strong><\/h5>\n<p>&nbsp;<\/p>\n<p><a href=\"https:\/\/wo-soll-das-hinfuehren.de\/Hauptmenue\/wp-content\/uploads\/2023\/07\/FB_IMG_1685287909836.jpg\"><img loading=\"lazy\" decoding=\"async\" class=\"size-medium wp-image-5197 aligncenter\" src=\"https:\/\/wo-soll-das-hinfuehren.de\/Hauptmenue\/wp-content\/uploads\/2023\/07\/FB_IMG_1685287909836-300x288.jpg\" alt=\"\" width=\"300\" height=\"288\" srcset=\"https:\/\/wo-soll-das-hinfuehren.de\/Hauptmenue\/wp-content\/uploads\/2023\/07\/FB_IMG_1685287909836-300x288.jpg 300w, https:\/\/wo-soll-das-hinfuehren.de\/Hauptmenue\/wp-content\/uploads\/2023\/07\/FB_IMG_1685287909836.jpg 720w\" sizes=\"auto, (max-width: 300px) 100vw, 300px\" \/><\/a><\/p>\n<p>&nbsp;<\/p>\n<p><a href=\"https:\/\/wo-soll-das-hinfuehren.de\/Hauptmenue\/wp-content\/uploads\/2023\/07\/FB_IMG_1684387300879.jpg\"><img loading=\"lazy\" decoding=\"async\" class=\"size-medium wp-image-5195 aligncenter\" src=\"https:\/\/wo-soll-das-hinfuehren.de\/Hauptmenue\/wp-content\/uploads\/2023\/07\/FB_IMG_1684387300879-300x300.jpg\" alt=\"\" width=\"300\" height=\"300\" srcset=\"https:\/\/wo-soll-das-hinfuehren.de\/Hauptmenue\/wp-content\/uploads\/2023\/07\/FB_IMG_1684387300879-300x300.jpg 300w, https:\/\/wo-soll-das-hinfuehren.de\/Hauptmenue\/wp-content\/uploads\/2023\/07\/FB_IMG_1684387300879-150x150.jpg 150w, https:\/\/wo-soll-das-hinfuehren.de\/Hauptmenue\/wp-content\/uploads\/2023\/07\/FB_IMG_1684387300879.jpg 480w\" sizes=\"auto, (max-width: 300px) 100vw, 300px\" \/><\/a><\/p>\n<p>&nbsp;<\/p>\n<p><a href=\"https:\/\/wo-soll-das-hinfuehren.de\/Hauptmenue\/wp-content\/uploads\/2023\/04\/FB_IMG_1681744818594.jpg\"><img loading=\"lazy\" decoding=\"async\" class=\"size-medium wp-image-5083 aligncenter\" src=\"https:\/\/wo-soll-das-hinfuehren.de\/Hauptmenue\/wp-content\/uploads\/2023\/04\/FB_IMG_1681744818594-296x300.jpg\" alt=\"\" width=\"296\" height=\"300\" srcset=\"https:\/\/wo-soll-das-hinfuehren.de\/Hauptmenue\/wp-content\/uploads\/2023\/04\/FB_IMG_1681744818594-296x300.jpg 296w, https:\/\/wo-soll-das-hinfuehren.de\/Hauptmenue\/wp-content\/uploads\/2023\/04\/FB_IMG_1681744818594.jpg 410w\" sizes=\"auto, (max-width: 296px) 100vw, 296px\" \/><\/a><\/p>\n<p style=\"text-align: center;\"><strong>Aus meinen &#8222;News 2024&#8220;<\/strong><\/p>\n<p style=\"text-align: center;\">Hier sind wir [\u2026].<\/p>\n<p><a href=\"https:\/\/wo-soll-das-hinfuehren.de\/Hauptmenue\/wp-content\/uploads\/2024\/09\/FB_IMG_1725825549751.jpg\"><img loading=\"lazy\" decoding=\"async\" class=\"size-medium wp-image-6150 aligncenter\" src=\"https:\/\/wo-soll-das-hinfuehren.de\/Hauptmenue\/wp-content\/uploads\/2024\/09\/FB_IMG_1725825549751-283x300.jpg\" alt=\"\" width=\"283\" height=\"300\" srcset=\"https:\/\/wo-soll-das-hinfuehren.de\/Hauptmenue\/wp-content\/uploads\/2024\/09\/FB_IMG_1725825549751-283x300.jpg 283w, https:\/\/wo-soll-das-hinfuehren.de\/Hauptmenue\/wp-content\/uploads\/2024\/09\/FB_IMG_1725825549751.jpg 509w\" sizes=\"auto, (max-width: 283px) 100vw, 283px\" \/><\/a><\/p>\n<p><a href=\"https:\/\/wo-soll-das-hinfuehren.de\/Hauptmenue\/wp-content\/uploads\/2024\/09\/FB_IMG_1722633342162.jpg\"><img loading=\"lazy\" decoding=\"async\" class=\"size-medium wp-image-6117 aligncenter\" src=\"https:\/\/wo-soll-das-hinfuehren.de\/Hauptmenue\/wp-content\/uploads\/2024\/09\/FB_IMG_1722633342162-286x300.jpg\" alt=\"\" width=\"286\" height=\"300\" srcset=\"https:\/\/wo-soll-das-hinfuehren.de\/Hauptmenue\/wp-content\/uploads\/2024\/09\/FB_IMG_1722633342162-286x300.jpg 286w, https:\/\/wo-soll-das-hinfuehren.de\/Hauptmenue\/wp-content\/uploads\/2024\/09\/FB_IMG_1722633342162.jpg 720w\" sizes=\"auto, (max-width: 286px) 100vw, 286px\" \/><\/a><\/p>\n<p><a href=\"https:\/\/wo-soll-das-hinfuehren.de\/Hauptmenue\/wp-content\/uploads\/2024\/09\/FB_IMG_1725551500335.jpg\"><img loading=\"lazy\" decoding=\"async\" class=\" wp-image-6129 aligncenter\" src=\"https:\/\/wo-soll-das-hinfuehren.de\/Hauptmenue\/wp-content\/uploads\/2024\/09\/FB_IMG_1725551500335-249x300.jpg\" alt=\"\" width=\"288\" height=\"347\" srcset=\"https:\/\/wo-soll-das-hinfuehren.de\/Hauptmenue\/wp-content\/uploads\/2024\/09\/FB_IMG_1725551500335-249x300.jpg 249w, https:\/\/wo-soll-das-hinfuehren.de\/Hauptmenue\/wp-content\/uploads\/2024\/09\/FB_IMG_1725551500335.jpg 720w\" sizes=\"auto, (max-width: 288px) 100vw, 288px\" \/><\/a><\/p>\n<p style=\"text-align: center;\">Zu mehr lang`ts halt nicht [\u2026].<\/p>\n<p style=\"text-align: center;\">Ihr Wesen, ihre Charaktereigenschaften und die begrenzte Intelligenz sorgten daf\u00fcr, dass die Menschheit innerhalb von <strong>n u r<\/strong> 70 Jahren (2,1 Generationen) ihre Lebensgrundlage zerst\u00f6rt hat [\u2026].<\/p>\n<p style=\"text-align: center;\"><strong>Aus meinen &#8222;News 2023&#8220;<\/strong><\/p>\n<p><strong><a href=\"https:\/\/www.heise.de\/tp\/features\/Von-wegen-Immaterialisierung-Das-Lebendige-wird-erdrueckt-durch-von-Menschen-geschaffene-tote-4986392.html\">Von wegen Immaterialisierung: Das Lebendige wird erdr\u00fcckt durch von Menschen geschaffene tote Objekte<\/a><\/strong><\/p>\n<p><a href=\"https:\/\/wo-soll-das-hinfuehren.de\/Hauptmenue\/wp-content\/uploads\/2018\/02\/Kommentar-Telepolis.jpg\">Kommentar zu dem Telepolis-Artikel: Von wegen Immaterialisierung: Das Lebendige wird erdr\u00fcckt durch von Menschen geschaffene tote Objekte <\/a><\/p>\n<p>Der treffende Kommentar zu dem Telepolis-Artikel stammt nicht von mir.<\/p>\n<p>Professor Hoimar von Dithfurt warnte schon 1978 in seinen Fernsehsendungen &#8222;Der Ast auf dem wir sitzen&#8220; vor unserem Weg in die Katastrophe [\u2026].<\/p>\n<p style=\"text-align: center;\">Wahre Worte von Professor Hoimar von Dithfurt 1982:<\/p>\n<p><a href=\"https:\/\/wo-soll-das-hinfuehren.de\/Hauptmenue\/wp-content\/uploads\/2024\/07\/FB_IMG_1717998093425.jpg\"><img loading=\"lazy\" decoding=\"async\" class=\"size-medium wp-image-5922 aligncenter\" src=\"https:\/\/wo-soll-das-hinfuehren.de\/Hauptmenue\/wp-content\/uploads\/2024\/07\/FB_IMG_1717998093425-300x300.jpg\" alt=\"\" width=\"300\" height=\"300\" srcset=\"https:\/\/wo-soll-das-hinfuehren.de\/Hauptmenue\/wp-content\/uploads\/2024\/07\/FB_IMG_1717998093425-300x300.jpg 300w, https:\/\/wo-soll-das-hinfuehren.de\/Hauptmenue\/wp-content\/uploads\/2024\/07\/FB_IMG_1717998093425-150x150.jpg 150w, https:\/\/wo-soll-das-hinfuehren.de\/Hauptmenue\/wp-content\/uploads\/2024\/07\/FB_IMG_1717998093425.jpg 720w\" sizes=\"auto, (max-width: 300px) 100vw, 300px\" \/><\/a><\/p>\n<p style=\"text-align: center;\">Wahre Worte von &#8222;Mensch und Politik heute&#8220;:<\/p>\n<p><a href=\"https:\/\/wo-soll-das-hinfuehren.de\/Hauptmenue\/wp-content\/uploads\/2023\/12\/FB_IMG_1702899490182.jpg\"><img loading=\"lazy\" decoding=\"async\" class=\"size-medium wp-image-5522 aligncenter\" src=\"https:\/\/wo-soll-das-hinfuehren.de\/Hauptmenue\/wp-content\/uploads\/2023\/12\/FB_IMG_1702899490182-282x300.jpg\" alt=\"\" width=\"282\" height=\"300\" srcset=\"https:\/\/wo-soll-das-hinfuehren.de\/Hauptmenue\/wp-content\/uploads\/2023\/12\/FB_IMG_1702899490182-282x300.jpg 282w, https:\/\/wo-soll-das-hinfuehren.de\/Hauptmenue\/wp-content\/uploads\/2023\/12\/FB_IMG_1702899490182.jpg 720w\" sizes=\"auto, (max-width: 282px) 100vw, 282px\" \/><\/a><\/p>\n<p style=\"text-align: center;\">Wir haben im Jahr 2025 bereits 7 von 9 planetaren Grenzen \u00fcberschritten [\u2026].<\/p>\n<p><a href=\"https:\/\/wo-soll-das-hinfuehren.de\/Hauptmenue\/wp-content\/uploads\/2018\/02\/Planetare-Grenzen-neu.png\"><img loading=\"lazy\" decoding=\"async\" class=\" wp-image-6762 aligncenter\" src=\"https:\/\/wo-soll-das-hinfuehren.de\/Hauptmenue\/wp-content\/uploads\/2018\/02\/Planetare-Grenzen-neu-300x169.png\" alt=\"\" width=\"323\" height=\"182\" srcset=\"https:\/\/wo-soll-das-hinfuehren.de\/Hauptmenue\/wp-content\/uploads\/2018\/02\/Planetare-Grenzen-neu-300x169.png 300w, https:\/\/wo-soll-das-hinfuehren.de\/Hauptmenue\/wp-content\/uploads\/2018\/02\/Planetare-Grenzen-neu-1024x576.png 1024w, https:\/\/wo-soll-das-hinfuehren.de\/Hauptmenue\/wp-content\/uploads\/2018\/02\/Planetare-Grenzen-neu-768x432.png 768w, https:\/\/wo-soll-das-hinfuehren.de\/Hauptmenue\/wp-content\/uploads\/2018\/02\/Planetare-Grenzen-neu-1536x864.png 1536w, https:\/\/wo-soll-das-hinfuehren.de\/Hauptmenue\/wp-content\/uploads\/2018\/02\/Planetare-Grenzen-neu.png 1920w\" sizes=\"auto, (max-width: 323px) 100vw, 323px\" \/><\/a><\/p>\n<p style=\"text-align: center;\">&#8230; und gesch\u00e4tzte 8 Milliarden Menschen kriegen nichts davon mit [\u2026].<\/p>\n<p style=\"text-align: center;\">Soviel zur menschlichen Intelligenz [\u2026].<\/p>\n<p style=\"text-align: center;\"><a href=\"https:\/\/www.stockholmresilience.org\/research\/planetary-boundaries.html\"><strong><span style=\"color: #ff0000;\">Planetare Grenzen &#8211; Stockholm Resilience Centre<\/span><\/strong><\/a><\/p>\n<p>&nbsp;<\/p>\n<p>Hier noch ein Textabschnitt von meinen News 2025:<\/p>\n<p>&nbsp;<\/p>\n<p>Eine Grafik aus meinen News 2024 zu den planetaren Grenzen:<\/p>\n<p><a href=\"https:\/\/wo-soll-das-hinfuehren.de\/Hauptmenue\/wp-content\/uploads\/2024\/07\/planetary-boundaries-infografik-2023-100-1280xauto.jpg\"><img loading=\"lazy\" decoding=\"async\" class=\"alignnone size-medium wp-image-5960\" src=\"https:\/\/wo-soll-das-hinfuehren.de\/Hauptmenue\/wp-content\/uploads\/2024\/07\/planetary-boundaries-infografik-2023-100-1280xauto-300x169.jpg\" alt=\"\" width=\"300\" height=\"169\" srcset=\"https:\/\/wo-soll-das-hinfuehren.de\/Hauptmenue\/wp-content\/uploads\/2024\/07\/planetary-boundaries-infografik-2023-100-1280xauto-300x169.jpg 300w, https:\/\/wo-soll-das-hinfuehren.de\/Hauptmenue\/wp-content\/uploads\/2024\/07\/planetary-boundaries-infografik-2023-100-1280xauto-1024x576.jpg 1024w, https:\/\/wo-soll-das-hinfuehren.de\/Hauptmenue\/wp-content\/uploads\/2024\/07\/planetary-boundaries-infografik-2023-100-1280xauto-768x432.jpg 768w, https:\/\/wo-soll-das-hinfuehren.de\/Hauptmenue\/wp-content\/uploads\/2024\/07\/planetary-boundaries-infografik-2023-100-1280xauto.jpg 1280w\" sizes=\"auto, (max-width: 300px) 100vw, 300px\" \/><\/a><\/p>\n<p>Artikel dazu:<\/p>\n<p><a href=\"https:\/\/www.deutschlandfunk.de\/studie-planetare-grenzen-ueberschritten-lebensgrundlage-mensch-100.html\"><strong><span style=\"color: #ff0000;\">Studie zu planetaren Grenzen &#8211; Die Menschheit ruiniert ihre Lebensgrundlage<\/span><\/strong><\/a><\/p>\n<p>Noch eine Grafik aus meinen News 2024:<\/p>\n<p><a href=\"https:\/\/wo-soll-das-hinfuehren.de\/Hauptmenue\/wp-content\/uploads\/2024\/02\/Screenshot_20240218_101812_Chrome.jpg\"><img loading=\"lazy\" decoding=\"async\" class=\"alignnone size-medium wp-image-5730\" src=\"https:\/\/wo-soll-das-hinfuehren.de\/Hauptmenue\/wp-content\/uploads\/2024\/02\/Screenshot_20240218_101812_Chrome-135x300.jpg\" alt=\"\" width=\"135\" height=\"300\" srcset=\"https:\/\/wo-soll-das-hinfuehren.de\/Hauptmenue\/wp-content\/uploads\/2024\/02\/Screenshot_20240218_101812_Chrome-135x300.jpg 135w, https:\/\/wo-soll-das-hinfuehren.de\/Hauptmenue\/wp-content\/uploads\/2024\/02\/Screenshot_20240218_101812_Chrome-461x1024.jpg 461w, https:\/\/wo-soll-das-hinfuehren.de\/Hauptmenue\/wp-content\/uploads\/2024\/02\/Screenshot_20240218_101812_Chrome-691x1536.jpg 691w, https:\/\/wo-soll-das-hinfuehren.de\/Hauptmenue\/wp-content\/uploads\/2024\/02\/Screenshot_20240218_101812_Chrome.jpg 720w\" sizes=\"auto, (max-width: 135px) 100vw, 135px\" \/><\/a><\/p>\n<p>Und noch der Link dazu:<\/p>\n<p><a href=\"https:\/\/www.stockholmresilience.org\/research\/planetary-boundaries.html\"><strong><span style=\"color: #ff0000;\">Planetare Grenzen &#8211; Stockholm Resilience Centre<\/span><\/strong><\/a><\/p>\n<h3>Ganz aktuell von heute:<\/h3>\n<h3><strong><a href=\"https:\/\/taz.de\/Klimafolgenforschung\/!6111733\/\"><span style=\"color: #ff0000;\">Klimafolgenforschung &#8211; Sieben von neun \u00d6ko-Limits gesprengt<\/span> <\/a><\/strong><\/h3>\n<p>&nbsp;<\/p>\n<p>Treffende Worte von &#8222;Mensch und Politik heute&#8220; aus meinen News 2023 und meinem Beitrag &#8222;Die Menschheit schafft sich ab&#8220;:<\/p>\n<p><a href=\"https:\/\/wo-soll-das-hinfuehren.de\/Hauptmenue\/wp-content\/uploads\/2023\/12\/FB_IMG_1702899490182.jpg\"><img loading=\"lazy\" decoding=\"async\" class=\"alignnone size-medium wp-image-5522\" src=\"https:\/\/wo-soll-das-hinfuehren.de\/Hauptmenue\/wp-content\/uploads\/2023\/12\/FB_IMG_1702899490182-282x300.jpg\" alt=\"\" width=\"282\" height=\"300\" srcset=\"https:\/\/wo-soll-das-hinfuehren.de\/Hauptmenue\/wp-content\/uploads\/2023\/12\/FB_IMG_1702899490182-282x300.jpg 282w, https:\/\/wo-soll-das-hinfuehren.de\/Hauptmenue\/wp-content\/uploads\/2023\/12\/FB_IMG_1702899490182.jpg 720w\" sizes=\"auto, (max-width: 282px) 100vw, 282px\" \/><\/a><\/p>\n<p>In Bezug zu dem Sharepic von &#8222;Mensch und Politik heute&#8220; noch ein kurzer Abschnitt aus meinen News 2025:<\/p>\n<ul>\n<li>Heute am 01.07.2025 veranlassen mich zwei Dinge die Webseite zu aktualisieren.<\/li>\n<\/ul>\n<p>Ein Sharepic mit absolut treffender Beschreibung der Situation und die aktuelle Temperatur in Gelnhausen betr\u00e4gt 36 Grad.<\/p>\n<p><a href=\"https:\/\/wo-soll-das-hinfuehren.de\/Hauptmenue\/wp-content\/uploads\/2025\/07\/FB_IMG_1751345369594.jpg\"><img loading=\"lazy\" decoding=\"async\" class=\"alignnone wp-image-6484\" src=\"https:\/\/wo-soll-das-hinfuehren.de\/Hauptmenue\/wp-content\/uploads\/2025\/07\/FB_IMG_1751345369594-300x167.jpg\" alt=\"\" width=\"425\" height=\"237\" srcset=\"https:\/\/wo-soll-das-hinfuehren.de\/Hauptmenue\/wp-content\/uploads\/2025\/07\/FB_IMG_1751345369594-300x167.jpg 300w, https:\/\/wo-soll-das-hinfuehren.de\/Hauptmenue\/wp-content\/uploads\/2025\/07\/FB_IMG_1751345369594-1024x571.jpg 1024w, https:\/\/wo-soll-das-hinfuehren.de\/Hauptmenue\/wp-content\/uploads\/2025\/07\/FB_IMG_1751345369594-768x428.jpg 768w, https:\/\/wo-soll-das-hinfuehren.de\/Hauptmenue\/wp-content\/uploads\/2025\/07\/FB_IMG_1751345369594.jpg 1420w\" sizes=\"auto, (max-width: 425px) 100vw, 425px\" \/><\/a><\/p>\n<p>Ich m\u00f6chte mich an der Stelle klar von dieser Verdr\u00e4ngungs- und L\u00fcgengesellschaft distanzieren. Wenn meine kleinen Enkels\u00f6hne mich demn\u00e4chst fragen was ich gegen die Klima- und Umweltkatastrophe gemacht habe, kann ich den Beiden einiges erz\u00e4hlen und zeigen. <a href=\"https:\/\/wo-soll-das-hinfuehren.de\/Hauptmenue\/wp-content\/uploads\/2018\/03\/GNZ-08.08.2019.jpg\">&#8222;Presseartikel von 2019 \u00fcber meine Bem\u00fchungen&#8220;<\/a><\/p>\n<p>Ende des Textabschnitts<\/p>\n<hr \/>\n<p>Aus meiner und Carl Jungs Reihe &#8222;Es gibt keine Zuf\u00e4lle&#8220; [\u2026].<\/p>\n<p>Vor kurzem bin ich (nicht) zuf\u00e4llig auf diese Audioaufnahme von Carl Jung gesto\u00dfen:<\/p>\n<p><span style=\"color: #008000;\"><strong><a style=\"color: #008000;\" href=\"https:\/\/youtu.be\/uX7mzjpz41M\">C.G. Jung \u00fcber Gott, die Seele und das Individuum (Gespr\u00e4chsausschnitt 1960)<\/a><\/strong><\/span><\/p>\n<p>Diese Erkenntnisse von Carl Jung best\u00e4tigen meine Denk- und Sichtweise in zweierlei Hinsicht. Zum einen wei\u00df ich wie Carl Jung, dass es Gott (Sch\u00f6pfung) gibt, zum Anderen best\u00e4tigt er meine Erkenntnis, dass diese Gesellschaft zu primitiv ist um sich irgendwie zu entwickeln. Offensichtlich schaffen es von \u00fcber 8 Milliarden Menschen nur eine Handvoll sich geistig zu entwickeln. Dazu noch dieser Textabschnitt aus meinen News 2024:<\/p>\n<ul>\n<li>\u00dcber Kommentare bei einem Facebook-Freund machte ich in der letzten Woche eine erfreuliche Bekanntschaft mit Herrn Kerkovius. Er schrieb 2009 das Buch &#8222;Fluch und Segen des Fortschritts&#8230; oder die Bedrohung der Sch\u00f6pfung&#8220;. Nun erscheint eine Neuauflage. F\u00fcr mich ist es auch ein Segen in dieser Welt noch Leute zu treffen, welche die traurige Entwicklung geistig auf die Reihe bekommen und ebenfalls versuchen aufzukl\u00e4ren, zu warnen und zum UMDENKEN anregen. Mit seiner freundlichen Genehmigung f\u00fcge ich nachfolgend zwei Links ein und kann allen empfehlen sich seine Informationen durchzulesen.<\/li>\n<\/ul>\n<p><a href=\"https:\/\/kritisches-netzwerk.de\/forum\/fluch-und-segen-des-fortschritts-oder-die-bedrohung-der-sch%C3%B6pfung-christopher-kerkovius\"><strong>Fluch und Segen des Fortschritts &#8211; oder die Bedrohung der Sch\u00f6pfung (CHRISTOPHER KERKOVIUS)<\/strong><\/a><\/p>\n<p><strong><a href=\"https:\/\/www.fotokunst-kerkovius.de\/fluch-und-segen-mein-buch\/?fbclid=IwAR1oZs3iGfq4MEpjHFL1JCJbZswIjnFElc1kESneLnYw1fJKG6X2rV5DGM4\">Vorwort Neuauflage<\/a><\/strong><\/p>\n<p><a href=\"https:\/\/wo-soll-das-hinfuehren.de\/Hauptmenue\/wp-content\/uploads\/2024\/02\/Screenshot_20240204_205336_Chrome-1.jpg\"><img loading=\"lazy\" decoding=\"async\" class=\"alignnone size-medium wp-image-5688\" src=\"https:\/\/wo-soll-das-hinfuehren.de\/Hauptmenue\/wp-content\/uploads\/2024\/02\/Screenshot_20240204_205336_Chrome-1-300x139.jpg\" alt=\"\" width=\"300\" height=\"139\" srcset=\"https:\/\/wo-soll-das-hinfuehren.de\/Hauptmenue\/wp-content\/uploads\/2024\/02\/Screenshot_20240204_205336_Chrome-1-300x139.jpg 300w, https:\/\/wo-soll-das-hinfuehren.de\/Hauptmenue\/wp-content\/uploads\/2024\/02\/Screenshot_20240204_205336_Chrome-1-1024x475.jpg 1024w, https:\/\/wo-soll-das-hinfuehren.de\/Hauptmenue\/wp-content\/uploads\/2024\/02\/Screenshot_20240204_205336_Chrome-1-768x356.jpg 768w, https:\/\/wo-soll-das-hinfuehren.de\/Hauptmenue\/wp-content\/uploads\/2024\/02\/Screenshot_20240204_205336_Chrome-1.jpg 1450w\" sizes=\"auto, (max-width: 300px) 100vw, 300px\" \/><\/a><\/p>\n<p>Wie ich nun seit 22 Jahren feststelle, hat die Menschheit ihrem Verschwinden nichts entgegenzusetzen [\u2026]. Das ist traurig, aber wahr [\u2026].<\/p>\n<h3 style=\"text-align: center;\"><strong>Filmtipp: <a href=\"https:\/\/youtu.be\/_RMQZU-xLvk\">Wer wir waren<\/a><\/strong><\/h3>\n<h3 style=\"text-align: center;\"><a href=\"https:\/\/wo-soll-das-hinfuehren.de\/Hauptmenue\/wp-content\/uploads\/2023\/05\/ScreenRecorderProject180.mp4\">Ausschnitt<\/a><\/h3>\n<p>&nbsp;<\/p>\n<p style=\"text-align: center;\">Mit dem nachfolgenden Video von Professor Lesch schlie\u00dft sich der Kreis. Zum Einen in Bezug zu meinen ersten S\u00e4tzen in dem Beitrag, zum Anderen ist es der erste Link in meinem Begr\u00fc\u00dfungsbeitrag [\u2026].<\/p>\n<p style=\"text-align: center;\"><strong>&#8222;<a href=\"https:\/\/www.youtube.com\/watch?v=9ZUNY7sYaf0\">Die Menschheit schafft sich ab<\/a>\u201c<\/strong><\/p>\n<p style=\"text-align: center;\">Man beachte: Dieses Video ist nun 8 Jahre alt und die Menschheit bewegt sich keinen Millimeter in eine positive Richtung [\u2026]. Fast alle Menschen wollen ein &#8222;Weiter wie bisher&#8220; [\u2026]. Was sagt das \u00fcber diese Gesellschaft aus???<\/p>\n<p>&nbsp;<\/p>\n<p style=\"text-align: center;\">Abschlie\u00dfend noch ein paar treffende Worte von Professor Schellnhuber, den ich im September 2020 kurz sprach und ihm danach Unterlagen \u00fcbergab, die ich im Main-Kinzig-Kreis an Landrat, B\u00fcrgermeister, Schulen und Kinderg\u00e4rten verteilte [\u2026].<\/p>\n<p style=\"text-align: center;\"><a href=\"https:\/\/wo-soll-das-hinfuehren.de\/Hauptmenue\/wp-content\/uploads\/2023\/12\/FB_IMG_1703234608290.jpg\"><img loading=\"lazy\" decoding=\"async\" class=\" wp-image-5523 aligncenter\" src=\"https:\/\/wo-soll-das-hinfuehren.de\/Hauptmenue\/wp-content\/uploads\/2023\/12\/FB_IMG_1703234608290-300x198.jpg\" alt=\"\" width=\"332\" height=\"219\" srcset=\"https:\/\/wo-soll-das-hinfuehren.de\/Hauptmenue\/wp-content\/uploads\/2023\/12\/FB_IMG_1703234608290-300x198.jpg 300w, https:\/\/wo-soll-das-hinfuehren.de\/Hauptmenue\/wp-content\/uploads\/2023\/12\/FB_IMG_1703234608290.jpg 720w\" sizes=\"auto, (max-width: 332px) 100vw, 332px\" \/><\/a><\/p>\n<p style=\"text-align: center;\">Wie schon erw\u00e4hnt geh\u00f6re ich nicht zu dieser Gesellschafft [\u2026].<\/p>\n<p style=\"text-align: center;\">Ich habe heute (09.10.2025) den Kommentar einer Frau auf Facebook geliked, ihr zugestimmt und diesen Screenshot von meinen News 2025 angeh\u00e4ngt:<\/p>\n<p style=\"text-align: center;\"><a href=\"https:\/\/wo-soll-das-hinfuehren.de\/Hauptmenue\/wp-content\/uploads\/2018\/02\/Screenshot_20251009_185147_Chrome.jpg\"><img loading=\"lazy\" decoding=\"async\" class=\"size-medium wp-image-6870 aligncenter\" src=\"https:\/\/wo-soll-das-hinfuehren.de\/Hauptmenue\/wp-content\/uploads\/2018\/02\/Screenshot_20251009_185147_Chrome-135x300.jpg\" alt=\"\" width=\"135\" height=\"300\" srcset=\"https:\/\/wo-soll-das-hinfuehren.de\/Hauptmenue\/wp-content\/uploads\/2018\/02\/Screenshot_20251009_185147_Chrome-135x300.jpg 135w, https:\/\/wo-soll-das-hinfuehren.de\/Hauptmenue\/wp-content\/uploads\/2018\/02\/Screenshot_20251009_185147_Chrome-461x1024.jpg 461w, https:\/\/wo-soll-das-hinfuehren.de\/Hauptmenue\/wp-content\/uploads\/2018\/02\/Screenshot_20251009_185147_Chrome-691x1536.jpg 691w, https:\/\/wo-soll-das-hinfuehren.de\/Hauptmenue\/wp-content\/uploads\/2018\/02\/Screenshot_20251009_185147_Chrome.jpg 720w\" sizes=\"auto, (max-width: 135px) 100vw, 135px\" \/><\/a><\/p>\n<p>&nbsp;<\/p>\n<ul>\n<li>Am 30.03.2026 gegoogelt:<\/li>\n<\/ul>\n<p><a href=\"https:\/\/wo-soll-das-hinfuehren.de\/Hauptmenue\/wp-content\/uploads\/2026\/03\/Screenshot_20260330_132142_Google.jpg\"><img loading=\"lazy\" decoding=\"async\" class=\"alignnone size-medium wp-image-7223\" src=\"https:\/\/wo-soll-das-hinfuehren.de\/Hauptmenue\/wp-content\/uploads\/2026\/03\/Screenshot_20260330_132142_Google-146x300.jpg\" alt=\"\" width=\"146\" height=\"300\" srcset=\"https:\/\/wo-soll-das-hinfuehren.de\/Hauptmenue\/wp-content\/uploads\/2026\/03\/Screenshot_20260330_132142_Google-146x300.jpg 146w, https:\/\/wo-soll-das-hinfuehren.de\/Hauptmenue\/wp-content\/uploads\/2026\/03\/Screenshot_20260330_132142_Google-500x1024.jpg 500w, https:\/\/wo-soll-das-hinfuehren.de\/Hauptmenue\/wp-content\/uploads\/2026\/03\/Screenshot_20260330_132142_Google.jpg 704w\" sizes=\"auto, (max-width: 146px) 100vw, 146px\" \/><\/a><\/p>\n<p>Sehr gute Analyse und Antwort der KI (K\u00fcnstliche Intelligenz):<\/p>\n<p><a href=\"https:\/\/wo-soll-das-hinfuehren.de\/Hauptmenue\/wp-content\/uploads\/2018\/02\/Notes_260330_132829.jpg\"><img loading=\"lazy\" decoding=\"async\" class=\"alignnone size-medium wp-image-7229\" src=\"https:\/\/wo-soll-das-hinfuehren.de\/Hauptmenue\/wp-content\/uploads\/2018\/02\/Notes_260330_132829-212x300.jpg\" alt=\"\" width=\"212\" height=\"300\" srcset=\"https:\/\/wo-soll-das-hinfuehren.de\/Hauptmenue\/wp-content\/uploads\/2018\/02\/Notes_260330_132829-212x300.jpg 212w, https:\/\/wo-soll-das-hinfuehren.de\/Hauptmenue\/wp-content\/uploads\/2018\/02\/Notes_260330_132829.jpg 720w\" sizes=\"auto, (max-width: 212px) 100vw, 212px\" \/><\/a><\/p>\n<p>&nbsp;<\/p>\n","protected":false},"excerpt":{"rendered":"<p>Am 08.10.2019 erstellte ich den Beitrag \u201eDie Menschheit schafft sich ab\u201c So wie es Professor Harald Lesch in seinem Buch und in dem verlinkten Video andeutet, wird es wohl leider auch bald kommen. Den meisten Menschen ist \u00fcberhaupt nicht bewusst, wie weit die Menschheit mit ihrer Umweltzerst\u00f6rung schon ist (\u2026). Und dass jeder in unserer &hellip; <a href=\"https:\/\/wo-soll-das-hinfuehren.de\/Hauptmenue\/?p=2332\" class=\"more-link\"><span class=\"screen-reader-text\">Die Menschheit schafft sich ab<\/span> weiterlesen<\/a><\/p>\n","protected":false},"author":1,"featured_media":0,"comment_status":"open","ping_status":"open","sticky":false,"template":"","format":"standard","meta":{"footnotes":""},"categories":[1],"tags":[],"class_list":["post-2332","post","type-post","status-publish","format-standard","hentry","category-allgemein"],"jetpack_featured_media_url":"","_links":{"self":[{"href":"https:\/\/wo-soll-das-hinfuehren.de\/Hauptmenue\/index.php?rest_route=\/wp\/v2\/posts\/2332","targetHints":{"allow":["GET"]}}],"collection":[{"href":"https:\/\/wo-soll-das-hinfuehren.de\/Hauptmenue\/index.php?rest_route=\/wp\/v2\/posts"}],"about":[{"href":"https:\/\/wo-soll-das-hinfuehren.de\/Hauptmenue\/index.php?rest_route=\/wp\/v2\/types\/post"}],"author":[{"embeddable":true,"href":"https:\/\/wo-soll-das-hinfuehren.de\/Hauptmenue\/index.php?rest_route=\/wp\/v2\/users\/1"}],"replies":[{"embeddable":true,"href":"https:\/\/wo-soll-das-hinfuehren.de\/Hauptmenue\/index.php?rest_route=%2Fwp%2Fv2%2Fcomments&post=2332"}],"version-history":[{"count":279,"href":"https:\/\/wo-soll-das-hinfuehren.de\/Hauptmenue\/index.php?rest_route=\/wp\/v2\/posts\/2332\/revisions"}],"predecessor-version":[{"id":7230,"href":"https:\/\/wo-soll-das-hinfuehren.de\/Hauptmenue\/index.php?rest_route=\/wp\/v2\/posts\/2332\/revisions\/7230"}],"wp:attachment":[{"href":"https:\/\/wo-soll-das-hinfuehren.de\/Hauptmenue\/index.php?rest_route=%2Fwp%2Fv2%2Fmedia&parent=2332"}],"wp:term":[{"taxonomy":"category","embeddable":true,"href":"https:\/\/wo-soll-das-hinfuehren.de\/Hauptmenue\/index.php?rest_route=%2Fwp%2Fv2%2Fcategories&post=2332"},{"taxonomy":"post_tag","embeddable":true,"href":"https:\/\/wo-soll-das-hinfuehren.de\/Hauptmenue\/index.php?rest_route=%2Fwp%2Fv2%2Ftags&post=2332"}],"curies":[{"name":"wp","href":"https:\/\/api.w.org\/{rel}","templated":true}]}}