{"id":286,"date":"2018-03-08T12:50:44","date_gmt":"2018-03-08T12:50:44","guid":{"rendered":"http:\/\/wo-soll-das-hinfuehren.de\/Hauptmenue\/?p=286"},"modified":"2022-01-03T17:24:21","modified_gmt":"2022-01-03T17:24:21","slug":"plaedoyer","status":"publish","type":"post","link":"https:\/\/wo-soll-das-hinfuehren.de\/Hauptmenue\/?p=286","title":{"rendered":"Pl\u00e4doyer"},"content":{"rendered":"<p style=\"text-align: center;\"><span style=\"color: #008000;\"><strong>Ich appelliere an Ihren Verstand und Ihr Gewissen!<\/strong><\/span><\/p>\n<p style=\"text-align: center;\"><span style=\"color: #008000;\"><strong>\u00dcbernehmen Sie bitte Verantwortung f\u00fcr Ihr Tun!<\/strong><\/span><\/p>\n<p style=\"text-align: center;\"><span style=\"color: #008000;\"><strong>Wir haben nicht das Recht durch Egoismus, Unwissenheit und Unvernunft die Natur zu zerst\u00f6ren und damit unseren Kindern und Enkelkindern eine Zukunft zu nehmen!<\/strong><\/span><\/p>\n<p style=\"text-align: center;\"><span style=\"color: #008000;\"><strong>Eine wachsende Weltbev\u00f6lkerung ist alleine schon ein Problem.<br \/>\n<\/strong><\/span><\/p>\n<p style=\"text-align: center;\"><span style=\"color: #008000;\"><strong>Wenn sich immer mehr Menschen so verhalten als g\u00e4be es alles im \u00dcberfluss und als w\u00e4re die Natur unzerst\u00f6rbar wird unser Weg in einer Sackgasse enden.<\/strong><\/span><\/p>\n<p style=\"text-align: center;\"><span style=\"color: #008000;\"><strong>Wir k\u00f6nnen die traurigen Fakten auch weiter sch\u00f6nreden und ignorieren bis uns die Natur einen Schlussstrich zieht oder wir k\u00f6nnen anfangen uns f\u00fcr eine intakte Natur und f\u00fcr eine Zukunft einzusetzen \u2026<\/strong><\/span><\/p>\n<p style=\"text-align: center;\"><span style=\"color: #008000;\"><strong>Nat\u00fcrlich brauchen wir auch strengere Umweltgesetze&#8230; aber die werden nicht ausreichen um die Klimakatastrophe und eine Umweltkatastrophe zu verhindern&#8230;<\/strong><\/span><\/p>\n<p style=\"text-align: center;\"><a href=\"http:\/\/wo-soll-das-hinfuehren.de\/Hauptmenue\/wp-content\/uploads\/2019\/04\/20190419_121538-neu-1.jpg\"><img loading=\"lazy\" decoding=\"async\" class=\" wp-image-1352 aligncenter\" src=\"http:\/\/wo-soll-das-hinfuehren.de\/Hauptmenue\/wp-content\/uploads\/2019\/04\/20190419_121538-neu-1-300x225.jpg\" alt=\"\" width=\"427\" height=\"320\" srcset=\"https:\/\/wo-soll-das-hinfuehren.de\/Hauptmenue\/wp-content\/uploads\/2019\/04\/20190419_121538-neu-1-300x225.jpg 300w, https:\/\/wo-soll-das-hinfuehren.de\/Hauptmenue\/wp-content\/uploads\/2019\/04\/20190419_121538-neu-1-768x576.jpg 768w, https:\/\/wo-soll-das-hinfuehren.de\/Hauptmenue\/wp-content\/uploads\/2019\/04\/20190419_121538-neu-1-1024x768.jpg 1024w\" sizes=\"auto, (max-width: 427px) 100vw, 427px\" \/><\/a><\/p>\n<p style=\"text-align: center;\"><span style=\"color: #008000;\"><strong>&#8230;.\u2026\u2026. NACHHALTIG DENKEN und HANDELN sollte unsere Lebensphilosophie sein und das sch\u00f6ne ist, wir m\u00fcssen nicht auf unsere Politiker warten, wie es viele denken.<br \/>\n<\/strong><\/span><\/p>\n<p style=\"text-align: center;\"><span style=\"color: #008000;\"><strong>Jeder von uns kann und sollte gleich damit anfangen GUTES ZU TUN! (Siehe Beitrag &#8220; <a href=\"http:\/\/wo-soll-das-hinfuehren.de\/Hauptmenue\/?p=125\">GUTES TUN<\/a> &#8222;)<\/strong> <\/span><\/p>\n<p style=\"text-align: center;\"><a href=\"https:\/\/www.mdr.de\/video\/mdr-videos\/d\/video-142134.html\"><strong>Der \u00f6kologische Fu\u00dfabdruck der Menschen<\/strong><\/a><\/p>\n<p style=\"text-align: center;\"><strong><a href=\"https:\/\/www.fussabdruck.de\/\">ZUM FUSSABDRUCKRECHNER<\/a><\/strong><\/p>\n<p style=\"text-align: center;\"><span style=\"color: #ff0000;\"><strong>Die Menschen in Deutschland ben\u00f6tigen im Durchschnitt 3 Erden f\u00fcr ihre aktuelle Lebensweise und produzieren statt der erlaubten 1 Tonne CO2 im Jahr 11 Tonnen CO2.<\/strong><\/span><\/p>\n<p style=\"text-align: center;\"><strong><span style=\"color: #008000;\">&#8220; Mutter Natur &#8220; macht durch den Klimawandel und das Artensterben nun ihre Rechnung auf und die Buchung der n\u00e4chsten Flug- oder Schiffsreise oder der Kauf eines SUV wird sicher nicht der richtige Ansatz sein um die bevorstehenden Probleme unserer Nachkommen zu verhindern &#8230;.<\/span><\/strong><\/p>\n<p style=\"text-align: center;\"><span style=\"color: #ff0000;\"><strong>Wir haben unsere Erde in den letzten 60 Jahren um 1,1 Grad erw\u00e4rmt.<br \/>\n<\/strong><\/span><\/p>\n<p style=\"text-align: center;\"><strong><span style=\"color: #008000;\">Die Berichte von Unwettern in den letzten Tagen zeigen die Auswirkungen unserer aktuellen Denk- und Lebensweise. Das was wir nun sehen, f\u00fchlen und immer mehr Menschen erleben,\u00a0 ist trauriger Weise erst ein kleiner Vorgeschmack auf dessen, was die n\u00e4chsten Jahre auf uns und unsere Nachkommen zu kommt \u2026 .\u00a0 .<\/span><\/strong><\/p>\n<h4 style=\"text-align: center;\"><span style=\"color: #008000;\"><strong>HERZLICHEN DANK<br \/>\n<\/strong><\/span><\/h4>\n<p style=\"text-align: center;\"><span style=\"color: #008000;\"><strong>Werner Kohn<\/strong><\/span><\/p>\n<p style=\"text-align: center;\">\n","protected":false},"excerpt":{"rendered":"<p>Ich appelliere an Ihren Verstand und Ihr Gewissen! \u00dcbernehmen Sie bitte Verantwortung f\u00fcr Ihr Tun! Wir haben nicht das Recht durch Egoismus, Unwissenheit und Unvernunft die Natur zu zerst\u00f6ren und damit unseren Kindern und Enkelkindern eine Zukunft zu nehmen! Eine wachsende Weltbev\u00f6lkerung ist alleine schon ein Problem. Wenn sich immer mehr Menschen so verhalten als &hellip; <a href=\"https:\/\/wo-soll-das-hinfuehren.de\/Hauptmenue\/?p=286\" class=\"more-link\"><span class=\"screen-reader-text\">Pl\u00e4doyer<\/span> weiterlesen<\/a><\/p>\n","protected":false},"author":1,"featured_media":0,"comment_status":"open","ping_status":"open","sticky":false,"template":"","format":"standard","meta":{"footnotes":""},"categories":[1],"tags":[],"class_list":["post-286","post","type-post","status-publish","format-standard","hentry","category-allgemein"],"jetpack_featured_media_url":"","_links":{"self":[{"href":"https:\/\/wo-soll-das-hinfuehren.de\/Hauptmenue\/index.php?rest_route=\/wp\/v2\/posts\/286","targetHints":{"allow":["GET"]}}],"collection":[{"href":"https:\/\/wo-soll-das-hinfuehren.de\/Hauptmenue\/index.php?rest_route=\/wp\/v2\/posts"}],"about":[{"href":"https:\/\/wo-soll-das-hinfuehren.de\/Hauptmenue\/index.php?rest_route=\/wp\/v2\/types\/post"}],"author":[{"embeddable":true,"href":"https:\/\/wo-soll-das-hinfuehren.de\/Hauptmenue\/index.php?rest_route=\/wp\/v2\/users\/1"}],"replies":[{"embeddable":true,"href":"https:\/\/wo-soll-das-hinfuehren.de\/Hauptmenue\/index.php?rest_route=%2Fwp%2Fv2%2Fcomments&post=286"}],"version-history":[{"count":59,"href":"https:\/\/wo-soll-das-hinfuehren.de\/Hauptmenue\/index.php?rest_route=\/wp\/v2\/posts\/286\/revisions"}],"predecessor-version":[{"id":3549,"href":"https:\/\/wo-soll-das-hinfuehren.de\/Hauptmenue\/index.php?rest_route=\/wp\/v2\/posts\/286\/revisions\/3549"}],"wp:attachment":[{"href":"https:\/\/wo-soll-das-hinfuehren.de\/Hauptmenue\/index.php?rest_route=%2Fwp%2Fv2%2Fmedia&parent=286"}],"wp:term":[{"taxonomy":"category","embeddable":true,"href":"https:\/\/wo-soll-das-hinfuehren.de\/Hauptmenue\/index.php?rest_route=%2Fwp%2Fv2%2Fcategories&post=286"},{"taxonomy":"post_tag","embeddable":true,"href":"https:\/\/wo-soll-das-hinfuehren.de\/Hauptmenue\/index.php?rest_route=%2Fwp%2Fv2%2Ftags&post=286"}],"curies":[{"name":"wp","href":"https:\/\/api.w.org\/{rel}","templated":true}]}}