{"id":2912,"date":"2018-02-01T19:20:04","date_gmt":"2018-02-01T19:20:04","guid":{"rendered":"https:\/\/wo-soll-das-hinfuehren.de\/Hauptmenue\/?p=2912"},"modified":"2026-03-16T11:53:09","modified_gmt":"2026-03-16T11:53:09","slug":"fakten-basiswissen-und-aktuelles-zum-klimawandel","status":"publish","type":"post","link":"https:\/\/wo-soll-das-hinfuehren.de\/Hauptmenue\/?p=2912","title":{"rendered":"Fakten, Basiswissen und aktuelle Infos zum Klimawandel"},"content":{"rendered":"<p>Unter den nachfolgenden Links k\u00f6nnen Sie sich zum Thema Klimawandel informieren. Fakten statt Behauptungen.<\/p>\n<h4 style=\"text-align: center;\"><span style=\"color: #008000;\"><em><strong>Links bitte anklicken<\/strong><\/em><\/span><\/h4>\n<p>&nbsp;<\/p>\n<ul>\n<li>Text und Grafik aus meinen News 2025 von der Deutschen Physikalischen Gesellschaft:<\/li>\n<\/ul>\n<p><a href=\"https:\/\/wo-soll-das-hinfuehren.de\/Hauptmenue\/wp-content\/uploads\/2018\/03\/FB_IMG_1759901128570.jpg\"><img loading=\"lazy\" decoding=\"async\" class=\"alignnone wp-image-6842\" src=\"https:\/\/wo-soll-das-hinfuehren.de\/Hauptmenue\/wp-content\/uploads\/2018\/03\/FB_IMG_1759901128570-300x238.jpg\" alt=\"\" width=\"335\" height=\"266\" srcset=\"https:\/\/wo-soll-das-hinfuehren.de\/Hauptmenue\/wp-content\/uploads\/2018\/03\/FB_IMG_1759901128570-300x238.jpg 300w, https:\/\/wo-soll-das-hinfuehren.de\/Hauptmenue\/wp-content\/uploads\/2018\/03\/FB_IMG_1759901128570.jpg 690w\" sizes=\"auto, (max-width: 335px) 100vw, 335px\" \/><\/a><\/p>\n<p>&nbsp;<\/p>\n<ul>\n<li>Grafik aus meinen News 2023:<\/li>\n<\/ul>\n<p><a href=\"https:\/\/wo-soll-das-hinfuehren.de\/Hauptmenue\/wp-content\/uploads\/2023\/12\/FB_IMG_1701514140484.jpg\"><img loading=\"lazy\" decoding=\"async\" class=\"alignnone wp-image-5436\" src=\"https:\/\/wo-soll-das-hinfuehren.de\/Hauptmenue\/wp-content\/uploads\/2023\/12\/FB_IMG_1701514140484-300x138.jpg\" alt=\"\" width=\"328\" height=\"151\" srcset=\"https:\/\/wo-soll-das-hinfuehren.de\/Hauptmenue\/wp-content\/uploads\/2023\/12\/FB_IMG_1701514140484-300x138.jpg 300w, https:\/\/wo-soll-das-hinfuehren.de\/Hauptmenue\/wp-content\/uploads\/2023\/12\/FB_IMG_1701514140484.jpg 720w\" sizes=\"auto, (max-width: 328px) 100vw, 328px\" \/><\/a><\/p>\n<p>&nbsp;<\/p>\n<ul>\n<li>\n<h4><a href=\"https:\/\/youtu.be\/xWWXD_NKpHs?si=gWu1BP78lBc63gcI\">Prof. Harald Lesch: Das Klima: Stand der Dinge<\/a><\/h4>\n<\/li>\n<\/ul>\n<p>&nbsp;<\/p>\n<ul>\n<li><a href=\"https:\/\/youtu.be\/eI8L3wV3pBo?si=Xdc2axUM-e1F4OWw\"><strong>UBA-Erkl\u00e4rfilm: Treibhausgase und Treibhauseffekt<\/strong><\/a><\/li>\n<\/ul>\n<p>&nbsp;<\/p>\n<ul>\n<li><strong><a href=\"https:\/\/www.umweltbundesamt.de\/themen\/klimaneutral-leben-im-alltag\">Eine Tonne CO2 im Jahr &#8211; Umweltbundesamt<\/a><\/strong><\/li>\n<\/ul>\n<p>Bitte den Erkl\u00e4rfilm anschauen.<\/p>\n<p>&nbsp;<\/p>\n<ul>\n<li>Vom 06.02.2026:<\/li>\n<\/ul>\n<p><a href=\"https:\/\/wo-soll-das-hinfuehren.de\/Hauptmenue\/wp-content\/uploads\/2018\/03\/Screenshot_20260121_123308_Google.jpg\"><img loading=\"lazy\" decoding=\"async\" class=\"alignnone wp-image-7067\" src=\"https:\/\/wo-soll-das-hinfuehren.de\/Hauptmenue\/wp-content\/uploads\/2018\/03\/Screenshot_20260121_123308_Google-135x300.jpg\" alt=\"\" width=\"153\" height=\"340\" srcset=\"https:\/\/wo-soll-das-hinfuehren.de\/Hauptmenue\/wp-content\/uploads\/2018\/03\/Screenshot_20260121_123308_Google-135x300.jpg 135w, https:\/\/wo-soll-das-hinfuehren.de\/Hauptmenue\/wp-content\/uploads\/2018\/03\/Screenshot_20260121_123308_Google-461x1024.jpg 461w, https:\/\/wo-soll-das-hinfuehren.de\/Hauptmenue\/wp-content\/uploads\/2018\/03\/Screenshot_20260121_123308_Google-691x1536.jpg 691w, https:\/\/wo-soll-das-hinfuehren.de\/Hauptmenue\/wp-content\/uploads\/2018\/03\/Screenshot_20260121_123308_Google.jpg 720w\" sizes=\"auto, (max-width: 153px) 100vw, 153px\" \/><\/a><\/p>\n<p>&nbsp;<\/p>\n<ul>\n<li><a href=\"https:\/\/youtu.be\/I8NPkZ9zbXo\"><strong>Dr. Mark Benecke &#8211; Neue Umwelt-Messungen (Fr\u00fchjahr 2026): Time is up<\/strong><\/a><\/li>\n<\/ul>\n<p>&nbsp;<\/p>\n<ul>\n<li>Es w\u00e4re schon fast sch\u00f6n, wenn es &#8222;nur&#8220; das CO2 Problem g\u00e4be. Es sind nun bereits 7 von 9 planetaren Grenzen \u00fcberschritten.<\/li>\n<\/ul>\n<p><a href=\"https:\/\/wo-soll-das-hinfuehren.de\/Hauptmenue\/wp-content\/uploads\/2018\/02\/Planetare-Grenzen-neu.png\"><img loading=\"lazy\" decoding=\"async\" class=\"alignnone wp-image-6762\" src=\"https:\/\/wo-soll-das-hinfuehren.de\/Hauptmenue\/wp-content\/uploads\/2018\/02\/Planetare-Grenzen-neu-300x169.png\" alt=\"\" width=\"343\" height=\"193\" srcset=\"https:\/\/wo-soll-das-hinfuehren.de\/Hauptmenue\/wp-content\/uploads\/2018\/02\/Planetare-Grenzen-neu-300x169.png 300w, https:\/\/wo-soll-das-hinfuehren.de\/Hauptmenue\/wp-content\/uploads\/2018\/02\/Planetare-Grenzen-neu-1024x576.png 1024w, https:\/\/wo-soll-das-hinfuehren.de\/Hauptmenue\/wp-content\/uploads\/2018\/02\/Planetare-Grenzen-neu-768x432.png 768w, https:\/\/wo-soll-das-hinfuehren.de\/Hauptmenue\/wp-content\/uploads\/2018\/02\/Planetare-Grenzen-neu-1536x864.png 1536w, https:\/\/wo-soll-das-hinfuehren.de\/Hauptmenue\/wp-content\/uploads\/2018\/02\/Planetare-Grenzen-neu.png 1920w\" sizes=\"auto, (max-width: 343px) 100vw, 343px\" \/><\/a><\/p>\n<p>&nbsp;<\/p>\n<ul>\n<li><a href=\"https:\/\/youtu.be\/28AntN3eOo0?si=LUHjbsBmrACE2Xkh\"><strong>Woher wissen wir, wie hoch der CO2-Gehalt in der Vergangenheit war?<\/strong> <\/a><\/li>\n<\/ul>\n<p>&nbsp;<\/p>\n<ul>\n<li><a href=\"https:\/\/youtu.be\/Kpvd4QdetOs\"><strong>Die unfaire Wahrheit hinter der Erderw\u00e4rmung | Harald Lesch | Terra X Lesch &amp; Co<\/strong><\/a><\/li>\n<\/ul>\n<p>&nbsp;<\/p>\n<ul>\n<li><a href=\"https:\/\/youtu.be\/mP2XSqBoPVM\"><strong>So geht es nicht weiter | Harald Lesch | Terra X Lesch &amp; Co<\/strong><\/a><\/li>\n<\/ul>\n<p>&nbsp;<\/p>\n<ul>\n<li><a href=\"https:\/\/taz.de\/Unwiderrufliche-Erderhitzung\/!6153691\/\"><strong>Unwiderrufliche Erderhitzung<\/strong><\/a><\/li>\n<\/ul>\n<p>&nbsp;<\/p>\n<ul>\n<li>Mehrfach auf der Webseite verlinkt:<\/li>\n<\/ul>\n<p><strong><a href=\"https:\/\/www.klimareporter.de\/erdsystem\/tausende-forschende-warnen-erneut-vor-unermesslichem-leid-durch-die-klimakrise\">Klimanotstand erneut ausgerufen 28. Juli 2021 &#8211; Tausende Forschende warnen erneut vor &#8222;unermesslichem Leid&#8220; durch die Klimakrise<\/a><\/strong><\/p>\n<p>&nbsp;<\/p>\n<ul>\n<li><strong><a href=\"https:\/\/noe.orf.at\/stories\/3064031\/\">\u201eDie Klimakrise ist nicht mehr aufzuhalten\u201c<\/a><\/strong><\/li>\n<\/ul>\n<p>&nbsp;<\/p>\n<ul>\n<li>Dieser Zeitungsartikel erschien im Sommer 2023 in einer \u00f6sterreichischen Zeitung:<\/li>\n<\/ul>\n<p><a href=\"https:\/\/wo-soll-das-hinfuehren.de\/Hauptmenue\/wp-content\/uploads\/2023\/09\/FB_IMG_1693378417662.jpg\"><img loading=\"lazy\" decoding=\"async\" class=\"alignnone wp-image-5275\" src=\"https:\/\/wo-soll-das-hinfuehren.de\/Hauptmenue\/wp-content\/uploads\/2023\/09\/FB_IMG_1693378417662-64x300.jpg\" alt=\"\" width=\"84\" height=\"394\" \/><\/a><\/p>\n<p>&nbsp;<\/p>\n<ul>\n<li><strong><a href=\"https:\/\/www.youtube.com\/live\/Qc-sOvdUSQI?si=odmBCEGE6kF30bmy\">Von nat\u00fcrlichen und sozialen Kipppunkten | #visionsforclimate mit Harald Lesch &amp; Cecilia Scorza <\/a><\/strong><\/li>\n<\/ul>\n<p>Ausschnitt:<\/p>\n<div style=\"width: 660px;\" class=\"wp-video\"><video class=\"wp-video-shortcode\" id=\"video-2912-1\" width=\"660\" height=\"369\" preload=\"metadata\" controls=\"controls\"><source type=\"video\/mp4\" src=\"https:\/\/wo-soll-das-hinfuehren.de\/Hauptmenue\/wp-content\/uploads\/2018\/02\/ScreenRecorderProject194_cut_001.mp4?_=1\" \/><a href=\"https:\/\/wo-soll-das-hinfuehren.de\/Hauptmenue\/wp-content\/uploads\/2018\/02\/ScreenRecorderProject194_cut_001.mp4\">https:\/\/wo-soll-das-hinfuehren.de\/Hauptmenue\/wp-content\/uploads\/2018\/02\/ScreenRecorderProject194_cut_001.mp4<\/a><\/video><\/div>\n<p>Link Ausschnitt:\u00a0<strong><a href=\"https:\/\/wo-soll-das-hinfuehren.de\/Hauptmenue\/wp-content\/uploads\/2018\/02\/ScreenRecorderProject194_cut_001.mp4\">Professor Seiffert<\/a><\/strong><\/p>\n<p>&nbsp;<\/p>\n<ul>\n<li>Aus meinen News 2024:<\/li>\n<\/ul>\n<p><a href=\"https:\/\/youtu.be\/ZxT-CqlT1YY?si=nrX4NzpFFZJluShQ\"><strong>Klimapolitik-Experte Reinhard Steurer \u00fcber Schein-Klimaschutz<\/strong><\/a><\/p>\n<p><a href=\"https:\/\/wo-soll-das-hinfuehren.de\/Hauptmenue\/wp-content\/uploads\/2024\/02\/FB_IMG_1701776328465.jpg\"><img loading=\"lazy\" decoding=\"async\" class=\"alignnone size-medium wp-image-5655\" src=\"https:\/\/wo-soll-das-hinfuehren.de\/Hauptmenue\/wp-content\/uploads\/2024\/02\/FB_IMG_1701776328465-253x300.jpg\" alt=\"\" width=\"253\" height=\"300\" srcset=\"https:\/\/wo-soll-das-hinfuehren.de\/Hauptmenue\/wp-content\/uploads\/2024\/02\/FB_IMG_1701776328465-253x300.jpg 253w, https:\/\/wo-soll-das-hinfuehren.de\/Hauptmenue\/wp-content\/uploads\/2024\/02\/FB_IMG_1701776328465.jpg 720w\" sizes=\"auto, (max-width: 253px) 100vw, 253px\" \/><\/a><\/p>\n<p>&nbsp;<\/p>\n<ul>\n<li>Erkenntnisse von Professor Speth. Er ist Jahrgang 1942.<\/li>\n<\/ul>\n<p><a href=\"https:\/\/wo-soll-das-hinfuehren.de\/Hauptmenue\/wp-content\/uploads\/2023\/04\/FB_IMG_1681744938091.jpg\"><img loading=\"lazy\" decoding=\"async\" class=\"alignnone size-medium wp-image-5082\" src=\"https:\/\/wo-soll-das-hinfuehren.de\/Hauptmenue\/wp-content\/uploads\/2023\/04\/FB_IMG_1681744938091-300x295.jpg\" alt=\"\" width=\"300\" height=\"295\" srcset=\"https:\/\/wo-soll-das-hinfuehren.de\/Hauptmenue\/wp-content\/uploads\/2023\/04\/FB_IMG_1681744938091-300x295.jpg 300w, https:\/\/wo-soll-das-hinfuehren.de\/Hauptmenue\/wp-content\/uploads\/2023\/04\/FB_IMG_1681744938091.jpg 720w\" sizes=\"auto, (max-width: 300px) 100vw, 300px\" \/><\/a><\/p>\n<p>&nbsp;<\/p>\n<ul>\n<li>Meine Frage am 09.02.2026: Treten die Auswirkungen der Klima- und Umweltkatastrophe verz\u00f6gert ein?<\/li>\n<\/ul>\n<p><a href=\"https:\/\/wo-soll-das-hinfuehren.de\/Hauptmenue\/wp-content\/uploads\/2018\/03\/Notes_260209_170652.jpg\"><img loading=\"lazy\" decoding=\"async\" class=\"alignnone size-medium wp-image-7097\" src=\"https:\/\/wo-soll-das-hinfuehren.de\/Hauptmenue\/wp-content\/uploads\/2018\/03\/Notes_260209_170652-212x300.jpg\" alt=\"\" width=\"212\" height=\"300\" srcset=\"https:\/\/wo-soll-das-hinfuehren.de\/Hauptmenue\/wp-content\/uploads\/2018\/03\/Notes_260209_170652-212x300.jpg 212w, https:\/\/wo-soll-das-hinfuehren.de\/Hauptmenue\/wp-content\/uploads\/2018\/03\/Notes_260209_170652-724x1024.jpg 724w, https:\/\/wo-soll-das-hinfuehren.de\/Hauptmenue\/wp-content\/uploads\/2018\/03\/Notes_260209_170652-768x1086.jpg 768w, https:\/\/wo-soll-das-hinfuehren.de\/Hauptmenue\/wp-content\/uploads\/2018\/03\/Notes_260209_170652.jpg 1080w\" sizes=\"auto, (max-width: 212px) 100vw, 212px\" \/><\/a><\/p>\n<p>&nbsp;<\/p>\n<ul>\n<li>Wann erkannte man, dass immer mehr CO2 in der Atmosph\u00e4re den Planeten aufheizt? Die Antwort am 13.02.2026:<\/li>\n<\/ul>\n<p><a href=\"https:\/\/wo-soll-das-hinfuehren.de\/Hauptmenue\/wp-content\/uploads\/2018\/02\/Screenshot_20260213_215058_Google.jpg\"><img loading=\"lazy\" decoding=\"async\" class=\"alignnone size-medium wp-image-7167\" src=\"https:\/\/wo-soll-das-hinfuehren.de\/Hauptmenue\/wp-content\/uploads\/2018\/02\/Screenshot_20260213_215058_Google-135x300.jpg\" alt=\"\" width=\"135\" height=\"300\" srcset=\"https:\/\/wo-soll-das-hinfuehren.de\/Hauptmenue\/wp-content\/uploads\/2018\/02\/Screenshot_20260213_215058_Google-135x300.jpg 135w, https:\/\/wo-soll-das-hinfuehren.de\/Hauptmenue\/wp-content\/uploads\/2018\/02\/Screenshot_20260213_215058_Google-461x1024.jpg 461w, https:\/\/wo-soll-das-hinfuehren.de\/Hauptmenue\/wp-content\/uploads\/2018\/02\/Screenshot_20260213_215058_Google-691x1536.jpg 691w, https:\/\/wo-soll-das-hinfuehren.de\/Hauptmenue\/wp-content\/uploads\/2018\/02\/Screenshot_20260213_215058_Google.jpg 720w\" sizes=\"auto, (max-width: 135px) 100vw, 135px\" \/><\/a><\/p>\n<p>&nbsp;<\/p>\n<p>&nbsp;<\/p>\n<ul>\n<li><span style=\"color: #0000ff;\"><strong><a style=\"color: #0000ff;\" href=\"https:\/\/youtu.be\/R7qwsiKCvwY\">Erste Weltklimakonferenz 1979<\/a><\/strong><\/span><\/li>\n<\/ul>\n<p>&nbsp;<\/p>\n<ul>\n<li>Interview von Professor Schellnhuber am 06.12.2023:<\/li>\n<\/ul>\n<p><strong><a href=\"https:\/\/youtu.be\/CjwV0zlHxOo?si=NQ8UcOkgXfPR8RrE\"><span style=\"color: #0000ff;\">Interview<\/span> <\/a><\/strong><\/p>\n<p>&nbsp;<\/p>\n<ul>\n<li style=\"list-style-type: none;\"><\/li>\n<li><a href=\"https:\/\/www.nachdenkseiten.de\/?p=55110#more-55110\"><strong><span style=\"color: #0000ff;\">Das Thema Klimawandel ist nicht neu<\/span><\/strong><\/a><\/li>\n<\/ul>\n<p>&nbsp;<\/p>\n<ul>\n<li><strong><a href=\"https:\/\/www.zdf.de\/dokumentation\/dokumentation-sonstige\/querschnitt-die-balance-der-biosphaere-100.html\"><span style=\"color: #0000ff;\">&#8222;Der Ast, auf dem wir sitzen&#8220;\u00a0 Teil 1 und Teil 2<\/span> <\/a><\/strong><\/li>\n<\/ul>\n<p>&nbsp;<\/p>\n<ul>\n<li><a href=\"https:\/\/youtu.be\/OAoPkVfeTo0\"><span style=\"color: #0000ff;\"><strong>Bundespressekonferenz: &#8222;Scientists for Future&#8220; zu den Protesten f\u00fcr mehr Klimaschutz &#8211; 12. M\u00e4rz 2019 &#8211; Dr. Eckart von Hirschhausen zum Thema &#8222;Wachstum&#8220;<\/strong><\/span><\/a><\/li>\n<\/ul>\n<p><a href=\"https:\/\/wo-soll-das-hinfuehren.de\/Hauptmenue\/wp-content\/uploads\/2023\/12\/FB_IMG_1702446829768.jpg\"><img loading=\"lazy\" decoding=\"async\" class=\"alignnone size-medium wp-image-5519\" src=\"https:\/\/wo-soll-das-hinfuehren.de\/Hauptmenue\/wp-content\/uploads\/2023\/12\/FB_IMG_1702446829768-272x300.jpg\" alt=\"\" width=\"272\" height=\"300\" srcset=\"https:\/\/wo-soll-das-hinfuehren.de\/Hauptmenue\/wp-content\/uploads\/2023\/12\/FB_IMG_1702446829768-272x300.jpg 272w, https:\/\/wo-soll-das-hinfuehren.de\/Hauptmenue\/wp-content\/uploads\/2023\/12\/FB_IMG_1702446829768.jpg 720w\" sizes=\"auto, (max-width: 272px) 100vw, 272px\" \/><\/a><\/p>\n<p>&nbsp;<\/p>\n<ul>\n<li><span style=\"color: #0000ff;\"><strong><a style=\"color: #0000ff;\" href=\"https:\/\/m.youtube.com\/watch?v=0zDII7z1C3A&amp;t=569s#dialog\">Prof. Stefan Rahmstorf: Die untersch\u00e4tzte Klimakrise 17.12.2021<\/a><\/strong><\/span><\/li>\n<\/ul>\n<p>&nbsp;<\/p>\n<ul>\n<li><strong><a href=\"https:\/\/www.umweltbundesamt.de\/presse\/pressemitteilungen\/neue-analyse-zeigt-risiken-der-erderhitzung-fuer\">Umweltbundesamt &#8211; Neue Analyse zeigt Risiken der Erderhitzung f\u00fcr Deutschland<\/a><\/strong><\/li>\n<\/ul>\n<p>&nbsp;<\/p>\n<ul>\n<li><strong><a href=\"https:\/\/www.umweltbundesamt.de\/themen\/klima-energie\/klimawandel\/zu-erwartende-klimaaenderungen-bis-2100\">Umweltbundesamt &#8211; Zu erwartende Klima\u00e4nderungen bis 2100<\/a><\/strong><\/li>\n<\/ul>\n<p>&nbsp;<\/p>\n<ul>\n<li><strong><a href=\"https:\/\/www.klimafakten.de\/\">Klimafakten<\/a><\/strong><\/li>\n<\/ul>\n<p>&nbsp;<\/p>\n<ul>\n<li><strong><a href=\"https:\/\/scilogs.spektrum.de\/klimalounge\/\">Spektrum &#8211; Klimalounge<\/a><\/strong><\/li>\n<\/ul>\n<p>&nbsp;<\/p>\n<ul>\n<li><strong><a href=\"http:\/\/nachhaltig-sein.info\/privatpersonen-nachhaltigkeit\/nachhaltigkeit-allein-taten-sind-gefragt\">&#8222;NACHHALTIG-SEIN.info\u201c.<\/a><\/strong><\/li>\n<\/ul>\n<p><strong><span style=\"color: green;\">Nachhaltig-sein.info wurde von den Vereinten Nationen (UN) f\u00fcr ihre Bem\u00fchungen ausgezeichnet.<\/span><\/strong><\/p>\n<p><span style=\"color: green;\">(Zu finden auf deren Seite unter: Neuigkeiten \u2013 letzter Beitrag)<\/span><\/p>\n<p>&nbsp;<\/p>\n<ul>\n<li><span style=\"color: #ff0000;\"><strong><a style=\"color: #ff0000;\" href=\"https:\/\/utopia.de\/app\/uploads\/2018\/08\/earth-overshoot-day-2019-grafik-2-z-global-footprint-network-www.footprintnetwork.org-190725.jpg\">So viele Erden br\u00e4uchten wir&#8230;<\/a><\/strong><\/span><\/li>\n<\/ul>\n<p>&nbsp;<\/p>\n<ul>\n<li><span style=\"color: #ff0000;\"><strong><a style=\"color: #ff0000;\" href=\"https:\/\/youtu.be\/hs80-2sb3Ik\">Der \u00f6kologische Fu\u00dfabdruck &#8211; Eine Erde ist zu wenig<\/a><\/strong><\/span><\/li>\n<\/ul>\n<p>&nbsp;<\/p>\n<ul>\n<li><strong><a href=\"https:\/\/www.umweltbundesamt.de\/umwelttipps-fuer-den-alltag\/mobilitaet\/flugreisen#unsere-tipps\">Umweltbundesamt &#8211; Fliegen ist die klimasch\u00e4dlichste Art sich fortzubewegen.<\/a><\/strong><\/li>\n<\/ul>\n<p>&nbsp;<\/p>\n<ul>\n<li><span style=\"color: #ff0000;\"><strong><a style=\"color: #ff0000;\" href=\"https:\/\/www.google.com\/url?sa=t&amp;rct=j&amp;q=&amp;esrc=s&amp;source=web&amp;cd=&amp;cad=rja&amp;uact=8&amp;ved=2ahUKEwixi9ql26mAAxUR_7sIHZUtDgoQwqsBegQIDRAG&amp;url=https%3A%2F%2Fwww.youtube.com%2Fwatch%3Fv%3DqXAEseBheWs&amp;usg=AOvVaw0x5cKWsNRFnS_cLRiuIYev&amp;opi=89978449\">Umweltbundesamt-Erkl\u00e4rfilm: Flugreisen und Klimawirkung<\/a><\/strong><\/span><\/li>\n<\/ul>\n<p>&nbsp;<\/p>\n<ul>\n<li><strong><a href=\"https:\/\/www.dw.com\/de\/die-hitzewelle-bringt-uns-um\/a-44724369\">Die Hitzewelle bringt uns um<\/a><\/strong><\/li>\n<\/ul>\n<p>&nbsp;<\/p>\n<ul>\n<li><span style=\"color: #0000ff;\"><strong><a style=\"color: #0000ff;\" href=\"https:\/\/taz.de\/Klimaziele-und-Wirtschaftswachstum\/!5718595\/\">WIRTSCHAFTSWACHSTUM<\/a><\/strong><\/span><\/li>\n<li><span style=\"color: #993366;\"><strong><a style=\"color: #993366;\" href=\"https:\/\/wo-soll-das-hinfuehren.de\/Hauptmenue\/?p=27\">WIRTSCHAFTSWACHSTUM \/ KLIMAKRISE<\/a><\/strong><\/span><\/li>\n<li><strong><a href=\"https:\/\/peds-ansichten.de\/2016\/07\/die-luege-vom-ewigen-wirtschaftswachstum\/\">Die L\u00fcge vom ewigen Wirtschaftswachstum<\/a><\/strong><\/li>\n<\/ul>\n<p>&nbsp;<\/p>\n<ul>\n<li><strong><a href=\"https:\/\/www.umweltbundesamt.de\/themen\/wirtschaft-konsum\/nachhaltiger-tourismus#bedeutung-des-tourismus\">Tourismusaktivit\u00e4ten haben Folgen f\u00fcr die Umwelt <\/a><\/strong><\/li>\n<\/ul>\n<p>&nbsp;<\/p>\n<div align=\"center\">\n<p style=\"text-align: center;\"><strong><a id=\"ebsr5556uh\" href=\"https:\/\/www.besucherzaehler-kostenlos.de\">besucherzaehler-kostenlos.de<\/a><script language=\"JavaScript\" src=\"https:\/\/www.besucherzaehler-kostenlos.de\/js\/counter.js.php?count=1&#038;id=Z5uw93MPVv&#038;start=7863&#038;design=2d\"><\/script><\/strong><\/p>\n<\/div>\n","protected":false},"excerpt":{"rendered":"<p>Unter den nachfolgenden Links k\u00f6nnen Sie sich zum Thema Klimawandel informieren. Fakten statt Behauptungen. Links bitte anklicken &nbsp; Text und Grafik aus meinen News 2025 von der Deutschen Physikalischen Gesellschaft: &nbsp; Grafik aus meinen News 2023: &nbsp; Prof. Harald Lesch: Das Klima: Stand der Dinge &nbsp; UBA-Erkl\u00e4rfilm: Treibhausgase und Treibhauseffekt &nbsp; Eine Tonne CO2 im &hellip; <a href=\"https:\/\/wo-soll-das-hinfuehren.de\/Hauptmenue\/?p=2912\" class=\"more-link\"><span class=\"screen-reader-text\">Fakten, Basiswissen und aktuelle Infos zum Klimawandel<\/span> weiterlesen<\/a><\/p>\n","protected":false},"author":1,"featured_media":0,"comment_status":"closed","ping_status":"open","sticky":false,"template":"","format":"standard","meta":{"footnotes":""},"categories":[1],"tags":[],"class_list":["post-2912","post","type-post","status-publish","format-standard","hentry","category-allgemein"],"jetpack_featured_media_url":"","_links":{"self":[{"href":"https:\/\/wo-soll-das-hinfuehren.de\/Hauptmenue\/index.php?rest_route=\/wp\/v2\/posts\/2912","targetHints":{"allow":["GET"]}}],"collection":[{"href":"https:\/\/wo-soll-das-hinfuehren.de\/Hauptmenue\/index.php?rest_route=\/wp\/v2\/posts"}],"about":[{"href":"https:\/\/wo-soll-das-hinfuehren.de\/Hauptmenue\/index.php?rest_route=\/wp\/v2\/types\/post"}],"author":[{"embeddable":true,"href":"https:\/\/wo-soll-das-hinfuehren.de\/Hauptmenue\/index.php?rest_route=\/wp\/v2\/users\/1"}],"replies":[{"embeddable":true,"href":"https:\/\/wo-soll-das-hinfuehren.de\/Hauptmenue\/index.php?rest_route=%2Fwp%2Fv2%2Fcomments&post=2912"}],"version-history":[{"count":138,"href":"https:\/\/wo-soll-das-hinfuehren.de\/Hauptmenue\/index.php?rest_route=\/wp\/v2\/posts\/2912\/revisions"}],"predecessor-version":[{"id":7220,"href":"https:\/\/wo-soll-das-hinfuehren.de\/Hauptmenue\/index.php?rest_route=\/wp\/v2\/posts\/2912\/revisions\/7220"}],"wp:attachment":[{"href":"https:\/\/wo-soll-das-hinfuehren.de\/Hauptmenue\/index.php?rest_route=%2Fwp%2Fv2%2Fmedia&parent=2912"}],"wp:term":[{"taxonomy":"category","embeddable":true,"href":"https:\/\/wo-soll-das-hinfuehren.de\/Hauptmenue\/index.php?rest_route=%2Fwp%2Fv2%2Fcategories&post=2912"},{"taxonomy":"post_tag","embeddable":true,"href":"https:\/\/wo-soll-das-hinfuehren.de\/Hauptmenue\/index.php?rest_route=%2Fwp%2Fv2%2Ftags&post=2912"}],"curies":[{"name":"wp","href":"https:\/\/api.w.org\/{rel}","templated":true}]}}