{"id":2952,"date":"2018-02-19T15:18:35","date_gmt":"2018-02-19T15:18:35","guid":{"rendered":"https:\/\/wo-soll-das-hinfuehren.de\/Hauptmenue\/?p=2952"},"modified":"2021-12-25T16:34:51","modified_gmt":"2021-12-25T16:34:51","slug":"news-2020","status":"publish","type":"post","link":"https:\/\/wo-soll-das-hinfuehren.de\/Hauptmenue\/?p=2952","title":{"rendered":"News 2021"},"content":{"rendered":"<p style=\"text-align: center;\">Die neuesten Informationen stehen oben in dem Beitrag, nach dieser Einleitung.<\/p>\n<p style=\"text-align: center;\"><a href=\"https:\/\/wo-soll-das-hinfuehren.de\/Hauptmenue\/wp-content\/uploads\/2018\/03\/Schild-Mahnwache-2.jpg\"><img loading=\"lazy\" decoding=\"async\" class=\" wp-image-693 aligncenter\" src=\"https:\/\/wo-soll-das-hinfuehren.de\/Hauptmenue\/wp-content\/uploads\/2018\/03\/Schild-Mahnwache-2-300x212.jpg\" alt=\"\" width=\"513\" height=\"362\" srcset=\"https:\/\/wo-soll-das-hinfuehren.de\/Hauptmenue\/wp-content\/uploads\/2018\/03\/Schild-Mahnwache-2-300x212.jpg 300w, https:\/\/wo-soll-das-hinfuehren.de\/Hauptmenue\/wp-content\/uploads\/2018\/03\/Schild-Mahnwache-2-768x543.jpg 768w, https:\/\/wo-soll-das-hinfuehren.de\/Hauptmenue\/wp-content\/uploads\/2018\/03\/Schild-Mahnwache-2-1024x724.jpg 1024w, https:\/\/wo-soll-das-hinfuehren.de\/Hauptmenue\/wp-content\/uploads\/2018\/03\/Schild-Mahnwache-2.jpg 1754w\" sizes=\"auto, (max-width: 513px) 100vw, 513px\" \/><\/a><\/p>\n<p>\u00dcber diese von mir im Fr\u00fchjahr 2018 erstellte Infotafel sollte jeder Mensch einmal etwas intensiver nachdenken und sich die Frage stellen: &#8222;Wo soll das hinf\u00fchren&#8220;. Astronaut Alexander Gerst bittet ebenfalls in dem von mir verlinkten Video\u00a0<a href=\"https:\/\/www.rnf.de\/mediathek\/video\/alexander-gerst-nachricht-an-meine-enkelkinder\/\">&#8222;Nachricht an meine Enkelkinder&#8220;<\/a> darum, sich diese Frage zu stellen.<\/p>\n<p style=\"text-align: center;\"><a href=\"https:\/\/youtu.be\/pLXJTUAygQ0\">Konsumwahn\/Konsumgesellschaft und Umweltschutz? Warum unser Konsum der Umwelt schadet-Doku- Schlaumal<\/a><\/p>\n<p style=\"text-align: center;\"><a href=\"https:\/\/m.youtube.com\/watch?v=s98VrOmLUtM\">Mark Benecke: Die Klimakrise aus der Sicht eines Kriminalbiologen<\/a><\/p>\n<p style=\"text-align: center;\"><span style=\"color: #0000ff;\"><a style=\"color: #0000ff;\" href=\"https:\/\/youtu.be\/MTbhCndKbTM\">&#8222;Harald Lesch: Warum tun wir nicht was wir sollten? (TUM, 18.06.2018)&#8220;<\/a><\/span><\/p>\n<p>&nbsp;<\/p>\n<p style=\"text-align: center;\"><span style=\"color: #008000;\"><strong><em>Links und Bilder bitte anklicken.<\/em><\/strong><\/span><\/p>\n<p>&nbsp;<\/p>\n<ul>\n<li><strong><a href=\"https:\/\/www.umweltbundesamt.de\/themen\/klimaneutral-leben-im-alltag\">Klimaneutral leben im Alltag &#8211; Umweltbundesamt<\/a><\/strong><\/li>\n<\/ul>\n<p>Bitte UBA-Erkl\u00e4rfilm anschauen<\/p>\n<p>&nbsp;<\/p>\n<h3 style=\"text-align: center;\"><span style=\"color: #008000;\"><strong>FROHE WEIHNACHTEN<\/strong><\/span><\/h3>\n<p>&nbsp;<\/p>\n<ul>\n<li>\n<h4><strong><a href=\"https:\/\/m.youtube.com\/watch?v=0zDII7z1C3A&amp;t=569s#dialog\"><span style=\"color: #0000ff;\">Prof. Stefan Rahmstorf: Die untersch\u00e4tzte Klimakrise 17.12.2021<\/span><\/a><\/strong><\/h4>\n<\/li>\n<\/ul>\n<p>&nbsp;<\/p>\n<ul>\n<li><strong>Weitere RTL-Klima Updates<\/strong><\/li>\n<\/ul>\n<p><a href=\"https:\/\/youtu.be\/0bTLAbn2pC4\">Klima Update: Pollen | 18.12.2021<\/a><\/p>\n<p><a href=\"https:\/\/youtu.be\/nosudbZlPdY\">Klima Update: Big Points | 23.12.2021<\/a><\/p>\n<p>Mit der Angabe von 0,5 Tonnen CO2 Vermeidung durch den Verzicht auf Flugreisen bin ich leider nicht einverstanden.<\/p>\n<p><a href=\"https:\/\/utopia.de\/ratgeber\/co2-ausstoss-beim-flugzeug-so-viel-emissionen-verursachen-flugreisen\/\">CO2-Aussto\u00df beim Flugzeug: So viel Emissionen verursachen Flugreisen<\/a><\/p>\n<p>Zus\u00e4tzlich freuen sich die Corona-Viren \u00fcber die Reisefreudigkeit und Unvernunft sehr vieler Menschen.<\/p>\n<p>&nbsp;<\/p>\n<ul>\n<li><strong><a href=\"https:\/\/youtu.be\/p-p_JMuFK3A\">RTL Klima Update: Weihnachtsbeleuchtung | 16.12.2021<\/a><\/strong><\/li>\n<\/ul>\n<p>Aus meiner Sicht leben immer mehr Menschen ihre Phantasien und Tr\u00e4ume aus, ohne dar\u00fcber nachzudenken welche Umweltsch\u00e4den dies verursacht, wenn man z. B. sein ganzes Haus und Grundst\u00fcck beleuchtet. Wir schaffen es immer mehr, und neue Dinge zu erfinden, welche den Ressourcenverbrauch immer weiter steigern.<\/p>\n<p>Wir machen genau das Gegenteil von dem was n\u00f6tig w\u00e4re. Die Herstellung und die Entsorgung ist hier das gro\u00dfe Problem. Die Einsparung durch weniger Stromverbrauch bei LED Lichtern wird komplett zu Nichte gemacht durch die Herstellung von Millionen oder Milliarden Lichterketten, welche oft schneller als gedacht riesige Mengen Elektroschrott verursachen.<\/p>\n<p>Mit Verstand, Vernunft und Verantwortung hat das leider nichts zu tun.<\/p>\n<p style=\"text-align: center;\"><a href=\"https:\/\/wo-soll-das-hinfuehren.de\/Hauptmenue\/wp-content\/uploads\/2020\/09\/20200918_171108.jpg\">Das Endergebnis unserer kurzsichtigen, egoistischen Denk- und Lebensweise <\/a><\/p>\n<p>&nbsp;<\/p>\n<ul>\n<li><strong>Auch wenn immer noch viel zu wenig Aufkl\u00e4rung stattfindet [\u2026].<\/strong><\/li>\n<\/ul>\n<p><a href=\"https:\/\/youtu.be\/1tQxhiPRBc0\">RTL Klima Update: Klimaszenarien \u2013 Teil 1 | 25.11.2021<\/a><\/p>\n<p><a href=\"https:\/\/youtu.be\/VOM-ltsmYn0\">RTL Klima Update: Klimaszenarien \u2013 Teil 2 | 27.11.2021<\/a><\/p>\n<p><a href=\"https:\/\/youtu.be\/VJzrG7fcpm8\">RTL Klima Update: Super-Reiche | 09.12.2021<\/a><\/p>\n<p>&nbsp;<\/p>\n<ul>\n<li><strong><a href=\"https:\/\/www.ardalpha.de\/wissen\/kipp-punkte-klima-arktis-eis-permafrost-100.html\"><span style=\"color: #0000ff;\">Kipp-Punkte im Klimasystem &#8211; Wenn sich die Klimakrise nicht mehr aufhalten l\u00e4sst<\/span> <\/a><\/strong><\/li>\n<\/ul>\n<p>&nbsp;<\/p>\n<ul>\n<li><strong><a href=\"https:\/\/taz.de\/Forschende-nach-dem-Weltklimagipfel\/!5815399\/\"><span style=\"color: #0000ff;\">Forschende nach dem Weltklimagipfel: Das 1,5-Grad-Ziel scheint verloren<\/span> <\/a><\/strong><\/li>\n<\/ul>\n<p>&nbsp;<\/p>\n<ul>\n<li><strong><a href=\"https:\/\/taz.de\/Die-Ergebnisse-der-COP-26\/!5815148\/#matomo\">Die Ergebnisse der 26. Weltklimakonferenz in Glasgow: Ein Sieg wie eine Niederlage <\/a><\/strong><\/li>\n<\/ul>\n<p>&nbsp;<\/p>\n<ul>\n<li><strong>Neuer MUSIKBEITRAG: <a href=\"https:\/\/wo-soll-das-hinfuehren.de\/Hauptmenue\/?p=3955\">Musikvideos zum NACHDENKEN<\/a><\/strong><\/li>\n<\/ul>\n<p>&nbsp;<\/p>\n<ul>\n<li><strong><a href=\"https:\/\/youtu.be\/TUCSTKSOo3g\">Herbstforum Altbau 2020: Prof. Dr. Niko Paech &#8211; <span style=\"color: #008000;\">weniger ist mehr!<\/span><\/a><\/strong><\/li>\n<\/ul>\n<p>&nbsp;<\/p>\n<p><span style=\"color: #ff0000;\">&#x2665;&#x2665;&#x2665;&#x2665;&#x2665;&#x2665;&#x2665;&#x2665;&#x2665;&#x2665;&#x2665;&#x2665;&#x2665;&#x2665;&#x2665;&#x2665;&#x2665;&#x2665;&#x2665;&#x2665;&#x2665;&#x2665;&#x2665;&#x2665;&#x2665;&#x2665;&#x2665;&#x2665;&#x2665;&#x2665;&#x2665;&#x2665;&#x2665;&#x2665;&#x2665;&#x2665;&#x2665;&#x2665;&#x2665;&#x2665;&#x2665;&#x2665;&#x2665;&#x2665;&#x2665;&#x2665;&#x2665;&#x2665;&#x2665;&#x2665;&#x2665;&#x2665;<\/span><\/p>\n<ul>\n<li>\n<h3><strong><a href=\"https:\/\/youtu.be\/hHKzAIL7g00\"><span style=\"color: #ff0000;\"><span style=\"color: #000000;\">Professor Dr. Henning Austmann:<\/span> Herbstforum <span style=\"color: #ff9900;\">Altbau 2018<\/span><\/span> &#8211; <span style=\"color: #008000;\">Einfach. Besser. Leben.<\/span><\/a><\/strong><\/h3>\n<\/li>\n<\/ul>\n<p><span style=\"color: #ff0000;\">&#x2665;&#x2665;&#x2665;&#x2665;&#x2665;&#x2665;&#x2665;&#x2665;&#x2665;&#x2665;&#x2665;&#x2665;&#x2665;&#x2665;&#x2665;&#x2665;&#x2665;&#x2665;&#x2665;&#x2665;&#x2665;&#x2665;&#x2665;&#x2665;&#x2665;&#x2665;&#x2665;&#x2665;&#x2665;&#x2665;&#x2665;&#x2665;&#x2665;&#x2665;&#x2665;&#x2665;&#x2665;&#x2665;&#x2665;&#x2665;&#x2665;&#x2665;&#x2665;&#x2665;&#x2665;&#x2665;&#x2665;&#x2665;&#x2665;&#x2665;&#x2665;&#x2665;<\/span><\/p>\n<p>&nbsp;<\/p>\n<ul>\n<li><a href=\"https:\/\/youtu.be\/DkZgShaZ2MQ\"><strong>Denis Mukwege Nobelpreis-Rede<\/strong><\/a><\/li>\n<\/ul>\n<p>&nbsp;<\/p>\n<ul>\n<li><strong><a href=\"https:\/\/www.arte.tv\/de\/videos\/086089-015-A\/schluss-mit-wachstum\/\">Schluss mit Wachstum<\/a><\/strong><\/li>\n<\/ul>\n<p>&nbsp;<\/p>\n<ul>\n<li><strong>Der Bau, die Bewirtschaftung und Nutzung von H\u00e4usern und Stra\u00dfen beansprucht immer noch zu viele nat\u00fcrliche Ressourcen und f\u00f6rdert den Klimawandel<\/strong>. <strong><a href=\"https:\/\/www.umweltbundesamt.de\/presse\/pressemitteilungen\/bauen-wohnen-belastet-die-umwelt-immer-noch-mehr\">Umweltbundesamt<\/a><\/strong><\/li>\n<\/ul>\n<p>&nbsp;<\/p>\n<ul>\n<li><strong>Niko Paech 2019: <a href=\"https:\/\/www.nzz.ch\/international\/nico-paech-dann-geht-in-gottes-namen-unter-ld.1518768?mktcid=smsh&amp;mktcval=Facebook&amp;fbclid=IwAR33geVA9sN1MslFOCf7NaNPUAFaI-IexV5qNVnDb2f3f5PsaYmsv5YYsRc\">&#8222;Dann geht in Gottes Namen unter&#8220;<\/a><\/strong><\/li>\n<\/ul>\n<p>&nbsp;<\/p>\n<p><a href=\"https:\/\/wo-soll-das-hinfuehren.de\/Hauptmenue\/wp-content\/uploads\/2021\/09\/20210929_202240.jpg\"><img loading=\"lazy\" decoding=\"async\" class=\"alignnone size-medium wp-image-3841\" src=\"https:\/\/wo-soll-das-hinfuehren.de\/Hauptmenue\/wp-content\/uploads\/2021\/09\/20210929_202240-217x300.jpg\" alt=\"\" width=\"217\" height=\"300\" srcset=\"https:\/\/wo-soll-das-hinfuehren.de\/Hauptmenue\/wp-content\/uploads\/2021\/09\/20210929_202240-217x300.jpg 217w, https:\/\/wo-soll-das-hinfuehren.de\/Hauptmenue\/wp-content\/uploads\/2021\/09\/20210929_202240.jpg 720w\" sizes=\"auto, (max-width: 217px) 100vw, 217px\" \/><\/a><\/p>\n<p>&nbsp;<\/p>\n<ul>\n<li><span style=\"color: #008000;\"><strong><a style=\"color: #008000;\" href=\"https:\/\/fridaysforfuture.de\/allefuersklima\/\">Klimastreik am 24.09.2021<\/a><\/strong><\/span><\/li>\n<\/ul>\n<p>&nbsp;<\/p>\n<ul>\n<li><span style=\"color: #008000;\"><strong>World Cleanup Day am 18.09.2021\u00a0 <\/strong><em>Wir drei waren dabei [\u2026].<\/em><strong><br \/>\n<\/strong><\/span><\/li>\n<\/ul>\n<p><a href=\"https:\/\/wo-soll-das-hinfuehren.de\/Hauptmenue\/wp-content\/uploads\/2021\/09\/World-Cleanup-1-jpg.jpg\">Unser Motto \u00a0<\/a>&#8211; <a href=\"https:\/\/wo-soll-das-hinfuehren.de\/Hauptmenue\/wp-content\/uploads\/2021\/09\/20210918_110241-scaled.jpg\">Foto 1 <\/a>&#8211; <a href=\"https:\/\/wo-soll-das-hinfuehren.de\/Hauptmenue\/wp-content\/uploads\/2021\/09\/20210918_122508-scaled.jpg\">Foto 2 <\/a>&#8211; <a href=\"https:\/\/wo-soll-das-hinfuehren.de\/Hauptmenue\/wp-content\/uploads\/2021\/09\/20210918_133125-scaled.jpg\">Foto 3 <\/a>&#8211; <a href=\"https:\/\/wo-soll-das-hinfuehren.de\/Hauptmenue\/wp-content\/uploads\/2021\/09\/20210918_132934-scaled.jpg\">Foto 4 <\/a>&#8211; <a href=\"https:\/\/wo-soll-das-hinfuehren.de\/Hauptmenue\/wp-content\/uploads\/2021\/09\/20210918_133848-scaled.jpg\">Foto 5<\/a><\/p>\n<p>Mit selbst gebauten M\u00fcllgreifzangen haben wir M\u00fcll und vor allem achtlos weggeworfene Kippen gesammelt [\u2026].<\/p>\n<p>&nbsp;<\/p>\n<ul>\n<li><strong><a href=\"https:\/\/youtu.be\/xwJl_FriZfs\"><span style=\"color: #0000ff;\">Saskia Meyer: Wollen wir wirklich die H\u00f6lle auf Erden?<\/span><\/a><\/strong><\/li>\n<\/ul>\n<p>Offensichtlich ja [\u2026].<\/p>\n<p><a href=\"https:\/\/www.fnp.de\/hessen\/flughafen-frankfurt-im-august-mit-bestem-monat-seit-pandemie-zr-90977258.html\">Rekordzahlen am Frankfurter Flughafen im August.<\/a><\/p>\n<p>Weitere Informationen zum besonders umweltsch\u00e4dlichen &#8222;Fliegen&#8220; finden Sie weiter unten [\u2026].<\/p>\n<p>&nbsp;<\/p>\n<ul>\n<li>\n<h3><strong>E-Autos<br \/>\n<\/strong><\/h3>\n<\/li>\n<\/ul>\n<p>Mittlerweile wird das E-Auto fast \u00fcberall als umweltfreundlich angepriesen!? 0 Gramm CO2 stand auf einem E-Vorf\u00fchrwagen [\u2026]. Die alte <strong>&#8222;Heilige Kuh&#8220;<\/strong> das <strong>Verbrenner-Auto<\/strong> wird nun durch das <strong>E-Auto<\/strong> ersetzt [\u2026]. Offensichtlich glauben nun Menschen, die bisher mit dem Fahrrad ausgekommen sind und kein Auto besessen haben sogar, dass E-Autos umweltfreundlich sind. Mir wird fast schlecht, wenn ich die vielen Autos hier in Gelnhausen rumstehen und rumfahren sehe. Wenn ich mir vorstelle, dass diese vielen Verbrenner-Autos durch E-Autos ersetzt werden sollen dreht sich mir der Magen [\u2026]. Der Ressourcenverbrauch, der Energieverbrauch f\u00fcr die Herstellung, der CO2 Aussto\u00df, der Fl\u00e4chenverbrauch und die Fl\u00e4chenversiegelung durch Stra\u00dfen, Parkpl\u00e4tze und Garagen nimmt apokalyptische Ausma\u00dfe an [\u2026]. Wie sagte im Fr\u00fchjahr ein Herr zu mir, als ich ihm von meiner Webseite und den vielen Autos erz\u00e4hlte: <strong>&#8222;wir Menschen sind<\/strong> <strong>ma\u00dflos&#8220;<\/strong>. Besser konnte er es nicht auf den Punkt bringen. Alle Menschen haben die gleichen Rechte [\u2026]. Wenn sich alle Inder, alle Chinesen, alle Afrikaner, alle Menschen zwischen 18 und 80 Jahren nun ein E-Auto kaufen wollen, weil es angeblich umweltfreundlich ist, bedeutet das den Totalschaden f\u00fcr diesen Planeten [\u2026]. Es ist \u00e4hnlich wie mit dem Fliegen mit dem Flugzeug [\u2026]. Derzeit k\u00f6nnen sich nur etwa 10 Prozent der Weltbev\u00f6lkerung das Fliegen leisten. Was ist, wenn die restlichen 90 Prozent auch mal fliegen wollen?<\/p>\n<p><a href=\"https:\/\/wo-soll-das-hinfuehren.de\/Hauptmenue\/wp-content\/uploads\/2021\/08\/20210821_171501.jpg\"><img loading=\"lazy\" decoding=\"async\" class=\"alignnone size-medium wp-image-3598\" src=\"https:\/\/wo-soll-das-hinfuehren.de\/Hauptmenue\/wp-content\/uploads\/2021\/08\/20210821_171501-300x290.jpg\" alt=\"\" width=\"300\" height=\"290\" srcset=\"https:\/\/wo-soll-das-hinfuehren.de\/Hauptmenue\/wp-content\/uploads\/2021\/08\/20210821_171501-300x290.jpg 300w, https:\/\/wo-soll-das-hinfuehren.de\/Hauptmenue\/wp-content\/uploads\/2021\/08\/20210821_171501.jpg 719w\" sizes=\"auto, (max-width: 300px) 100vw, 300px\" \/><\/a><\/p>\n<p><strong><a href=\"https:\/\/www.handelsblatt.com\/unternehmen\/industrie\/auto-von-morgen\/greenpeace-studie-macht-autobranche-fuer-neun-prozent-der-weltweiten-co2-emissionen-verantwortlich\/24995230.html?ticket=ST-2492547-NNQlgluKMGFhC9khuqTp-ap4\">Studie macht Autobranche f\u00fcr neun Prozent der weltweiten CO2-Emissionen verantwortlich<span class=\"vhb-article--introduction\">. Laut einer Greenpeace-Studie emittiert allein VW so viel CO2 wie ganz Australien.<\/span><\/a><\/strong><\/p>\n<p><a href=\"https:\/\/wo-soll-das-hinfuehren.de\/Hauptmenue\/wp-content\/uploads\/2018\/02\/E-Auto.jpg\"><img loading=\"lazy\" decoding=\"async\" class=\"alignnone size-medium wp-image-3683\" src=\"https:\/\/wo-soll-das-hinfuehren.de\/Hauptmenue\/wp-content\/uploads\/2018\/02\/E-Auto-300x211.jpg\" alt=\"\" width=\"300\" height=\"211\" srcset=\"https:\/\/wo-soll-das-hinfuehren.de\/Hauptmenue\/wp-content\/uploads\/2018\/02\/E-Auto-300x211.jpg 300w, https:\/\/wo-soll-das-hinfuehren.de\/Hauptmenue\/wp-content\/uploads\/2018\/02\/E-Auto-1024x720.jpg 1024w, https:\/\/wo-soll-das-hinfuehren.de\/Hauptmenue\/wp-content\/uploads\/2018\/02\/E-Auto-768x540.jpg 768w, https:\/\/wo-soll-das-hinfuehren.de\/Hauptmenue\/wp-content\/uploads\/2018\/02\/E-Auto.jpg 1027w\" sizes=\"auto, (max-width: 300px) 100vw, 300px\" \/><\/a><\/p>\n<p>Quelle: <strong><a href=\"https:\/\/www.upi-institut.de\/upi79_elektroautos.htm\">UPI &#8211; Institut<\/a><\/strong><\/p>\n<p><strong><a href=\"https:\/\/wo-soll-das-hinfuehren.de\/Hauptmenue\/wp-content\/uploads\/2021\/10\/Screenshot_20210701-171814-.jpg\"><span style=\"color: #008000;\">Die \u00d6kobilanz: Auto vs. E-Bike<\/span><\/a><\/strong><\/p>\n<p>Ein Pedelec, welches ich seit zwei Jahren als Autoersatz verwende ist umgangssprachlich ein E-Bike.<\/p>\n<p>Elektror\u00e4der (E-R\u00e4der) sind eine wichtige umwelt- und sozialvertr\u00e4gliche Alternative zum Auto bei Entfernungen bis etwa 20 Kilometer!<\/p>\n<p><span style=\"color: #008000;\"><strong><a style=\"color: #008000;\" href=\"https:\/\/www.umweltbundesamt.de\/umwelttipps-fuer-den-alltag\/elektrogeraete\/e-bike-pedelec#unsere-tipps\">Umweltbundesamt &#8211; E-Bike und Pedelec<\/a><\/strong><\/span><\/p>\n<p>&nbsp;<\/p>\n<p>Mit meinem 6 Jahre alten Enkelsohn diskutiere ich fast jeden Samstag dar\u00fcber was umweltsch\u00e4dlicher ist [\u2026]. Nachdem er mir vor 4 Wochen vorwarf, dass ein E-Bike auch nicht umweltfreundlich ist, suchte ich die Grafik vom UPI-Institut auf WhatsApp, die ich vor etwa 2 Jahren einem Freund schickte, weil er mich damals ebenfalls kritisierte. Dieser Freund f\u00e4hrt einen Benziner und legt damit t\u00e4glich etwa 50 km Arbeitsweg zur\u00fcck. Ich laufe 500 Meter zur Arbeit. (Das mal nebenbei bemerkt)<\/p>\n<p>Vor 3 Wochen erkl\u00e4rte ich meinem 6 Jahre alten Enkelsohn, dass ich zu Fu\u00df f\u00fcr die 26 km um ihn zu besuchen, 5 Stunden hin und wieder 5 Stunden zur\u00fcck ben\u00f6tigen w\u00fcrde und wir lediglich zusammen Mittag essen k\u00f6nnten und eine halbe Stunde zusammen spielen k\u00f6nnten. Danach erkl\u00e4rte ich ihm, dass es mit dem Fahrrad um einiges schneller ging und ich vor 3 &#8211; 4 Jahren auch oft mit dem Fahrrad fuhr. Da es meine Knie nicht mehr schaffen fahre ich seit 2 Jahren fast jeden Samstag 52 km (gesamt) mit meinem E-Bike, um meine kleinen Enkelkinder zu besuchen. Ich erkl\u00e4rte meinem Enkelsohn, dass die Fahrt mit dem E-Bike die am wenigsten umweltsch\u00e4dliche Art, nach dem &#8222;Zu Fu\u00df gehen&#8220; und dem &#8222;Fahrrad fahren&#8220; ist, um Strecken bis 30 km zur\u00fcckzulegen [\u2026]. Er sagte daraufhin: &#8222;okay, dann ist ein E-Bike umweltfreundlich&#8220;. <strong><a href=\"https:\/\/wo-soll-das-hinfuehren.de\/Hauptmenue\/wp-content\/uploads\/2021\/07\/20210703_092315-scaled.jpg\">Fahrt am 03.07.21 mit gro\u00dfen Geburtstagsgeschenken im Fahrradanh\u00e4nger<\/a><\/strong> \u00a0\u00a0 <strong><span style=\"color: #008000;\"><a style=\"color: #008000;\" href=\"https:\/\/wo-soll-das-hinfuehren.de\/Hauptmenue\/wp-content\/uploads\/2021\/09\/20210904_123945-scaled.jpg\">E-Bike Tour am 04.09.21\u00a0\u00a0 90 km Gesamtstrecke, 45 km mit Kinderfahrradanh\u00e4nger<\/a><\/span><\/strong><\/p>\n<p><em><strong>Hier noch ein paar Daten:<\/strong><\/em><\/p>\n<p><strong><a href=\"https:\/\/insideevs.de\/news\/528212\/elektroautos-gewicht-ranking-schwerstes-leichtestes\/\">Leergewicht E-Autos<\/a><\/strong><\/p>\n<p><strong><a href=\"https:\/\/www.mein-fahrradhaendler.de\/blog\/rund-ums-rad\/e-bike-gewicht-wie-schwer-ist-ein-elektrofahrrad\/\">Leergewicht E-Bikes<\/a><\/strong><\/p>\n<p>1500 &#8211; 2700 Kilogramm Technik transportieren 60 &#8211; 120 Kilogramm Mensch und stehen die meiste Zeit auf daf\u00fcr angelegte Parkpl\u00e4tze, Stra\u00dfen und in betonierten Garagen [\u2026].<\/p>\n<p><em><strong>Der menschliche Egoismus wie er leibt und lebt [\u2026].\u00a0<\/strong><\/em><\/p>\n<p>Als ob dieser Umweltschaden nicht schon gro\u00df genug w\u00e4re, werden zus\u00e4tzlich f\u00fcr einen eigenen PKW oftmals \u00fcber drei Parkfl\u00e4chen angelegt!!!<\/p>\n<p>&#8211;\u00a0 Ein Parkplatz auf dem eigenen Grundst\u00fcck + eine Garage + ein Parkplatz am Arbeitsplatz + Parkpl\u00e4tze am Supermarkt , Baumarkt, Bank, etc. = <strong>mindestens 40 Quadratmeter versiegelte Fl\u00e4che und damit zerst\u00f6rte Natur [\u2026].<\/strong><\/p>\n<h6 style=\"text-align: center;\"><strong>Jedes Auto, jeder Parkplatz, jede Garage, jedes Parkhaus zerst\u00f6rt Natur und f\u00fchrt zu einer weiteren Klimaerw\u00e4rmung!!!<\/strong><\/h6>\n<p style=\"text-align: center;\"><a href=\"https:\/\/wo-soll-das-hinfuehren.de\/Hauptmenue\/wp-content\/uploads\/2021\/04\/20210403_173549-scaled.jpg\"><strong>&#8230; und wir machen immer weiter bis sich der menschliche Egoismus selbst zerst\u00f6rt hat [\u2026].<\/strong><\/a><\/p>\n<p style=\"text-align: center;\"><strong><a href=\"https:\/\/hausderhandwerker.de\/bauherren-im-interview-familie-p-aus-malmsheim\">Ein trauriges Beispiel!<\/a>\u00a0<\/strong><\/p>\n<p>Die Fl\u00e4chenversiegelung durch die Doppelgarage und die Zufahrt ist bei diesem Grundst\u00fcck vermutlich genauso gro\u00df, wie die Fl\u00e4chenversiegelung durch das Eigenheim [\u2026]. Macht also gesch\u00e4tzte 2 x 100 Quadratmeter [\u2026].<\/p>\n<p style=\"text-align: center;\"><strong>Ein E-Auto macht hier keinen Unterschied!<\/strong><\/p>\n<p style=\"text-align: center;\">Wir zerst\u00f6ren unsere Lebensgrundlage durch das Ausleben unserer Tr\u00e4ume und bemerken es nicht einmal ansatzweise [\u2026].<\/p>\n<p style=\"text-align: center;\">Offensichtlich kann ich hier schreiben &#8230;. und schreiben &#8230; und schreiben &#8230; und niemand versteht es [\u2026]. Ich finde es schon sehr bemerkenswert, wie intelligent wir wirklich sind [\u2026].<\/p>\n<p style=\"text-align: center;\"><a href=\"https:\/\/wo-soll-das-hinfuehren.de\/Hauptmenue\/wp-content\/uploads\/2020\/09\/20200918_171108.jpg\"><span style=\"color: #ff0000;\"><strong>Wann begreift die Welt den Klimanotfall???<\/strong><\/span><\/a><\/p>\n<p>&nbsp;<\/p>\n<pre style=\"text-align: center;\"><span style=\"color: #0000ff;\"><strong>\u203a\u203a\u203a Wir wurden hier nicht geboren um unsere Tr\u00e4ume auszuleben!!! Sondern um nachhaltig, im Einklang mit der Natur zu leben!!! \u2039\u2039\u2039<\/strong><\/span><\/pre>\n<p><strong><a href=\"https:\/\/www.swr.de\/swraktuell\/baden-wuerttemberg\/mannheim\/beetbike-kampfradler-mannheim-100.html\">Mannheimer protestiert mit Blumen-Fahrrad<\/a><\/strong><\/p>\n<p><strong><a href=\"https:\/\/taz.de\/Proteste-gegen-die-IAA-in-Muenchen\/!5800110\/\">Proteste gegen die IAA in M\u00fcnchen: Radeln gegen den Autowahnsinn <\/a><\/strong><\/p>\n<p><span style=\"color: #ff0000;\"><strong>\u201eDramatik der Klimakrise nicht verstanden\u201c <\/strong>(Textauszug aus diesem Artikel)<strong><br \/>\n<\/strong><\/span><\/p>\n<p>&nbsp;<\/p>\n<ul>\n<li>\n<h4><span style=\"color: #008000;\"><strong>Neuer Beitrag &#8211;<\/strong> <strong><a style=\"color: #008000;\" href=\"https:\/\/wo-soll-das-hinfuehren.de\/Hauptmenue\/?p=3618\">&#8222;KRIEGER DES LICHTS&#8220;<\/a><\/strong><\/span><\/h4>\n<\/li>\n<\/ul>\n<p>&nbsp;<\/p>\n<p>&nbsp;<\/p>\n<p><a href=\"https:\/\/wo-soll-das-hinfuehren.de\/Hauptmenue\/wp-content\/uploads\/2021\/08\/20210823_182656.jpg\"><img loading=\"lazy\" decoding=\"async\" class=\"alignnone size-medium wp-image-3646\" src=\"https:\/\/wo-soll-das-hinfuehren.de\/Hauptmenue\/wp-content\/uploads\/2021\/08\/20210823_182656-300x300.jpg\" alt=\"\" width=\"300\" height=\"300\" srcset=\"https:\/\/wo-soll-das-hinfuehren.de\/Hauptmenue\/wp-content\/uploads\/2021\/08\/20210823_182656-300x300.jpg 300w, https:\/\/wo-soll-das-hinfuehren.de\/Hauptmenue\/wp-content\/uploads\/2021\/08\/20210823_182656-150x150.jpg 150w, https:\/\/wo-soll-das-hinfuehren.de\/Hauptmenue\/wp-content\/uploads\/2021\/08\/20210823_182656.jpg 717w\" sizes=\"auto, (max-width: 300px) 100vw, 300px\" \/><\/a><\/p>\n<p>&nbsp;<\/p>\n<p><a href=\"https:\/\/wo-soll-das-hinfuehren.de\/Hauptmenue\/wp-content\/uploads\/2021\/08\/20210818_180756.jpg\"><img loading=\"lazy\" decoding=\"async\" class=\"alignnone size-medium wp-image-3590\" src=\"https:\/\/wo-soll-das-hinfuehren.de\/Hauptmenue\/wp-content\/uploads\/2021\/08\/20210818_180756-300x300.jpg\" alt=\"\" width=\"300\" height=\"300\" srcset=\"https:\/\/wo-soll-das-hinfuehren.de\/Hauptmenue\/wp-content\/uploads\/2021\/08\/20210818_180756-300x300.jpg 300w, https:\/\/wo-soll-das-hinfuehren.de\/Hauptmenue\/wp-content\/uploads\/2021\/08\/20210818_180756-150x150.jpg 150w, https:\/\/wo-soll-das-hinfuehren.de\/Hauptmenue\/wp-content\/uploads\/2021\/08\/20210818_180756.jpg 717w\" sizes=\"auto, (max-width: 300px) 100vw, 300px\" \/><\/a><\/p>\n<p>&nbsp;<\/p>\n<ul>\n<li><strong>Erinnerung aus meinen News 2020 [\u2026].<br \/>\n<\/strong><\/li>\n<\/ul>\n<p><span style=\"color: #0000ff;\"><strong><a style=\"color: #0000ff;\" href=\"https:\/\/m.augsburger-allgemeine.de\/kultur\/Journal\/Wenn-wir-so-weitermachen-stirbt-unsere-Spezies-aus-id57208341.html\">&#8222;Wenn wir so weiter machen, stirbt unsere Spezies aus&#8220;<\/a><\/strong><\/span><\/p>\n<blockquote><p><span style=\"color: #0000ff;\">Der Mensch hingegen denkt nur an sich selbst, wir haben eine komplett anthropozentrische Sicht auf alles. Doch wenn wir die Welt nur aus unserer Perspektive betrachten, werden wir als Art nicht \u00fcberleben. Ich meine das nicht moralisch, mir geht es wirklich nur um eine Frage des \u00dcberlebens. (Textauszug aus diesem Artikel)<\/span><\/p><\/blockquote>\n<p>&nbsp;<\/p>\n<ul>\n<li><a href=\"https:\/\/www.spiegel.de\/wissenschaft\/natur\/weltklimarat-so-duester-ist-die-uno-prognose-fuer-den-mittelmeerraum-a-01c86a7e-07b5-4ecf-ae9a-5b14e5b90c66?utm_source=dlvr.it&amp;utm_medium=[facebook]&amp;utm_campaign=[spontop]#ref=rss\"><strong>Hitze, D\u00fcrre, Br\u00e4nde &#8211;\u00a0 So d\u00fcster ist die Uno-Prognose f\u00fcr den Mittelmeerraum<\/strong><\/a><\/li>\n<\/ul>\n<p>&nbsp;<\/p>\n<ul>\n<li><span style=\"color: #ff0000;\"><a style=\"color: #ff0000;\" href=\"https:\/\/taz.de\/Warnung-des-Weltklimarats-IPCC\/!5792170\/\"><strong>Warnung des Weltklimarates IPCC &#8211;\u00a0 1,5 Grad schwer haltbar<\/strong> <\/a><\/span><\/li>\n<\/ul>\n<p>&nbsp;<\/p>\n<ul>\n<li><strong><a href=\"https:\/\/taz.de\/Erdueberlastungstag-2021\/!5790187\/\"><span style=\"color: #ff0000;\">Erd\u00fcberlastungstag Welt\u00a0 29.07.2021<\/span><\/a><\/strong><\/li>\n<\/ul>\n<p><span class=\"body\" role=\"main\">Am 29. Juli hat die Menschheit so viel Natur verbraucht, wie alle \u00d6kosysteme der Erde in diesem Jahr erneuern k\u00f6nnen. 2020 war dieser Tag ganze drei Wochen sp\u00e4ter.<\/span><\/p>\n<p><span class=\"body\" role=\"main\"><strong>Laut der Analyse des Global Footprint Networks war hierzulande der nationale Erd\u00fcberlastungstag bereits Anfang Mai erreicht.<\/strong> <strong>\u201eWenn alle L\u00e4nder so wirtschaften w\u00fcrden wie Deutschland, br\u00e4uchten wir nicht einen, sondern knapp drei Planeten\u201c, betonte Germanwatch-Sprecher Vogel.<\/strong> <span style=\"color: #ff0000;\"><strong>\u201eUnsere Lebens- und Wirtschaftsweise ist alles andere als nachhaltig.\u201c <\/strong><\/span>(Textauszug aus diesem Artikel)<strong><br \/>\n<\/strong><\/span><\/p>\n<p>&nbsp;<\/p>\n<ul>\n<li><strong>Unser Weg in die Katastrophe ist seit Jahrzehnten bekannt [\u2026].<\/strong><\/li>\n<\/ul>\n<p><strong><a href=\"https:\/\/www.mdr.de\/video\/mdr-videos\/d\/video-142134.html\"><span style=\"color: #ff0000;\">Der \u00f6kologische Fu\u00dfabdruck der Menschen<\/span><\/a><\/strong><\/p>\n<blockquote><p>Wir leben hier seit Jahrzehnten, als ob es kein Morgen g\u00e4be [\u2026]. Wir verheizen unsere Lebensgrundlage in einen beispiellosen Ausma\u00df und alle machen mit [\u2026]. Fast niemand von uns Menschen fragt sich in seinem Leben ob er \/ sie hier auf diesem vielleicht einzigartigen Planeten nachhaltig und im Einklang mit der Natur lebt [\u2026].<\/p><\/blockquote>\n<p>&nbsp;<\/p>\n<ul>\n<li><a href=\"https:\/\/youtu.be\/UIxa3QoD1X8\"><strong>Katastrophe &#8211; Herr Laschet<\/strong><\/a><\/li>\n<\/ul>\n<p>&nbsp;<\/p>\n<ul>\n<li><strong><a href=\"https:\/\/youtu.be\/a3d_3lpLvnw\"><span style=\"color: #0000ff;\">Die Klimakatastrophe (Apokalypse) beginnt am 15.07.2021 in Deutschland.<\/span><\/a>\u00a0<\/strong>(Ich habe sie schon fr\u00fcher erwartet)<strong><br \/>\n<\/strong><\/li>\n<\/ul>\n<p>&#8222;Wir werden uns an den Klimawandel anpassen m\u00fcssen&#8220;, so lautet eine Aussage in einem Sonderbericht im Fernsehen [\u2026]. Ich finde es sehr traurig, wie geistig arm die Menschheit ist [\u2026]. Ganz vorne <span style=\"color: #0000ff;\"><strong><a style=\"color: #0000ff;\" href=\"https:\/\/youtu.be\/KD0LIyD_nI4\">Herr Laschet<\/a><\/strong><\/span>, der den Fridaysforfuture besser erkl\u00e4ren will, warum das mit dem Klimaschutz nicht so schnell geht.<\/p>\n<blockquote><p>&gt;&gt;&gt; Wenn immer mehr Menschen mehrere Planeten f\u00fcr ihre Lebensweise ben\u00f6tigen und das Zehnfache der zul\u00e4ssigen CO2 Menge produzieren, f\u00fchrt das zwangsl\u00e4ufig zu einer Katastrophe &lt;&lt;&lt;<\/p><\/blockquote>\n<p><strong><a href=\"https:\/\/www.umweltbundesamt.de\/themen\/klimaneutral-leben-im-alltag\"><span style=\"color: #0000ff;\">Eine Tonne CO2 im Jahr &#8211; Umweltbundesamt<\/span><\/a>\u00a0 <\/strong>Bitte Erk\u00e4rfilm anschauen.<\/p>\n<p><span style=\"color: #ff0000;\"><strong><a style=\"color: #ff0000;\" href=\"https:\/\/utopia.de\/app\/uploads\/2018\/08\/earth-overshoot-day-2019-grafik-2-z-global-footprint-network-www.footprintnetwork.org-190725.jpg\">So viele Erden br\u00e4uchten wir&#8230;<\/a><\/strong><\/span><\/p>\n<p><span style=\"color: #008000;\"><strong>Wir haben aber &#8222;nur&#8220; diese eine Erde!!!<\/strong><\/span><\/p>\n<p>Hier ein mir unvergesslicher und sehr treffender Satz von <strong>Jane Fonda:<\/strong><\/p>\n<p><strong>\u201cWir gehen mit dieser Welt um als h\u00e4tten wir eine zweite im Kofferraum.\u201c<\/strong><\/p>\n<blockquote><p>&gt; Unser Weg in die Sackgasse ist seit \u00fcber 40 Jahren bekannt &lt;<\/p><\/blockquote>\n<p>Hier zwei Artikel zu dem Thema:<\/p>\n<p><a href=\"https:\/\/www.zeit.de\/kultur\/2019-07\/klimakatastrophe-apokalypse-weltuntergang-hysterie-erderwaermung\"><strong>Klimakatastrophe: Die Apokalypse ist leider auserz\u00e4hlt<\/strong> <\/a><\/p>\n<p><strong><a href=\"https:\/\/www.dw.com\/de\/die-klimakrise-das-ende-der-zivilisation\/a-57463706\">Die Klimakrise &#8211; das Ende der Zivilisation?<\/a><\/strong><\/p>\n<p>Da die Intelligenz der allermeisten Menschen nicht ausreicht um die Zusammenh\u00e4nge zwischen ihrer Lebensweise und den damit verbundenen Auswirkungen auf ihre Lebensgrundlage zu verstehen, f\u00fchrt unser Weg in den Abgrund immer weiter [\u2026]. Wir bekommen nicht einmal ein generelles Tempolimit auf Autobahnen hin [\u2026]. Ich dachte vor 18 Jahren, dass aufgrund der Dringlichkeit, Verbrennungsmotoren f\u00fcr Autos bis maximal 2020 produziert werden d\u00fcrfen [\u2026].<\/p>\n<p>Aus meiner Sicht schaffen wir es leider nicht uns Ma\u00df zu regeln [\u2026]. Die Natur wird das nun in letzter Instanz \u00fcbernehmen [\u2026]. Unbewusst sagte ich der Redakteurin 2019, als sie von mir Informationen \u00fcber meine Bem\u00fchungen &#8222;Die Welt zu retten&#8220; erhielt:<strong> <a href=\"https:\/\/wo-soll-das-hinfuehren.de\/Hauptmenue\/wp-content\/uploads\/2018\/03\/GNZ-08.08.2019.jpg\">&#8222;Die Natur zeigt uns die <span style=\"color: #ff0000;\">Rote Karte&#8220;<\/span><\/a><\/strong><\/p>\n<p>An dieser Stelle nochmal die Information an Besucher dieser Webseite:<\/p>\n<p>Ich bin gl\u00e4ubiger Christ, evangelisch. Ich glaube an Gott und die Sch\u00f6pfung. Ich erstellte vor 18 Jahren diese Webseite, weil es mein Gewissen von mir verlangte. Ebenso verlangt etwas &#8222;H\u00f6heres&#8220; und mein Gewissen von mir, mit dieser Webseite weiter zu machen [\u2026]. Ich brauche meinen kleinen Enkels\u00f6hnen in ein paar Jahren nicht zu erz\u00e4hlen, dass mir ihre Zukunft egal war [\u2026].<\/p>\n<p>Textauszug aus dem oben verlinkten Artikel &#8220; Klimakatastrophe: Die Apokalypse ist leider auserz\u00e4hlt&#8220; : &#8222;Denn Klimaschutz kann nur aus einer grundlegenden Motivation heraus geschehen wie etwa dem Respekt vor der Sch\u00f6pfung, den eigenen Kindern oder schlicht der Idee, kein gewissenloses Arschloch zu sein.&#8220;<\/p>\n<p><strong>Zum Nachdenken:<\/strong><\/p>\n<p>Angesichts dessen, dass fast niemand mehr an Gott und die Sch\u00f6pfung glaubt, m\u00fcssten wir fast alle Feiertage in Deutschland abschaffen&#8230; und alle Kirchen, einschlie\u00dflich des K\u00f6lner Doms, abrei\u00dfen.<\/p>\n<p>Ich bin immer wieder positiv \u00fcberrascht, wenn ungl\u00e4ubige Menschen den Satz sagen: \u201eGott sei Dank\u201c ist nicht noch Schlimmeres passiert\u2026, oder \u00e4hnliches\u2026 (Dies ist nicht auf die aktuelle apokalyptische Hochwasserkatastrophe bezogen, die ja trauriger Weise auch die Niederlande, Luxemburg, Belgien und \u00d6sterreich betrifft!)<\/p>\n<p>Der Redaktion von\u00a0<strong><a href=\"https:\/\/www.publik-forum.de\/Publik-Forum-12-2021\/gott-in-der-krise?idw=20219315#pfpfclose\">Publik-Forum<\/a><\/strong> schrieb ich k\u00fcrzlich, dass Gott nicht in der Krise ist, sondern die Menschheit [\u2026].\u00a0 In der Corona-Krise und in der Klimakrise [\u2026].<\/p>\n<p>Bedingter Filmtipp, da der Film nur streamen geht: <strong><a href=\"https:\/\/www.werstreamt.es\/film\/details\/1171854\/jugend-ohne-gott\/\">Jugend ohne Gott <\/a><\/strong>(Diesen Film gab es Fronleichnam Abend im Fernsehen)<\/p>\n<p>Eben in den HR Nachrichten: &#8222;Hochkonjunktur am Frankfurter Flughafen&#8220;, fast wie vor der Pandemie [\u2026]. Morgen werden 110000 Reisende erwartet [\u2026]. So viel zur &#8222;Geistigen Armut&#8220; und dem menschlichen Egoismus [\u2026].<\/p>\n<p>Wir haben derzeit ca. 415 ppm CO2 in unserer Atmosph\u00e4re und d\u00fcrften kein weiteres Kilogramm CO2 mehr aus Spa\u00df emittieren. Im Gegenteil, wir m\u00fcssten eigentlich im gro\u00dfen Stil absaugen und den Kohlenstoff wieder in die Erde pressen um eine Katastrophe zu verhindern.<\/p>\n<p><strong><a href=\"https:\/\/www.umweltbundesamt.de\/daten\/klima\/atmosphaerische-treibhausgas-konzentrationen#kohlendioxid-\">Treibhausgasemissionen &#8211; Umweltbundesamt<\/a><\/strong><\/p>\n<p>&nbsp;<\/p>\n<ul>\n<li><span style=\"color: #0000ff;\"><strong><a style=\"color: #0000ff;\" href=\"https:\/\/youtu.be\/R7qwsiKCvwY\">Erste Weltklimakonferenz 1979<\/a><\/strong><\/span><\/li>\n<\/ul>\n<p>&nbsp;<\/p>\n<ul>\n<li><strong>Ab in den Urlaub<\/strong><\/li>\n<\/ul>\n<p><a href=\"https:\/\/www.umweltbundesamt.de\/themen\/wirtschaft-konsum\/nachhaltiger-tourismus#bedeutung-des-tourismus\">Tourismusaktivit\u00e4ten haben Folgen f\u00fcr die Umwelt &#8211; Umweltbundesamt<\/a><\/p>\n<p>Reisen mit dem Flugzeug spielen eine besonders schwerwiegende Rolle. Dies liegt daran, dass sie neben dem CO<sub>2<\/sub> in der \u00fcblichen Reiseflugh\u00f6he noch weitere Emissionen und atmosph\u00e4rische Prozesse verursachen, deren Klimawirksamkeit deutlich h\u00f6her ist, als die des CO<sub>2<\/sub> allein. (Textauszug aus diesem Bericht)<\/p>\n<p><a href=\"https:\/\/taz.de\/Unerwuenschte-Folgen-des-Reisens\/!5516458\/\">Unerw\u00fcnschte Folgen des Reisens<\/a><\/p>\n<p><span class=\"body\" role=\"main\">Denn jeder Ferienflieger verst\u00e4rkt mit seinem CO<sub>2<\/sub>-Aussto\u00df den Klimawandel und tr\u00e4gt so zur Zerst\u00f6rung jener nat\u00fcrlichen R\u00e4ume und St\u00e4dte bei, um derentwillen die Reisenden aufbrechen. (Textauszug aus diesem Artikel)<br \/>\n<\/span><\/p>\n<p>Diese Flyer verteilte ich bei Montagsdemonstrationen auf dem Frankfurter Flughafen &#8230;<\/p>\n<p><a href=\"https:\/\/wo-soll-das-hinfuehren.de\/Hauptmenue\/wp-content\/uploads\/2018\/03\/Flyer-DIN-A5-Vorderseite-gr\u00fcn-Internet-1.jpg\">Flyer Vorderseite<\/a><\/p>\n<p><a href=\"http:\/\/wo-soll-das-hinfuehren.de\/Hauptmenue\/wp-content\/uploads\/2018\/03\/FLYER-DIN-A-5-NEU-20.04.2018.jpg\">Flyer R\u00fcckseite<\/a><\/p>\n<p>Corona bedingt geht der Weg der Zerst\u00f6rung nun aber offensichtlich weiter durch den Kauf eines eigenen Wohnmobils [\u2026]. Neben einem oder mehreren PKW`s auf dem Grundst\u00fcck steht nun auch noch ein Wohnmobil [\u2026].<\/p>\n<p><a href=\"https:\/\/de.statista.com\/infografik\/24223\/anzahl-der-neuzulassungen-von-wohnmobilen-und-caravans-in-deutschland\/\">Wohnmobilboom<\/a><\/p>\n<p><a href=\"https:\/\/www.hesslingers-reise.de\/2019\/03\/16\/klimawandel-und-wohnmobilreisen-m-ein-konflikt\/\">Klimawandel und Wohnmobilreisen &#8211; Ein Konflikt?<\/a><\/p>\n<p><a href=\"https:\/\/nachhaltig-sein.info\/lebensweise\/nachhaltig-urlaub-reise-tourismus\">Nachhaltig Urlaub machen &#8211; Wie geht das?<\/a><\/p>\n<p>&nbsp;<\/p>\n<ul>\n<li><strong><a href=\"https:\/\/wo-soll-das-hinfuehren.de\/Hauptmenue\/wp-content\/uploads\/2021\/07\/Meine-These.jpg\">Meine These<\/a><\/strong><\/li>\n<\/ul>\n<p><a href=\"https:\/\/wo-soll-das-hinfuehren.de\/Hauptmenue\/wp-content\/uploads\/2021\/07\/Screenshot_20210701-171814_WhatsApp.jpg\">\u00d6kobilanz &#8211; E-Bike<\/a><\/p>\n<p>&nbsp;<\/p>\n<ul>\n<li><span style=\"color: #0000ff;\"><strong><a style=\"color: #0000ff;\" href=\"https:\/\/taz.de\/Klimaziele-und-Wirtschaftswachstum\/!5718595\/\">WIRTSCHAFTSWACHSTUM<\/a><\/strong><\/span><\/li>\n<li><span style=\"color: #800080;\"><a style=\"color: #800080;\" href=\"https:\/\/wo-soll-das-hinfuehren.de\/Hauptmenue\/?p=27\"><strong>WIRTSCHAFTSWACHSTUM \/ KLIMAKRISE<\/strong><\/a><\/span><\/li>\n<li><strong><a href=\"https:\/\/peds-ansichten.de\/2016\/07\/die-luege-vom-ewigen-wirtschaftswachstum\/\">Die L\u00fcge vom ewigen Wirtschaftswachstum<\/a><\/strong><\/li>\n<li><strong><a href=\"https:\/\/gruen4future.de\/\">Gr\u00fcn4Future &#8211; Unser Wirtschaftssystem<\/a><\/strong><\/li>\n<\/ul>\n<p>Diese Flyer h\u00e4ngte ich 2006 an B\u00e4ume:<\/p>\n<p><a href=\"https:\/\/wo-soll-das-hinfuehren.de\/Hauptmenue\/wp-content\/uploads\/2018\/02\/NATUR-IN-NOT-2005-blau-Vorderseite.jpg\">Flyer Vorderseite<\/a><\/p>\n<p><a href=\"https:\/\/wo-soll-das-hinfuehren.de\/Hauptmenue\/wp-content\/uploads\/2018\/02\/NATUR-IN-NOT-2005-blau-R%C3%BCckseitseite.jpg\">Flyer R\u00fcckseite<\/a><\/p>\n<p>Ich bin sehr gespannt, wie oft wir von der Wissenschaft noch Verl\u00e4ngerungen der Zeitfenster zum Handeln bekommen?<\/p>\n<p>Bildzeitung vom 23.02.2007<\/p>\n<p><a href=\"https:\/\/wo-soll-das-hinfuehren.de\/Hauptmenue\/wp-content\/uploads\/2018\/02\/DSCN1059-e1569507366828.jpg\"><img loading=\"lazy\" decoding=\"async\" class=\"alignnone wp-image-2306\" src=\"https:\/\/wo-soll-das-hinfuehren.de\/Hauptmenue\/wp-content\/uploads\/2018\/02\/DSCN1059-e1569507366828-225x300.jpg\" alt=\"\" width=\"122\" height=\"163\" srcset=\"https:\/\/wo-soll-das-hinfuehren.de\/Hauptmenue\/wp-content\/uploads\/2018\/02\/DSCN1059-e1569507366828-225x300.jpg 225w, https:\/\/wo-soll-das-hinfuehren.de\/Hauptmenue\/wp-content\/uploads\/2018\/02\/DSCN1059-e1569507366828-768x1024.jpg 768w\" sizes=\"auto, (max-width: 122px) 100vw, 122px\" \/><\/a><\/p>\n<p><a href=\"https:\/\/www.heise.de\/tp\/features\/Klimawandel-nicht-mehr-zu-stoppen-3409477.html\">Vertraulicher Bericht vom UN-Klimarat aus dem Jahr 2006<\/a><\/p>\n<p><a href=\"https:\/\/m.youtube.com\/watch?v=-HmqJHGsyBQ&amp;feature=youtu.be\">Weltklimarat hat sich geirrt: Klimawandel entwickelt sich anders!<\/a><\/p>\n<p>So, wie wir Menschen uns seit Jahrzehnten verhalten, sind wir &#8222;nur&#8220; l\u00e4stige Parasiten f\u00fcr diesen Planeten [\u2026]. Wir zerst\u00f6ren und arbeiten gegen die Natur, wo wir k\u00f6nnen [\u2026]. Wir sind die einzige Spezies auf diesem Planeten die das macht [\u2026].<\/p>\n<p><a href=\"https:\/\/wo-soll-das-hinfuehren.de\/Hauptmenue\/wp-content\/uploads\/2021\/07\/20210706_172721.jpg\"><img loading=\"lazy\" decoding=\"async\" class=\"alignnone size-medium wp-image-3409\" src=\"https:\/\/wo-soll-das-hinfuehren.de\/Hauptmenue\/wp-content\/uploads\/2021\/07\/20210706_172721-220x300.jpg\" alt=\"\" width=\"220\" height=\"300\" srcset=\"https:\/\/wo-soll-das-hinfuehren.de\/Hauptmenue\/wp-content\/uploads\/2021\/07\/20210706_172721-220x300.jpg 220w, https:\/\/wo-soll-das-hinfuehren.de\/Hauptmenue\/wp-content\/uploads\/2021\/07\/20210706_172721.jpg 546w\" sizes=\"auto, (max-width: 220px) 100vw, 220px\" \/><\/a><\/p>\n<p>Auf diesen passenden Buch Text stie\u00df ich 2003 und ver\u00f6ffentlichte diesen im Einverst\u00e4ndnis mit R\u00fcdiger Nehberg (\u2020 01.04.2020) und dem Piper Verlag am 05.08.2018 auf meiner Webseite [\u2026].<\/p>\n<p><a href=\"https:\/\/wo-soll-das-hinfuehren.de\/Hauptmenue\/wp-content\/uploads\/2018\/03\/GRENZEN-DER-INTELLIGENZ.jpg\">Grenzen der Intelligenz &#8211; Sieg der Gewohnheit<\/a><\/p>\n<p><a href=\"https:\/\/wo-soll-das-hinfuehren.de\/Hauptmenue\/?p=1052\">Mein Kommentar zu diesem treffenden Text von 2018<\/a><\/p>\n<p>&nbsp;<\/p>\n<ul>\n<li><strong>Impressionen aus dem Main-Kinzig-Kreis und der Wetterau<\/strong><\/li>\n<\/ul>\n<p>(Das Ergebnis unserer kurzsichtigen Denk- und Lebensweise)<\/p>\n<p><a href=\"https:\/\/wo-soll-das-hinfuehren.de\/Hauptmenue\/wp-content\/uploads\/2021\/07\/20210703_092315-scaled.jpg\"><img loading=\"lazy\" decoding=\"async\" class=\"alignnone wp-image-3285\" src=\"https:\/\/wo-soll-das-hinfuehren.de\/Hauptmenue\/wp-content\/uploads\/2021\/07\/20210703_092315-169x300.jpg\" alt=\"\" width=\"101\" height=\"179\" srcset=\"https:\/\/wo-soll-das-hinfuehren.de\/Hauptmenue\/wp-content\/uploads\/2021\/07\/20210703_092315-169x300.jpg 169w, https:\/\/wo-soll-das-hinfuehren.de\/Hauptmenue\/wp-content\/uploads\/2021\/07\/20210703_092315-576x1024.jpg 576w, https:\/\/wo-soll-das-hinfuehren.de\/Hauptmenue\/wp-content\/uploads\/2021\/07\/20210703_092315-768x1365.jpg 768w, https:\/\/wo-soll-das-hinfuehren.de\/Hauptmenue\/wp-content\/uploads\/2021\/07\/20210703_092315-864x1536.jpg 864w, https:\/\/wo-soll-das-hinfuehren.de\/Hauptmenue\/wp-content\/uploads\/2021\/07\/20210703_092315-1152x2048.jpg 1152w, https:\/\/wo-soll-das-hinfuehren.de\/Hauptmenue\/wp-content\/uploads\/2021\/07\/20210703_092315-scaled.jpg 1440w\" sizes=\"auto, (max-width: 101px) 100vw, 101px\" \/><\/a><\/p>\n<p><a href=\"https:\/\/wo-soll-das-hinfuehren.de\/Hauptmenue\/wp-content\/uploads\/2021\/07\/DSCN2423-scaled.jpg\">Foto 2 \u00a0 <\/a><a href=\"https:\/\/wo-soll-das-hinfuehren.de\/Hauptmenue\/wp-content\/uploads\/2021\/07\/DSCN2428-scaled.jpg\">Foto 3\u00a0\u00a0\u00a0<\/a><a href=\"https:\/\/wo-soll-das-hinfuehren.de\/Hauptmenue\/wp-content\/uploads\/2021\/07\/DSCN2430-scaled.jpg\">Foto 4 \u00a0\u00a0 <\/a><a href=\"https:\/\/wo-soll-das-hinfuehren.de\/Hauptmenue\/wp-content\/uploads\/2021\/07\/DSCN2436-scaled.jpg\">Foto 5\u00a0\u00a0\u00a0<\/a><a href=\"https:\/\/wo-soll-das-hinfuehren.de\/Hauptmenue\/wp-content\/uploads\/2021\/07\/DSCN2437-scaled.jpg\">Foto 6\u00a0\u00a0\u00a0<\/a><a href=\"https:\/\/wo-soll-das-hinfuehren.de\/Hauptmenue\/wp-content\/uploads\/2021\/07\/DSCN2438-scaled.jpg\">Foto 7\u00a0\u00a0\u00a0<\/a><a href=\"https:\/\/wo-soll-das-hinfuehren.de\/Hauptmenue\/wp-content\/uploads\/2021\/07\/DSCN2439-scaled.jpg\">Foto 8 \u00a0\u00a0 <\/a><a href=\"https:\/\/wo-soll-das-hinfuehren.de\/Hauptmenue\/wp-content\/uploads\/2021\/07\/DSCN2441-scaled.jpg\">Foto 9\u00a0\u00a0\u00a0<\/a><a href=\"https:\/\/wo-soll-das-hinfuehren.de\/Hauptmenue\/wp-content\/uploads\/2021\/07\/DSCN2447-scaled.jpg\">Foto 10\u00a0\u00a0\u00a0<\/a><a href=\"https:\/\/wo-soll-das-hinfuehren.de\/Hauptmenue\/wp-content\/uploads\/2021\/07\/DSCN2449-scaled.jpg\">Foto 11\u00a0\u00a0\u00a0<\/a><a href=\"https:\/\/wo-soll-das-hinfuehren.de\/Hauptmenue\/wp-content\/uploads\/2021\/07\/DSCN2451-scaled.jpg\">Foto 12\u00a0 \u00a0 <\/a><a href=\"https:\/\/wo-soll-das-hinfuehren.de\/Hauptmenue\/wp-content\/uploads\/2021\/07\/DSCN2453-scaled.jpg\">Foto 13\u00a0\u00a0\u00a0<\/a><a href=\"https:\/\/wo-soll-das-hinfuehren.de\/Hauptmenue\/wp-content\/uploads\/2021\/07\/DSCN2454-scaled.jpg\">Foto 14\u00a0\u00a0\u00a0<\/a><a href=\"https:\/\/wo-soll-das-hinfuehren.de\/Hauptmenue\/wp-content\/uploads\/2021\/07\/DSCN2455-scaled.jpg\">Foto 15\u00a0\u00a0\u00a0<\/a><a href=\"https:\/\/wo-soll-das-hinfuehren.de\/Hauptmenue\/wp-content\/uploads\/2021\/07\/DSCN2456-scaled.jpg\">Foto 16\u00a0\u00a0\u00a0<\/a><a href=\"https:\/\/wo-soll-das-hinfuehren.de\/Hauptmenue\/wp-content\/uploads\/2021\/07\/DSCN2457-scaled.jpg\">Foto 17\u00a0\u00a0 <\/a><a href=\"https:\/\/wo-soll-das-hinfuehren.de\/Hauptmenue\/wp-content\/uploads\/2021\/07\/DSCN2460-scaled.jpg\">Foto 18 ( Foto 1, 5 Tage vorher ) \u00a0 <\/a><a href=\"https:\/\/wo-soll-das-hinfuehren.de\/Hauptmenue\/wp-content\/uploads\/2021\/07\/DSCN2462-scaled.jpg\">Foto 19\u00a0\u00a0\u00a0<\/a><a href=\"https:\/\/wo-soll-das-hinfuehren.de\/Hauptmenue\/wp-content\/uploads\/2021\/07\/DSCN2463-scaled.jpg\">Foto 20\u00a0\u00a0\u00a0<\/a><a href=\"https:\/\/wo-soll-das-hinfuehren.de\/Hauptmenue\/wp-content\/uploads\/2021\/07\/DSCN2470-scaled.jpg\">Foto 21\u00a0\u00a0\u00a0<\/a><a href=\"https:\/\/wo-soll-das-hinfuehren.de\/Hauptmenue\/wp-content\/uploads\/2021\/07\/DSCN2474-scaled.jpg\">Foto 22\u00a0\u00a0\u00a0<\/a><a href=\"https:\/\/wo-soll-das-hinfuehren.de\/Hauptmenue\/wp-content\/uploads\/2021\/07\/DSCN2475-scaled.jpg\">Foto 23\u00a0\u00a0\u00a0<\/a><a href=\"https:\/\/wo-soll-das-hinfuehren.de\/Hauptmenue\/wp-content\/uploads\/2021\/07\/DSCN2476-scaled.jpg\">Foto 24\u00a0\u00a0\u00a0<\/a><a href=\"https:\/\/wo-soll-das-hinfuehren.de\/Hauptmenue\/wp-content\/uploads\/2021\/07\/DSCN2477-scaled.jpg\">Foto 25\u00a0\u00a0\u00a0<\/a><a href=\"https:\/\/wo-soll-das-hinfuehren.de\/Hauptmenue\/wp-content\/uploads\/2021\/07\/DSCN2485-scaled.jpg\">Foto 26\u00a0\u00a0\u00a0<\/a><a href=\"https:\/\/wo-soll-das-hinfuehren.de\/Hauptmenue\/wp-content\/uploads\/2021\/07\/DSCN2486-scaled.jpg\">Foto 27\u00a0\u00a0\u00a0<\/a><a href=\"https:\/\/wo-soll-das-hinfuehren.de\/Hauptmenue\/wp-content\/uploads\/2021\/07\/DSCN2492-scaled.jpg\">Foto 28\u00a0\u00a0\u00a0<\/a><a href=\"https:\/\/wo-soll-das-hinfuehren.de\/Hauptmenue\/wp-content\/uploads\/2021\/07\/DSCN2495-scaled.jpg\">Foto 29\u00a0\u00a0\u00a0<\/a><a href=\"https:\/\/wo-soll-das-hinfuehren.de\/Hauptmenue\/wp-content\/uploads\/2021\/07\/DSCN2512-scaled.jpg\">Foto 30\u00a0\u00a0\u00a0 <\/a><a href=\"https:\/\/wo-soll-das-hinfuehren.de\/Hauptmenue\/wp-content\/uploads\/2021\/07\/20210711_132953-scaled.jpg\">Foto 31 (Foto1, 7 Tage sp\u00e4ter) <\/a>[\u2026].<\/p>\n<p>Derzeit k\u00e4mpfen die B\u00e4ume ums \u00dcberleben, danach die Menschheit [\u2026]. Wie Professor Lesch in dem oben verlinkten Video richtigerweise sagt, ist das den meisten Menschen &#8222;wurscht&#8220; [\u2026]. Fragt sich nur, wie lange noch?<\/p>\n<p>&nbsp;<\/p>\n<ul>\n<li><strong><a href=\"https:\/\/www.google.com\/url?sa=t&amp;rct=j&amp;q=&amp;esrc=s&amp;source=web&amp;cd=&amp;cad=rja&amp;uact=8&amp;ved=2ahUKEwiepJro_cnxAhWKG-wKHderAYMQFjACegQIAhAD&amp;url=https%3A%2F%2Fwww.zdf.de%2Fdokumentation%2Fterra-x%2Fartensterben-die-fakten-mit-dirk-steffens-100.html&amp;usg=AOvVaw1YrK3jvduV6iL-Lv_qFtP9\">\u00a0Terra X\u00a0 &#8211;\u00a0 Artensterben &#8211; Die Fakten<\/a><\/strong><\/li>\n<\/ul>\n<p>&nbsp;<\/p>\n<ul>\n<li><a href=\"https:\/\/orf.at\/stories\/3219131\/\"><strong>Fast 48 Grad &#8211; Hitzerekord in Kanada \u201epulverisiert\u201c<\/strong><\/a><\/li>\n<\/ul>\n<p>&nbsp;<\/p>\n<ul>\n<li><strong><a href=\"https:\/\/www.umweltbundesamt.de\/presse\/pressemitteilungen\/neue-analyse-zeigt-risiken-der-erderhitzung-fuer\">Umweltbundesamt &#8211; Neue Analyse zeigt Risiken der Erderhitzung f\u00fcr Deutschland<\/a><\/strong><\/li>\n<\/ul>\n<p>&nbsp;<\/p>\n<ul>\n<li>Immer mehr Menschen in Deutschland lassen sich Klimaanlagen installieren, weil es nun immer \u00f6fter unangenehm warm in der Wohnung wird [\u2026].\u00a0 Das tr\u00e4gt jedoch zus\u00e4tzlich zur weiteren Erderw\u00e4rmung bei [\u2026].<\/li>\n<\/ul>\n<p><strong><a href=\"https:\/\/www.dw.com\/de\/klimaanlagen-heizen-die-welt-auf\/a-44766276\">Klimaanlagen heizen die Welt auf<\/a><\/strong><\/p>\n<p>Ich habe schon vor vielen Jahren an einer Universit\u00e4t angefragt ob z. B. die W\u00e4rme, die der Motor eines Autos produziert, in unsere Klimaberechnungen mit einbezogen wird. Die Auskunft war damals: &#8222;wohl nicht so richtig&#8220;.\u00a0 Klimaanlagen geben beim Betrieb W\u00e4rme ab, auch wenn sie vielleicht durch den Strom der hauseigenen Solaranlage betrieben werden.<\/p>\n<p>&nbsp;<\/p>\n<ul>\n<li><strong><a href=\"https:\/\/www.umweltbundesamt.de\/umwelttipps-fuer-den-alltag\/mobilitaet\/flugreisen#unsere-tipps\">Umweltbundesamt &#8211; Fliegen ist die klimasch\u00e4dlichste Art sich fortzubewegen.<\/a><\/strong><\/li>\n<\/ul>\n<p>&nbsp;<\/p>\n<ul>\n<li><strong><a href=\"https:\/\/youtu.be\/GMHdSrJ7D8k\">&#8222;Wir hatten keinen Umweltschutz&#8220;<\/a><\/strong><\/li>\n<\/ul>\n<p>Meine Eltern hatten kein Auto und keinen F\u00fchrerschein [\u2026]. Ich habe als Kind oft die Milch beim Bauern geholt und bin 2 Kilometer zu Fu\u00df in die Grundschule gelaufen [\u2026]. Unser Konsum (Supermarkt) im Ort hatte gesch\u00e4tzte 100 m2 Verkaufsfl\u00e4che und vermutlich nicht einmal 10 Prozent des heutigen Angebots. Meine Eltern wurden trotzdem 74 und 87 Jahre alt [\u2026].\u00a0 Und ich bin nicht verhungert oder litt an Mangelern\u00e4hrung [\u2026]. Es ist sehr traurig, dass wir unsere verschwenderische Lebensweise nicht erkennen [\u2026]. Mein wenig gefahrenes Auto habe ich vor zwei Jahren abgemeldet und mein E-Auto ist seitdem ein E-Bike [\u2026]. Meine kleinen Enkels\u00f6hne werden mich demn\u00e4chst Fragen, was ihr Opa gegen den Klimawandel gemacht hat [\u2026]. Ihr Opa Werner kann ihnen dann einiges erz\u00e4hlen [\u2026].<\/p>\n<p>&nbsp;<\/p>\n<ul>\n<li>W\u00e4hrend gesch\u00e4tzte 80-90 Prozent der Bev\u00f6lkerung nun so weiter machen will wie vor der Corona-Pandemie, wissen gesch\u00e4tzte 1 Prozent der Bev\u00f6lkerung nicht mehr was sie noch tun k\u00f6nnen um den Menschen die bedrohliche Lage, in der wir uns bereits befinden, klar zu machen. Viele junge Menschen von Extinction Rebellion setzen sich mit Schilder umgeh\u00e4ngt auf die Stra\u00dfe, andere k\u00e4mpfen um jeden (noch lebenden) Baum durch Waldbesetzung, andere h\u00e4ngen sich an Autobahnbr\u00fccken oder fliegen mit einem Banner \u00fcber ein Stadion [\u2026]. Mein Eindruck nach 18 Jahren ist, die Menschheit will sich nicht von ihrem kollektiven Massensuizid abhalten lassen [\u2026]. \u00a0 Leider [\u2026]. Ich komme mir vor, als w\u00fcrde ich seit 18 Jahren mit einem DIN A1 Schild vor einer Autobahnbr\u00fccke stehen und vergeblich versuchen die Autofahrer\/innen vor dem Einsturz der Br\u00fccke zu warnen [\u2026]. Von den anderen gesch\u00e4tzten 10-20 Prozent, die sich jetzt mit dem Thema ernsthaft auseinandersetzen, glauben die Allermeisten, wenn sie jetzt die Gr\u00fcnen w\u00e4hlen wird alles gut. Selbst die Gr\u00fcnen glauben das. Das zeigt, dass auch die Gr\u00fcnen-Politiker nicht in der Realit\u00e4t leben [\u2026]. <strong>\u201eMit Naturgesetzen kann man nicht verhandeln, oder sie um Aufschub bitten.\u201c <\/strong>Wenn es nun mit der Trockenheit und der extremen Sonneneinstrahlung jedes Jahr so weitergeht, (wahrscheinlich sogar schlimmer wird) k\u00f6nnte es meiner Ansicht nach in ein paar Jahren kaum noch B\u00e4ume geben [\u2026].\u00a0 Das ist die traurige Realit\u00e4t [\u2026]. An dieser Stelle m\u00f6chte ich an die Warnung der Primatenforscherin Jane Goodall erinnern.<\/li>\n<\/ul>\n<p><strong><a href=\"https:\/\/netzfrauen.org\/2020\/06\/24\/goodall\/\">Ja<\/a><\/strong><a href=\"https:\/\/netzfrauen.org\/2020\/06\/24\/goodall\/\"><strong>ne Goodall: Die Menschheit ist am Ende, wenn sie sich nach Covid-19 nicht umstellen kann<\/strong><\/a><\/p>\n<p><a href=\"https:\/\/youtu.be\/MTbhCndKbTM\"><strong>&#8222;Harald Lesch: Warum tun wir nicht was wir sollten? (TUM, 18.06.2018)&#8220;<\/strong><\/a><\/p>\n<p>&nbsp;<\/p>\n<p><a href=\"https:\/\/wo-soll-das-hinfuehren.de\/Hauptmenue\/wp-content\/uploads\/2021\/06\/FB_IMG_1623961473660.jpg\"><img loading=\"lazy\" decoding=\"async\" class=\"alignnone size-medium wp-image-3170\" src=\"https:\/\/wo-soll-das-hinfuehren.de\/Hauptmenue\/wp-content\/uploads\/2021\/06\/FB_IMG_1623961473660-300x298.jpg\" alt=\"\" width=\"300\" height=\"298\" srcset=\"https:\/\/wo-soll-das-hinfuehren.de\/Hauptmenue\/wp-content\/uploads\/2021\/06\/FB_IMG_1623961473660-300x298.jpg 300w, https:\/\/wo-soll-das-hinfuehren.de\/Hauptmenue\/wp-content\/uploads\/2021\/06\/FB_IMG_1623961473660-150x150.jpg 150w, https:\/\/wo-soll-das-hinfuehren.de\/Hauptmenue\/wp-content\/uploads\/2021\/06\/FB_IMG_1623961473660.jpg 720w\" sizes=\"auto, (max-width: 300px) 100vw, 300px\" \/><\/a><\/p>\n<p><a href=\"https:\/\/wo-soll-das-hinfuehren.de\/Hauptmenue\/wp-content\/uploads\/2021\/06\/20210617_153045-scaled.jpg\"><img loading=\"lazy\" decoding=\"async\" class=\"alignnone size-medium wp-image-3172\" src=\"https:\/\/wo-soll-das-hinfuehren.de\/Hauptmenue\/wp-content\/uploads\/2021\/06\/20210617_153045-300x169.jpg\" alt=\"\" width=\"300\" height=\"169\" srcset=\"https:\/\/wo-soll-das-hinfuehren.de\/Hauptmenue\/wp-content\/uploads\/2021\/06\/20210617_153045-300x169.jpg 300w, https:\/\/wo-soll-das-hinfuehren.de\/Hauptmenue\/wp-content\/uploads\/2021\/06\/20210617_153045-1024x576.jpg 1024w, https:\/\/wo-soll-das-hinfuehren.de\/Hauptmenue\/wp-content\/uploads\/2021\/06\/20210617_153045-768x432.jpg 768w, https:\/\/wo-soll-das-hinfuehren.de\/Hauptmenue\/wp-content\/uploads\/2021\/06\/20210617_153045-1536x864.jpg 1536w, https:\/\/wo-soll-das-hinfuehren.de\/Hauptmenue\/wp-content\/uploads\/2021\/06\/20210617_153045-2048x1152.jpg 2048w\" sizes=\"auto, (max-width: 300px) 100vw, 300px\" \/><\/a><\/p>\n<p>Es geht weiter mit dem Vollpumpen unserer Atmosph\u00e4re mit CO2 (Treibhausgas) <span style=\"color: #ff0000;\"><strong><a style=\"color: #ff0000;\" href=\"https:\/\/www.google.com\/url?sa=t&amp;rct=j&amp;q=&amp;esrc=s&amp;source=web&amp;cd=&amp;cad=rja&amp;uact=8&amp;ved=2ahUKEwiS_snNuqvxAhWB_qQKHTtPAUYQ3ywwAHoECAIQAg&amp;url=https%3A%2F%2Fwww.youtube.com%2Fwatch%3Fv%3DwIRyoh5TClI&amp;usg=AOvVaw2m-SxkpzH3x7fJVEGTCeJa\"><span style=\"color: #ff9900;\">&#8222;36 Grad,<\/span> und es wird <span style=\"color: #ff00bf;\">noch hei\u00dfer&#8230;&#8220;<\/span><\/a><\/strong><\/span><\/p>\n<p><a href=\"https:\/\/wo-soll-das-hinfuehren.de\/Hauptmenue\/wp-content\/uploads\/2021\/06\/20210617_114853-scaled.jpg\"><img loading=\"lazy\" decoding=\"async\" class=\"alignnone size-medium wp-image-3179\" src=\"https:\/\/wo-soll-das-hinfuehren.de\/Hauptmenue\/wp-content\/uploads\/2021\/06\/20210617_114853-300x169.jpg\" alt=\"\" width=\"300\" height=\"169\" srcset=\"https:\/\/wo-soll-das-hinfuehren.de\/Hauptmenue\/wp-content\/uploads\/2021\/06\/20210617_114853-300x169.jpg 300w, https:\/\/wo-soll-das-hinfuehren.de\/Hauptmenue\/wp-content\/uploads\/2021\/06\/20210617_114853-1024x576.jpg 1024w, https:\/\/wo-soll-das-hinfuehren.de\/Hauptmenue\/wp-content\/uploads\/2021\/06\/20210617_114853-768x432.jpg 768w, https:\/\/wo-soll-das-hinfuehren.de\/Hauptmenue\/wp-content\/uploads\/2021\/06\/20210617_114853-1536x864.jpg 1536w, https:\/\/wo-soll-das-hinfuehren.de\/Hauptmenue\/wp-content\/uploads\/2021\/06\/20210617_114853-2048x1152.jpg 2048w\" sizes=\"auto, (max-width: 300px) 100vw, 300px\" \/><\/a><\/p>\n<p>&nbsp;<\/p>\n<ul>\n<li><a href=\"https:\/\/utopia.de\/gerald-huether-hirnforscher-das-leben-besteht-nicht-darin-sich-irgendwelche-konsumbeduerfnisse-zu-erfuellen-51507\/\"><strong>Hirnforscher Gerald H\u00fcther: \u201eDas Leben besteht nicht darin, sich irgendwelche Konsumbed\u00fcrfnisse zu erf\u00fcllen\u201c<\/strong><\/a><\/li>\n<\/ul>\n<p>&nbsp;<\/p>\n<ul>\n<li><strong><a href=\"https:\/\/www.overshootday.org\/newsroom\/press-release-germany-overshoot-day-2021-de\/#:~:text=for%20English%20version-,5.,Overshoot%20Day%20schon%20am%205.\">German Overshootday: <span style=\"color: #ff0000;\">5. Mai 2021<\/span><\/a><\/strong><\/li>\n<\/ul>\n<p>&nbsp;<\/p>\n<ul>\n<li><strong><a href=\"https:\/\/www.derstandard.at\/story\/2000126308990\/amazonas-regenwald-stoesst-jetzt-mehr-co2-aus-als-er-absorbiert\">Amazonas-Regenwald st\u00f6\u00dft jetzt mehr CO2 aus, als er absorbiert<\/a><\/strong><\/li>\n<\/ul>\n<p>&nbsp;<\/p>\n<ul>\n<li><a href=\"https:\/\/www.tagesschau.de\/inland\/klimaschutzgesetz-bundesverfassungsgericht-101.html\"><strong><span style=\"color: #0000ff;\">Klimaschutzgesetz in Teilen verfassungswidrig<\/span><\/strong><\/a><\/li>\n<\/ul>\n<p>&nbsp;<\/p>\n<ul>\n<li>\n<h4><strong><a href=\"https:\/\/taz.de\/Massnahmen-gegen-die-Klimakrise\/!5762016\/\"><span style=\"color: #008000;\">Ma\u00dfnahmen gegen die Klima<span style=\"color: #0000ff;\">krise<\/span><\/span><\/a><\/strong><\/h4>\n<\/li>\n<\/ul>\n<h5>Ein Flug alle drei Jahre<\/h5>\n<p class=\"intro \">Ab Montag ber\u00e4t der Weltklimarat IPCC \u00fcber seinen n\u00e4chsten Bericht. Zum ersten Mal wird jetzt auch \u00fcber Verzicht f\u00fcr die Reichen debattiert.<\/p>\n<p>&nbsp;<\/p>\n<ul>\n<li><strong><a href=\"https:\/\/wo-soll-das-hinfuehren.de\/Hauptmenue\/wp-content\/uploads\/2018\/02\/ScreenRecorderProject120_cut_001.mp4\">Facebookvideo von 2019<\/a><\/strong><\/li>\n<\/ul>\n<p>&nbsp;<\/p>\n<ul>\n<li>Die Intelligenz der allermeisten Menschen reicht zwar um im Kollektiv viele Dinge zu erfinden, sie maschinell zu produzieren und zu schaffen (&#8230;). Doch die Intelligenz der allermeisten Menschen reicht nicht, um die Umweltsch\u00e4den zu erkennen, welche wir durch unsere kurzsichtige Denk- und Lebensweise an diesem einst wundersch\u00f6nen Planeten anrichten (&#8230;).<\/li>\n<\/ul>\n<p><a href=\"https:\/\/wo-soll-das-hinfuehren.de\/Hauptmenue\/wp-content\/uploads\/2021\/04\/20210403_173549-scaled.jpg\"><img loading=\"lazy\" decoding=\"async\" class=\"alignnone size-medium wp-image-3115\" src=\"https:\/\/wo-soll-das-hinfuehren.de\/Hauptmenue\/wp-content\/uploads\/2021\/04\/20210403_173549-300x169.jpg\" alt=\"\" width=\"300\" height=\"169\" srcset=\"https:\/\/wo-soll-das-hinfuehren.de\/Hauptmenue\/wp-content\/uploads\/2021\/04\/20210403_173549-300x169.jpg 300w, https:\/\/wo-soll-das-hinfuehren.de\/Hauptmenue\/wp-content\/uploads\/2021\/04\/20210403_173549-1024x576.jpg 1024w, https:\/\/wo-soll-das-hinfuehren.de\/Hauptmenue\/wp-content\/uploads\/2021\/04\/20210403_173549-768x432.jpg 768w, https:\/\/wo-soll-das-hinfuehren.de\/Hauptmenue\/wp-content\/uploads\/2021\/04\/20210403_173549-1536x864.jpg 1536w, https:\/\/wo-soll-das-hinfuehren.de\/Hauptmenue\/wp-content\/uploads\/2021\/04\/20210403_173549-2048x1152.jpg 2048w\" sizes=\"auto, (max-width: 300px) 100vw, 300px\" \/><\/a><\/p>\n<p>&nbsp;<\/p>\n<ul>\n<li><strong><a href=\"https:\/\/www.stern.de\/reise\/service\/google-earth-zeigt--mit-neuer-zeitraffer-funktion--wie-schnell-sich-die-erde-veraendert-30483922.html\">Stern &#8211; Google Earth zeigt mit neuer Funktion, wie schnell wir Menschen die Erde ver\u00e4ndern<\/a><\/strong><\/li>\n<\/ul>\n<p><a href=\"https:\/\/youtu.be\/v74_mf2usc0\">Video &#8211; Zeitraffer<\/a><\/p>\n<p><a href=\"https:\/\/earth.google.com\/web\/@26.1923664,50.55142736,6a,59369d,35y,0h,27t,0r\/data=CjISMBIgNTQ0MGExNzMxYzI1MTFlYTk0NDM4YmI2ODk0NDUyOTciDG1haW5Ob1JhbmRvbQ\">Google Earth &#8211; Zeitraffer<\/a><\/p>\n<p>&nbsp;<\/p>\n<ul>\n<li><strong><a href=\"https:\/\/wo-soll-das-hinfuehren.de\/Hauptmenue\/wp-content\/uploads\/2018\/02\/Mein-CO2-Fussabdruck.jpg\">Im Januar berechnete ich meinen CO2-Fu\u00dfabdruck<\/a><\/strong><\/li>\n<\/ul>\n<p><a href=\"https:\/\/www.wwf.de\/themen-projekte\/klima-energie\/wwf-klimarechner\">Ermitteln Sie Ihren CO2-Aussto\u00df und erhalten Sie Tipps, wie Sie den CO2-Fu\u00dfabdruck reduzieren k\u00f6nnen. <\/a><\/p>\n<p>&nbsp;<\/p>\n<ul>\n<li><strong><a href=\"https:\/\/www.3sat.de\/wissen\/nano\/210315-grundwasser-nano-102.html#xtor=CS1-10\">Wassermangel am Vogelsberg<\/a><\/strong><\/li>\n<\/ul>\n<p>&nbsp;<\/p>\n<ul>\n<li><strong><a href=\"https:\/\/www.wwf.de\/earth-hour\">Earth Hour 2021<\/a><\/strong><\/li>\n<\/ul>\n<p>&nbsp;<\/p>\n<ul>\n<li><strong><a href=\"https:\/\/www.tagesschau.de\/inland\/gesellschaft\/tagdeswaldes-101.html\">Tag des Waldes<\/a><\/strong><\/li>\n<\/ul>\n<p>&nbsp;<\/p>\n<ul>\n<li><strong><a href=\"https:\/\/www.nabu.de\/wir-ueber-uns\/veranstaltungen\/26848.html\">Klimastreik 19.03.2021<\/a><\/strong><\/li>\n<\/ul>\n<p>&nbsp;<\/p>\n<ul>\n<li>Dass wir mit dem aktuellen Wirtschaftssystem (welches auf Wachstum, Profit und Verschwendung ausgerichtet ist) das Ding gegen die Wand fahren, wird immer klarer [\u2026].<\/li>\n<\/ul>\n<p>Hier ist die Arbeit eines gro\u00dfen Vision\u00e4rs: <span style=\"color: #008000;\"><strong><a style=\"color: #008000;\" href=\"https:\/\/ethikratie.net\/wp\/de_de\/&quot;?wk&quot;\">Die Ethikratie<\/a><\/strong><\/span><\/p>\n<p>Dieser Brief ist an Greta Thunberg gerichtet: <strong><a href=\"https:\/\/ethikratie.net\/wp\/de_de\/letter-to-greta\/?wsdh&quot;?wk&quot;\"><span style=\"color: #008000;\">Letter to Greta<\/span><\/a><\/strong><\/p>\n<p>&nbsp;<\/p>\n<ul>\n<li><strong><a href=\"https:\/\/youtu.be\/JSGuy3LA-d0\">Immer mehr Menschen erkennen langsam, dass auf diesem Planeten einiges falsch l\u00e4uft \u2026<\/a><\/strong><\/li>\n<\/ul>\n<p>&nbsp;<\/p>\n<ul>\n<li><a href=\"https:\/\/www.businessinsider.de\/politik\/deutschland\/angela-merkel-greta-thunberg-klimaschutz-buch-klimapaket-2019-9\/\"><strong>Sollte Frau Merkel demn\u00e4chst vielleicht vor Gericht kommen, kann sie jedenfalls nicht behaupten, sie h\u00e4tte von der Bedrohung durch den Klimawandel nichts gewusst.<\/strong><\/a><\/li>\n<\/ul>\n<p>&nbsp;<\/p>\n<ul>\n<li><strong>Filmtipp:\u00a0 <\/strong><strong><a href=\"https:\/\/www.zdf.de\/dokumentation\/terra-x\/ein-perfekter-planet-menschen-102.html\">Ein perfekter Planet \u2013 Menschen<\/a><\/strong><\/li>\n<\/ul>\n<p>&nbsp;<\/p>\n<ul>\n<li><strong><a href=\"https:\/\/www.zeit.de\/gesellschaft\/zeitgeschehen\/2021-02\/klimaschutz-frankreich-schaeden-umweltorganisationen-globale-erwaermung\">Auch in Frankreich haben Umweltorganisationen mit Klagen gegen den Staat wegen Unt\u00e4tigkeit beim Klimaschutz einen Erfolg erzielt.<\/a><\/strong><\/li>\n<\/ul>\n<p>&nbsp;<\/p>\n<ul>\n<li><strong><a href=\"https:\/\/m.youtube.com\/watch?v=KjRDUlkEbu4&amp;feature=youtu.be\">Rede von Greta zum virituellen Weltwirtschaftsforum 2021<\/a><\/strong><\/li>\n<\/ul>\n<p><a href=\"https:\/\/wo-soll-das-hinfuehren.de\/Hauptmenue\/wp-content\/uploads\/2021\/01\/Uebersetzung-Rede-Greta-Davos-2021.jpg\">\u00dcbersetzte Rede<\/a><\/p>\n<p>&nbsp;<\/p>\n<ul>\n<li><strong><a href=\"https:\/\/m.geo.de\/natur\/nachhaltigkeit\/23795-rtkl-grausige-zukunft-forscher-warnen-wir-unterschaetzen-das-ausmass-der?utm_campaign=&amp;utm_source=facebook&amp;utm_medium=mweb_sharing\">Forscher warnen: Wir untersch\u00e4tzen das Ausma\u00df der \u00f6kologischen Krise<\/a><\/strong><\/li>\n<\/ul>\n<p>&nbsp;<\/p>\n<ul>\n<li>Das letzte Jahr endete mit Informationen zu Klimaklagen und im neuen Jahr geht es weiter. Nachdem ich nun schon 18 Jahre lang mit ansehen muss, wie wir immer schneller unsere Lebensgrundlagen zerst\u00f6ren und Ressourcen in einem beispiellosen Ausma\u00df verheizen, unterschrieb ich als verantwortungsvoller Opa die nachfolgend verlinkte Beitrittserkl\u00e4rung.<\/li>\n<\/ul>\n<p><a href=\"https:\/\/macshot.de\/ob2.php\"><strong>BEITRITT zur Strafanzeige gegen die Regierung der Bundesrepublik Deutschland<\/strong> <\/a><\/p>\n<p>Dieser von mir im August 2018 verlinkte Artikel beschreibt die Situation sehr treffend:<\/p>\n<p><a href=\"https:\/\/www.sueddeutsche.de\/politik\/klimawandel-so-verheizen-wir-die-welt-1.4087750\"><strong>So verheizen wir die Welt<\/strong><\/a><\/p>\n<p>Die Revolution der Vernunft wird es wohl nicht geben (&#8230;). Nach meinen Erkenntnissen wird lediglich nach L\u00f6sungen gesucht, wie wir in Zukunft weniger umweltsch\u00e4dlich weitermachen. Wir sind derzeit Welten von einer nachhaltigen Lebensweise entfernt (&#8230;). Vieler Orts werden z. B. neue Wohngebiete und Industriegebiete ausgewiesen. F\u00fcr schicke Einfamilienh\u00e4user wird Bauland angeboten. Die Natur wird immer weiter zubetoniert, zugepflastert und zu geschottert, u. a. durch den neuen Trend &#8222;Kies- und Schotterg\u00e4rten&#8220;.<\/p>\n<p>&nbsp;<\/p>\n<div align=\"center\">\n<p style=\"text-align: center;\"><strong><a id=\"ebsr5556uh\" href=\"https:\/\/www.besucherzaehler-kostenlos.de\">besucherzaehler-kostenlos.de<\/a><script language=\"JavaScript\" src=\"https:\/\/www.besucherzaehler-kostenlos.de\/js\/counter.js.php?count=1&#038;id=Z5uw93MPVv&#038;start=7863&#038;design=2d\"><\/script><\/strong><\/p>\n<\/div>\n","protected":false},"excerpt":{"rendered":"<p>Die neuesten Informationen stehen oben in dem Beitrag, nach dieser Einleitung. \u00dcber diese von mir im Fr\u00fchjahr 2018 erstellte Infotafel sollte jeder Mensch einmal etwas intensiver nachdenken und sich die Frage stellen: &#8222;Wo soll das hinf\u00fchren&#8220;. Astronaut Alexander Gerst bittet ebenfalls in dem von mir verlinkten Video\u00a0&#8222;Nachricht an meine Enkelkinder&#8220; darum, sich diese Frage zu &hellip; <a href=\"https:\/\/wo-soll-das-hinfuehren.de\/Hauptmenue\/?p=2952\" class=\"more-link\"><span class=\"screen-reader-text\">News 2021<\/span> weiterlesen<\/a><\/p>\n","protected":false},"author":1,"featured_media":0,"comment_status":"closed","ping_status":"open","sticky":false,"template":"","format":"standard","meta":{"footnotes":""},"categories":[1],"tags":[],"class_list":["post-2952","post","type-post","status-publish","format-standard","hentry","category-allgemein"],"jetpack_featured_media_url":"","_links":{"self":[{"href":"https:\/\/wo-soll-das-hinfuehren.de\/Hauptmenue\/index.php?rest_route=\/wp\/v2\/posts\/2952","targetHints":{"allow":["GET"]}}],"collection":[{"href":"https:\/\/wo-soll-das-hinfuehren.de\/Hauptmenue\/index.php?rest_route=\/wp\/v2\/posts"}],"about":[{"href":"https:\/\/wo-soll-das-hinfuehren.de\/Hauptmenue\/index.php?rest_route=\/wp\/v2\/types\/post"}],"author":[{"embeddable":true,"href":"https:\/\/wo-soll-das-hinfuehren.de\/Hauptmenue\/index.php?rest_route=\/wp\/v2\/users\/1"}],"replies":[{"embeddable":true,"href":"https:\/\/wo-soll-das-hinfuehren.de\/Hauptmenue\/index.php?rest_route=%2Fwp%2Fv2%2Fcomments&post=2952"}],"version-history":[{"count":629,"href":"https:\/\/wo-soll-das-hinfuehren.de\/Hauptmenue\/index.php?rest_route=\/wp\/v2\/posts\/2952\/revisions"}],"predecessor-version":[{"id":4046,"href":"https:\/\/wo-soll-das-hinfuehren.de\/Hauptmenue\/index.php?rest_route=\/wp\/v2\/posts\/2952\/revisions\/4046"}],"wp:attachment":[{"href":"https:\/\/wo-soll-das-hinfuehren.de\/Hauptmenue\/index.php?rest_route=%2Fwp%2Fv2%2Fmedia&parent=2952"}],"wp:term":[{"taxonomy":"category","embeddable":true,"href":"https:\/\/wo-soll-das-hinfuehren.de\/Hauptmenue\/index.php?rest_route=%2Fwp%2Fv2%2Fcategories&post=2952"},{"taxonomy":"post_tag","embeddable":true,"href":"https:\/\/wo-soll-das-hinfuehren.de\/Hauptmenue\/index.php?rest_route=%2Fwp%2Fv2%2Ftags&post=2952"}],"curies":[{"name":"wp","href":"https:\/\/api.w.org\/{rel}","templated":true}]}}