{"id":39,"date":"2018-03-16T10:40:50","date_gmt":"2018-03-16T10:40:50","guid":{"rendered":"http:\/\/wo-soll-das-hinfuehren.de\/Hauptmenue\/?p=39"},"modified":"2026-02-07T11:46:05","modified_gmt":"2026-02-07T11:46:05","slug":"herzlichen-willkommen-2","status":"publish","type":"post","link":"https:\/\/wo-soll-das-hinfuehren.de\/Hauptmenue\/?p=39","title":{"rendered":"HERZLICH WILLKOMMEN"},"content":{"rendered":"<p><strong>auf der Internetseite wo-soll-das-hinfuehren.de \/<\/strong><strong> die-seite-der-wahrheit.de!<br \/>\n<\/strong><\/p>\n<p>Liebe Besucher,<\/p>\n<p>diese Internetseite erstellte ich erstmals vor 22 Jahren aus Sorge um unsere Umwelt und Zukunft. In dieser Zeit wurden meine bereit gestellten Informationen zwar von einigen Menschen gelesen, aber das war es dann trauriger Weise auch schon, bis auf ein paar positive Kommentare.<\/p>\n<p>Erfreulicherweise hat nun Greta Thunberg (fridaysforfuture) das geschafft, was ich und tausende Wissenschaftler nicht mehr f\u00fcr m\u00f6glich gehalten haben.<\/p>\n<p>Sie hat in kurzer Zeit bereits viele Menschen zum NACHDENKEN und zum UMDENKEN gebracht. Leider noch viel zu Wenige!<\/p>\n<p>Aus meiner Sicht kann jeder, wirklich jeder erkennen und verstehen, dass wir mit unserem Konsumverhalten nicht so weitermachen d\u00fcrfen wie bisher, wenn wir eine Zukunft haben m\u00f6chten.<\/p>\n<p><strong>Man muss nur einmal dar\u00fcber nachdenken [\u2026].<br \/>\n<\/strong><\/p>\n<p>Jeder Artikel den wir kaufen, jedes Fahrzeug das wir kaufen, und jede Reise die wir t\u00e4tigen, ist eine mehr oder weniger gro\u00dfe Umweltbelastung und vergr\u00f6\u00dfert unseren \u00f6kologischen Fu\u00dfabdruck.<\/p>\n<p>Diese Tatsache nicht zu erkennen oder zu leugnen, hilft jungen Generationen leider nicht weiter.<\/p>\n<p>Wenn wir jetzt den Kurs, den Greta Thunberg uns aufzeigt, nicht weiterverfolgen und unseren Verstand und unser Gewissen einschalten, fahren wir das Ding gegen die Wand, wie es Professor Lesch in dem Video &#8222;<a href=\"https:\/\/www.youtube.com\/watch?v=9ZUNY7sYaf0\">Die Menschheit schafft sich ab<\/a>\u201c sehr treffend formuliert.<\/p>\n<p>BITTE unterst\u00fctzen auch Sie fridaysforfuture, parentsforfuture und grandparentsforfuture!<\/p>\n<p><strong>Es wird allerh\u00f6chste Zeit!!!<\/strong><\/p>\n<h3 style=\"text-align: center;\"><span style=\"color: #ff0000;\"><a style=\"color: #ff0000;\" href=\"https:\/\/www.aol.de\/nachrichten\/2019\/05\/29\/greta-thunberg-und-der-terminator-wollen-die-welt-retten\/\"><strong>Das ist ein NOTFALL!!!<\/strong><\/a><\/span><\/h3>\n<p>&nbsp;<\/p>\n<p>Tipps, was Sie gleich tun k\u00f6nnen, um unsere Umwelt (unsere Lebensgrundlage) zu\u00a0 entlasten\u00a0 finden\u00a0 Sie\u00a0 in\u00a0 meinem\u00a0 Beitrag &#8222;GUTES TUN\u201c und auf der verlinkten Webseite &#8222;<a href=\"http:\/\/nachhaltig-sein.info\/privatpersonen-nachhaltigkeit\/nachhaltigkeit-allein-taten-sind-gefragt\">NACHHALTIG-SEIN.info<\/a>\u201c.<\/p>\n<p>In den Beitr\u00e4gen\u00a0 <span style=\"color: #008000;\"><strong><a style=\"color: #008000;\" href=\"https:\/\/wo-soll-das-hinfuehren.de\/Hauptmenue\/?p=6894\">&#8222;News 2026&#8220;<\/a><\/strong><\/span>\u00a0 ,\u00a0 <span style=\"color: #008000;\"><strong><a style=\"color: #008000;\" href=\"https:\/\/wo-soll-das-hinfuehren.de\/Hauptmenue\/?p=6308\">&#8222;News 2025&#8220;<\/a><\/strong><\/span>\u00a0 ,\u00a0 <span style=\"color: #008000;\"><strong><a style=\"color: #008000;\" href=\"https:\/\/wo-soll-das-hinfuehren.de\/Hauptmenue\/?p=5543\">&#8222;News 2024&#8220;<\/a><\/strong><\/span>\u00a0 ,\u00a0 <strong><span style=\"color: #008000;\"><a style=\"color: #008000;\" href=\"https:\/\/wo-soll-das-hinfuehren.de\/Hauptmenue\/?p=4775\">&#8222;News 2023&#8220;<\/a><\/span><\/strong>\u00a0 , <span style=\"color: #008000;\"><strong><a style=\"color: #008000;\" href=\"https:\/\/wo-soll-das-hinfuehren.de\/Hauptmenue\/?p=4048\">&#8222;News 2022&#8220;<\/a><\/strong><\/span> , <strong><span style=\"color: #008000;\"><a style=\"color: #008000;\" href=\"https:\/\/wo-soll-das-hinfuehren.de\/Hauptmenue\/?p=2952\">&#8222;News 2021&#8220;<\/a><\/span><\/strong> ,\u00a0 <span style=\"color: #008000;\"><a style=\"color: #008000;\" href=\"https:\/\/wo-soll-das-hinfuehren.de\/Hauptmenue\/?p=1984\">&#8222;<strong>News 2020<\/strong><\/a><\/span>&#8220; , &#8222;<a href=\"http:\/\/wo-soll-das-hinfuehren.de\/Hauptmenue\/?p=1223\"><strong><span style=\"color: #008000;\">News 2019<\/span><\/strong><\/a>&#8220; und &#8222;<strong><span style=\"color: #008000;\"><a style=\"color: #008000;\" href=\"http:\/\/wo-soll-das-hinfuehren.de\/Hauptmenue\/?p=530\">News 2018<\/a><\/span><\/strong>&#8220;\u00a0 finden Sie viele aktuelle und wichtige Informationen.<\/p>\n<p>In dem Beitrag <span style=\"color: #008000;\"><strong><a style=\"color: #008000;\" href=\"https:\/\/wo-soll-das-hinfuehren.de\/Hauptmenue\/?p=1604\">&#8222;Unterst\u00fctzer von Fridays for Future&#8220;<\/a><\/strong><\/span>\u00a0 finden Sie eine kleine Auflistung der Unterst\u00fctzer und weitere Informationen, warum uns die Zukunft des Planeten und unserer Nachkommen nicht egal sein sollte.<\/p>\n<p>Hier finden Sie <strong><a href=\"https:\/\/wo-soll-das-hinfuehren.de\/Hauptmenue\/?p=2912\">&#8222;Fakten, Basiswissen und aktuelle Infos zum Klimawandel&#8220;<\/a><\/strong><\/p>\n<p>Herzlichen Dank, auch f\u00fcr Ihre Kommentare<\/p>\n<p>Werner Kohn<\/p>\n<p style=\"text-align: center;\"><em><span style=\"color: #008000;\"><strong>Bilder und Links bitte anklicken<\/strong><\/span><\/em><\/p>\n<p style=\"text-align: center;\"><a href=\"https:\/\/wo-soll-das-hinfuehren.de\/Hauptmenue\/wp-content\/uploads\/2018\/03\/GNZ-08.08.2019.jpg\"><img loading=\"lazy\" decoding=\"async\" class=\" wp-image-2202 aligncenter\" src=\"https:\/\/wo-soll-das-hinfuehren.de\/Hauptmenue\/wp-content\/uploads\/2018\/03\/GNZ-08.08.2019-212x300.jpg\" alt=\"\" width=\"467\" height=\"661\" srcset=\"https:\/\/wo-soll-das-hinfuehren.de\/Hauptmenue\/wp-content\/uploads\/2018\/03\/GNZ-08.08.2019-212x300.jpg 212w, https:\/\/wo-soll-das-hinfuehren.de\/Hauptmenue\/wp-content\/uploads\/2018\/03\/GNZ-08.08.2019-768x1086.jpg 768w, https:\/\/wo-soll-das-hinfuehren.de\/Hauptmenue\/wp-content\/uploads\/2018\/03\/GNZ-08.08.2019-724x1024.jpg 724w, https:\/\/wo-soll-das-hinfuehren.de\/Hauptmenue\/wp-content\/uploads\/2018\/03\/GNZ-08.08.2019.jpg 1240w\" sizes=\"auto, (max-width: 467px) 100vw, 467px\" \/><\/a><a href=\"https:\/\/www.facebook.com\/werner.kohn.52\"><strong>Werner Kohn bei <span style=\"color: #0000ff;\">Facebook<\/span><\/strong><\/a><\/p>\n<p>&nbsp;<\/p>\n<p style=\"text-align: center;\"><a href=\"https:\/\/wo-soll-das-hinfuehren.de\/Hauptmenue\/wp-content\/uploads\/2019\/04\/20190419_121538-neu-1.jpg\"><img loading=\"lazy\" decoding=\"async\" class=\"wp-image-1352 aligncenter\" src=\"https:\/\/wo-soll-das-hinfuehren.de\/Hauptmenue\/wp-content\/uploads\/2019\/04\/20190419_121538-neu-1-300x225.jpg\" alt=\"\" width=\"487\" height=\"366\" srcset=\"https:\/\/wo-soll-das-hinfuehren.de\/Hauptmenue\/wp-content\/uploads\/2019\/04\/20190419_121538-neu-1-300x225.jpg 300w, https:\/\/wo-soll-das-hinfuehren.de\/Hauptmenue\/wp-content\/uploads\/2019\/04\/20190419_121538-neu-1-768x576.jpg 768w, https:\/\/wo-soll-das-hinfuehren.de\/Hauptmenue\/wp-content\/uploads\/2019\/04\/20190419_121538-neu-1-1024x768.jpg 1024w\" sizes=\"auto, (max-width: 487px) 100vw, 487px\" \/><\/a><\/p>\n<p>&nbsp;<\/p>\n<p style=\"text-align: center;\"><a href=\"https:\/\/wo-soll-das-hinfuehren.de\/Hauptmenue\/wp-content\/uploads\/2022\/01\/Die-Welt-ist-nicht-genug-Grafik-Fussabdruck.jpeg\"><img loading=\"lazy\" decoding=\"async\" class=\"alignnone wp-image-4171 aligncenter\" src=\"https:\/\/wo-soll-das-hinfuehren.de\/Hauptmenue\/wp-content\/uploads\/2022\/01\/Die-Welt-ist-nicht-genug-Grafik-Fussabdruck-300x300.jpeg\" alt=\"\" width=\"468\" height=\"468\" srcset=\"https:\/\/wo-soll-das-hinfuehren.de\/Hauptmenue\/wp-content\/uploads\/2022\/01\/Die-Welt-ist-nicht-genug-Grafik-Fussabdruck-300x300.jpeg 300w, https:\/\/wo-soll-das-hinfuehren.de\/Hauptmenue\/wp-content\/uploads\/2022\/01\/Die-Welt-ist-nicht-genug-Grafik-Fussabdruck-1024x1024.jpeg 1024w, https:\/\/wo-soll-das-hinfuehren.de\/Hauptmenue\/wp-content\/uploads\/2022\/01\/Die-Welt-ist-nicht-genug-Grafik-Fussabdruck-150x150.jpeg 150w, https:\/\/wo-soll-das-hinfuehren.de\/Hauptmenue\/wp-content\/uploads\/2022\/01\/Die-Welt-ist-nicht-genug-Grafik-Fussabdruck-768x768.jpeg 768w, https:\/\/wo-soll-das-hinfuehren.de\/Hauptmenue\/wp-content\/uploads\/2022\/01\/Die-Welt-ist-nicht-genug-Grafik-Fussabdruck.jpeg 1200w\" sizes=\"auto, (max-width: 468px) 100vw, 468px\" \/><\/a><span style=\"color: #ff0000;\"><strong><a style=\"color: #ff0000;\" href=\"https:\/\/de.statista.com\/infografik\/10574\/oekologischer-fussabdruck-die-welt-ist-nicht-genug\/\">Die Welt ist nicht genug<\/a><\/strong><\/span><\/p>\n<p>&nbsp;<\/p>\n<p style=\"text-align: center;\"><strong><a href=\"https:\/\/youtu.be\/3eFDhIeAM6A\"><span style=\"color: #0000ff;\">Nature Is Speaking: Hannelore Elsner ist Mutter Natur<\/span><\/a><\/strong><\/p>\n<p style=\"text-align: center;\"><strong><span style=\"color: #0000ff;\"><a style=\"color: #0000ff;\" href=\"https:\/\/youtu.be\/E6pK4sTdw6Y\">Nature Is Speaking: Oliver Mommsen ist Der Boden<\/a><\/span><\/strong><\/p>\n<p style=\"text-align: center;\"><strong><span style=\"color: #0000ff;\"><a style=\"color: #0000ff;\" href=\"https:\/\/youtu.be\/TCOqXByq2nU\">Nature Is Speaking: Hannes Jaenicke ist Der Ozean<\/a><\/span><\/strong><\/p>\n<p>&nbsp;<\/p>\n<div align=\"center\">\n<p style=\"text-align: center;\"><strong><a id=\"ebsr5556uh\" href=\"https:\/\/www.besucherzaehler-kostenlos.de\">besucherzaehler-kostenlos.de<\/a><script language=\"JavaScript\" src=\"https:\/\/www.besucherzaehler-kostenlos.de\/js\/counter.js.php?count=1&#038;id=Z5uw93MPVv&#038;start=7863&#038;design=2d\"><\/script><\/strong><\/p>\n<\/div>\n","protected":false},"excerpt":{"rendered":"<p>auf der Internetseite wo-soll-das-hinfuehren.de \/ die-seite-der-wahrheit.de! Liebe Besucher, diese Internetseite erstellte ich erstmals vor 22 Jahren aus Sorge um unsere Umwelt und Zukunft. In dieser Zeit wurden meine bereit gestellten Informationen zwar von einigen Menschen gelesen, aber das war es dann trauriger Weise auch schon, bis auf ein paar positive Kommentare. Erfreulicherweise hat nun Greta &hellip; <a href=\"https:\/\/wo-soll-das-hinfuehren.de\/Hauptmenue\/?p=39\" class=\"more-link\"><span class=\"screen-reader-text\">HERZLICH WILLKOMMEN<\/span> weiterlesen<\/a><\/p>\n","protected":false},"author":1,"featured_media":0,"comment_status":"open","ping_status":"open","sticky":false,"template":"","format":"standard","meta":{"footnotes":""},"categories":[1],"tags":[],"class_list":["post-39","post","type-post","status-publish","format-standard","hentry","category-allgemein"],"jetpack_featured_media_url":"","_links":{"self":[{"href":"https:\/\/wo-soll-das-hinfuehren.de\/Hauptmenue\/index.php?rest_route=\/wp\/v2\/posts\/39","targetHints":{"allow":["GET"]}}],"collection":[{"href":"https:\/\/wo-soll-das-hinfuehren.de\/Hauptmenue\/index.php?rest_route=\/wp\/v2\/posts"}],"about":[{"href":"https:\/\/wo-soll-das-hinfuehren.de\/Hauptmenue\/index.php?rest_route=\/wp\/v2\/types\/post"}],"author":[{"embeddable":true,"href":"https:\/\/wo-soll-das-hinfuehren.de\/Hauptmenue\/index.php?rest_route=\/wp\/v2\/users\/1"}],"replies":[{"embeddable":true,"href":"https:\/\/wo-soll-das-hinfuehren.de\/Hauptmenue\/index.php?rest_route=%2Fwp%2Fv2%2Fcomments&post=39"}],"version-history":[{"count":201,"href":"https:\/\/wo-soll-das-hinfuehren.de\/Hauptmenue\/index.php?rest_route=\/wp\/v2\/posts\/39\/revisions"}],"predecessor-version":[{"id":6930,"href":"https:\/\/wo-soll-das-hinfuehren.de\/Hauptmenue\/index.php?rest_route=\/wp\/v2\/posts\/39\/revisions\/6930"}],"wp:attachment":[{"href":"https:\/\/wo-soll-das-hinfuehren.de\/Hauptmenue\/index.php?rest_route=%2Fwp%2Fv2%2Fmedia&parent=39"}],"wp:term":[{"taxonomy":"category","embeddable":true,"href":"https:\/\/wo-soll-das-hinfuehren.de\/Hauptmenue\/index.php?rest_route=%2Fwp%2Fv2%2Fcategories&post=39"},{"taxonomy":"post_tag","embeddable":true,"href":"https:\/\/wo-soll-das-hinfuehren.de\/Hauptmenue\/index.php?rest_route=%2Fwp%2Fv2%2Ftags&post=39"}],"curies":[{"name":"wp","href":"https:\/\/api.w.org\/{rel}","templated":true}]}}