{"id":4048,"date":"2018-03-03T17:25:21","date_gmt":"2018-03-03T17:25:21","guid":{"rendered":"https:\/\/wo-soll-das-hinfuehren.de\/Hauptmenue\/?p=4048"},"modified":"2023-04-29T11:31:43","modified_gmt":"2023-04-29T11:31:43","slug":"news-2022","status":"publish","type":"post","link":"https:\/\/wo-soll-das-hinfuehren.de\/Hauptmenue\/?p=4048","title":{"rendered":"News 2022"},"content":{"rendered":"<p>Die neuesten Informationen stehen oben in dem Beitrag, nach dieser Einleitung.<\/p>\n<p style=\"text-align: center;\"><a href=\"https:\/\/wo-soll-das-hinfuehren.de\/Hauptmenue\/wp-content\/uploads\/2021\/09\/20210929_202240.jpg\"><img loading=\"lazy\" decoding=\"async\" class=\"size-medium wp-image-3841 aligncenter\" src=\"https:\/\/wo-soll-das-hinfuehren.de\/Hauptmenue\/wp-content\/uploads\/2021\/09\/20210929_202240-217x300.jpg\" alt=\"\" width=\"217\" height=\"300\" srcset=\"https:\/\/wo-soll-das-hinfuehren.de\/Hauptmenue\/wp-content\/uploads\/2021\/09\/20210929_202240-217x300.jpg 217w, https:\/\/wo-soll-das-hinfuehren.de\/Hauptmenue\/wp-content\/uploads\/2021\/09\/20210929_202240.jpg 720w\" sizes=\"auto, (max-width: 217px) 100vw, 217px\" \/><\/a><\/p>\n<p>&nbsp;<\/p>\n<p>Neuen Besuchern empfehle ich, sich meine Einleitung von den <strong><a href=\"https:\/\/wo-soll-das-hinfuehren.de\/Hauptmenue\/?p=2952\">&#8222;News 2021&#8220;<\/a><\/strong> anzuschauen. Weitere sehr empfehlenswerte Videos sind: <strong><a href=\"https:\/\/youtu.be\/hHKzAIL7g00\">&#8222;Einfach. Besser. Leben.&#8220;<\/a><\/strong> von Professor Austmann, <strong><a href=\"https:\/\/youtu.be\/TUCSTKSOo3g\">&#8222;Weniger ist mehr&#8220;<\/a><\/strong> von Professor Niko Paech und <a href=\"https:\/\/www.umweltbundesamt.de\/themen\/klimaneutral-leben-im-alltag\"><strong>&#8222;Klimaneutral leben im Alltag&#8220;<\/strong><\/a> vom Umweltbundesamt. Zum Thema Arbeitspl\u00e4tze empfehle ich die Fernsehbeitr\u00e4ge aus dem Jahr 1978 mit Hoimar von Ditfurth: <strong><a href=\"https:\/\/www.zdf.de\/dokumentation\/dokumentation-sonstige\/querschnitt-die-balance-der-biosphaere-100.html\">&#8222;Der Ast, auf dem wir sitzen&#8220;\u00a0 Teil 1 und Teil 2<\/a><\/strong><\/p>\n<p>&nbsp;<\/p>\n<p style=\"text-align: center;\"><span style=\"color: #008000;\"><strong><em>Links und Bilder bitte anklicken<\/em><\/strong><\/span><\/p>\n<p>&nbsp;<\/p>\n<ul>\n<li><strong><a href=\"https:\/\/unserenatur.net\/die-hopi-prophezeiung-bewusste-und-erwachte-menschen-werden-die-neue-welt-aufbauen\/\">Die Hopi-Prophezeiung: Bewusste und erwachte Menschen werden die neue Welt aufbauen<\/a><\/strong><\/li>\n<\/ul>\n<p>&nbsp;<\/p>\n<p><a href=\"https:\/\/wo-soll-das-hinfuehren.de\/Hauptmenue\/wp-content\/uploads\/2022\/12\/FB_IMG_1668277772495.jpg\"><img loading=\"lazy\" decoding=\"async\" class=\"alignnone size-medium wp-image-4770\" src=\"https:\/\/wo-soll-das-hinfuehren.de\/Hauptmenue\/wp-content\/uploads\/2022\/12\/FB_IMG_1668277772495-183x300.jpg\" alt=\"\" width=\"183\" height=\"300\" srcset=\"https:\/\/wo-soll-das-hinfuehren.de\/Hauptmenue\/wp-content\/uploads\/2022\/12\/FB_IMG_1668277772495-183x300.jpg 183w, https:\/\/wo-soll-das-hinfuehren.de\/Hauptmenue\/wp-content\/uploads\/2022\/12\/FB_IMG_1668277772495-624x1024.jpg 624w, https:\/\/wo-soll-das-hinfuehren.de\/Hauptmenue\/wp-content\/uploads\/2022\/12\/FB_IMG_1668277772495.jpg 720w\" sizes=\"auto, (max-width: 183px) 100vw, 183px\" \/><\/a><\/p>\n<p>&nbsp;<\/p>\n<p>&nbsp;<\/p>\n<p><a href=\"https:\/\/wo-soll-das-hinfuehren.de\/Hauptmenue\/wp-content\/uploads\/2022\/12\/FB_IMG_1670834649617.jpg\"><img loading=\"lazy\" decoding=\"async\" class=\"alignnone size-medium wp-image-4769\" src=\"https:\/\/wo-soll-das-hinfuehren.de\/Hauptmenue\/wp-content\/uploads\/2022\/12\/FB_IMG_1670834649617-300x300.jpg\" alt=\"\" width=\"300\" height=\"300\" srcset=\"https:\/\/wo-soll-das-hinfuehren.de\/Hauptmenue\/wp-content\/uploads\/2022\/12\/FB_IMG_1670834649617-300x300.jpg 300w, https:\/\/wo-soll-das-hinfuehren.de\/Hauptmenue\/wp-content\/uploads\/2022\/12\/FB_IMG_1670834649617-150x150.jpg 150w, https:\/\/wo-soll-das-hinfuehren.de\/Hauptmenue\/wp-content\/uploads\/2022\/12\/FB_IMG_1670834649617.jpg 720w\" sizes=\"auto, (max-width: 300px) 100vw, 300px\" \/><\/a><\/p>\n<p>&nbsp;<\/p>\n<ul>\n<li><strong><a href=\"https:\/\/www.zeit.de\/green\/2022-12\/cop-15-weltnaturgipfel-antonio-guterres\">UN-Chef Guterres warnt vor <span style=\"color: #ff0000;\">&#8222;Krieg gegen die Natur&#8220;<\/span><\/a><\/strong><\/li>\n<\/ul>\n<p>Der Mensch sei zu einer &#8222;Massenvernichtungswaffe&#8220; geworden: UN-Generalsekret\u00e4r Ant\u00f3nio Guterres ruft auf dem Weltnaturgipfel in Kanada zum Frieden mit der Natur auf.<\/p>\n<p>&nbsp;<\/p>\n<h3 style=\"text-align: center;\"><span style=\"color: #008000;\"><strong>FROHE WEIHNACHTEN<\/strong><\/span><\/h3>\n<p>&nbsp;<\/p>\n<ul>\n<li>\n<h4><strong>Erneuter Filmtipp:<\/strong> <span style=\"color: #0000ff;\"><strong><a style=\"color: #0000ff;\" href=\"https:\/\/youtu.be\/A2ElvIwMHrw\">Klimawandel und Vogel Strau\u00df Taktik<\/a><\/strong><\/span><\/h4>\n<\/li>\n<\/ul>\n<p>&nbsp;<\/p>\n<ul>\n<li>Da offensichtlich fast alle Menschen glauben, dass es ohne gravierende Ver\u00e4nderungen immer weiter geht, m\u00f6chte ich an diese beiden Artikel in meinen &#8222;News 2020&#8220; erinnern:<\/li>\n<\/ul>\n<p><a href=\"https:\/\/netzfrauen.org\/2020\/06\/24\/goodall\/\"><span style=\"color: #0000ff;\"><strong>Jane Goodall: Die Menschheit ist am Ende, wenn sie sich nach Covid-19 nicht umstellen kann<\/strong><\/span><\/a><\/p>\n<p><span style=\"color: #0000ff;\"><a style=\"color: #0000ff;\" href=\"https:\/\/m.augsburger-allgemeine.de\/kultur\/Journal\/Wenn-wir-so-weitermachen-stirbt-unsere-Spezies-aus-id57208341.html\"><strong>&#8222;Wenn wir so weiter machen, stirbt unsere Spezies aus&#8220;<\/strong><\/a><\/span><\/p>\n<blockquote><p><span style=\"color: #0000ff;\">Der Mensch hingegen denkt nur an sich selbst, wir haben eine komplett anthropozentrische Sicht auf alles. Doch wenn wir die Welt nur aus unserer Perspektive betrachten, werden wir als Art nicht \u00fcberleben. Ich meine das nicht moralisch, mir geht es wirklich nur um eine Frage des \u00dcberlebens. (Textauszug aus diesem Artikel)<\/span><\/p>\n<p><span style=\"color: #0000ff;\"><b><span class=\"rtr-entity\" data-rtr-entity=\"Stefano Mancuso\" data-rtr-id=\"95399a2659ebe9b92e8f500b81e1295de1997ff1\" data-rtr-score=\"505.043312909\" data-rtr-etype=\"person\">Mancuso<\/span>:<\/b> Uns ist nicht wirklich bewusst, dass wir ein Teil der Natur sind. Wir sind keine Wesen, die au\u00dferhalb dieses Zusammenhangs existieren. Unser \u00dcberleben als Spezies ist nur garantiert, wenn das \u00dcberleben der anderen Arten sicher ist. F\u00fcr uns als Menschen ist es notwendig, dass diese Gemeinschaft der Arten auf der Erde erhalten bleibt. (Textauszug aus diesem Artikel)<br \/>\n<\/span><\/p><\/blockquote>\n<p>&nbsp;<\/p>\n<ul>\n<li>Heute vor drei Jahren am 08.10.2019 erstellte ich meinen Beitrag <a href=\"https:\/\/wo-soll-das-hinfuehren.de\/Hauptmenue\/?p=2332\">&#8222;Die Menschheit schafft sich ab&#8220;<\/a><\/li>\n<\/ul>\n<p>Durch Posts und Kommentare auf Facebook googelte ich heute Morgen und stie\u00df auf diesen Artikel vom Deutschlandfunk:<\/p>\n<p><a href=\"https:\/\/www.deutschlandfunk.de\/hoimar-von-ditfurth-vor-100-jahren-geboren-er-warnte-100.html\">Hoimar von Ditfurth: vor 100 Jahren geboren &#8211; Er warnte bereits 1978 vor dem menschengemachten Klimawandel<\/a><\/p>\n<p>Ein Textauszug aus dem Artikel:<\/p>\n<h2 class=\"article-details-title\">\u201eDer Ast, auf dem wir sitzen\u201c<\/h2>\n<div class=\"article-details-text u-space-bottom-xl\">Schon 1978 warnt Hoimar von Ditfurth vor dem menschengemachten Klimawandel: In einer seiner Querschnitte-Sendungen mit dem bezeichnenden Titel \u201eDer Ast, auf dem wir sitzen\u201c erkl\u00e4rt er mit Schautafeln und Modellen die wissenschaftlichen Berechnungen zum stetigen Anstieg des CO2 in der Atmosph\u00e4re seit der Industrialisierung und die damit einhergehende Erderw\u00e4rmung mit ihren verheerenden Folgen:<\/div>\n<div><\/div>\n<div class=\"article-details-text u-space-bottom-xl\">\u201eDie W\u00fcstengebiete werden sich ausdehnen, die Polkappen werden abschmelzen, der Wasserspiegel wird ansteigen, all das wirkt jetzt noch wie ein Szenario aus einem Science-Fiction-Roman, unsere Kinder, sp\u00e4testens unsere Enkelkinder werden erfahren, dass das mehr ist.\u201c<\/div>\n<div><span style=\"color: #ffffff;\">&#8230;..<\/span><\/div>\n<div><\/div>\n<div><\/div>\n<div>Diese beiden Sendungen kann ich sehr empfehlen:<\/div>\n<div><span style=\"color: #ffffff;\">&#8230;..<\/span><\/div>\n<div><\/div>\n<div><span style=\"color: #0000ff;\"><strong><a style=\"color: #0000ff;\" href=\"https:\/\/www.zdf.de\/dokumentation\/dokumentation-sonstige\/querschnitt-die-balance-der-biosphaere-100.html\">&#8222;Der Ast, auf dem wir sitzen&#8220;\u00a0 Teil 1 und Teil 2<\/a><\/strong><\/span><\/div>\n<div><span style=\"color: #ffffff;\">&#8230;..<\/span><\/div>\n<div><\/div>\n<div>Wir gehen seit \u00fcber 40 Jahren immer weiter den Weg der Zerst\u00f6rung unserer Lebensgrundlagen. Fast niemand m\u00f6chte auf irgendetwas verzichten. Die meisten Klima- und Umweltaktivisten glauben durch die Umstellung auf erneuerbare Energien kann es so \u00e4hnlich weiter gehen wie bisher.<\/div>\n<div><span style=\"color: #ffffff;\">&#8230;.<\/span><\/div>\n<div><\/div>\n<div><\/div>\n<div>Diese Einstellung zeigt, wie egoistisch die meisten Menschen sind und es zeigt, wie weit sie denken k\u00f6nnen [\u2026].<\/div>\n<div><span style=\"color: #ffffff;\">&#8230;.<\/span><\/div>\n<div><\/div>\n<div>Wiederholt zwei Ausschnitte aus Professor Leschs Video &#8222;Die Menschheit schafft sich ab&#8220;:<\/div>\n<div><span style=\"color: #ffffff;\">&#8230;..<\/span><\/div>\n<div><\/div>\n<div><\/div>\n<div><a href=\"https:\/\/wo-soll-das-hinfuehren.de\/Hauptmenue\/wp-content\/uploads\/2022\/06\/ScreenRecorderProject170.mp4\">Dann kann es ja weiter gehen, mit dem Wachstum<\/a><\/div>\n<div><span style=\"color: #ffffff;\">&#8230;..<\/span><\/div>\n<div><\/div>\n<div><a href=\"https:\/\/wo-soll-das-hinfuehren.de\/Hauptmenue\/wp-content\/uploads\/2022\/06\/ScreenRecorderProject174.mp4\">&#8230;schwacher Trost: &#8222;Wir sind nicht die ersten Idioten&#8220;<\/a><\/div>\n<div><\/div>\n<div><span style=\"color: #ffffff;\">&#8230;.<\/span><\/div>\n<div><span style=\"color: #ffffff;\">&#8230;.<\/span><\/div>\n<div><\/div>\n<div><\/div>\n<div><\/div>\n<ul>\n<li>Vor etwa 3 Wochen fragte ich mich, warum die meisten Klima- und Umweltaktivisten nur \u00fcber Halbwahrheiten reden oder schreiben? Danach googelte ich es einmal und stie\u00df u. a. auf diesen Artikel:<\/li>\n<\/ul>\n<p><a href=\"https:\/\/www.spiegel.de\/panorama\/klimawandel-wie-wir-uns-mit-begriffen-wie-umweltfreundlich-selbst-beluegen-a-74c4630e-de62-4040-a76e-ba59bbc7aded\"><span style=\"color: #0000ff;\">Klimakatastrophe: Wie wir uns mit Begriffen wie &#8222;umweltfreundlich&#8220; selbst bel\u00fcgen<\/span><\/a><\/p>\n<p>Beim 9 Euro Ticket schlie\u00dfe ich mich auch nicht der Mehrheit der Klima- und Umweltaktivisten an, da ich die Situation von der Seite der Natur betrachte. Selbst zu Fu\u00df oder mit dem Fahrrad ben\u00f6tigt man zus\u00e4tzliche Energie um von A nach B zu kommen.<\/p>\n<p><a href=\"http:\/\/www.taz.de\/Archiv-Suche\/!5874562\">Sinnhaftigkeit des 9-Euro-Tickets: Nur billig ist auch keine L\u00f6sung<\/a><\/p>\n<p>&nbsp;<\/p>\n<ul>\n<li><strong>Reaktionen<\/strong><\/li>\n<\/ul>\n<p><a href=\"https:\/\/taz.de\/Klimakrise-in-Deutschland\/!5879837\/\">Klimakrise in Deutschland: Wo bleibt der Aufschrei? <\/a><\/p>\n<p><a href=\"https:\/\/taz.de\/Wider-besseres-Wissen\/!5879888\/\">Wider besseres Wissen: Wir sind die Klima-Frevler <\/a><\/p>\n<p><a href=\"https:\/\/www.gmx.net\/amp\/37034686\">ZDF-Wettermoderator: &#8222;Wir m\u00fcssen einen Teil unseres Wohlstands abbauen&#8220;<\/a><\/p>\n<p><a href=\"https:\/\/www.spiegel.de\/wissenschaft\/mensch\/klimakrise-denn-wir-wissen-nicht-was-wir-tun-a-b2fc36bd-ae06-411b-a281-d00b418baee3\">Denn wir wissen nicht, was wir tun<\/a><\/p>\n<p><a href=\"https:\/\/taz.de\/!5877975\/\">Krise des Kapitalismus: Radikale Ver\u00e4nderung oder Untergang <\/a><\/p>\n<p><a href=\"https:\/\/taz.de\/Kapitalismus-und-Klimaschutz\/!5879301\/\">Kapitalismus und Klimaschutz: Schrumpfen statt Wachsen <\/a><\/p>\n<p>&nbsp;<\/p>\n<ul>\n<li><strong><a href=\"https:\/\/twitter.com\/nurderk\/status\/1571106095783092225?s=48&amp;t=GhJzCdHpywHHl3znpzHrqQ\"><span style=\"color: #ff0000;\">\u201eErst stirbt der Wald, dann stirbt der Mensch.\u201c<\/span><\/a><\/strong><\/li>\n<\/ul>\n<p>&nbsp;<\/p>\n<ul>\n<li><strong>Hier sind recht aktuelle Artikel zum Zustand des Planeten<\/strong><\/li>\n<\/ul>\n<p><a href=\"https:\/\/www.faz.net\/aktuell\/wissen\/klimawandel-1-5-grad-ziel-kann-den-kollaps-wohl-nicht-verhindern-18302840.html\">Hat die Erde den \u201esicheren\u201c Klimazustand schon verlassen?<\/a><\/p>\n<p><a href=\"https:\/\/taz.de\/US-Wetterbehoerde-warnt\/!5875187\/\">US-Wetterbeh\u00f6rde warnt: Schon wieder CO2-Rekord <\/a><\/p>\n<p><a href=\"https:\/\/taz.de\/Reaktionen-auf-Duerresommer-in-Klimakrise\/!5878678\/\">Reaktionen auf D\u00fcrresommer in Klimakrise: Echt? Zwei und zwei sind vier? <\/a><\/p>\n<p><a href=\"https:\/\/www.focus.de\/wissen\/klimakrise-studie-sieht-permafrostboeden-kurz-vor-kipppunkt_id_68023486.html\">Studie sieht Permafrostb\u00f6den kurz vor Kipppunkt<\/a><\/p>\n<p><a href=\"https:\/\/www.fr.de\/wissen\/krise-klimaziele-gefahr-hitzewelle-eskalation-ueberschwemmungen-duerre-wetter-waldbrand-91777978.html\">Das Klima kippt fr\u00fcher &#8211; Gefahrenzone offenbar erreicht<\/a><\/p>\n<p><a href=\"https:\/\/taz.de\/Schon-bei-15-Grad-Erderhitzung\/!5880973\/\">Das Klima kippt fr\u00fcher<\/a><\/p>\n<p><a href=\"https:\/\/www.energiezukunft.eu\/klimawandel\/klimakipppunkte-sind-instabiler-als-gedacht\/\">Klimakipppunkte sind instabiler als gedacht<\/a><\/p>\n<p><a href=\"https:\/\/www.spiegel.de\/wissenschaft\/natur\/methan-konzentration-steigt-die-selbstreinigung-der-atmosphaere-macht-schlapp-a-623619c3-368f-46d7-bb62-f0a4866c6bcf\">Mehr Methan &#8211; Die Selbstreinigung der Atmosph\u00e4re macht schlapp <\/a><\/p>\n<p>&nbsp;<\/p>\n<ul>\n<li><span style=\"color: #008000;\"><strong>Drei erfreuliche Ereignisse in den letzten 4 Wochen<\/strong><\/span><\/li>\n<\/ul>\n<p><a href=\"https:\/\/worldcleanupday.de\/das-war-der-world-cleanup-day-2022\/\">17.09.2022 World Cleanup Day 2022<\/a><\/p>\n<p><a href=\"https:\/\/www.dw.com\/de\/zehntausende-beim-globalen-klimastreik-von-fridays-for-future\/a-63220006\">23.09.2022 &#8211; Zehntausende beim globalen Klimastreik von Fridays for Future<\/a><\/p>\n<p><a href=\"https:\/\/www.hessen-nachhaltig.de\/tag-der-nachhaltigkeit-2022.html\">Tag der Nachhaltigkeit am 29.09.2022 in Hessen<\/a><\/p>\n<p>&nbsp;<\/p>\n<ul>\n<li>\n<h2><strong><a href=\"https:\/\/www.psychologie-heute.de\/gesellschaft\/artikel-detailansicht\/42148-wie-kann-es-sein-dass-ihr-nicht-mitbekommt-was-hier-passiert.html\"><span style=\"color: #0000ff;\">\u201eWie kann es sein, dass ihr nicht mitbekommt, was hier passiert?\u201c<\/span> <\/a><\/strong><\/h2>\n<\/li>\n<\/ul>\n<p>&nbsp;<\/p>\n<ul>\n<li><a href=\"https:\/\/youtu.be\/A2ElvIwMHrw\">Offensichtlich kann man sich jetzt die sehr empfehlenswerte Arte Doku <strong>&#8222;Klimawandel und Vogel Strau\u00df Taktik&#8220;<\/strong> wieder ansehen.<\/a><\/li>\n<\/ul>\n<p>&nbsp;<\/p>\n<ul>\n<li><strong>Ab\u00a0 17.08.2022\u00a0 ist die Webseite auch unter der Webadresse <a href=\"https:\/\/www.wo-soll-das-hinfuehren.de\">&#8222;die-seite-der-wahrheit.de&#8220;<\/a> zu erreichen.<\/strong><\/li>\n<\/ul>\n<p>&nbsp;<\/p>\n<ul>\n<li><strong><a href=\"https:\/\/zeitung.faz.net\/faz\/feuilleton\/2022-08-17\/8f6c122bffe2ecf394c0410994a09696\/?GEPC=s9\"><span style=\"color: #ff0000;\">Wo bitte geht es zum Abgrund?<\/span> <\/a><\/strong><\/li>\n<\/ul>\n<p>Diesen Artikel verlinkte ich in meinen\u00a0<a href=\"https:\/\/wo-soll-das-hinfuehren.de\/Hauptmenue\/?p=1984\">&#8222;News 2020&#8220;<\/a> zu dem Thema: <a href=\"https:\/\/www.heise.de\/tp\/features\/Von-wegen-Immaterialisierung-Das-Lebendige-wird-erdrueckt-durch-von-Menschen-geschaffene-tote-4986392.html\">Von wegen Immaterialisierung: Das Lebendige wird erdr\u00fcckt durch von Menschen geschaffene tote Objekte<\/a><\/p>\n<p>Dieser Kommentar zu dem Artikel beschreibt es leider sehr treffend:<\/p>\n<p><strong><a href=\"https:\/\/wo-soll-das-hinfuehren.de\/Hauptmenue\/wp-content\/uploads\/2018\/02\/Kommentar-Telepolis.jpg\">Kommentar<\/a><\/strong><\/p>\n<p>Wir leben auf diesem Planeten und so gut wie niemand hinterfragt einmal ob er \/ sie hier nachhaltig und im Einklang mit der Natur lebt [\u2026].<\/p>\n<p>Verzicht ist bei den ganzen Diskussionen, welche ich so mitlese, gar kein Thema mehr [\u2026]. Solange ich kann und es die Technik zul\u00e4sst, werde ich weiter vom Untergang der Menschheit und ihre Gr\u00fcnde berichten [\u2026].<\/p>\n<p>Meine Aufkl\u00e4rungsbem\u00fchungen sind mittlerweile unerw\u00fcnscht [\u2026].<\/p>\n<p>Aufgrund dessen, dass fast alle Menschen die traurige Wahrheit verdr\u00e4ngen und sich weiter selbst bel\u00fcgen, habe ich den Titel der Webseite auf\u00a0\u00a0<strong><a href=\"https:\/\/www.wo-soll-das-hinfuehren.de\">&#8222;die-seite-der-wahrheit.de&#8220;<\/a><\/strong> erweitert. Kleiner Hinweis: Die Wahrheit l\u00e4sst sich leicht verdr\u00e4ngen, aber sie holt uns ein [\u2026].<\/p>\n<p>Ein Artikel, den ich in meinen News 2020 und 2021 verlinkte:<\/p>\n<p><a href=\"https:\/\/m.augsburger-allgemeine.de\/kultur\/Journal\/Wenn-wir-so-weitermachen-stirbt-unsere-Spezies-aus-id57208341.html\"><span style=\"color: #ff0000;\">\u201eWenn wir so weitermachen, stirbt unsere Spezies aus\u201c<\/span><\/a><\/p>\n<p>&nbsp;<\/p>\n<ul>\n<li><strong><a href=\"https:\/\/www.wetter.com\/videos\/kolumnen\/dramatische-duerre-sogar-aus-dem-weltraum-zu-sehen\/62f8ef8809537e3667249005?utm_source=facebook.com&amp;utm_medium=social&amp;utm_campaign=2022.08.14_nasa\"><span style=\"color: #ff0000;\">Dramatische D\u00fcrre sogar aus dem Weltraum zu sehen<\/span><\/a><\/strong><\/li>\n<\/ul>\n<p>&nbsp;<\/p>\n<ul>\n<li><strong><a href=\"https:\/\/www.verkehrswende-hessen.de\/sternfahrt\/\">Verkehrswende Hessen &#8211; Sternfahrt am Sonntag, 28. August<\/a><\/strong><\/li>\n<\/ul>\n<p>&nbsp;<\/p>\n<ul>\n<li><a href=\"https:\/\/www.derstandard.de\/story\/2000137934071\/historikerin-wir-haben-uns-menschen-zu-goettern-gemacht?utm_source=pocket-newtab-global-de-DE\">Nachhaltigkeit \/ Historikerin: &#8222;Wir haben uns Menschen zu G\u00f6ttern gemacht&#8220;<\/a><\/li>\n<\/ul>\n<p>Der Versuch uns als G\u00f6tter aufzuspielen und die Natur mit Hilfe von Giften und Technik steuern zu wollen, kann nat\u00fcrlich nur in einer Katastrophe enden [\u2026].<\/p>\n<p>&nbsp;<\/p>\n<ul>\n<li><strong><a href=\"https:\/\/www.zeit.de\/politik\/2022-08\/klimawandel-klimakrise-massnahmen-psychologie-gesellschaft-5vor8\/komplettansicht\">F\u00fcnf vor acht \/ Klimakrise: Hilfe, wir brauchen eine Therapie! <\/a><\/strong><\/li>\n<\/ul>\n<p><a href=\"https:\/\/www.geo.de\/natur\/nachhaltigkeit\/23143-rtkl-alles-nur-panikmache-fuenf-vor-zwoelf-ist-es-doch-schon-seit-50?utm_source=facebook&amp;utm_medium=posting&amp;utm_campaign=geo_fanpage\">Leider ist es bereits halb zwei.<\/a><\/p>\n<p>&nbsp;<\/p>\n<ul>\n<li><a href=\"https:\/\/wo-soll-das-hinfuehren.de\/Hauptmenue\/wp-content\/uploads\/2022\/08\/20220804_131329.jpg\"><img loading=\"lazy\" decoding=\"async\" class=\"alignnone size-medium wp-image-4563\" src=\"https:\/\/wo-soll-das-hinfuehren.de\/Hauptmenue\/wp-content\/uploads\/2022\/08\/20220804_131329-283x300.jpg\" alt=\"\" width=\"283\" height=\"300\" srcset=\"https:\/\/wo-soll-das-hinfuehren.de\/Hauptmenue\/wp-content\/uploads\/2022\/08\/20220804_131329-283x300.jpg 283w, https:\/\/wo-soll-das-hinfuehren.de\/Hauptmenue\/wp-content\/uploads\/2022\/08\/20220804_131329.jpg 720w\" sizes=\"auto, (max-width: 283px) 100vw, 283px\" \/><\/a><\/li>\n<\/ul>\n<p>&#8230; es ist schon beeindruckend, dass fast niemand bemerkt, was wir hier auf diesem einst wundersch\u00f6nen und vielleicht einzigartigen Planeten f\u00fcr eine selbst- und alleszerst\u00f6rende Nummer abziehen [\u2026].<\/p>\n<p>Mit der aktuellen Einstellung der meisten Menschen wird sich die Menschheit aus meiner Sicht abschaffen. Wir Wohlstandsmenschen machen hier einfach unser Ding, immer zu unserem Wohle und zum Nachteil der Natur [\u2026]. Eben habe ich ein bisschen Fern gesehen [\u2026]. Der Beitrag best\u00e4tigt es wieder einmal [\u2026]. Die Menschheit hebt jetzt v\u00f6llig ab [\u2026]. Unser neuer Kanzler Scholz vorne weg [\u2026]. Wir haben jetzt neue Formen der Energiegewinnung, sagte er eben in den RTL-Aktuell Nachrichten [\u2026].<\/p>\n<p><a href=\"https:\/\/wo-soll-das-hinfuehren.de\/Hauptmenue\/wp-content\/uploads\/2022\/06\/ScreenRecorderProject170.mp4\">&#8222;Dann kann es ja weiter gehen, mit dem Wachstum&#8220;<\/a><\/p>\n<p><a href=\"https:\/\/wo-soll-das-hinfuehren.de\/Hauptmenue\/wp-content\/uploads\/2022\/06\/ScreenRecorderProject174.mp4\">&#8230;schwacher Trost: &#8222;Wir sind nicht die ersten Idioten&#8220;<\/a><\/p>\n<p>&nbsp;<\/p>\n<ul>\n<li>Da nun sogar ein Fu\u00dfballtrainer (Ewald Lienen) erkennt, dass die Klimakrise keine Krise mehr ist, sondern eine Katastrophe, m\u00f6chte ich meinen Beitragstitel &#8222;Thema Nr. 1: WIRTSCHAFTSWACHSTUM\/KLIMAKRISE&#8220; entsprechend anpassen.<\/li>\n<\/ul>\n<p style=\"text-align: center;\"><span style=\"color: #ff0000;\"><a style=\"color: #ff0000;\" href=\"https:\/\/wo-soll-das-hinfuehren.de\/Hauptmenue\/?p=27\"><strong>&#8222;THEMA NR. 1 : WIRTSCHAFTSWACHSTUM \/ KLIMAKATASTROPHE&#8220;<\/strong>\u00a0<\/a><\/span><\/p>\n<p>&nbsp;<\/p>\n<ul>\n<li><span style=\"color: #ff0000;\"><strong><a style=\"color: #ff0000;\" href=\"https:\/\/www.ufz.de\/index.php?de=37937\">D\u00fcrremonitor Deutschland\u00a0 <span style=\"color: #000000;\">&#8211; Helmholtz Zentrum f\u00fcr Umweltforschung<\/span><\/a><\/strong><\/span><\/li>\n<\/ul>\n<p>&nbsp;<\/p>\n<ul>\n<li><strong>Erinnerung<\/strong><\/li>\n<\/ul>\n<p><a href=\"https:\/\/wo-soll-das-hinfuehren.de\/Hauptmenue\/wp-content\/uploads\/2018\/03\/GNZ-08.08.2019.jpg\">Am 08.08.2019 erschien dieser Pressebericht \u00fcber meine Bem\u00fchungen<\/a><\/p>\n<p>Bei der Infoveranstaltung einen Tag sp\u00e4ter am 09.08.2019, zeigte sich der von mir \u00f6fters beschriebene extreme Egoismus bei vier Herren, die an der Infoveranstaltung teilnahmen. Zwei Herren stritten sich so heftig und lautstark, dass ich zehn Minuten vor Veranstaltungsbeginn das Mikrofon ergreifen musste um die beiden Herren zu ermahnen. W\u00e4hrend der Veranstaltung unterbrachen mich die vier Herren st\u00e4ndig und diskutierten untereinander. Anstand und Benehmen Fehlanzeige. Aus diesem Grund werde ich zuk\u00fcnftig keine Infoveranstaltungen mehr durchf\u00fchren. Dem Vorsitzenden B\u00fcrgermeister der 31 B\u00fcrgermeister des Main-Kinzig-Kreises bot ich eine Infoveranstaltung nur f\u00fcr B\u00fcrgermeister und geladene G\u00e4ste an. Leider blieb die versprochene R\u00fcckmeldung aus.<\/p>\n<p>&nbsp;<\/p>\n<ul>\n<li><span style=\"color: #ff0000;\"><strong><a style=\"color: #ff0000;\" href=\"https:\/\/www.wetteronline.de\/wetterticker\/teufelskreis-aus-duerre-und-hitze-extrem-trockener-sommer--3b75db29-29b0-48c1-b8fe-619c8cb7476c\">Extrem trockener Sommer &#8211; Teufelskreis aus D\u00fcrre und Hitze<\/a><\/strong><\/span><\/li>\n<\/ul>\n<p>Bitte das Video anschauen.<\/p>\n<p>&nbsp;<\/p>\n<ul>\n<li><a href=\"https:\/\/epaper.rp-online.de\/article\/0063198f595f766038316400bc16793e47c7672c6ab8d1e9068993cdc8963618\"><strong>Redaktionsgespr\u00e4ch mit Ewald Lienen \u201eWir haben existenzielle N\u00f6te\u201c<\/strong> <\/a><\/li>\n<\/ul>\n<p>Der fr\u00fchere Spieler und Trainer Borussias spricht \u00fcber die Klimakatastrophe, die Rolle des Fu\u00dfballs, seine Pl\u00e4ne und die Lage Borussias.<\/p>\n<p>Textauszug:<\/p>\n<p>Es ist kein Klimawandel oder eine -krise, sondern es ist eine Katastrophe, die auf uns zukommt. Wir wissen seit 50 Jahren, worauf wir zusteuern. Nur haben wir die F\u00fc\u00dfe stillgehalten, weil die Erkenntnisse von interessierter Seite mit absichtlichen Fehlinformationen bek\u00e4mpft wurden, um Gesch\u00e4ftsmodelle zu retten. Wir k\u00f6nnen heute vieles nicht mehr aufhalten. Aber wenn wir so weitermachen, dann haben unsere Kinder und Enkel Lebensbedingungen, die eigentlich gar keine mehr sind. Das besch\u00e4mt mich.<\/p>\n<p>&nbsp;<\/p>\n<ul>\n<li>\n<h2><span style=\"color: #ff0000;\"><strong>G\u00e4rten des Grauens<\/strong><\/span><\/h2>\n<\/li>\n<\/ul>\n<p>Leider sieht man hier im Main-Kinzig-Kreis immer mehr &#8222;G\u00e4rten des Grauens&#8220;.<\/p>\n<p>Ich kann nicht nachvollziehen warum immer mehr Menschen ihre Lebensgrundlage mit Flei\u00df und Freude zerst\u00f6ren!!!? Die dramatische Klimaerw\u00e4rmung und das dramatische Artensterben sollten doch mittlerweile bei jedem angekommen sein. Auf Facebook schrieb ich in Kommentaren, dass dieses Verhalten ein Beispiel f\u00fcr den menschlichen Egoismus ist. Wie beim Thema Fliegen kann man bei diesem Thema auch schreiben:<\/p>\n<p style=\"text-align: center;\">&#8222;Wir wollen aussterben&#8220;<\/p>\n<p>Nachfolgend drei sehenswerte Videos zu diesem traurigen Thema:<\/p>\n<p><a href=\"https:\/\/youtu.be\/WfAzEaxyGOE\">G\u00e4rten des Grauens 1<\/a><\/p>\n<p><a href=\"https:\/\/youtu.be\/2E4jeoD_K1o\">G\u00e4rten des Grauens 2<\/a><\/p>\n<p><a href=\"https:\/\/youtu.be\/TfTxQbHdDnc\">G\u00e4rten des Grauens 3<\/a><\/p>\n<p>&nbsp;<\/p>\n<ul>\n<li><strong><a href=\"https:\/\/www.esslinger-zeitung.de\/inhalt.uebermorgen-die-nachhaltigkeits-kolumne-klimawandel-kostet-mehr-als-ein-kurzarmhemd.94ad4e16-8734-4fec-925e-8982d9152a4b.html\">Klimawandel kostet mehr als ein Kurzarmhemd<\/a><\/strong><\/li>\n<\/ul>\n<p>&nbsp;<\/p>\n<ul>\n<li><strong>Erinnerungen vom 28.07.2021<\/strong><\/li>\n<\/ul>\n<p><a href=\"https:\/\/www.klimareporter.de\/erdsystem\/tausende-forschende-warnen-erneut-vor-unermesslichem-leid-durch-die-klimakrise\"><span style=\"color: #ff0000;\">Klimanotstand erneut ausgerufen &#8211; Tausende Forschende warnen erneut vor &#8222;unermesslichem Leid&#8220; durch die Klimakrise<\/span> <\/a><\/p>\n<p><a href=\"https:\/\/taz.de\/Klimanotstand-ausgerufen\/!5786296\/\"><span style=\"color: #ff0000;\">Taz &#8211; Klimanotstand ausgerufen &#8211; 14000 Forschende klagen an<\/span><\/a><\/p>\n<p>&nbsp;<\/p>\n<ul>\n<li>Der kollektive Massensuizid der Menschheit geht leider immer weiter [\u2026].<\/li>\n<\/ul>\n<p><span style=\"color: #ff0000;\"><strong><a style=\"color: #ff0000;\" href=\"https:\/\/www.br.de\/nachrichten\/wissen\/earth-overshoot-day-weltueberlastungstag-welterschoepfungstag,T4r22cC\">28.07.2022 Earth Overshoot Day 1<\/a><\/strong><\/span><\/p>\n<p><span style=\"color: #ff0000;\"><strong><a style=\"color: #ff0000;\" href=\"https:\/\/www.tagesschau.de\/ausland\/earth-overshoot-day-101.html\">28.07.2022 Earth Overshoot Day 2<\/a><\/strong><\/span><\/p>\n<p><a href=\"https:\/\/wo-soll-das-hinfuehren.de\/Hauptmenue\/wp-content\/uploads\/2022\/07\/FB_IMG_1654285853123.jpg\"><img loading=\"lazy\" decoding=\"async\" class=\"alignnone size-medium wp-image-4518\" src=\"https:\/\/wo-soll-das-hinfuehren.de\/Hauptmenue\/wp-content\/uploads\/2022\/07\/FB_IMG_1654285853123-300x259.jpg\" alt=\"\" width=\"300\" height=\"259\" srcset=\"https:\/\/wo-soll-das-hinfuehren.de\/Hauptmenue\/wp-content\/uploads\/2022\/07\/FB_IMG_1654285853123-300x259.jpg 300w, https:\/\/wo-soll-das-hinfuehren.de\/Hauptmenue\/wp-content\/uploads\/2022\/07\/FB_IMG_1654285853123.jpg 640w\" sizes=\"auto, (max-width: 300px) 100vw, 300px\" \/><\/a><\/p>\n<p><a href=\"https:\/\/wo-soll-das-hinfuehren.de\/Hauptmenue\/wp-content\/uploads\/2022\/07\/20220613_084359.jpg\"><img loading=\"lazy\" decoding=\"async\" class=\"alignnone size-medium wp-image-4517\" src=\"https:\/\/wo-soll-das-hinfuehren.de\/Hauptmenue\/wp-content\/uploads\/2022\/07\/20220613_084359-300x230.jpg\" alt=\"\" width=\"300\" height=\"230\" srcset=\"https:\/\/wo-soll-das-hinfuehren.de\/Hauptmenue\/wp-content\/uploads\/2022\/07\/20220613_084359-300x230.jpg 300w, https:\/\/wo-soll-das-hinfuehren.de\/Hauptmenue\/wp-content\/uploads\/2022\/07\/20220613_084359.jpg 720w\" sizes=\"auto, (max-width: 300px) 100vw, 300px\" \/><\/a><\/p>\n<p><a href=\"https:\/\/wo-soll-das-hinfuehren.de\/Hauptmenue\/wp-content\/uploads\/2022\/07\/20220613_083945.jpg\"><img loading=\"lazy\" decoding=\"async\" class=\"alignnone size-medium wp-image-4516\" src=\"https:\/\/wo-soll-das-hinfuehren.de\/Hauptmenue\/wp-content\/uploads\/2022\/07\/20220613_083945-300x300.jpg\" alt=\"\" width=\"300\" height=\"300\" srcset=\"https:\/\/wo-soll-das-hinfuehren.de\/Hauptmenue\/wp-content\/uploads\/2022\/07\/20220613_083945-300x300.jpg 300w, https:\/\/wo-soll-das-hinfuehren.de\/Hauptmenue\/wp-content\/uploads\/2022\/07\/20220613_083945-150x150.jpg 150w, https:\/\/wo-soll-das-hinfuehren.de\/Hauptmenue\/wp-content\/uploads\/2022\/07\/20220613_083945.jpg 712w\" sizes=\"auto, (max-width: 300px) 100vw, 300px\" \/><\/a><\/p>\n<p><a href=\"https:\/\/wo-soll-das-hinfuehren.de\/Hauptmenue\/wp-content\/uploads\/2022\/07\/IMG-20220721-WA0006.jpg\"><img loading=\"lazy\" decoding=\"async\" class=\"alignnone size-medium wp-image-4522\" src=\"https:\/\/wo-soll-das-hinfuehren.de\/Hauptmenue\/wp-content\/uploads\/2022\/07\/IMG-20220721-WA0006-300x230.jpg\" alt=\"\" width=\"300\" height=\"230\" srcset=\"https:\/\/wo-soll-das-hinfuehren.de\/Hauptmenue\/wp-content\/uploads\/2022\/07\/IMG-20220721-WA0006-300x230.jpg 300w, https:\/\/wo-soll-das-hinfuehren.de\/Hauptmenue\/wp-content\/uploads\/2022\/07\/IMG-20220721-WA0006-768x589.jpg 768w, https:\/\/wo-soll-das-hinfuehren.de\/Hauptmenue\/wp-content\/uploads\/2022\/07\/IMG-20220721-WA0006.jpg 1023w\" sizes=\"auto, (max-width: 300px) 100vw, 300px\" \/><\/a><\/p>\n<p>&nbsp;<\/p>\n<ul>\n<li>Heute fiel mir ein Kommentar von einem Herrn vor ca. 4 Wochen auf Facebook ein. Er postete eine Grafik aus dem Buch \u201eGrenzen des Wachstums\u201c. Ich googelte mal und las ein paar Rezensionen zu dem Buch [\u2026].<\/li>\n<\/ul>\n<p><strong><a href=\"https:\/\/www.amazon.de\/product-reviews\/377762957X\/ref=cm_cr_unknown?ie=UTF8&amp;filterByStar=five_star&amp;reviewerType=all_reviews&amp;pageNumber=1#reviews-filter-bar\">Grenzen des Wachstums<\/a><\/strong><\/p>\n<p>&nbsp;<\/p>\n<ul>\n<li>Es ist schon traurig mit anzusehen, wie eine Spezies Namens Mensch diesen Planeten innerhalb von ein paar Jahrzehnten durch Gier, Egoismus und Dummheit v\u00f6llig zerst\u00f6rt. Wir kennen und k\u00f6nnen offensichtlich nur eines: &#8222;Natur in Technik verwandeln&#8220;<\/li>\n<\/ul>\n<p>&#8230;bis nix mehr da ist [\u2026].<\/p>\n<p>Zwei Ausschnitte aus Prof. Leschs Video <a href=\"https:\/\/www.youtube.com\/watch?v=9ZUNY7sYaf0&amp;t=115s\">&#8222;Die Menschheit schafft sich ab&#8220;<\/a>: <a href=\"https:\/\/wo-soll-das-hinfuehren.de\/Hauptmenue\/wp-content\/uploads\/2022\/06\/ScreenRecorderProject174.mp4\">Ausschnitt 1<\/a>, <a href=\"https:\/\/wo-soll-das-hinfuehren.de\/Hauptmenue\/wp-content\/uploads\/2022\/06\/ScreenRecorderProject173.mp4\">Ausschnitt 2<\/a><\/p>\n<p>&nbsp;<\/p>\n<p><a href=\"https:\/\/wo-soll-das-hinfuehren.de\/Hauptmenue\/wp-content\/uploads\/2022\/06\/20220613_092540.jpg\"><img loading=\"lazy\" decoding=\"async\" class=\"alignnone size-medium wp-image-4474\" src=\"https:\/\/wo-soll-das-hinfuehren.de\/Hauptmenue\/wp-content\/uploads\/2022\/06\/20220613_092540-300x300.jpg\" alt=\"\" width=\"300\" height=\"300\" srcset=\"https:\/\/wo-soll-das-hinfuehren.de\/Hauptmenue\/wp-content\/uploads\/2022\/06\/20220613_092540-300x300.jpg 300w, https:\/\/wo-soll-das-hinfuehren.de\/Hauptmenue\/wp-content\/uploads\/2022\/06\/20220613_092540-150x150.jpg 150w, https:\/\/wo-soll-das-hinfuehren.de\/Hauptmenue\/wp-content\/uploads\/2022\/06\/20220613_092540.jpg 712w\" sizes=\"auto, (max-width: 300px) 100vw, 300px\" \/><\/a><\/p>\n<p>Wir wollen offensichtlich aussterben [\u2026].<\/p>\n<p><a href=\"https:\/\/wo-soll-das-hinfuehren.de\/Hauptmenue\/wp-content\/uploads\/2022\/06\/Screenshot_20220518-063002_Facebook.jpg\"><img loading=\"lazy\" decoding=\"async\" class=\"alignnone size-medium wp-image-4472\" src=\"https:\/\/wo-soll-das-hinfuehren.de\/Hauptmenue\/wp-content\/uploads\/2022\/06\/Screenshot_20220518-063002_Facebook-146x300.jpg\" alt=\"\" width=\"146\" height=\"300\" srcset=\"https:\/\/wo-soll-das-hinfuehren.de\/Hauptmenue\/wp-content\/uploads\/2022\/06\/Screenshot_20220518-063002_Facebook-146x300.jpg 146w, https:\/\/wo-soll-das-hinfuehren.de\/Hauptmenue\/wp-content\/uploads\/2022\/06\/Screenshot_20220518-063002_Facebook-498x1024.jpg 498w, https:\/\/wo-soll-das-hinfuehren.de\/Hauptmenue\/wp-content\/uploads\/2022\/06\/Screenshot_20220518-063002_Facebook.jpg 720w\" sizes=\"auto, (max-width: 146px) 100vw, 146px\" \/><\/a><\/p>\n<p><a href=\"https:\/\/wo-soll-das-hinfuehren.de\/Hauptmenue\/wp-content\/uploads\/2022\/06\/Kommentar-1.jpg\">Dieser Kommentar von einem Herrn am 18.05.2022 beschreibt die Situation recht treffend.<\/a><\/p>\n<h3><a href=\"https:\/\/www.spiegel.de\/wissenschaft\/mensch\/dws-skandal-und-nachhaltigkeitsziele-wie-wir-den-kollaps-herbeiwirtschaften-a-d768db0d-2479-40da-a136-ba9c12e0fc0b\"><span style=\"color: #ff0000;\">Wie wir den Kollaps herbeiwirtschaften<\/span><\/a><\/h3>\n<p>Textauszug aus dieser Kolumne:<\/p>\n<p>Bei einer <a href=\"https:\/\/www.unep.org\/news-and-stories\/press-release\/stockholm50-opens-calls-accelerate-action-healthy-planet-and\" target=\"_blank\" rel=\"noopener noreferrer\">Jubil\u00e4umskonferenz diese Woche in Stockholm\u00a0<\/a> sagte Uno-Generalsekret\u00e4r <a href=\"https:\/\/www.spiegel.de\/thema\/antonio_guterres\/\" data-link-flag=\"spon\">Ant\u00f3nio Guterres<\/a>, wir m\u00fcssten endlich unseren \u00bbsinnlosen und selbstm\u00f6rderischen Krieg gegen die Natur beenden\u00ab.<\/p>\n<p>&nbsp;<\/p>\n<ul>\n<li>Professor Dr. Niko Paech habe ich in dem am 30.05.2022 aktualisierten Beitrag <a href=\"https:\/\/wo-soll-das-hinfuehren.de\/Hauptmenue\/?p=27\">&#8222;THEMA NR. 1: WIRTSCHAFTSWACHSTUM\/KLIMAKRISE&#8220;<\/a>\u00a0 ebenfalls vergessen. Er geh\u00f6rt zu der Handvoll Menschen, die ein ganzes St\u00fcck weiter denken k\u00f6nnen als der Rest der Menschheit [\u2026]. Er hat auch erkannt, dass der Wirtschafts- und Wachstumsgott (an den mittlerweile fast alle Menschen glauben) uns in die Katastrophe f\u00fchrt [\u2026]. Sein empfehlenswerter Vortrag: <strong><a href=\"https:\/\/youtu.be\/TUCSTKSOo3g\">&#8222;Weniger ist mehr&#8220;<\/a><\/strong><\/li>\n<\/ul>\n<p>Zwei kurze Vortragsausschnitte: <strong><a href=\"https:\/\/wo-soll-das-hinfuehren.de\/Hauptmenue\/wp-content\/uploads\/2022\/06\/ScreenRecorderProject171.mp4\">Wachstum 1 <\/a><\/strong>,<strong><a href=\"https:\/\/wo-soll-das-hinfuehren.de\/Hauptmenue\/wp-content\/uploads\/2022\/06\/ScreenRecorderProject172.mp4\">Wachstum 2<\/a><\/strong><\/p>\n<p>&nbsp;<\/p>\n<ul>\n<li>Den wichtigsten Vortrag, der unseren kollektiven Massensuizid sehr treffend beschreibt, habe ich bei der nachfolgend genannten Beitrags\u00e4nderung glatt vergessen [\u2026]. Professor Austmann:\u00a0 <strong><a href=\"https:\/\/youtu.be\/hHKzAIL7g00\">Einfach. Besser. Leben.<\/a><\/strong><\/li>\n<\/ul>\n<p>Kurzer Videoausschnitt zum Thema Wachstum: <strong><a href=\"https:\/\/wo-soll-das-hinfuehren.de\/Hauptmenue\/wp-content\/uploads\/2022\/06\/ScreenRecorderProject170.mp4\">Prof. Lesch &#8222;Die Menschheit schafft sich ab&#8220;<\/a><\/strong><\/p>\n<p>&nbsp;<\/p>\n<ul>\n<li><strong>Am 30.05.2022 \u00e4nderte ich den Beitrag <a href=\"https:\/\/wo-soll-das-hinfuehren.de\/Hauptmenue\/?p=27\">&#8222;THEMA NR. 1 : WIRTSCHAFTSWACHSTUM \/ KLIMAKRISE&#8220;<\/a><\/strong><\/li>\n<\/ul>\n<p>Nach dem bisherigen Text f\u00fcgte ich Links ein, \u00fcber die man weitere Informationen zum Thema Wirtschaftswachstum findet. Es kann kein fortw\u00e4hrendes Wirtschaftswachstum geben, ohne dadurch unsere Natur (unsere Lebensgrundlage) immer weiter zu zerst\u00f6ren. Wir werden diese Erfahrung wohl erst machen m\u00fcssen [\u2026].<\/p>\n<p><a href=\"https:\/\/wo-soll-das-hinfuehren.de\/Hauptmenue\/wp-content\/uploads\/2021\/07\/20210706_172721.jpg\"><img loading=\"lazy\" decoding=\"async\" class=\"alignnone size-medium wp-image-3409\" src=\"https:\/\/wo-soll-das-hinfuehren.de\/Hauptmenue\/wp-content\/uploads\/2021\/07\/20210706_172721-220x300.jpg\" alt=\"\" width=\"220\" height=\"300\" srcset=\"https:\/\/wo-soll-das-hinfuehren.de\/Hauptmenue\/wp-content\/uploads\/2021\/07\/20210706_172721-220x300.jpg 220w, https:\/\/wo-soll-das-hinfuehren.de\/Hauptmenue\/wp-content\/uploads\/2021\/07\/20210706_172721.jpg 546w\" sizes=\"auto, (max-width: 220px) 100vw, 220px\" \/><\/a><\/p>\n<p>&nbsp;<\/p>\n<ul>\n<li><a href=\"https:\/\/wo-soll-das-hinfuehren.de\/Hauptmenue\/wp-content\/uploads\/2022\/05\/ScreenRecorderProject168.mp4\"><strong>Ausschnitt G7-Klimaminister: Pressekonferenz von Robert Habeck und Steffi Lemke am 27.05.2022<\/strong><\/a><\/li>\n<\/ul>\n<p><strong><a href=\"https:\/\/youtu.be\/JzW6674_soo\">Ganze Aufzeichnung<\/a><\/strong><\/p>\n<p>&nbsp;<\/p>\n<ul>\n<li><strong>Leider sind zwei sehr gute Aufkl\u00e4rungsvideos nicht mehr verf\u00fcgbar [\u2026].<\/strong><\/li>\n<\/ul>\n<p>Hinweis: <a href=\"https:\/\/programm.ard.de\/TV\/arte\/klimawandel-und-vogel-strau--taktik\/eid_287244000597402\"><span class=\"sendungslink accordion-title last\" data-href=\"\/TV\/Programm\/Load\/Event35?sendung=287244000597402&amp;aLoad=1&amp;shortdetail=&amp;special=\" data-container=\".accordion-content\" data-pixable=\"16mpuk-pixable\"><span class=\"title columns\">&#8222;Klimawandel und Vogel-Strau\u00df-Taktik <span class=\"subtitle\"> &#8211; Wie wir uns selbst betr\u00fcgen&#8220;<\/span><\/span><\/span><\/a><\/p>\n<p>Neues Video: <a href=\"https:\/\/youtu.be\/hs80-2sb3Ik\">&#8222;\u00d6kologischer Fu\u00dfabdruck &#8211; Eine Erde ist zu wenig&#8220;<\/a><\/p>\n<p>&nbsp;<\/p>\n<ul>\n<li><span style=\"color: #0000ff;\"><strong><a style=\"color: #0000ff;\" href=\"https:\/\/youtu.be\/TCOqXByq2nU\">Nature Is Speaking: Hannes Jaenicke ist Der Ozean<\/a><\/strong><\/span><\/li>\n<\/ul>\n<p>&nbsp;<\/p>\n<ul>\n<li><span style=\"color: #0000ff;\"><strong><a style=\"color: #0000ff;\" href=\"https:\/\/youtu.be\/E6pK4sTdw6Y\">Nature Is Speaking: Oliver Mommsen ist Der Boden<\/a><\/strong><\/span><\/li>\n<\/ul>\n<p>&nbsp;<\/p>\n<ul>\n<li><strong><a href=\"https:\/\/www.br.de\/wissen\/earth-overshoot-day-welterschoepfungstag-oekologischer-fussabdruck-klima-100.html\"><span style=\"color: #ff0000;\">Earth Overshoot Day 2022 &#8211; Ab 4. Mai schuldet Deutschland der Erde was!<\/span> <\/a><\/strong><\/li>\n<\/ul>\n<p>&nbsp;<\/p>\n<ul>\n<li><span style=\"color: #0000ff;\"><strong><a style=\"color: #0000ff;\" href=\"https:\/\/www.energiezukunft.eu\/umweltschutz\/fuer-pflanzen-gibt-es-nicht-mehr-genug-wasser\/\"><span style=\"color: #ff0000;\">F\u00fcr Pflanzen gibt es nicht mehr genug Wasser<\/span><\/a><\/strong><\/span><\/li>\n<\/ul>\n<p>&nbsp;<\/p>\n<ul>\n<li><span style=\"color: #0000ff;\"><strong><a style=\"color: #0000ff;\" href=\"https:\/\/www.spiegel.de\/wissenschaft\/mensch\/klima-krise-wie-viel-haelt-der-planet-noch-aus-a-5985e215-434e-4057-932d-22c3a5ae0a8c\">Wie viel h\u00e4lt der Planet noch aus?<\/a><\/strong><\/span><\/li>\n<\/ul>\n<p>&nbsp;<\/p>\n<ul>\n<li><span style=\"color: #0000ff;\"><strong><a style=\"color: #0000ff;\" href=\"https:\/\/youtu.be\/3eFDhIeAM6A\">Nature Is Speaking: Hannelore Elsner ist Mutter Natur<\/a><\/strong><\/span><\/li>\n<\/ul>\n<p>&nbsp;<\/p>\n<ul>\n<li><strong><a href=\"https:\/\/youtu.be\/grgtlMedX84\">Klimakrise: Was die Kipppunkte f\u00fcr das globale Klima bedeuten<\/a><\/strong><\/li>\n<\/ul>\n<p>&nbsp;<\/p>\n<ul>\n<li><strong><a href=\"https:\/\/futurezone.at\/produkte\/ipcc-klimastudie-15-grad-ziel-2025-treibhausgase-klimaschutz\/401976551\"><span style=\"color: #0000ff;\">Forscher warnen: IPCC-Klimastudie falsch interpretiert<\/span><\/a><\/strong><\/li>\n<\/ul>\n<p><a href=\"https:\/\/wo-soll-das-hinfuehren.de\/Hauptmenue\/wp-content\/uploads\/2022\/02\/ScreenRecorderProject166.mp4\">Offensichtlich ist der Egoismus der meisten Menschen so ausgepr\u00e4gt, dass sie die Realit\u00e4t geistig nicht erfassen k\u00f6nnen [\u2026].<\/a><\/p>\n<p>&nbsp;<\/p>\n<ul>\n<li><strong><a href=\"https:\/\/www.fr.de\/panorama\/russland-sibirien-waldbraende-wladimir-putin-feuer-naturkatastrophe-ukraine-greenpeace-news-zr-91489028.html?utm_medium=Social&amp;utm_source=Facebook#Echobox=1650457911\">\u201eZweite Front\u201c f\u00fcr Putin: In Russland w\u00fcten verheerende Waldbr\u00e4nde <\/a><\/strong><\/li>\n<\/ul>\n<p><a href=\"https:\/\/wo-soll-das-hinfuehren.de\/Hauptmenue\/wp-content\/uploads\/2022\/02\/ScreenRecorderProject162.mp4\">Ich finde es sehr traurig, dass den meisten Menschen die Entwicklung v\u00f6llig wuascht ist [\u2026]. <\/a><\/p>\n<p><a href=\"https:\/\/wo-soll-das-hinfuehren.de\/Hauptmenue\/wp-content\/uploads\/2022\/02\/ScreenRecorderProject167_cut_001.mp4\">Das viele CO2 in der Atmosph\u00e4re ist leider nicht unser einziges Problem <\/a><a href=\"https:\/\/wo-soll-das-hinfuehren.de\/Hauptmenue\/wp-content\/uploads\/2022\/02\/ScreenRecorderProject166.mp4\">[\u2026].<\/a><\/p>\n<p><a href=\"https:\/\/wo-soll-das-hinfuehren.de\/Hauptmenue\/wp-content\/uploads\/2022\/02\/ScreenRecorderProject159_cut_001.mp4\">Exponentielles Wachstum<\/a><a href=\"https:\/\/wo-soll-das-hinfuehren.de\/Hauptmenue\/wp-content\/uploads\/2022\/02\/ScreenRecorderProject162.mp4\"> [\u2026]. <\/a><\/p>\n<p><a href=\"https:\/\/www.heise.de\/tp\/features\/Von-wegen-Immaterialisierung-Das-Lebendige-wird-erdrueckt-durch-von-Menschen-geschaffene-tote-4986392.html\">&#8222;Das Lebendige wird erdr\u00fcckt durch von Menschen geschaffene tote Objekte.&#8220;<\/a><\/p>\n<p>&nbsp;<\/p>\n<ul>\n<li><strong><a href=\"https:\/\/www.zeit.de\/wissen\/umwelt\/2022-04\/ipcc-bericht-klimaschutz-1-5-grad\">Neuer IPCC-Bericht \/ Ein Aufruf zur Revolution<\/a><\/strong><\/li>\n<\/ul>\n<p>&nbsp;<\/p>\n<ul>\n<li>Angesichts des Krieges in der Ukraine habe ich die Aktualisierung der Webseite ausgesetzt. Die entsetzlichen Zust\u00e4nde und Meldungen sind traurig genug [\u2026]. Da die dramatische Klimaerw\u00e4rmung und Umweltzerst\u00f6rung aber unerbittlich weitergeht, m\u00f6chte ich Besuchern der Webseite die nachfolgend verlinkte Arte Doku und das danach verlinkte Video empfehlen [\u2026].<\/li>\n<\/ul>\n<p><strong><a href=\"https:\/\/m.youtube.com\/watch?v=phyFJUg1uk8\"><span style=\"color: #0000ff;\">Klimawandel und Vogel-Strau\u00df-Taktik | Doku HD | ARTE<\/span><\/a><\/strong><\/p>\n<p><a href=\"https:\/\/programm.ard.de\/TV\/arte\/klimawandel-und-vogel-strau--taktik\/eid_287244000597402\">Leider ist die Arte-Doku <span class=\"sendungslink accordion-title last\" style=\"color: #0000ff;\" data-href=\"\/TV\/Programm\/Load\/Event35?sendung=287244000597402&amp;aLoad=1&amp;shortdetail=&amp;special=\" data-container=\".accordion-content\" data-pixable=\"16mpuk-pixable\"><span class=\"title columns\">&#8222;Klimawandel und Vogel-Strau\u00df-Taktik <span class=\"subtitle\"> &#8211; Wie wir uns selbst betr\u00fcgen&#8220; <\/span><\/span><\/span>seit dem 11.05.2022 nicht mehr verf\u00fcgbar.<\/a><\/p>\n<p><strong><a href=\"https:\/\/www.spektrum.de\/video\/partner\/science-notes\/klimakommunikation-wie-man-menschen-zum-wandel-bewegt\/1882345?utm_source=SPNW&amp;utm_medium=NL&amp;utm_campaign=SPNW_NL_SCIVIEWS\">Klimakommunikation: Wie man Menschen zum Wandel bewegt<\/a><\/strong><\/p>\n<p>&nbsp;<\/p>\n<ul>\n<li>Die j\u00fcngsten Ereignisse in der Ukraine sind sehr traurig [\u2026]. F\u00fcr mich ist es leider ein weiterer Beweis, dass sich Menschen nicht einig werden [\u2026]. Bei der Klima- und Umweltsituation kommt auch noch Unwissenheit hinzu [\u2026]. Umwelt- und Klimaaktivisten kleben sich auf Autobahnen und Stra\u00dfen fest, um auf die bedrohliche Lage aufmerksam zu machen. Von mir gesch\u00e4tzte 90 Prozent der Bev\u00f6lkerung wei\u00df nicht warum diese Menschen das machen [\u2026]. Wie es Professor Austmann in einem nachfolgenden kurzen Videoausschnitt aus seinem Vortrag &#8222;<a href=\"https:\/\/wo-soll-das-hinfuehren.de\/Hauptmenue\/wp-content\/uploads\/2022\/02\/ScreenRecorderProject159_cut_001.mp4\">Einfach. Besser. Leben.<\/a>&#8220; beschreibt, sind wir nicht in der Lage weit zu denken [\u2026]. Fast alle Menschen auf diesem Planeten leben hier, sterben und haben noch nicht einmal bemerkt, dass sie durch ihre Lebensweise zur Zerst\u00f6rung dieses einst wundervollen Planeten beigetragen haben. Nur ganz wenige Menschen erkennen das und entschuldigen sich daf\u00fcr. Das macht z.B. Professor Harald Lesch in seinem Vortrag <a href=\"https:\/\/youtu.be\/MTbhCndKbTM\">&#8220; Warum tun wir nicht, was wir sollten?&#8220;<\/a> (ab 1Std.15Min.), Astronaut Alexander Gerst in seinem Video <a href=\"https:\/\/www.rnf.de\/mediathek\/video\/alexander-gerst-nachricht-an-meine-enkelkinder\/\">&#8222;Nachricht an meine Enkelkinder&#8220;<\/a>, der <a href=\"https:\/\/wo-soll-das-hinfuehren.de\/Hauptmenue\/wp-content\/uploads\/2018\/02\/SN_LEB_Fridays_2019_04.pdf\">&#8222;Landeselternbeirat Baden-W\u00fcrttemberg&#8220;<\/a>,\u00a0<a href=\"https:\/\/sedl.at\/Brief_an_die_Zukunft\">Mario Sedlak<\/a> und <a href=\"https:\/\/wo-soll-das-hinfuehren.de\/Hauptmenue\/wp-content\/uploads\/2022\/02\/Screenshot_20220225-170136_Chrome.jpg\">ich<\/a>. Nach meinen Erkenntnissen sind gesch\u00e4tzte 90 Prozent der Bev\u00f6lkerung der Meinung, dass wir alles richtigmachen. Meine Appelle an Verstand und Vernunft gehen deshalb leider bei den meisten Menschen ins Leere. Einige f\u00fchlen sich angegriffen und verdr\u00e4ngen einfach weiter, weil meine Sichtweise nicht zu ihrer Sichtweise passt. Ich bin auch immer wieder aufs Neue \u00fcberrascht, wie viele (Besser-) Wissende es auf diesem Planeten gibt [\u2026]. Die Fakten sprechen jedoch f\u00fcr sich\u2026 und mit Naturgesetzen kann man nicht verhandeln, oder sie um Aufschub bitten [\u2026].<\/li>\n<\/ul>\n<p><a href=\"http:\/\/web.archive.org\/web\/20090422162148\/http:\/\/wdr.de\/tv\/quarks\/sendungsbeitraege\/2007\/1127\/009_klima2.jsp\"><span style=\"color: #0000ff;\"><strong>Klimawandel im Kopf\u00a0 &#8211; Warum wir einfach nichts tun<\/strong><\/span><\/a><\/p>\n<p>&nbsp;<\/p>\n<p><a href=\"https:\/\/wo-soll-das-hinfuehren.de\/Hauptmenue\/wp-content\/uploads\/2022\/01\/Die-Welt-ist-nicht-genug-Grafik-Fussabdruck.jpeg\"><img loading=\"lazy\" decoding=\"async\" class=\"alignnone wp-image-4171\" src=\"https:\/\/wo-soll-das-hinfuehren.de\/Hauptmenue\/wp-content\/uploads\/2022\/01\/Die-Welt-ist-nicht-genug-Grafik-Fussabdruck-300x300.jpeg\" alt=\"\" width=\"350\" height=\"350\" srcset=\"https:\/\/wo-soll-das-hinfuehren.de\/Hauptmenue\/wp-content\/uploads\/2022\/01\/Die-Welt-ist-nicht-genug-Grafik-Fussabdruck-300x300.jpeg 300w, https:\/\/wo-soll-das-hinfuehren.de\/Hauptmenue\/wp-content\/uploads\/2022\/01\/Die-Welt-ist-nicht-genug-Grafik-Fussabdruck-1024x1024.jpeg 1024w, https:\/\/wo-soll-das-hinfuehren.de\/Hauptmenue\/wp-content\/uploads\/2022\/01\/Die-Welt-ist-nicht-genug-Grafik-Fussabdruck-150x150.jpeg 150w, https:\/\/wo-soll-das-hinfuehren.de\/Hauptmenue\/wp-content\/uploads\/2022\/01\/Die-Welt-ist-nicht-genug-Grafik-Fussabdruck-768x768.jpeg 768w, https:\/\/wo-soll-das-hinfuehren.de\/Hauptmenue\/wp-content\/uploads\/2022\/01\/Die-Welt-ist-nicht-genug-Grafik-Fussabdruck.jpeg 1200w\" sizes=\"auto, (max-width: 350px) 100vw, 350px\" \/><\/a><\/p>\n<p>&nbsp;<\/p>\n<ul>\n<li><strong><a href=\"https:\/\/youtu.be\/QN0W5AWEmAs\">Inshallah &#8211; Keine Tr\u00e4nen<\/a><\/strong><\/li>\n<\/ul>\n<p>Dieses Lied hat zwei Pl\u00e4tze auf meiner Webseite verdient [\u2026].<\/p>\n<p>Textausz\u00fcge: &#8222;<strong>Genau hier im Diesseits spricht nur Bares\u201c (Cash)\u00a0 \/\u00a0 <\/strong><strong>&#8222;Ich frage mich nach dem Sinn&#8220;<\/strong><\/p>\n<p><strong>\u00a0<\/strong><\/p>\n<p>&nbsp;<\/p>\n<ul>\n<li><strong><a href=\"https:\/\/youtu.be\/s2txunrkr8M\">Klimakrise \u2013 Zeit zu kapitulieren? | Harald Lesch<\/a><\/strong><\/li>\n<\/ul>\n<p>&nbsp;<\/p>\n<ul>\n<li>Empfehlenswerte Webseite: <strong><a href=\"https:\/\/sedl.at\/?fbclid=IwAR3C5f5PbUWdd0qPoj83xknc1_jCNpt3Yjjwib5goF1rKbobFB5EIPssnY0\">Sedl.at<\/a><\/strong><\/li>\n<\/ul>\n<p>&nbsp;<\/p>\n<ul>\n<li><strong><a href=\"https:\/\/taz.de\/Reisebranche-und-Erderhitzung\/!5830657\/\">Reisebranche und Erderhitzung<\/a><\/strong><\/li>\n<\/ul>\n<p>Ich habe leider den Eindruck, dass den meisten Menschen die Zukunft des Planeten und die Zukunft junger Menschen egal ist. Auch die Zukunft ihrer Kinder und Enkelkinder scheint den meisten Menschen egal zu sein [\u2026]. In Urlaub muss es jetzt nach den Corona-Lockerungen gehen [\u2026]. Und das nat\u00fcrlich mit dem Flugzeug [\u2026].\u00a0 Mit anderen Worten hei\u00dft das: \u201eTrotz katastrophalen 415 ppm CO2 in unserer Atmosph\u00e4re, zum Spa\u00df weitere Tonnen CO2 innerhalb weniger Stunden emittieren.\u201c Weitere Worte hierzu erspare ich mir und erspare ich Euch [\u2026]. Nee, das muss ich doch loswerden: \u201eIch dachte in jedem Menschen w\u00e4re ein bisschen Verstand und ein bisschen Verantwortungsbewusstsein vorhanden.\u201c<\/p>\n<p><a href=\"https:\/\/youtu.be\/mN7V5dll8Lo\">RTL Klima Update: Fliegen \/ Leerfl\u00fcge | 10.02.2022<\/a><\/p>\n<p><a href=\"https:\/\/www.focus.de\/wissen\/videos\/wahnsinnige-zahlen-massenverkehr-ueber-europa_id_3677779.html\">Wahnsinnige Zahlen &#8211; Massenverkehr \u00fcber Europa<\/a><\/p>\n<p><span style=\"color: #ff0000;\">27.000 Flugzeuge rauschen t\u00e4glich \u00fcber Europa hinweg. Diese Animation ist von 2013 [\u2026]. Leider sieht man auch hier, wie bei den Autos und sehr vielen anderen Dingen, dass wir ma\u00dflos sind [\u2026]. <\/span><\/p>\n<blockquote><p><em><strong>Und die Erde? Wie lange h\u00e4lt sie den Menschen noch aus?<\/strong><\/em><\/p><\/blockquote>\n<p>&nbsp;<\/p>\n<ul>\n<li>Gestern am 05.02.2022 besuchte ich meine kleinen Enkels\u00f6hne wieder mit dem E-Bike (52km). Wir sammelten bei sch\u00f6nen Wetter und Temperaturen um die 5 Grad wieder M\u00fcll. Der gro\u00dfe Enkelsohn (6 Jahre) zeigte mir ein Plakat mit 11 Tipps, wie man die Umwelt schonen kann. Den Opa hat es wieder einmal gefreut, wie engagiert der Enkelsohn mit 6 Jahren bei dem Thema Umwelt ist. Lob gab es beim M\u00fcllsammeln von einer Reiterin. Eine Empfehlung zu meiner Webseite gab es nat\u00fcrlich nach einem kurzen Gespr\u00e4ch auch. <strong><a href=\"https:\/\/wo-soll-das-hinfuehren.de\/Hauptmenue\/wp-content\/uploads\/2022\/02\/20220205_140751-scaled.jpg\">11 tolle Umwelt &#8211; Tipps<\/a><\/strong><\/li>\n<\/ul>\n<p>&nbsp;<\/p>\n<ul>\n<li><strong>Filmtipp:<\/strong><\/li>\n<\/ul>\n<p><a href=\"https:\/\/youtu.be\/Ls9pBszEUO0\">Oeconomia Doku &#8211; Staatsverschuldung, EZB und Privatverm\u00f6gen (ZDF\/3Sat)<\/a><\/p>\n<p>&nbsp;<\/p>\n<ul>\n<li>Im Zusammenhang mit der erneuten Filmempfehlung \u201eDie Erdzerst\u00f6rer\u201c m\u00f6chte ich das in meinem Eingangsbeitrag verlinkte Video von Professor Harald Lesch \u201eDie Menschheit schafft sich ab\u201c erneut empfehlen [\u2026].<\/li>\n<\/ul>\n<p>In unserer schnelllebigen Zeit gehen nach meinen Erkenntnissen die wichtigen Dinge und Informationen unter [\u2026].<\/p>\n<p>Da das Video meistens nicht am Anfang startet, bitte manuell mit dem Schieberegler zur\u00fcck spulen.<\/p>\n<p><span style=\"color: #0000ff;\"><strong><a style=\"color: #0000ff;\" href=\"https:\/\/www.youtube.com\/watch?v=9ZUNY7sYaf0&amp;t=115s\">Die Menschheit schafft sich ab<\/a><\/strong><\/span><\/p>\n<p>Das mal so am Rande:<\/p>\n<p>Professor Lesch lud ich 2019 zu meiner Infoveranstaltung ein. Professor Quaschning ebenso. Auch den Intendanten des Hessischen Rundfunks lud ich damals bei meiner Mahnwache vor dem HR ein. Wir mailten damals. Von Professor Rahmstorf erhielt ich eine Freundschaftsanfrage auf Facebook. Professor Schellnhuber \u00fcbergab ich nach einem kurzen pers\u00f6nlichen Gespr\u00e4ch in Frankfurt meine Unterlagen, welche ich im Main-Kinzig-Kreis an viele Schulen, Kinderg\u00e4rten und B\u00fcrgermeister verteilte. Einige Gr\u00fcnenpolitiker in Deutschland und \u00d6sterreich kennen meine Webseite. Meinen kleinen Enkels\u00f6hnen werde ich in ein paar Jahren erz\u00e4hlen k\u00f6nnen, was ihr Opa Werner gegen die Klimaerw\u00e4rmung und die Umweltzerst\u00f6rung unternommen hat.<\/p>\n<p>Kritik zu meiner Webseite habe ich nicht erhalten. Lob, Dank und Anerkennung kamen aus Deutschland, \u00d6sterreich und den USA.<\/p>\n<p>&nbsp;<\/p>\n<p>&nbsp;<\/p>\n<ul>\n<li>Mit der Erfindung der Dampfmaschine fing es an. Mit revolution\u00e4rer Rasanz machte sich der Mensch die Erde Untertan. Eine Erfindung jagte die n\u00e4chste, eine Technologie toppte die andere. F\u00fcr mehr Komfort. Mehr Konsum. Mehr Wohlstand. <em><strong>Und die Erde? Wie lange h\u00e4lt sie den Menschen noch aus?<\/strong> <\/em>Kompromissloser Blick auf die vergangenen 200 Jahre des Industriekapitalismus.<\/li>\n<\/ul>\n<blockquote><p><strong>Erneuter Filmtipp: <a href=\"https:\/\/youtu.be\/sWlbnNDu6OE\">Die Erdzerst\u00f6rer<\/a><br \/>\n<\/strong><\/p><\/blockquote>\n<p>&nbsp;<\/p>\n<p>&nbsp;<\/p>\n<p><a href=\"https:\/\/wo-soll-das-hinfuehren.de\/Hauptmenue\/wp-content\/uploads\/2022\/01\/Wenn-man-vor-dem-Abgrund-steht....jpg\"><img loading=\"lazy\" decoding=\"async\" class=\"alignnone size-medium wp-image-4165\" src=\"https:\/\/wo-soll-das-hinfuehren.de\/Hauptmenue\/wp-content\/uploads\/2022\/01\/Wenn-man-vor-dem-Abgrund-steht...-300x244.jpg\" alt=\"\" width=\"300\" height=\"244\" srcset=\"https:\/\/wo-soll-das-hinfuehren.de\/Hauptmenue\/wp-content\/uploads\/2022\/01\/Wenn-man-vor-dem-Abgrund-steht...-300x244.jpg 300w, https:\/\/wo-soll-das-hinfuehren.de\/Hauptmenue\/wp-content\/uploads\/2022\/01\/Wenn-man-vor-dem-Abgrund-steht....jpg 717w\" sizes=\"auto, (max-width: 300px) 100vw, 300px\" \/><\/a><\/p>\n<p>&nbsp;<\/p>\n<ul>\n<li><a href=\"https:\/\/www.facebook.com\/722146064462710\/posts\/5175480752462530\/\"><strong>An alle Autofahrer!\u00a0 Facebook<\/strong><\/a><\/li>\n<\/ul>\n<p><strong><a href=\"https:\/\/wo-soll-das-hinfuehren.de\/Hauptmenue\/wp-content\/uploads\/2022\/01\/An-alle-Autofahrer.jpg\">An alle Autofahrer! <\/a><\/strong>von Captain Futura Satire Page<\/p>\n<p>&nbsp;<\/p>\n<ul>\n<li><span style=\"color: #ff0000;\"><strong><a style=\"color: #ff0000;\" href=\"https:\/\/de.statista.com\/infografik\/10574\/oekologischer-fussabdruck-die-welt-ist-nicht-genug\/\">Die Welt ist nicht genug<\/a><\/strong><\/span><\/li>\n<\/ul>\n<p><span style=\"color: #0000ff;\"><strong><a style=\"color: #0000ff;\" href=\"https:\/\/wo-soll-das-hinfuehren.de\/Hauptmenue\/wp-content\/uploads\/2022\/01\/Die-Welt-ist-nicht-genug-Grafik-Fussabdruck.jpeg\">Grafik<\/a><\/strong><\/span><\/p>\n<p>Ich habe mal diese Grafik gew\u00e4hlt, weil hier auch die \u00d6sterreicher dargestellt sind. Es ist mir ein R\u00e4tsel wie wir bei den allgemeinen Vorstellungen &#8211; was alles zum Leben dazu geh\u00f6ren muss &#8211; auf\u00a0<strong> 1 Planeten<\/strong> und unter 1 Tonne CO2 pro Kopf im Jahr kommen wollen? Mit immer mehr Technik und immer mehr Konsum ist das Problem jedenfalls nicht zu l\u00f6sen [\u2026].<\/p>\n<p>Zum besseren Verst\u00e4ndnis empfehle ich deshalb nochmals, sich den Vortrag von Professor Austmann <span style=\"color: #008000;\"><strong><a style=\"color: #008000;\" href=\"https:\/\/youtu.be\/hHKzAIL7g00\">&#8222;Einfach. Besser. Leben&#8220;<\/a><\/strong><\/span> anzuschauen.<\/p>\n<p>&nbsp;<\/p>\n<ul>\n<li>Auch in \u00d6sterreich haben schon vor \u00fcber 40 Jahren Menschen die entstehenden Probleme durch unseren verschwenderischen Lebensstil erkannt. Sie versuchen schon seit Jahrzehnten die Menschen zum NACHDENKEN und zum UMDENKEN zu bewegen [\u2026].<\/li>\n<\/ul>\n<p><span style=\"color: #008000;\"><strong><a style=\"color: #008000;\" href=\"https:\/\/nachhaltig.at\/genug\/?fbclid=IwAR2JkjrhZsAJzrof0oWV2ybX8BkxwmWbNVjmFfu056MEilkayPu7xzpYuUc\">nachhaltig.at &#8211; Ich habe genug<\/a><\/strong><\/span><\/p>\n<p>&nbsp;<\/p>\n<ul>\n<li><strong>Zwei kurze empfehlenswerte Videos, welche die aktuelle Situation beschreiben:<\/strong><\/li>\n<\/ul>\n<p><strong><a href=\"https:\/\/wo-soll-das-hinfuehren.de\/Hauptmenue\/wp-content\/uploads\/2022\/01\/ScreenRecorderProject157_cut_001.mp4\">Professorin Maja G\u00f6pel<\/a><\/strong><\/p>\n<p><strong><a href=\"https:\/\/wo-soll-das-hinfuehren.de\/Hauptmenue\/wp-content\/uploads\/2022\/01\/ScreenRecorderProject158_cut_001.mp4\">Professor Harald Lesch<\/a><\/strong><\/p>\n<p>Die schlechte Synchronisation bitte ich zu entschuldigen. Die Videos habe ich auf Facebook aufgenommen, gespeichert und hier zur Ansicht hochgeladen.<\/p>\n<p>&nbsp;<\/p>\n<ul>\n<li><strong><a href=\"https:\/\/wo-soll-das-hinfuehren.de\/Hauptmenue\/wp-content\/uploads\/2022\/01\/Eine-alte-Legende-besagt-jpeg.jpg\">Eine alte Legende besagt&#8230;<\/a><\/strong><\/li>\n<\/ul>\n<p><a href=\"https:\/\/wo-soll-das-hinfuehren.de\/Hauptmenue\/wp-content\/uploads\/2022\/01\/Publikation2.jpg\">Mit diesem Text postete ich die Legende auf Facebook&#8230;<\/a><\/p>\n<p><em>Die Erde ist mein Zuhause. Sie ern\u00e4hrt mich, sie bietet mir und meiner Familie Schutz. Daf\u00fcr bin ich sehr dankbar!<\/em><\/p>\n<p>&nbsp;<\/p>\n<ul>\n<li><strong><a href=\"https:\/\/youtu.be\/w5FgCrnDNaU\">RTL Klima Update: Digitalisierung | 08.01.2022<\/a><\/strong><\/li>\n<\/ul>\n<p>&nbsp;<\/p>\n<ul>\n<li><strong><a href=\"https:\/\/www.rnd.de\/wirtschaft\/nachhaltigkeit-in-deutschland-wie-unser-lebensstil-die-erde-zerstoert-KXKYBHQDLZAHPBVMG6LMRSOLR4.html?utm_source=pocket-newtab-global-de-DE\">Unbequeme Wahrheit: Wie Deutschlands vermeintlich nachhaltiger Lebensstil die Erde zerst\u00f6rt<\/a><\/strong><\/li>\n<\/ul>\n<p>&nbsp;<\/p>\n<ul>\n<li><strong><a href=\"https:\/\/wo-soll-das-hinfuehren.de\/Hauptmenue\/wp-content\/uploads\/2022\/01\/Meine-Geschichte-zum-Jahreswechsel-neu.pdf\">Meine Geschichte zum Jahreswechsel<\/a><\/strong><\/li>\n<\/ul>\n<p>Eine Video-Empfehlung zur Geschichte:<\/p>\n<p><a href=\"https:\/\/www.youtube.com\/watch?v=eEPzwQdp27Y\">&#8222;Wir haben keinen Planet B&#8220;<\/a><\/p>\n<p>&nbsp;<\/p>\n<p>Empfehlenswerter Artikel zur Geschichte:<\/p>\n<p><a href=\"https:\/\/www.heise.de\/tp\/features\/Von-wegen-Immaterialisierung-Das-Lebendige-wird-erdrueckt-durch-von-Menschen-geschaffene-tote-4986392.html\">&#8222;Das Lebendige wird erdr\u00fcckt durch von Menschen geschaffene tote Objekte.&#8220;<\/a><\/p>\n<p>&nbsp;<\/p>\n<div align=\"center\">\n<p style=\"text-align: center;\"><strong><a id=\"ebsr5556uh\" href=\"https:\/\/www.besucherzaehler-kostenlos.de\">besucherzaehler-kostenlos.de<\/a><script language=\"JavaScript\" src=\"https:\/\/www.besucherzaehler-kostenlos.de\/js\/counter.js.php?count=1&#038;id=Z5uw93MPVv&#038;start=7863&#038;design=2d\"><\/script><\/strong><\/p>\n<\/div>\n","protected":false},"excerpt":{"rendered":"<p>Die neuesten Informationen stehen oben in dem Beitrag, nach dieser Einleitung. &nbsp; Neuen Besuchern empfehle ich, sich meine Einleitung von den &#8222;News 2021&#8220; anzuschauen. Weitere sehr empfehlenswerte Videos sind: &#8222;Einfach. Besser. Leben.&#8220; von Professor Austmann, &#8222;Weniger ist mehr&#8220; von Professor Niko Paech und &#8222;Klimaneutral leben im Alltag&#8220; vom Umweltbundesamt. Zum Thema Arbeitspl\u00e4tze empfehle ich die &hellip; <a href=\"https:\/\/wo-soll-das-hinfuehren.de\/Hauptmenue\/?p=4048\" class=\"more-link\"><span class=\"screen-reader-text\">News 2022<\/span> weiterlesen<\/a><\/p>\n","protected":false},"author":1,"featured_media":0,"comment_status":"closed","ping_status":"open","sticky":false,"template":"","format":"standard","meta":{"footnotes":""},"categories":[1],"tags":[],"class_list":["post-4048","post","type-post","status-publish","format-standard","hentry","category-allgemein"],"jetpack_featured_media_url":"","_links":{"self":[{"href":"https:\/\/wo-soll-das-hinfuehren.de\/Hauptmenue\/index.php?rest_route=\/wp\/v2\/posts\/4048","targetHints":{"allow":["GET"]}}],"collection":[{"href":"https:\/\/wo-soll-das-hinfuehren.de\/Hauptmenue\/index.php?rest_route=\/wp\/v2\/posts"}],"about":[{"href":"https:\/\/wo-soll-das-hinfuehren.de\/Hauptmenue\/index.php?rest_route=\/wp\/v2\/types\/post"}],"author":[{"embeddable":true,"href":"https:\/\/wo-soll-das-hinfuehren.de\/Hauptmenue\/index.php?rest_route=\/wp\/v2\/users\/1"}],"replies":[{"embeddable":true,"href":"https:\/\/wo-soll-das-hinfuehren.de\/Hauptmenue\/index.php?rest_route=%2Fwp%2Fv2%2Fcomments&post=4048"}],"version-history":[{"count":479,"href":"https:\/\/wo-soll-das-hinfuehren.de\/Hauptmenue\/index.php?rest_route=\/wp\/v2\/posts\/4048\/revisions"}],"predecessor-version":[{"id":5116,"href":"https:\/\/wo-soll-das-hinfuehren.de\/Hauptmenue\/index.php?rest_route=\/wp\/v2\/posts\/4048\/revisions\/5116"}],"wp:attachment":[{"href":"https:\/\/wo-soll-das-hinfuehren.de\/Hauptmenue\/index.php?rest_route=%2Fwp%2Fv2%2Fmedia&parent=4048"}],"wp:term":[{"taxonomy":"category","embeddable":true,"href":"https:\/\/wo-soll-das-hinfuehren.de\/Hauptmenue\/index.php?rest_route=%2Fwp%2Fv2%2Fcategories&post=4048"},{"taxonomy":"post_tag","embeddable":true,"href":"https:\/\/wo-soll-das-hinfuehren.de\/Hauptmenue\/index.php?rest_route=%2Fwp%2Fv2%2Ftags&post=4048"}],"curies":[{"name":"wp","href":"https:\/\/api.w.org\/{rel}","templated":true}]}}