{"id":4775,"date":"2018-03-03T18:18:47","date_gmt":"2018-03-03T18:18:47","guid":{"rendered":"https:\/\/wo-soll-das-hinfuehren.de\/Hauptmenue\/?p=4775"},"modified":"2023-12-26T09:14:13","modified_gmt":"2023-12-26T09:14:13","slug":"news-2023","status":"publish","type":"post","link":"https:\/\/wo-soll-das-hinfuehren.de\/Hauptmenue\/?p=4775","title":{"rendered":"News 2023"},"content":{"rendered":"<p>Die neuesten Informationen stehen oben in dem Beitrag, nach dieser Einleitung.<\/p>\n<p><a href=\"https:\/\/wo-soll-das-hinfuehren.de\/Hauptmenue\/wp-content\/uploads\/2022\/12\/FB_IMG_1668277772495.jpg\"><img loading=\"lazy\" decoding=\"async\" class=\" wp-image-4770 alignleft\" src=\"https:\/\/wo-soll-das-hinfuehren.de\/Hauptmenue\/wp-content\/uploads\/2022\/12\/FB_IMG_1668277772495-183x300.jpg\" alt=\"\" width=\"196\" height=\"321\" srcset=\"https:\/\/wo-soll-das-hinfuehren.de\/Hauptmenue\/wp-content\/uploads\/2022\/12\/FB_IMG_1668277772495-183x300.jpg 183w, https:\/\/wo-soll-das-hinfuehren.de\/Hauptmenue\/wp-content\/uploads\/2022\/12\/FB_IMG_1668277772495-624x1024.jpg 624w, https:\/\/wo-soll-das-hinfuehren.de\/Hauptmenue\/wp-content\/uploads\/2022\/12\/FB_IMG_1668277772495.jpg 720w\" sizes=\"auto, (max-width: 196px) 100vw, 196px\" \/><\/a><a href=\"https:\/\/wo-soll-das-hinfuehren.de\/Hauptmenue\/wp-content\/uploads\/2022\/12\/FB_IMG_1670834649617.jpg\"><img loading=\"lazy\" decoding=\"async\" class=\" wp-image-4769 alignright\" src=\"https:\/\/wo-soll-das-hinfuehren.de\/Hauptmenue\/wp-content\/uploads\/2022\/12\/FB_IMG_1670834649617-300x300.jpg\" alt=\"\" width=\"323\" height=\"323\" srcset=\"https:\/\/wo-soll-das-hinfuehren.de\/Hauptmenue\/wp-content\/uploads\/2022\/12\/FB_IMG_1670834649617-300x300.jpg 300w, https:\/\/wo-soll-das-hinfuehren.de\/Hauptmenue\/wp-content\/uploads\/2022\/12\/FB_IMG_1670834649617-150x150.jpg 150w, https:\/\/wo-soll-das-hinfuehren.de\/Hauptmenue\/wp-content\/uploads\/2022\/12\/FB_IMG_1670834649617.jpg 720w\" sizes=\"auto, (max-width: 323px) 100vw, 323px\" \/><\/a><\/p>\n<p>&nbsp;<\/p>\n<p>&nbsp;<\/p>\n<p>&nbsp;<\/p>\n<p>&nbsp;<\/p>\n<p>&nbsp;<\/p>\n<p>&nbsp;<\/p>\n<p>&nbsp;<\/p>\n<p>Neuen Besuchern empfehle ich, sich meine Einleitung von den <strong><a href=\"https:\/\/wo-soll-das-hinfuehren.de\/Hauptmenue\/?p=2952\">&#8222;News 2021&#8220;<\/a><\/strong> anzuschauen. Weitere sehr empfehlenswerte Videos sind: <strong><a href=\"https:\/\/youtu.be\/hHKzAIL7g00\">&#8222;Einfach. Besser. Leben.&#8220;<\/a><\/strong> von Professor Austmann, <strong><a href=\"https:\/\/youtu.be\/TUCSTKSOo3g\">&#8222;Weniger ist mehr&#8220;<\/a><\/strong> von Professor Niko Paech und <a href=\"https:\/\/www.umweltbundesamt.de\/themen\/klimaneutral-leben-im-alltag\"><strong>&#8222;Klimaneutral leben im Alltag&#8220;<\/strong><\/a> vom Umweltbundesamt. Zum Thema Arbeitspl\u00e4tze empfehle ich die Fernsehbeitr\u00e4ge aus dem Jahr 1978 mit Hoimar von Ditfurth: <strong><a href=\"https:\/\/www.zdf.de\/dokumentation\/dokumentation-sonstige\/querschnitt-die-balance-der-biosphaere-100.html\">&#8222;Der Ast, auf dem wir sitzen&#8220;\u00a0 Teil 1 und Teil 2 <\/a><\/strong><\/p>\n<p style=\"text-align: center;\">Besonders empfehlenswert ist die Arte Doku<\/p>\n<p style=\"text-align: center;\"><strong><a href=\"https:\/\/youtu.be\/A2ElvIwMHrw\">&#8222;Klimawandel und Vogel Strau\u00df Taktik&#8220;<\/a><\/strong><\/p>\n<p>&nbsp;<\/p>\n<p style=\"text-align: center;\"><span style=\"color: #008000;\"><strong><em>Links und Bilder bitte anklicken<\/em><\/strong><\/span><\/p>\n<h3 style=\"text-align: center;\"><span style=\"color: #008000;\"><strong>FROHE WEIHNACHTEN<\/strong><\/span><\/h3>\n<p>&nbsp;<\/p>\n<ul>\n<li><strong>Bildgalerie<\/strong><\/li>\n<\/ul>\n<p><a href=\"https:\/\/wo-soll-das-hinfuehren.de\/Hauptmenue\/wp-content\/uploads\/2023\/12\/FB_IMG_1702454499709.jpg\"><img loading=\"lazy\" decoding=\"async\" class=\"alignnone size-medium wp-image-5520\" src=\"https:\/\/wo-soll-das-hinfuehren.de\/Hauptmenue\/wp-content\/uploads\/2023\/12\/FB_IMG_1702454499709-300x300.jpg\" alt=\"\" width=\"300\" height=\"300\" srcset=\"https:\/\/wo-soll-das-hinfuehren.de\/Hauptmenue\/wp-content\/uploads\/2023\/12\/FB_IMG_1702454499709-300x300.jpg 300w, https:\/\/wo-soll-das-hinfuehren.de\/Hauptmenue\/wp-content\/uploads\/2023\/12\/FB_IMG_1702454499709-150x150.jpg 150w, https:\/\/wo-soll-das-hinfuehren.de\/Hauptmenue\/wp-content\/uploads\/2023\/12\/FB_IMG_1702454499709.jpg 526w\" sizes=\"auto, (max-width: 300px) 100vw, 300px\" \/><\/a><\/p>\n<p><a href=\"https:\/\/wo-soll-das-hinfuehren.de\/Hauptmenue\/wp-content\/uploads\/2023\/12\/FB_IMG_1703451954709.jpg\"><img loading=\"lazy\" decoding=\"async\" class=\"alignnone size-medium wp-image-5524\" src=\"https:\/\/wo-soll-das-hinfuehren.de\/Hauptmenue\/wp-content\/uploads\/2023\/12\/FB_IMG_1703451954709-300x255.jpg\" alt=\"\" width=\"300\" height=\"255\" srcset=\"https:\/\/wo-soll-das-hinfuehren.de\/Hauptmenue\/wp-content\/uploads\/2023\/12\/FB_IMG_1703451954709-300x255.jpg 300w, https:\/\/wo-soll-das-hinfuehren.de\/Hauptmenue\/wp-content\/uploads\/2023\/12\/FB_IMG_1703451954709.jpg 640w\" sizes=\"auto, (max-width: 300px) 100vw, 300px\" \/><\/a><\/p>\n<p><a href=\"https:\/\/wo-soll-das-hinfuehren.de\/Hauptmenue\/wp-content\/uploads\/2023\/12\/FB_IMG_1702899490182.jpg\"><img loading=\"lazy\" decoding=\"async\" class=\"alignnone size-medium wp-image-5522\" src=\"https:\/\/wo-soll-das-hinfuehren.de\/Hauptmenue\/wp-content\/uploads\/2023\/12\/FB_IMG_1702899490182-282x300.jpg\" alt=\"\" width=\"282\" height=\"300\" srcset=\"https:\/\/wo-soll-das-hinfuehren.de\/Hauptmenue\/wp-content\/uploads\/2023\/12\/FB_IMG_1702899490182-282x300.jpg 282w, https:\/\/wo-soll-das-hinfuehren.de\/Hauptmenue\/wp-content\/uploads\/2023\/12\/FB_IMG_1702899490182.jpg 720w\" sizes=\"auto, (max-width: 282px) 100vw, 282px\" \/><\/a><\/p>\n<p><a href=\"https:\/\/wo-soll-das-hinfuehren.de\/Hauptmenue\/wp-content\/uploads\/2023\/12\/FB_IMG_1703234608290.jpg\"><img loading=\"lazy\" decoding=\"async\" class=\"alignnone size-medium wp-image-5523\" src=\"https:\/\/wo-soll-das-hinfuehren.de\/Hauptmenue\/wp-content\/uploads\/2023\/12\/FB_IMG_1703234608290-300x198.jpg\" alt=\"\" width=\"300\" height=\"198\" srcset=\"https:\/\/wo-soll-das-hinfuehren.de\/Hauptmenue\/wp-content\/uploads\/2023\/12\/FB_IMG_1703234608290-300x198.jpg 300w, https:\/\/wo-soll-das-hinfuehren.de\/Hauptmenue\/wp-content\/uploads\/2023\/12\/FB_IMG_1703234608290.jpg 720w\" sizes=\"auto, (max-width: 300px) 100vw, 300px\" \/><\/a><\/p>\n<p><a href=\"https:\/\/wo-soll-das-hinfuehren.de\/Hauptmenue\/wp-content\/uploads\/2023\/12\/FB_IMG_1696095696882.jpg\"><img loading=\"lazy\" decoding=\"async\" class=\"alignnone size-medium wp-image-5518\" src=\"https:\/\/wo-soll-das-hinfuehren.de\/Hauptmenue\/wp-content\/uploads\/2023\/12\/FB_IMG_1696095696882-300x205.jpg\" alt=\"\" width=\"300\" height=\"205\" srcset=\"https:\/\/wo-soll-das-hinfuehren.de\/Hauptmenue\/wp-content\/uploads\/2023\/12\/FB_IMG_1696095696882-300x205.jpg 300w, https:\/\/wo-soll-das-hinfuehren.de\/Hauptmenue\/wp-content\/uploads\/2023\/12\/FB_IMG_1696095696882.jpg 720w\" sizes=\"auto, (max-width: 300px) 100vw, 300px\" \/><\/a><\/p>\n<p><a href=\"https:\/\/wo-soll-das-hinfuehren.de\/Hauptmenue\/wp-content\/uploads\/2023\/12\/FB_IMG_1702446829768.jpg\"><img loading=\"lazy\" decoding=\"async\" class=\"alignnone size-medium wp-image-5519\" src=\"https:\/\/wo-soll-das-hinfuehren.de\/Hauptmenue\/wp-content\/uploads\/2023\/12\/FB_IMG_1702446829768-272x300.jpg\" alt=\"\" width=\"272\" height=\"300\" srcset=\"https:\/\/wo-soll-das-hinfuehren.de\/Hauptmenue\/wp-content\/uploads\/2023\/12\/FB_IMG_1702446829768-272x300.jpg 272w, https:\/\/wo-soll-das-hinfuehren.de\/Hauptmenue\/wp-content\/uploads\/2023\/12\/FB_IMG_1702446829768.jpg 720w\" sizes=\"auto, (max-width: 272px) 100vw, 272px\" \/><\/a><\/p>\n<p><a href=\"https:\/\/wo-soll-das-hinfuehren.de\/Hauptmenue\/wp-content\/uploads\/2023\/12\/FB_IMG_1702747033204.jpg\"><img loading=\"lazy\" decoding=\"async\" class=\"alignnone size-medium wp-image-5521\" src=\"https:\/\/wo-soll-das-hinfuehren.de\/Hauptmenue\/wp-content\/uploads\/2023\/12\/FB_IMG_1702747033204-300x134.jpg\" alt=\"\" width=\"300\" height=\"134\" srcset=\"https:\/\/wo-soll-das-hinfuehren.de\/Hauptmenue\/wp-content\/uploads\/2023\/12\/FB_IMG_1702747033204-300x134.jpg 300w, https:\/\/wo-soll-das-hinfuehren.de\/Hauptmenue\/wp-content\/uploads\/2023\/12\/FB_IMG_1702747033204.jpg 720w\" sizes=\"auto, (max-width: 300px) 100vw, 300px\" \/><\/a><\/p>\n<p>&nbsp;<\/p>\n<ul>\n<li>Heute am 3. Advent hat ein Herr ein Lied von Bob Geldorf als Kommentar zur allgemeinen Situation gepostet. Dieses Lied beschreibt die Einstellung der meisten Menschen und hat deshalb zwei Pl\u00e4tze auf meiner Webseite verdient.<\/li>\n<\/ul>\n<p><a href=\"https:\/\/m.youtube.com\/watch?si=2sWupm12KF0YipE9&amp;fbclid=IwAR0q09PdY-UmdbSFoGS4XNM0hpSUCrngpvC6CnvN7scYgTsKAvtuyhAezco&amp;v=NoweGN8cm5g&amp;feature=youtu.be\">Bob Geldof &#8211; The Great Song Of Indifference<\/a><\/p>\n<p><a href=\"https:\/\/www.songtexte.com\/uebersetzung\/bob-geldof\/the-great-song-of-indifference-deutsch-63d6dafb.html\">Deutsche \u00dcbersetzung<\/a><\/p>\n<p>&nbsp;<\/p>\n<ul>\n<li><a href=\"https:\/\/m.youtube.com\/watch?v=D4f8cltL2pk&amp;si=qro5EoPOFgID2TGW&amp;fbclid=IwAR1C99PBQLQ6uH8rbcCHKnyxsiQzJeB0z2nqtfe30yYmzsYW6hKbo5RtENs\"><strong>Tod durch RWE? Prof.Niko Froitzheim Update zur Klimakrise<\/strong><\/a><\/li>\n<\/ul>\n<p>&nbsp;<\/p>\n<ul>\n<li><strong>Nachfolgend einige Links zu der aktuellen Klima- und Umweltsituation:<\/strong><\/li>\n<\/ul>\n<p><a href=\"https:\/\/taz.de\/Ueberschwemmungen-in-Indien\/!5976713\/\">\u00dcberschwemmungen in Indien: Die Mittelschicht ruiniert ihr Land <\/a><\/p>\n<p><a href=\"https:\/\/taz.de\/Bilanz-der-Weltklimakonferenz\/!5977588\/\">Bilanz der Weltklimakonferenz: Besser als gar nichts <\/a><\/p>\n<p><a href=\"https:\/\/www.diepresse.com\/17889683\/wir-schauen-uns-beim-scheitern-zu?fbclid=IwAR3JT8ZOnUC0et1kZIoAnlb0Q93Rd6U2M1hSERDbhiwNIf_YHDb3Pn2r7FU\">\u201eWir schauen uns beim Scheitern zu\u201c<\/a><\/p>\n<p><a href=\"https:\/\/www.ardmediathek.de\/video\/ard-wissen\/drama-klimaschutz-warum-wissenschaft-und-proteste-scheitern\/das-erste\/Y3JpZDovL21kci5kZS9zZW5kdW5nLzI4MTA2MC8yMDIzMTIwNDIyNTAvc29uZGVyc2VuZHVuZy1tZHItaW0tZXJzdGVuLTEyNA?fbclid=IwAR08S3LaFwcLYFMIHePyhWYyMImSHoxu9DkuuVjhWEyVh4DXh4NbJCc4gvY\">Drama Klimaschutz &#8211; Warum Wissenschaft und Proteste scheitern<\/a><\/p>\n<p><a href=\"https:\/\/www.tagesspiegel.de\/gesellschaft\/massensterben-biblischen-ausmasses-un-chef-warnt-vor-ansteigendem-meeresspiegel-9351293.html?fbclid=IwAR0cL7rKRa0uA6j1c55DDOpNtGm85QsHkSZPovZ37lvTszIVRC8LngfmojA\">\u201eMassensterben biblischen Ausma\u00dfes\u201c: UN-Chef warnt vor ansteigendem Meeresspiegel<\/a><\/p>\n<p><a href=\"https:\/\/www.derstandard.de\/story\/3000000198413\/kritische-schwelle-beim-methanausstoss-koennte-schon-ueberschritten-sein\">Starkes Treibhausgas Kritische Schwelle beim Methanaussto\u00df k\u00f6nnte schon \u00fcberschritten sein<\/a><\/p>\n<p><a href=\"https:\/\/www1.wdr.de\/daserste\/hartaberfair\/videos\/hart-aber-fair-ratlos-beim-weltklimarat-reisst-deutschland-seine-klimaziele-100.html\">hart aber fair &#8211; Ratlos beim Weltklimarat: Rei\u00dft Deutschland seine Klimaziele?<\/a><\/p>\n<p><a href=\"https:\/\/www.phoenix.de\/sendungen\/gespraeche\/phoenix-runde\/un-klimakonferenz-in-duba-a-3780762.html\">phoenix runde UN-Klimakonferenz in Dubai &#8211; wieder nur hei\u00dfe Luft?<\/a><\/p>\n<p><a href=\"https:\/\/www.spiegel.de\/auto\/elektroautos-suv-trend-frisst-klimanutzen-auf-rebound-effekt-a-09c1d2b5-ad1e-46a3-b54f-9d4b1906385d?fbclid=IwAR0YtbIQMqHrynGvLWdeC7ahuvSawEKNXoHaltkRBr_F6PxIIQxiEPALkhw\">Rebound-Effekt &#8211; SUV-Trend frisst Klimanutzen von Elektroautos auf <\/a><\/p>\n<p>&nbsp;<\/p>\n<p>&nbsp;<\/p>\n<ul>\n<li><strong><a href=\"https:\/\/www.spektrum.de\/news\/umweltpsychologie-ich-wuensche-allen-menschen-klimaangst\/2199508\">Umweltpsychologie: \u00bbIch w\u00fcnsche allen Menschen Klimaangst\u00ab<\/a><\/strong><\/li>\n<\/ul>\n<p>&nbsp;<\/p>\n<ul>\n<li><strong><a href=\"https:\/\/www.spiegel.de\/wissenschaft\/natur\/menschengemachter-klimawandel-so-veraenderte-sich-der-co-gehalt-in-66-millionen-jahren-a-c7affa44-2fcd-42fc-aebc-951452e6461d?fbclid=IwAR2dQXSuzKZZloyDzKTFKBlvZPXUT6HClxxw2Hb1HaSjCHtAlWFZhtwj_EE\">Treibhausgas in der Luft &#8211; So ver\u00e4nderte sich der CO\u2082-Gehalt in 66 Millionen Jahren <\/a><\/strong><\/li>\n<\/ul>\n<p>&nbsp;<\/p>\n<ul>\n<li>Interview von Professor Schellnhuber am 06.12.2023:<\/li>\n<\/ul>\n<p><strong><a href=\"https:\/\/youtu.be\/CjwV0zlHxOo?si=NQ8UcOkgXfPR8RrE\">Interview <\/a><\/strong><\/p>\n<p>&nbsp;<\/p>\n<ul>\n<li>Diesen offenen Brief vom 7. September 2020 postete heute am 06.12.2023 ein Facebook-Freund:<\/li>\n<\/ul>\n<p><a href=\"https:\/\/uebermedien.de\/52582\/journalistinnen-nehmt-die-klimakrise-endlich-ernst\/?fbclid=IwAR0luzzVGuOw0z711_dujU1ZTcgG3aNYL8hPxqXyqrkO_DetZR3B813ERRA\"><strong>Journalist:innen, nehmt die Klimakrise endlich ernst!<\/strong><\/a><\/p>\n<p>&nbsp;<\/p>\n<ul>\n<li>Das postete ich heute am 04.12.2023 auf Facebook:<\/li>\n<\/ul>\n<p><a href=\"https:\/\/wo-soll-das-hinfuehren.de\/Hauptmenue\/wp-content\/uploads\/2023\/12\/Screenshot_20231204_170901_Facebook.jpg\"><img loading=\"lazy\" decoding=\"async\" class=\"alignnone size-medium wp-image-5450\" src=\"https:\/\/wo-soll-das-hinfuehren.de\/Hauptmenue\/wp-content\/uploads\/2023\/12\/Screenshot_20231204_170901_Facebook-135x300.jpg\" alt=\"\" width=\"135\" height=\"300\" srcset=\"https:\/\/wo-soll-das-hinfuehren.de\/Hauptmenue\/wp-content\/uploads\/2023\/12\/Screenshot_20231204_170901_Facebook-135x300.jpg 135w, https:\/\/wo-soll-das-hinfuehren.de\/Hauptmenue\/wp-content\/uploads\/2023\/12\/Screenshot_20231204_170901_Facebook-461x1024.jpg 461w, https:\/\/wo-soll-das-hinfuehren.de\/Hauptmenue\/wp-content\/uploads\/2023\/12\/Screenshot_20231204_170901_Facebook-691x1536.jpg 691w, https:\/\/wo-soll-das-hinfuehren.de\/Hauptmenue\/wp-content\/uploads\/2023\/12\/Screenshot_20231204_170901_Facebook.jpg 720w\" sizes=\"auto, (max-width: 135px) 100vw, 135px\" \/><\/a><\/p>\n<p>Dazu postete ich ein paar Grafiken, einen aktuellen Artikel zum Anh\u00f6ren zur COP 28 und einen recht aktuellen Podcast von Professor Steurer.<\/p>\n<p><strong><a href=\"https:\/\/www.deutschlandfunk.de\/zur-weltklimakonferenz-interview-mojib-latif-klimaforscher-dlf-286e19e8-102.html?fbclid=IwAR2DOMjp5XPxANtYlhdffleneRREa4SILTXTOKO_QCvH4QuIVnzR6glvENg\">COP 28 in Dubai &#8211; Klimaforscher Latif rechnet mit einem Misserfolg<\/a><\/strong><\/p>\n<p><strong><a href=\"https:\/\/m.youtube.com\/watch?si=-z1S1cMZ9ISkZ38c&amp;fbclid=IwAR0Zztd0sH0C5tY1csdLgKvqEbdzbf0AlANspdrHrc-v-1fZe_EuPaUASNY&amp;v=HRei8XwZIa8&amp;feature=youtu.be\"> \u201ePapa, was hast du getan, um die Katastrophe zu verhindern?\u201c Reinhard Steurer in \u00d61 #Gedanken <\/a><\/strong><\/p>\n<p>Immerhin erhielt ich f\u00fcr diesen Kommentar vor kurzem ein paar Likes [\u2026].<\/p>\n<p><a href=\"https:\/\/wo-soll-das-hinfuehren.de\/Hauptmenue\/wp-content\/uploads\/2023\/12\/Screenshot_20231203_161237_Facebook.jpg\"><img loading=\"lazy\" decoding=\"async\" class=\"alignnone size-medium wp-image-5460\" src=\"https:\/\/wo-soll-das-hinfuehren.de\/Hauptmenue\/wp-content\/uploads\/2023\/12\/Screenshot_20231203_161237_Facebook-158x300.jpg\" alt=\"\" width=\"158\" height=\"300\" srcset=\"https:\/\/wo-soll-das-hinfuehren.de\/Hauptmenue\/wp-content\/uploads\/2023\/12\/Screenshot_20231203_161237_Facebook-158x300.jpg 158w, https:\/\/wo-soll-das-hinfuehren.de\/Hauptmenue\/wp-content\/uploads\/2023\/12\/Screenshot_20231203_161237_Facebook-539x1024.jpg 539w, https:\/\/wo-soll-das-hinfuehren.de\/Hauptmenue\/wp-content\/uploads\/2023\/12\/Screenshot_20231203_161237_Facebook.jpg 720w\" sizes=\"auto, (max-width: 158px) 100vw, 158px\" \/><\/a><\/p>\n<p>&nbsp;<\/p>\n<p>&nbsp;<\/p>\n<ul>\n<li>Heute am 02.12.2023 habe ich meinen Beitrag &#8222;\u00d6kologischer Fu\u00dfabdruck&#8220; aktualisiert, weil auf Facebook diese Grafik mehrfach gepostet wurde:<\/li>\n<\/ul>\n<p><a href=\"https:\/\/wo-soll-das-hinfuehren.de\/Hauptmenue\/wp-content\/uploads\/2023\/12\/FB_IMG_1701512250255.jpg\"><img loading=\"lazy\" decoding=\"async\" class=\"alignnone size-medium wp-image-5428\" src=\"https:\/\/wo-soll-das-hinfuehren.de\/Hauptmenue\/wp-content\/uploads\/2023\/12\/FB_IMG_1701512250255-300x300.jpg\" alt=\"\" width=\"300\" height=\"300\" srcset=\"https:\/\/wo-soll-das-hinfuehren.de\/Hauptmenue\/wp-content\/uploads\/2023\/12\/FB_IMG_1701512250255-300x300.jpg 300w, https:\/\/wo-soll-das-hinfuehren.de\/Hauptmenue\/wp-content\/uploads\/2023\/12\/FB_IMG_1701512250255-150x150.jpg 150w, https:\/\/wo-soll-das-hinfuehren.de\/Hauptmenue\/wp-content\/uploads\/2023\/12\/FB_IMG_1701512250255.jpg 720w\" sizes=\"auto, (max-width: 300px) 100vw, 300px\" \/><\/a><\/p>\n<p>Leider kann ich auch weiterhin nicht erkennen, dass offen \u00fcber die ganze Problematik geredet, geschrieben oder diskutiert wird. Fast alle Menschen glauben offensichtlich, dass es mit modernerer Technik und dem Ausstieg aus den fossilen Energien so \u00e4hnlich weiter geht wie bisher. Das hei\u00dft: fast die gesamte Menschheit bel\u00fcgt sich weiterhin.<\/p>\n<h4><span style=\"color: #ff0000;\"><strong><a style=\"color: #ff0000;\" href=\"https:\/\/wo-soll-das-hinfuehren.de\/Hauptmenue\/?p=239\">\u00d6kologischer Fu\u00dfabdruck<\/a><\/strong><\/span><\/h4>\n<p>Zwei Ausschnitte aus Professor Leschs Video &#8222;Die Menschheit schafft sich ab&#8220;:<\/p>\n<p><a href=\"https:\/\/wo-soll-das-hinfuehren.de\/Hauptmenue\/wp-content\/uploads\/2022\/06\/ScreenRecorderProject170.mp4\">Wachstum<\/a><\/p>\n<p><a href=\"https:\/\/wo-soll-das-hinfuehren.de\/Hauptmenue\/wp-content\/uploads\/2022\/06\/ScreenRecorderProject174.mp4\">So geht`s nicht weiter<\/a><\/p>\n<p>Der Link zum ganzen Video: <a href=\"https:\/\/www.youtube.com\/watch?v=9ZUNY7sYaf0&amp;t=115s\">Die Menschheit schafft sich ab<\/a><\/p>\n<p>(Da das Video meistens nicht am Anfang startet, bitte manuell zur\u00fcck spulen.)<\/p>\n<p>Diese Grafik wurde ebenfalls heute auf Facebook gepostet:<\/p>\n<p><a href=\"https:\/\/wo-soll-das-hinfuehren.de\/Hauptmenue\/wp-content\/uploads\/2023\/12\/FB_IMG_1701514140484.jpg\"><img loading=\"lazy\" decoding=\"async\" class=\"alignnone size-medium wp-image-5436\" src=\"https:\/\/wo-soll-das-hinfuehren.de\/Hauptmenue\/wp-content\/uploads\/2023\/12\/FB_IMG_1701514140484-300x138.jpg\" alt=\"\" width=\"300\" height=\"138\" srcset=\"https:\/\/wo-soll-das-hinfuehren.de\/Hauptmenue\/wp-content\/uploads\/2023\/12\/FB_IMG_1701514140484-300x138.jpg 300w, https:\/\/wo-soll-das-hinfuehren.de\/Hauptmenue\/wp-content\/uploads\/2023\/12\/FB_IMG_1701514140484.jpg 720w\" sizes=\"auto, (max-width: 300px) 100vw, 300px\" \/><\/a><\/p>\n<p>Aus meinem Beitrag &#8222;<a href=\"https:\/\/wo-soll-das-hinfuehren.de\/Hauptmenue\/?p=2912\">Fakten, Basiswissen und aktuelle Infos zum Klimawandel&#8220;:<\/a><\/p>\n<p><strong><a href=\"https:\/\/youtu.be\/R7qwsiKCvwY\"><span style=\"color: #0000ff;\">Erste Weltklimakonferenz 1979<\/span><\/a><\/strong><\/p>\n<p><a href=\"https:\/\/wo-soll-das-hinfuehren.de\/Hauptmenue\/wp-content\/uploads\/2023\/09\/FB_IMG_1688918365801.jpg\"><img loading=\"lazy\" decoding=\"async\" class=\"alignnone size-medium wp-image-5276\" src=\"https:\/\/wo-soll-das-hinfuehren.de\/Hauptmenue\/wp-content\/uploads\/2023\/09\/FB_IMG_1688918365801-300x217.jpg\" alt=\"\" width=\"300\" height=\"217\" srcset=\"https:\/\/wo-soll-das-hinfuehren.de\/Hauptmenue\/wp-content\/uploads\/2023\/09\/FB_IMG_1688918365801-300x217.jpg 300w, https:\/\/wo-soll-das-hinfuehren.de\/Hauptmenue\/wp-content\/uploads\/2023\/09\/FB_IMG_1688918365801.jpg 720w\" sizes=\"auto, (max-width: 300px) 100vw, 300px\" \/><\/a><\/p>\n<p>&nbsp;<\/p>\n<ul>\n<li>\n<h3><strong><a href=\"https:\/\/nachhaltig-in-graz.at\/klima-update-25-10-2023\/?fbclid=IwAR0_M39kmnboJWG530HxSlqbdlhMPTz1RYcrjEzLRrYigwvqy7ElX1LXHo0\">Klima-Update 25.10.2023<\/a><\/strong><\/h3>\n<\/li>\n<\/ul>\n<p>\u201eEs ist die moralische Pflicht von uns Wissenschaftlern und unseren Institutionen, die Menschheit klar auf jede potenzielle existenzielle Bedrohung aufmerksam zu machen und F\u00fchrungsst\u00e4rke beim Handeln zu zeigen.\u201c<\/p>\n<h3 class=\"wp-block-heading\">1. Klima-Wissenschaftler: \u201eWir haben Angst vor dem Neuland, das wir betreten\u201c<\/h3>\n<p>Ein hochkar\u00e4tiges internationales 12-k\u00f6pfiges Wissenschaftlerteam, wie zB Johan Rockstr\u00f6m, Leon Simons, William J. Ripple, hat einen wissenschaftlichen Artikel zum aktuellen Stand der Klimakrise verfasst: <a href=\"https:\/\/academic.oup.com\/bioscience\/advance-article\/doi\/10.1093\/biosci\/biad080\/7319571?login=false\">https:\/\/academic.oup.com\/bioscience\/advance-article\/doi\/10.1093\/biosci\/biad080\/7319571?login=false<\/a><\/p>\n<p>In bislang sch\u00e4rfster Form warnen sie davor, dass menschliche Aktivit\u00e4ten die Erde in eine Klimakrise treiben, die in diesem Jahrhundert das Leben von bis zu sechs Milliarden Menschen gef\u00e4hrden k\u00f6nnte. Sehr lesenswert, sehr informative Grafiken. Ist auf Englisch, aber einfach via \u00dcbersetzer \u00fcbersetzen lassen, wenn n\u00f6tig.<\/p>\n<p><a href=\"https:\/\/wo-soll-das-hinfuehren.de\/Hauptmenue\/wp-content\/uploads\/2023\/10\/2023_1025_IPCC-Sonderbericht.jpg\"><img loading=\"lazy\" decoding=\"async\" class=\"alignnone size-medium wp-image-5396\" src=\"https:\/\/wo-soll-das-hinfuehren.de\/Hauptmenue\/wp-content\/uploads\/2023\/10\/2023_1025_IPCC-Sonderbericht-300x256.jpg\" alt=\"\" width=\"300\" height=\"256\" srcset=\"https:\/\/wo-soll-das-hinfuehren.de\/Hauptmenue\/wp-content\/uploads\/2023\/10\/2023_1025_IPCC-Sonderbericht-300x256.jpg 300w, https:\/\/wo-soll-das-hinfuehren.de\/Hauptmenue\/wp-content\/uploads\/2023\/10\/2023_1025_IPCC-Sonderbericht.jpg 668w\" sizes=\"auto, (max-width: 300px) 100vw, 300px\" \/><\/a><\/p>\n<p>&nbsp;<\/p>\n<ul>\n<li>\n<h4><strong><a href=\"https:\/\/www.tagesschau.de\/wissen\/klima\/universitaet-bonn-kipppunkte-100.html?fbclid=IwAR2Yx-eicw23KAFy5U1EfsP8i_HFpqqd9F-_qq0Uo9Fq4oHqZ3vzXOwpjcg\">Forscher warnen vor Risiko-Kipppunkten<\/a><\/strong><\/h4>\n<\/li>\n<\/ul>\n<p>&nbsp;<\/p>\n<ul>\n<li>\n<h4><strong><a href=\"https:\/\/www.tagesschau.de\/wissen\/klima\/waelder-umweltschutz-100.html\">Zerst\u00f6rung von W\u00e4ldern nimmt weltweit zu<\/a><\/strong><\/h4>\n<\/li>\n<\/ul>\n<p>&nbsp;<\/p>\n<ul>\n<li>\n<h4><strong><a href=\"https:\/\/nachhaltig-in-graz.at\/klima-update-17-10-2023\/?fbclid=IwAR3uMNp9ykYGdBq2pPkMfsQ4I7PBJjKucDem09-S47yXcl9BGdtvqtvrRcY\">Klima-Update 17.10.2023<\/a><\/strong><\/h4>\n<\/li>\n<\/ul>\n<h6 class=\"wp-block-heading\">6. D\u00fcrre-Monitor f\u00fcr Europa<\/h6>\n<p><a href=\"https:\/\/wo-soll-das-hinfuehren.de\/Hauptmenue\/wp-content\/uploads\/2023\/10\/2023_1016_Grundwasser-Indicator.jpg\"><img loading=\"lazy\" decoding=\"async\" class=\"alignnone size-medium wp-image-5409\" src=\"https:\/\/wo-soll-das-hinfuehren.de\/Hauptmenue\/wp-content\/uploads\/2023\/10\/2023_1016_Grundwasser-Indicator-300x255.jpg\" alt=\"\" width=\"300\" height=\"255\" srcset=\"https:\/\/wo-soll-das-hinfuehren.de\/Hauptmenue\/wp-content\/uploads\/2023\/10\/2023_1016_Grundwasser-Indicator-300x255.jpg 300w, https:\/\/wo-soll-das-hinfuehren.de\/Hauptmenue\/wp-content\/uploads\/2023\/10\/2023_1016_Grundwasser-Indicator-1024x870.jpg 1024w, https:\/\/wo-soll-das-hinfuehren.de\/Hauptmenue\/wp-content\/uploads\/2023\/10\/2023_1016_Grundwasser-Indicator-768x653.jpg 768w, https:\/\/wo-soll-das-hinfuehren.de\/Hauptmenue\/wp-content\/uploads\/2023\/10\/2023_1016_Grundwasser-Indicator-1536x1305.jpg 1536w, https:\/\/wo-soll-das-hinfuehren.de\/Hauptmenue\/wp-content\/uploads\/2023\/10\/2023_1016_Grundwasser-Indicator.jpg 1784w\" sizes=\"auto, (max-width: 300px) 100vw, 300px\" \/><\/a><\/p>\n<p>&nbsp;<\/p>\n<ul>\n<li><span style=\"color: #008000;\"><strong><a style=\"color: #008000;\" href=\"https:\/\/youtu.be\/RvtsoC9qR80\">Caris Connell: Warum ich bei der Letzten Generation mitmache [23.09.23]<\/a><\/strong><\/span><\/li>\n<\/ul>\n<p>&nbsp;<\/p>\n<ul>\n<li><strong><a href=\"https:\/\/youtu.be\/SirjZLz6V9g\">Lea Bonasera: Warum ziviler Widerstand wirkt [23.09.23]<\/a><\/strong><\/li>\n<\/ul>\n<p>&nbsp;<\/p>\n<ul>\n<li>Vor vier Jahren, am 08.10.2019, erstellte ich den Beitrag <strong>&#8222;Die Menschheit schafft sich ab&#8220;<\/strong><\/li>\n<\/ul>\n<p>Gewarnt und aufgekl\u00e4rt habe ich seit zwanzig Jahren oft genug, mehr oder weniger vergeblich [\u2026].<\/p>\n<p>Auch viele Wissenschaftler und Professoren warnen z. T. seit \u00fcber vierzig Jahren mehr oder weniger vergeblich [\u2026].<\/p>\n<p>Offensichtlich glauben fast alle Menschen, dass wir mit Wohlstand und einer funktionieren Wirtschaft eine angenehme Zukunft haben [\u2026].<\/p>\n<p>Wie schon oft genug erkl\u00e4rt, kann es keine Zukunft auf diesem einst wundersch\u00f6nen und vielleicht einzigartigen Planeten f\u00fcr uns, viele Tier-, Insekten- und Pflanzenarten geben, wenn immer mehr Menschen mehrere Planeten f\u00fcr ihre Lebensweise ben\u00f6tigen und das zehn-, zwanzig- oder drei\u00dfigfache der zul\u00e4ssigen CO2-Menge (1 Tonne) produzieren [\u2026].<\/p>\n<p>Das ist Fakt, die Wahrheit, Physik und mathematisch berechenbar [\u2026].<\/p>\n<p>In meiner Anwesenheit auf diesem einst wundervollen Planeten habe ich in sechzig Jahren sehr viel gelernt und Lebenserfahrung gesammelt. Ich m\u00f6chte behaupten, einiges mehr als die meisten Menschen, da ich sehr genau und ein grundehrlicher Mensch bin. Seit zwanzig Jahren hinterfrage ich alles. Nach meinen Erkenntnissen ist das bei den meisten Menschen nicht so. Sie machen das, was die meisten Menschen machen und hinterfragen nichts. Sie bilden sich in vielen Dingen eine Meinung indem sie meistens das annehmen, was zu ihrer bisherigen Meinung passt.<\/p>\n<p>Da die Zusammenh\u00e4nge und Ursachen f\u00fcr die Klima- und Umweltkatastrophe schon komplexer sind, haben wir das Problem, dass die meisten Menschen sie aus meiner Sicht gar nicht geistig erfassen k\u00f6nnen. Um diese halbwegs geistig erfassen zu k\u00f6nnen, bedarf es aus meiner Sicht: gewisse Intelligenz, logisches Denkverm\u00f6gen, viel Zeit, Ehrlichkeit und keine Voreingenommenheit um seinen Wohlstand, seinen Lebensstil, sein Unternehmen, seinen Job und die grenzenlose Freiheit (Reisen) zu rechtfertigen, bzw. nicht hinterfragen zu m\u00fcssen.<\/p>\n<p>Nach meinen bisherigen Erkenntnissen scheitern Aufkl\u00e4rung und Apelle, weil bei den meisten Menschen viele negative Eigenschaften wie Habgier, Egoismus, und Verlogenheit dominieren.<\/p>\n<p>Offensichtlich erkennen die meisten Menschen auch nicht, dass wir Menschen \u2013 so wie alles andere \u2013 nur ein Teil der Natur sind. Und nicht die, die hier einfach ihr Ding durchziehen, ungeachtet der Sch\u00e4den, die wir verursachen.<\/p>\n<p>Zwei Monate nach meiner Infoveranstaltung 2019 erstellte ich den Beitrag \u201eDie Menschheit schafft sich ab\u201c, weil ich erkannte, wie egoistisch die meisten Menschen sind.<\/p>\n<p>Heute, vier Jahre sp\u00e4ter, nachdem die Sch\u00e4den weltweit apokalyptische Ausma\u00dfe annehmen und die Temperaturspr\u00fcnge immer gr\u00f6\u00dfer werden, leben die meisten Menschen weiter in ihrer kleinen geistigen Welt und regen sich f\u00fcrchterlich \u00fcber die Klimakleber auf. Fast alle glauben, dass es mit ein paar Gesetzes\u00e4nderungen so \u00e4hnlich wie bisher weiter geht. Dies zeigt beispielhaft, wie weit die meisten Menschen von der Realit\u00e4t und vom Zustand des Planeten entfernt sind [\u2026].<\/p>\n<p>Das Schicksal der Menschheit scheint besiegelt [\u2026].<\/p>\n<p>2019 habe ich es erl\u00e4utert warum:<\/p>\n<p><strong><a href=\"https:\/\/wo-soll-das-hinfuehren.de\/Hauptmenue\/?p=2332\">&#8222;Die Menschheit schafft sich ab&#8220;<\/a><\/strong><\/p>\n<p>An der Wahrheit kommen wir nicht vorbei [\u2026].<\/p>\n<p>Da k\u00f6nnen sich noch so viele Menschen weiter selbst und andere bel\u00fcgen [\u2026].<\/p>\n<p><a href=\"https:\/\/wo-soll-das-hinfuehren.de\/Hauptmenue\/wp-content\/uploads\/2023\/10\/FB_IMG_1693584274108.jpg\"><img loading=\"lazy\" decoding=\"async\" class=\"alignnone size-medium wp-image-5350\" src=\"https:\/\/wo-soll-das-hinfuehren.de\/Hauptmenue\/wp-content\/uploads\/2023\/10\/FB_IMG_1693584274108-189x300.jpg\" alt=\"\" width=\"189\" height=\"300\" srcset=\"https:\/\/wo-soll-das-hinfuehren.de\/Hauptmenue\/wp-content\/uploads\/2023\/10\/FB_IMG_1693584274108-189x300.jpg 189w, https:\/\/wo-soll-das-hinfuehren.de\/Hauptmenue\/wp-content\/uploads\/2023\/10\/FB_IMG_1693584274108-646x1024.jpg 646w, https:\/\/wo-soll-das-hinfuehren.de\/Hauptmenue\/wp-content\/uploads\/2023\/10\/FB_IMG_1693584274108.jpg 720w\" sizes=\"auto, (max-width: 189px) 100vw, 189px\" \/><\/a><\/p>\n<p><a href=\"https:\/\/wo-soll-das-hinfuehren.de\/Hauptmenue\/wp-content\/uploads\/2023\/10\/FB_IMG_1695829677097.jpg\"><img loading=\"lazy\" decoding=\"async\" class=\"alignnone size-medium wp-image-5351\" src=\"https:\/\/wo-soll-das-hinfuehren.de\/Hauptmenue\/wp-content\/uploads\/2023\/10\/FB_IMG_1695829677097-300x300.jpg\" alt=\"\" width=\"300\" height=\"300\" srcset=\"https:\/\/wo-soll-das-hinfuehren.de\/Hauptmenue\/wp-content\/uploads\/2023\/10\/FB_IMG_1695829677097-300x300.jpg 300w, https:\/\/wo-soll-das-hinfuehren.de\/Hauptmenue\/wp-content\/uploads\/2023\/10\/FB_IMG_1695829677097-150x150.jpg 150w, https:\/\/wo-soll-das-hinfuehren.de\/Hauptmenue\/wp-content\/uploads\/2023\/10\/FB_IMG_1695829677097.jpg 720w\" sizes=\"auto, (max-width: 300px) 100vw, 300px\" \/><\/a><\/p>\n<p>Das gr\u00fcne Schrumpfen wird jetzt von der Natur ausgehen [\u2026].<\/p>\n<p><a href=\"https:\/\/wo-soll-das-hinfuehren.de\/Hauptmenue\/wp-content\/uploads\/2023\/10\/FB_IMG_1695098989402.jpg\"><img loading=\"lazy\" decoding=\"async\" class=\"alignnone size-medium wp-image-5365\" src=\"https:\/\/wo-soll-das-hinfuehren.de\/Hauptmenue\/wp-content\/uploads\/2023\/10\/FB_IMG_1695098989402-300x237.jpg\" alt=\"\" width=\"300\" height=\"237\" srcset=\"https:\/\/wo-soll-das-hinfuehren.de\/Hauptmenue\/wp-content\/uploads\/2023\/10\/FB_IMG_1695098989402-300x237.jpg 300w, https:\/\/wo-soll-das-hinfuehren.de\/Hauptmenue\/wp-content\/uploads\/2023\/10\/FB_IMG_1695098989402.jpg 720w\" sizes=\"auto, (max-width: 300px) 100vw, 300px\" \/><\/a><\/p>\n<p><a href=\"https:\/\/wo-soll-das-hinfuehren.de\/Hauptmenue\/wp-content\/uploads\/2023\/10\/FB_IMG_1696653301818.jpg\"><img loading=\"lazy\" decoding=\"async\" class=\"alignnone size-medium wp-image-5367\" src=\"https:\/\/wo-soll-das-hinfuehren.de\/Hauptmenue\/wp-content\/uploads\/2023\/10\/FB_IMG_1696653301818-300x218.jpg\" alt=\"\" width=\"300\" height=\"218\" srcset=\"https:\/\/wo-soll-das-hinfuehren.de\/Hauptmenue\/wp-content\/uploads\/2023\/10\/FB_IMG_1696653301818-300x218.jpg 300w, https:\/\/wo-soll-das-hinfuehren.de\/Hauptmenue\/wp-content\/uploads\/2023\/10\/FB_IMG_1696653301818.jpg 594w\" sizes=\"auto, (max-width: 300px) 100vw, 300px\" \/><\/a><\/p>\n<p><a href=\"https:\/\/wo-soll-das-hinfuehren.de\/Hauptmenue\/wp-content\/uploads\/2023\/10\/FB_IMG_1695271844355.jpg\"><img loading=\"lazy\" decoding=\"async\" class=\"alignnone size-medium wp-image-5359\" src=\"https:\/\/wo-soll-das-hinfuehren.de\/Hauptmenue\/wp-content\/uploads\/2023\/10\/FB_IMG_1695271844355-300x262.jpg\" alt=\"\" width=\"300\" height=\"262\" srcset=\"https:\/\/wo-soll-das-hinfuehren.de\/Hauptmenue\/wp-content\/uploads\/2023\/10\/FB_IMG_1695271844355-300x262.jpg 300w, https:\/\/wo-soll-das-hinfuehren.de\/Hauptmenue\/wp-content\/uploads\/2023\/10\/FB_IMG_1695271844355.jpg 720w\" sizes=\"auto, (max-width: 300px) 100vw, 300px\" \/><\/a><\/p>\n<p><a href=\"https:\/\/wo-soll-das-hinfuehren.de\/Hauptmenue\/wp-content\/uploads\/2023\/10\/FB_IMG_1696848997353.jpg\"><img loading=\"lazy\" decoding=\"async\" class=\"alignnone size-medium wp-image-5372\" src=\"https:\/\/wo-soll-das-hinfuehren.de\/Hauptmenue\/wp-content\/uploads\/2023\/10\/FB_IMG_1696848997353-238x300.jpg\" alt=\"\" width=\"238\" height=\"300\" srcset=\"https:\/\/wo-soll-das-hinfuehren.de\/Hauptmenue\/wp-content\/uploads\/2023\/10\/FB_IMG_1696848997353-238x300.jpg 238w, https:\/\/wo-soll-das-hinfuehren.de\/Hauptmenue\/wp-content\/uploads\/2023\/10\/FB_IMG_1696848997353.jpg 652w\" sizes=\"auto, (max-width: 238px) 100vw, 238px\" \/><\/a><\/p>\n<p>&nbsp;<\/p>\n<ul>\n<li><strong><a href=\"https:\/\/youtu.be\/gQF_h71z1dk?si=sbfhyYfAyUxhxG3S\">Dr. Nana-Maria Gr\u00fcning: Planetare Grenzen &amp; ziviler Widerstand [23.09.23]<\/a><\/strong><\/li>\n<\/ul>\n<p>Der dritte Kommentar trifft die Situation recht gut [\u2026].<\/p>\n<p><a href=\"https:\/\/wo-soll-das-hinfuehren.de\/Hauptmenue\/wp-content\/uploads\/2023\/10\/Screenshot_20231008_163445_YouTube.jpg\"><img loading=\"lazy\" decoding=\"async\" class=\"alignnone size-medium wp-image-5352\" src=\"https:\/\/wo-soll-das-hinfuehren.de\/Hauptmenue\/wp-content\/uploads\/2023\/10\/Screenshot_20231008_163445_YouTube-135x300.jpg\" alt=\"\" width=\"135\" height=\"300\" srcset=\"https:\/\/wo-soll-das-hinfuehren.de\/Hauptmenue\/wp-content\/uploads\/2023\/10\/Screenshot_20231008_163445_YouTube-135x300.jpg 135w, https:\/\/wo-soll-das-hinfuehren.de\/Hauptmenue\/wp-content\/uploads\/2023\/10\/Screenshot_20231008_163445_YouTube-461x1024.jpg 461w, https:\/\/wo-soll-das-hinfuehren.de\/Hauptmenue\/wp-content\/uploads\/2023\/10\/Screenshot_20231008_163445_YouTube-691x1536.jpg 691w, https:\/\/wo-soll-das-hinfuehren.de\/Hauptmenue\/wp-content\/uploads\/2023\/10\/Screenshot_20231008_163445_YouTube.jpg 720w\" sizes=\"auto, (max-width: 135px) 100vw, 135px\" \/><\/a><\/p>\n<p>&nbsp;<\/p>\n<ul>\n<li>\n<h4><span style=\"color: #ff0000;\"><strong><a style=\"color: #ff0000;\" href=\"https:\/\/youtu.be\/voKWD8HXlw4?si=tSGYvLzvVpmBQKSR\">Time is up: Messungen Stand Herbst 2023<\/a><\/strong><\/span><\/h4>\n<\/li>\n<\/ul>\n<p>&nbsp;<\/p>\n<ul>\n<li><span style=\"color: #ff0000;\"><strong><a style=\"color: #ff0000;\" href=\"https:\/\/m.faz.net\/aktuell\/gesellschaft\/ungluecke\/3-grad-statt-1-5-klimawandel-wird-laut-experten-ungebremst-erfolgen-19203884.html?fbclid=IwAR0EBvZoPsfNYjXvsVBQrT271BlOKJuIwyM-8nbT76oD0g9BREat8a6oDtw\">3 Grad statt 1,5 : Klimawandel wird laut Experten in gro\u00dfen Teilen ungebremst erfolgen<\/a><\/strong><\/span><\/li>\n<\/ul>\n<p>&nbsp;<\/p>\n<ul>\n<li><strong><a href=\"http:\/\/www.taz.de\/!5957828\/\"><span style=\"color: #ff0000;\">Studie \u00fcber Wachstum und Emissionen: Geld macht nicht gr\u00fcn<\/span> <\/a><\/strong><\/li>\n<\/ul>\n<p>&nbsp;<\/p>\n<ul>\n<li><strong>Nachfolgend habe ich einige aktuelle und lesenswerte Artikel verlinkt:<\/strong><\/li>\n<\/ul>\n<p><a href=\"https:\/\/taz.de\/Ungewoehnlich-hohe-Temperaturen-in-Weltmeeren\/!5956072\/\">Rekordhitze in den Ozeanen<\/a><\/p>\n<p><a href=\"https:\/\/taz.de\/Folgen-der-Klimakrise\/!5955357\/\">So hei\u00df und so viel Regen wie nie<\/a><\/p>\n<p><a href=\"https:\/\/taz.de\/Extremwetter-in-Griechenland\/!5955664\/\">Extremwetter in Griechenland: Biblische Katastrophe <\/a><\/p>\n<p><a href=\"https:\/\/www.rnd.de\/panorama\/wetterphaenomene-durch-klimakrise-meteorologe-oezden-terli-im-interview-47HVD5M24RDOTEHIWANI22TFBY.html\">\u201eDer Zwang kommt auf jeden Fall: Wenn wir kein Wasser und keine Nahrung mehr haben\u201c<\/a><\/p>\n<p><a href=\"https:\/\/taz.de\/Warnung-in-Schweizer-Studie\/!5959349\/\">Gletscher schmelzen immer schneller<\/a><\/p>\n<p><a href=\"https:\/\/taz.de\/Studie-zur-Belastung-des-Planeten\/!5960174\/\">Studie zur Belastung des Planeten: Deutlich erh\u00f6htes Infarktrisiko <\/a><\/p>\n<p><a href=\"https:\/\/www.tagesschau.de\/wissen\/klima\/klimawandel-planetare-grenzen-erderwaermung-100.html?fbclid=IwAR2tozCpLPhLeDNo933gImrrr0HBKCPApdHyDjsEJ7OXUGlMrIiFyjFaHGU\">Studie zu planetaren Grenzen: Der Erde geht die Puste aus <\/a><\/p>\n<p>&nbsp;<\/p>\n<ul>\n<li><span style=\"color: #008000;\"><strong><a style=\"color: #008000;\" href=\"https:\/\/m.youtube.com\/watch?v=E5CXkcLrTSA&amp;fbclid=IwAR1W-4FyVHsdFlacCK1NRBa6C4Un-y71iLwTaraP4IFPC-VSywABSEx1lB4#bottom-sheet\">Klimastreik 15.09.2023<\/a><\/strong><\/span><\/li>\n<\/ul>\n<p><a href=\"https:\/\/wo-soll-das-hinfuehren.de\/Hauptmenue\/wp-content\/uploads\/2023\/09\/Screenshot_20230915_201325_Facebook.jpg\"><img loading=\"lazy\" decoding=\"async\" class=\"alignnone size-medium wp-image-5286\" src=\"https:\/\/wo-soll-das-hinfuehren.de\/Hauptmenue\/wp-content\/uploads\/2023\/09\/Screenshot_20230915_201325_Facebook-135x300.jpg\" alt=\"\" width=\"135\" height=\"300\" srcset=\"https:\/\/wo-soll-das-hinfuehren.de\/Hauptmenue\/wp-content\/uploads\/2023\/09\/Screenshot_20230915_201325_Facebook-135x300.jpg 135w, https:\/\/wo-soll-das-hinfuehren.de\/Hauptmenue\/wp-content\/uploads\/2023\/09\/Screenshot_20230915_201325_Facebook-461x1024.jpg 461w, https:\/\/wo-soll-das-hinfuehren.de\/Hauptmenue\/wp-content\/uploads\/2023\/09\/Screenshot_20230915_201325_Facebook-691x1536.jpg 691w, https:\/\/wo-soll-das-hinfuehren.de\/Hauptmenue\/wp-content\/uploads\/2023\/09\/Screenshot_20230915_201325_Facebook.jpg 720w\" sizes=\"auto, (max-width: 135px) 100vw, 135px\" \/><\/a><\/p>\n<p><strong><a href=\"https:\/\/youtu.be\/VzsoV0sDGng?si=9GzXlqah0RFobTP2\">Rede von Herbert Gr\u00f6nemeyer<\/a><\/strong><\/p>\n<p>&nbsp;<\/p>\n<ul>\n<li>Ein Facebook-Freund postete k\u00fcrzlich diesen Artikel:<\/li>\n<\/ul>\n<p><span style=\"color: #ff0000;\"><strong><a style=\"color: #ff0000;\" href=\"https:\/\/wo-soll-das-hinfuehren.de\/Hauptmenue\/wp-content\/uploads\/2023\/09\/FB_IMG_1693378417662.jpg\">Auf Pump leben wir alle<\/a><\/strong><\/span><\/p>\n<p>&nbsp;<\/p>\n<ul>\n<li><span style=\"color: #ff0000;\"><strong><a style=\"color: #ff0000;\" href=\"https:\/\/nachhaltig-in-graz.at\/das-energie-ungleichgewicht-der-erde\/?fbclid=IwAR35-_0gkw3ASZmqn60L6IcSd86ACrnsF1ohjolQ0YodGsD3pMeOGZFTXGg\">Das Energie-Ungleichgewicht der Erde<\/a><\/strong><\/span><\/li>\n<\/ul>\n<blockquote>\n<h5 class=\"wp-block-heading\">Energie-Ungleichgewicht der Erde hat sich zwischen 2000 und 2023 verdoppelt!<\/h5>\n<\/blockquote>\n<p><a href=\"https:\/\/wo-soll-das-hinfuehren.de\/Hauptmenue\/wp-content\/uploads\/2023\/08\/Screenshot_20230804-193929_Chrome.jpg\"><img loading=\"lazy\" decoding=\"async\" class=\"alignnone size-medium wp-image-5270\" src=\"https:\/\/wo-soll-das-hinfuehren.de\/Hauptmenue\/wp-content\/uploads\/2023\/08\/Screenshot_20230804-193929_Chrome-146x300.jpg\" alt=\"\" width=\"146\" height=\"300\" srcset=\"https:\/\/wo-soll-das-hinfuehren.de\/Hauptmenue\/wp-content\/uploads\/2023\/08\/Screenshot_20230804-193929_Chrome-146x300.jpg 146w, https:\/\/wo-soll-das-hinfuehren.de\/Hauptmenue\/wp-content\/uploads\/2023\/08\/Screenshot_20230804-193929_Chrome-498x1024.jpg 498w, https:\/\/wo-soll-das-hinfuehren.de\/Hauptmenue\/wp-content\/uploads\/2023\/08\/Screenshot_20230804-193929_Chrome.jpg 720w\" sizes=\"auto, (max-width: 146px) 100vw, 146px\" \/><\/a><\/p>\n<p>&nbsp;<\/p>\n<ul>\n<li><span style=\"color: #ff0000;\"><strong><a style=\"color: #ff0000;\" href=\"https:\/\/www.nachdenkseiten.de\/?p=55110#more-55110\">Das Thema Klimawandel ist nicht neu<\/a><\/strong><\/span><\/li>\n<\/ul>\n<p>Alle tun so, als w\u00e4re unser Weg in die Katastrophe nicht bekannt gewesen [\u2026]. Jeder Mann und jede Frau h\u00e4tte es wissen k\u00f6nnen [\u2026].<\/p>\n<p>&nbsp;<\/p>\n<ul>\n<li><strong><a href=\"https:\/\/www.ardalpha.de\/wissen\/umwelt\/nachhaltigkeit\/earth-overshoot-day-welterschoepfungstag-klima-oekologischer-fussabdruck-100.html\"><span style=\"color: #ff0000;\">Earth Overshoot Day 2023 Ab dem 2. August schulden wir Menschen der Erde was!<\/span> <\/a><\/strong><\/li>\n<\/ul>\n<p>&nbsp;<\/p>\n<ul>\n<li>Derzeit setzen sich wieder sehr viele Menschen ins Flugzeug und fliegen in Urlaub. Darunter auch sehr viele Familien mit Kindern. Das zeigt mir, dass sehr viele Menschen weder \u00fcber Verstand, noch ein Gewissen verf\u00fcgen [\u2026]. Mit dem Flugzeug in Urlaub fliegen, ist das Schlimmste, was ein einzelner Mensch tun kann [\u2026]. Hier ein Erkl\u00e4rfilm vom Umweltbundesamt:<\/li>\n<\/ul>\n<p><span style=\"color: #ff0000;\"><strong><a style=\"color: #ff0000;\" href=\"https:\/\/www.google.com\/url?sa=t&amp;rct=j&amp;q=&amp;esrc=s&amp;source=web&amp;cd=&amp;cad=rja&amp;uact=8&amp;ved=2ahUKEwixi9ql26mAAxUR_7sIHZUtDgoQwqsBegQIDRAG&amp;url=https%3A%2F%2Fwww.youtube.com%2Fwatch%3Fv%3DqXAEseBheWs&amp;usg=AOvVaw0x5cKWsNRFnS_cLRiuIYev&amp;opi=89978449\">UBA-Erkl\u00e4rfilm: Flugreisen und Klimawirkung<\/a><\/strong><\/span><\/p>\n<p>Diese selbstgemachten Flyer verteilte ich bei Montagsdemonstrationen auf dem Frankfurter Flughafen:<\/p>\n<p><a href=\"https:\/\/wo-soll-das-hinfuehren.de\/Hauptmenue\/wp-content\/uploads\/2018\/03\/Flyer-DIN-A5-Vorderseite-gr\u00fcn-Internet-NEU.jpg\"><img loading=\"lazy\" decoding=\"async\" class=\"alignnone size-medium wp-image-499\" src=\"https:\/\/wo-soll-das-hinfuehren.de\/Hauptmenue\/wp-content\/uploads\/2018\/03\/Flyer-DIN-A5-Vorderseite-gr\u00fcn-Internet-NEU-211x300.jpg\" alt=\"\" width=\"211\" height=\"300\" srcset=\"https:\/\/wo-soll-das-hinfuehren.de\/Hauptmenue\/wp-content\/uploads\/2018\/03\/Flyer-DIN-A5-Vorderseite-gr\u00fcn-Internet-NEU-211x300.jpg 211w, https:\/\/wo-soll-das-hinfuehren.de\/Hauptmenue\/wp-content\/uploads\/2018\/03\/Flyer-DIN-A5-Vorderseite-gr\u00fcn-Internet-NEU-768x1090.jpg 768w, https:\/\/wo-soll-das-hinfuehren.de\/Hauptmenue\/wp-content\/uploads\/2018\/03\/Flyer-DIN-A5-Vorderseite-gr\u00fcn-Internet-NEU-722x1024.jpg 722w, https:\/\/wo-soll-das-hinfuehren.de\/Hauptmenue\/wp-content\/uploads\/2018\/03\/Flyer-DIN-A5-Vorderseite-gr\u00fcn-Internet-NEU.jpg 874w\" sizes=\"auto, (max-width: 211px) 100vw, 211px\" \/><\/a><\/p>\n<p><a href=\"https:\/\/wo-soll-das-hinfuehren.de\/Hauptmenue\/wp-content\/uploads\/2018\/03\/FLYER-DIN-A-5-NEU-20.04.2018.jpg\"><img loading=\"lazy\" decoding=\"async\" class=\"alignnone size-medium wp-image-508\" src=\"https:\/\/wo-soll-das-hinfuehren.de\/Hauptmenue\/wp-content\/uploads\/2018\/03\/FLYER-DIN-A-5-NEU-20.04.2018-211x300.jpg\" alt=\"\" width=\"211\" height=\"300\" srcset=\"https:\/\/wo-soll-das-hinfuehren.de\/Hauptmenue\/wp-content\/uploads\/2018\/03\/FLYER-DIN-A-5-NEU-20.04.2018-211x300.jpg 211w, https:\/\/wo-soll-das-hinfuehren.de\/Hauptmenue\/wp-content\/uploads\/2018\/03\/FLYER-DIN-A-5-NEU-20.04.2018-768x1090.jpg 768w, https:\/\/wo-soll-das-hinfuehren.de\/Hauptmenue\/wp-content\/uploads\/2018\/03\/FLYER-DIN-A-5-NEU-20.04.2018-722x1024.jpg 722w, https:\/\/wo-soll-das-hinfuehren.de\/Hauptmenue\/wp-content\/uploads\/2018\/03\/FLYER-DIN-A-5-NEU-20.04.2018.jpg 874w\" sizes=\"auto, (max-width: 211px) 100vw, 211px\" \/><\/a><\/p>\n<p>Aus meinen News 2022:<\/p>\n<p><a href=\"https:\/\/wo-soll-das-hinfuehren.de\/Hauptmenue\/wp-content\/uploads\/2022\/06\/Screenshot_20220518-063002_Facebook.jpg\"><img loading=\"lazy\" decoding=\"async\" class=\"alignnone size-medium wp-image-4472\" src=\"https:\/\/wo-soll-das-hinfuehren.de\/Hauptmenue\/wp-content\/uploads\/2022\/06\/Screenshot_20220518-063002_Facebook-146x300.jpg\" alt=\"\" width=\"146\" height=\"300\" srcset=\"https:\/\/wo-soll-das-hinfuehren.de\/Hauptmenue\/wp-content\/uploads\/2022\/06\/Screenshot_20220518-063002_Facebook-146x300.jpg 146w, https:\/\/wo-soll-das-hinfuehren.de\/Hauptmenue\/wp-content\/uploads\/2022\/06\/Screenshot_20220518-063002_Facebook-498x1024.jpg 498w, https:\/\/wo-soll-das-hinfuehren.de\/Hauptmenue\/wp-content\/uploads\/2022\/06\/Screenshot_20220518-063002_Facebook.jpg 720w\" sizes=\"auto, (max-width: 146px) 100vw, 146px\" \/><\/a><\/p>\n<p>&nbsp;<\/p>\n<ul>\n<li><a href=\"https:\/\/wo-soll-das-hinfuehren.de\/Hauptmenue\/wp-content\/uploads\/2023\/07\/20230717_150728.jpg\"><img loading=\"lazy\" decoding=\"async\" class=\"alignnone size-medium wp-image-5247\" src=\"https:\/\/wo-soll-das-hinfuehren.de\/Hauptmenue\/wp-content\/uploads\/2023\/07\/20230717_150728-300x300.jpg\" alt=\"\" width=\"300\" height=\"300\" srcset=\"https:\/\/wo-soll-das-hinfuehren.de\/Hauptmenue\/wp-content\/uploads\/2023\/07\/20230717_150728-300x300.jpg 300w, https:\/\/wo-soll-das-hinfuehren.de\/Hauptmenue\/wp-content\/uploads\/2023\/07\/20230717_150728-150x150.jpg 150w, https:\/\/wo-soll-das-hinfuehren.de\/Hauptmenue\/wp-content\/uploads\/2023\/07\/20230717_150728.jpg 676w\" sizes=\"auto, (max-width: 300px) 100vw, 300px\" \/><\/a><\/li>\n<\/ul>\n<p>&nbsp;<\/p>\n<ul>\n<li><strong>Noch ein k\u00fcrzlicher Kommentar von mir auf Facebook:<\/strong><\/li>\n<\/ul>\n<p>Habe mir k\u00fcrzlich &#8222;Time is up&#8220; von Dr. Mark Benecke angeschaut.<\/p>\n<p>Kommt n\u00e4chste Woche auf meine Webseite.<\/p>\n<p>Er erl\u00e4utert in dem Vortrag, dass das alles seit den Sechzigern und Siebzigern bekannt ist&#8230;<\/p>\n<p><iframe loading=\"lazy\" title=\"\u201eTime is up!\u201c - Mark Beneckes Vortrag an der TU Dortmund - 23. Mai 2023\" width=\"660\" height=\"371\" src=\"https:\/\/www.youtube.com\/embed\/AAi_I73kqcE?feature=oembed\" frameborder=\"0\" allow=\"accelerometer; autoplay; clipboard-write; encrypted-media; gyroscope; picture-in-picture; web-share\" referrerpolicy=\"strict-origin-when-cross-origin\" allowfullscreen><\/iframe><\/p>\n<p>Ich habe unseren Weg in die Katastrophe vor zwanzig Jahren so richtig erkannt und warne seitdem vergeblich&#8230;<\/p>\n<p>Dr. Mark Benecke bringt es in dem Vortrag am Anfang auf den Punkt&#8230;<\/p>\n<p>Nachhaltig sein, Vortrag beendet.<\/p>\n<p>Das Problem: es will niemand nachhaltig sein.<\/p>\n<p>Der Ausgang ist somit klar&#8230;<\/p>\n<p>&nbsp;<\/p>\n<ul>\n<li><strong>Ein k\u00fcrzlicher Kommentar von mir auf Facebook:<\/strong><\/li>\n<\/ul>\n<p>Seit August letzten Jahres ist meine zwanzig Jahre alte Webseite &#8222;https:\/\/www.wo-soll-das-hinfuehren.de&#8220; deshalb auch unter der Webadresse &#8222;https:\/\/www.die-seite-der-wahrheit.de&#8220; zu erreichen&#8230;<\/p>\n<p>Die ganze Wahrheit &#8211; wie ich sie auf meiner Webseite pr\u00e4sentiere &#8211; will niemand h\u00f6ren&#8230;<\/p>\n<p>Habe das nun auch in der Europ\u00e4ischen Energiewende Gruppe, bei der Klimafokus Steyr Gruppe, bei der Extinktion Rebellion Deutschland Gruppe, bei der Parentsforfuture Germany Gruppe, bei der Klimawandel\/ Klimafakten Gruppe, bei der F\u00fcr unsere Enkel\/Klimaschutz geht alle an Gruppe und bei der Letzten Generation festgestellt&#8230;<\/p>\n<p>Der Ausgang ist deshalb v\u00f6llig klar&#8230;<\/p>\n<p>Mein Res\u00fcmee:<\/p>\n<p>Die ganze Wahrheit sagen, bringt gar keine Freunde&#8230;<\/p>\n<p>Allerdings wei\u00df ich, dass ich auf dem &#8222;Rechten Weg&#8220; bin&#8230;, und die Menschheit schlafwandelnd Richtung Abgrund marschiert&#8230;<\/p>\n<p>Aus meinen News 2023:<\/p>\n<p><a href=\"https:\/\/youtu.be\/_RMQZU-xLvk\">https:\/\/youtu.be\/_RMQZU-xLvk<\/a><\/p>\n<p>&nbsp;<\/p>\n<p>&nbsp;<\/p>\n<ul>\n<li><strong><a href=\"https:\/\/youtu.be\/fVGKi5_MdaQ\">Junglandwirt emp\u00f6rt \u00fcber Unwettersch\u00e4den in Kassel am 22.06.2023<\/a><\/strong><\/li>\n<\/ul>\n<p>\u00c4ndert Euer Leben [\u2026]. Sagte der Jungbauer [\u2026].<\/p>\n<p><a href=\"https:\/\/nachhaltig-sein.info\/privatpersonen-nachhaltigkeit\/nachhaltigkeit-allein-taten-sind-gefragt\"><strong>Wir sagen das schon lange [\u2026].<\/strong><\/a><\/p>\n<p>Offensichtlich h\u00f6rt uns niemand zu!???<\/p>\n<p>&nbsp;<\/p>\n<ul>\n<li><strong>Diesen Beitrag erstellte ich vor 5 Jahren:<\/strong><\/li>\n<\/ul>\n<h3><a href=\"https:\/\/wo-soll-das-hinfuehren.de\/Hauptmenue\/?p=848\"><em><span style=\"color: #ff0000;\">Res\u00fcmee<\/span><\/em><\/a><\/h3>\n<p>&nbsp;<\/p>\n<ul>\n<li>Bevor es mit der Realit\u00e4t und der traurigen Wahrheit weitergeht, m\u00f6chte ich den nachfolgen Artikel empfehlen:<\/li>\n<\/ul>\n<p><a href=\"https:\/\/www.derstandard.de\/story\/2000109330490\/wie-die-klimakatastrophe-psychisch-krank-macht\"><strong>Wie die Klimakatastrophe psychisch krank macht<\/strong><\/a><\/p>\n<p>&nbsp;<\/p>\n<ul>\n<li>Da der Film &#8222;Wer wir waren&#8220; nicht mehr zu Verf\u00fcgung steht, hier der Trailer:<\/li>\n<\/ul>\n<h3><a href=\"https:\/\/youtu.be\/_RMQZU-xLvk\"><strong><span style=\"color: #ff0000;\">&#8222;Wer wir waren&#8220;<\/span><\/strong><\/a><\/h3>\n<h3><strong><a href=\"https:\/\/wo-soll-das-hinfuehren.de\/Hauptmenue\/wp-content\/uploads\/2023\/05\/ScreenRecorderProject180.mp4\"><span style=\"color: #ff0000;\">Ausschnitt<\/span><\/a><\/strong><\/h3>\n<p>&nbsp;<\/p>\n<ul>\n<li>Diesen Artikel postete ein Facebook-Freund k\u00fcrzlich:<\/li>\n<\/ul>\n<p><a href=\"https:\/\/wo-soll-das-hinfuehren.de\/Hauptmenue\/wp-content\/uploads\/2023\/07\/FB_IMG_1687948980553.jpg\"><img loading=\"lazy\" decoding=\"async\" class=\"alignnone size-medium wp-image-5209\" src=\"https:\/\/wo-soll-das-hinfuehren.de\/Hauptmenue\/wp-content\/uploads\/2023\/07\/FB_IMG_1687948980553-58x300.jpg\" alt=\"\" width=\"58\" height=\"300\" srcset=\"https:\/\/wo-soll-das-hinfuehren.de\/Hauptmenue\/wp-content\/uploads\/2023\/07\/FB_IMG_1687948980553-58x300.jpg 58w, https:\/\/wo-soll-das-hinfuehren.de\/Hauptmenue\/wp-content\/uploads\/2023\/07\/FB_IMG_1687948980553-197x1024.jpg 197w, https:\/\/wo-soll-das-hinfuehren.de\/Hauptmenue\/wp-content\/uploads\/2023\/07\/FB_IMG_1687948980553-296x1536.jpg 296w, https:\/\/wo-soll-das-hinfuehren.de\/Hauptmenue\/wp-content\/uploads\/2023\/07\/FB_IMG_1687948980553.jpg 394w\" sizes=\"auto, (max-width: 58px) 100vw, 58px\" \/><\/a><\/p>\n<p>Er erschien Mitte Juni in einer \u00f6sterreichischen Zeitung.<\/p>\n<p>Ich finde es sehr beeindruckend, wie schlafwandlerisch die Menschheit auf ihr Ende zusteuert [\u2026]. Fast alle tun so, als ob alles in bester Ordnung sei [\u2026]. Auf meine Kommentare bei Facebook \u00fcber unseren katastrophalen Lebensstil geht weiter fast niemand ein [\u2026]. Erb\u00e4rmlich, anders kann ich es leider nicht sagen [\u2026]. K\u00fcrzlich fragte ich in einem Kommentar, warum eine Gesellschaft &#8211; die mit Flei\u00df und Freude ihre Lebensgrundlage innerhalb von 70 Jahren (2,3 Generationen) zerst\u00f6rt &#8211; eine Zukunft haben sollte?<\/p>\n<p>Dieses Schild (Netzfund) postete ich k\u00fcrzlich mehrmals auf Facebook:<\/p>\n<p><a href=\"https:\/\/wo-soll-das-hinfuehren.de\/Hauptmenue\/wp-content\/uploads\/2023\/07\/FB_IMG_1688469822957.jpg\"><img loading=\"lazy\" decoding=\"async\" class=\"alignnone size-medium wp-image-5217\" src=\"https:\/\/wo-soll-das-hinfuehren.de\/Hauptmenue\/wp-content\/uploads\/2023\/07\/FB_IMG_1688469822957-300x300.jpg\" alt=\"\" width=\"300\" height=\"300\" srcset=\"https:\/\/wo-soll-das-hinfuehren.de\/Hauptmenue\/wp-content\/uploads\/2023\/07\/FB_IMG_1688469822957-300x300.jpg 300w, https:\/\/wo-soll-das-hinfuehren.de\/Hauptmenue\/wp-content\/uploads\/2023\/07\/FB_IMG_1688469822957-150x150.jpg 150w, https:\/\/wo-soll-das-hinfuehren.de\/Hauptmenue\/wp-content\/uploads\/2023\/07\/FB_IMG_1688469822957.jpg 502w\" sizes=\"auto, (max-width: 300px) 100vw, 300px\" \/><\/a><\/p>\n<p>&nbsp;<\/p>\n<ul>\n<li><strong>Krisen, Kriege, Katastrophen: Bitte mal die Erde retten! <\/strong>Waldbr\u00e4nde, \u00dcberschwemmungen, schmelzende Eisberge und Kriege: Die Menschheit k\u00f6nnte aktuell himmlische Hilfe gut brauchen.<\/li>\n<\/ul>\n<p><strong><a href=\"https:\/\/taz.de\/Krisen-Kriege-Katastrophen\/!5931932\/\">Kolumne von Georg Seesslen<\/a><\/strong><\/p>\n<p>Hier eine kleine Fotoserie zur Kolumne<\/p>\n<p><a href=\"https:\/\/wo-soll-das-hinfuehren.de\/Hauptmenue\/wp-content\/uploads\/2023\/07\/20230128_164111.jpg\"><img loading=\"lazy\" decoding=\"async\" class=\"alignnone size-medium wp-image-5198\" src=\"https:\/\/wo-soll-das-hinfuehren.de\/Hauptmenue\/wp-content\/uploads\/2023\/07\/20230128_164111-295x300.jpg\" alt=\"\" width=\"295\" height=\"300\" srcset=\"https:\/\/wo-soll-das-hinfuehren.de\/Hauptmenue\/wp-content\/uploads\/2023\/07\/20230128_164111-295x300.jpg 295w, https:\/\/wo-soll-das-hinfuehren.de\/Hauptmenue\/wp-content\/uploads\/2023\/07\/20230128_164111.jpg 720w\" sizes=\"auto, (max-width: 295px) 100vw, 295px\" \/><\/a><\/p>\n<p><a href=\"https:\/\/wo-soll-das-hinfuehren.de\/Hauptmenue\/wp-content\/uploads\/2023\/07\/FB_IMG_1686897055648.jpg\"><img loading=\"lazy\" decoding=\"async\" class=\"alignnone size-medium wp-image-5201\" src=\"https:\/\/wo-soll-das-hinfuehren.de\/Hauptmenue\/wp-content\/uploads\/2023\/07\/FB_IMG_1686897055648-300x300.jpg\" alt=\"\" width=\"300\" height=\"300\" srcset=\"https:\/\/wo-soll-das-hinfuehren.de\/Hauptmenue\/wp-content\/uploads\/2023\/07\/FB_IMG_1686897055648-300x300.jpg 300w, https:\/\/wo-soll-das-hinfuehren.de\/Hauptmenue\/wp-content\/uploads\/2023\/07\/FB_IMG_1686897055648-150x150.jpg 150w, https:\/\/wo-soll-das-hinfuehren.de\/Hauptmenue\/wp-content\/uploads\/2023\/07\/FB_IMG_1686897055648.jpg 720w\" sizes=\"auto, (max-width: 300px) 100vw, 300px\" \/><\/a><\/p>\n<p><a href=\"https:\/\/wo-soll-das-hinfuehren.de\/Hauptmenue\/wp-content\/uploads\/2023\/07\/FB_IMG_1685120171920.jpg\"><img loading=\"lazy\" decoding=\"async\" class=\"alignnone size-medium wp-image-5196\" src=\"https:\/\/wo-soll-das-hinfuehren.de\/Hauptmenue\/wp-content\/uploads\/2023\/07\/FB_IMG_1685120171920-241x300.jpg\" alt=\"\" width=\"241\" height=\"300\" srcset=\"https:\/\/wo-soll-das-hinfuehren.de\/Hauptmenue\/wp-content\/uploads\/2023\/07\/FB_IMG_1685120171920-241x300.jpg 241w, https:\/\/wo-soll-das-hinfuehren.de\/Hauptmenue\/wp-content\/uploads\/2023\/07\/FB_IMG_1685120171920.jpg 515w\" sizes=\"auto, (max-width: 241px) 100vw, 241px\" \/><\/a><\/p>\n<p><a href=\"https:\/\/wo-soll-das-hinfuehren.de\/Hauptmenue\/wp-content\/uploads\/2023\/07\/FB_IMG_1685287909836.jpg\"><img loading=\"lazy\" decoding=\"async\" class=\"alignnone size-medium wp-image-5197\" src=\"https:\/\/wo-soll-das-hinfuehren.de\/Hauptmenue\/wp-content\/uploads\/2023\/07\/FB_IMG_1685287909836-300x288.jpg\" alt=\"\" width=\"300\" height=\"288\" srcset=\"https:\/\/wo-soll-das-hinfuehren.de\/Hauptmenue\/wp-content\/uploads\/2023\/07\/FB_IMG_1685287909836-300x288.jpg 300w, https:\/\/wo-soll-das-hinfuehren.de\/Hauptmenue\/wp-content\/uploads\/2023\/07\/FB_IMG_1685287909836.jpg 720w\" sizes=\"auto, (max-width: 300px) 100vw, 300px\" \/><\/a><\/p>\n<p><a href=\"https:\/\/wo-soll-das-hinfuehren.de\/Hauptmenue\/wp-content\/uploads\/2023\/07\/FB_IMG_1684387300879.jpg\"><img loading=\"lazy\" decoding=\"async\" class=\"alignnone size-medium wp-image-5195\" src=\"https:\/\/wo-soll-das-hinfuehren.de\/Hauptmenue\/wp-content\/uploads\/2023\/07\/FB_IMG_1684387300879-300x300.jpg\" alt=\"\" width=\"300\" height=\"300\" srcset=\"https:\/\/wo-soll-das-hinfuehren.de\/Hauptmenue\/wp-content\/uploads\/2023\/07\/FB_IMG_1684387300879-300x300.jpg 300w, https:\/\/wo-soll-das-hinfuehren.de\/Hauptmenue\/wp-content\/uploads\/2023\/07\/FB_IMG_1684387300879-150x150.jpg 150w, https:\/\/wo-soll-das-hinfuehren.de\/Hauptmenue\/wp-content\/uploads\/2023\/07\/FB_IMG_1684387300879.jpg 480w\" sizes=\"auto, (max-width: 300px) 100vw, 300px\" \/><\/a><\/p>\n<p>&nbsp;<\/p>\n<ul>\n<li>Nachdem ich das nachfolgende Musikvideo auch in meinen Musikbeitrag integriert habe, m\u00f6chte ich diesen nach fast zwei Jahren empfehlen [\u2026].<\/li>\n<\/ul>\n<p><strong><a href=\"https:\/\/wo-soll-das-hinfuehren.de\/Hauptmenue\/?p=3955\">MUSIKBEITRAG<\/a><\/strong><\/p>\n<p>&nbsp;<\/p>\n<ul>\n<li>Da erkennt wohl noch jemand unseren Weg in die Katastrophe und stellt ebenfalls die Frage:<\/li>\n<\/ul>\n<h3 style=\"text-align: center;\"><span style=\"color: #0000ff;\"><a style=\"color: #0000ff;\" href=\"https:\/\/youtu.be\/XCnY-1mDuBA\">WO SOLL DAS HINF\u00dcHREN?<\/a><\/span><\/h3>\n<p style=\"text-align: center;\"><strong><span style=\"color: #ff0000;\">&#8222;Ich zuerst ist die Devise&#8220;<\/span><\/strong><\/p>\n<p>&nbsp;<\/p>\n<ul>\n<li>Klimakleber werden von der Stra\u00dfe gezerrt und werden eingesperrt. Es besteht der Anfangsverdacht einer kriminellen Vereinigung und es wird eine Razzia bei ihnen durchgef\u00fchrt. Fast alle Menschen regen sich \u00fcber die Klimakleber auf [\u2026].<\/li>\n<\/ul>\n<p>F\u00fcr mich ist dieses Verhalten ein weiterer Beweis, dass sich die Menschheit abschaffen will [\u2026].<\/p>\n<p><a href=\"https:\/\/youtu.be\/dUq2nwjAz5A\">\u00dcber so viel Egoismus und D\u00e4mlichkeit muss sogar ALF lachen [\u2026].<\/a><\/p>\n<p>Zur Info: Intelligente Wesen w\u00fcrden sich f\u00fcr wichtige Informationen, welche ihre Zukunft betreffen, bedanken [\u2026].<\/p>\n<p>In den zwanzig Jahren haben sich ca. 15 Personen bei mir f\u00fcr meine Bem\u00fchungen bedankt. Auch das ist die Best\u00e4tigung, dass sich fast die gesamte Menschheit lieber weiter selbst bel\u00fcgt und betr\u00fcgt [\u2026].<\/p>\n<p>&nbsp;<\/p>\n<ul>\n<li>\n<h3><span style=\"color: #ff0000;\"><strong>Filmtipp:<\/strong> <strong><a style=\"color: #ff0000;\" href=\"https:\/\/www.ardmediathek.de\/video\/dokus-im-ersten\/ard-dokumentarfilm-wer-wir-waren\/das-erste\/Y3JpZDovL2Rhc2Vyc3RlLmRlL3JlcG9ydGFnZSBfIGRva3VtZW50YXRpb24gaW0gZXJzdGVuLzIwMjMtMDUtMDNfMjMtNTUtTUVTWg?xtor=CS1-231\">Wer wir waren<\/a><\/strong><\/span><\/h3>\n<\/li>\n<\/ul>\n<h3><span style=\"color: #ff0000;\"><strong><a style=\"color: #ff0000;\" href=\"https:\/\/wo-soll-das-hinfuehren.de\/Hauptmenue\/wp-content\/uploads\/2023\/05\/ScreenRecorderProject180.mp4\">Ausschnitt<\/a><\/strong><\/span><\/h3>\n<p>&nbsp;<\/p>\n<ul>\n<li>\n<h3><span style=\"color: #ff0000;\">Wo soll das hinfuehren???<\/span><\/h3>\n<\/li>\n<\/ul>\n<p><a href=\"https:\/\/www.ardalpha.de\/wissen\/umwelt\/nachhaltigkeit\/earth-overshoot-day-welterschoepfungstag-klima-oekologischer-fussabdruck-100.html\"><span style=\"color: #ff0000;\"><strong>Earth Overshoot Day 2023 &#8211; Ab dem 4. Mai schulden wir Menschen der Erde was!<\/strong> <\/span><\/a><\/p>\n<p>&nbsp;<\/p>\n<ul>\n<li>\n<h3><span style=\"color: #0000ff;\"><strong>Erneuter Filmtipp: <a style=\"color: #0000ff;\" href=\"https:\/\/youtu.be\/sWlbnNDu6OE\">Die Erdzerst\u00f6rer<\/a><\/strong><\/span><\/h3>\n<\/li>\n<\/ul>\n<p>Aufgrund von ein paar Diskussionen auf Facebook m\u00f6chte ich diesen Film erneut empfehlen. Offensichtlich lebt fast die gesamte Menschheit in ihrer kleinen geistigen Welt und ist nicht in der Lage die Realit\u00e4t und die Wahrheit geistig zu erfassen. Fast jeder\/jede bastelt sich seine\/ihre eigene Wahrheit durch einen sehr begrenzten Wissensstand. Wenn ich ab und zu die ganze Wahrheit auf Facebook pr\u00e4sentiere, gibt es in der Regel keinen Like. Selbst von den Menschen nicht, welche sich sehr intensiv mit der ganzen Problematik besch\u00e4ftigen und die Realit\u00e4t schon halbwegs erkannt haben. Nach dem Motto: &#8222;Der Gro\u00dfteil von dem was wir seit Jahrzehnten machen, ist schon in Ordnung.&#8220; Anders gesagt: &#8222;fast niemand m\u00f6chte auf irgendetwas verzichten.&#8220; Folglich m\u00fcssen wir auf eine Zukunft verzichten [\u2026]. So einfach ist das [\u2026].<\/p>\n<p style=\"text-align: center;\"><span style=\"color: #008000;\">Die ganze Welt redet oder schreibt mittlerweile \u00fcber Nachhaltigkeit [\u2026]. <\/span><\/p>\n<p style=\"text-align: center;\"><span style=\"color: #0000ff;\">M\u00f6glichst nachhaltig leben will jedoch fast niemand [\u2026].<\/span><\/p>\n<p style=\"text-align: center;\"><a href=\"https:\/\/youtu.be\/dUq2nwjAz5A\">\u00dcber so viel Egoismus und D\u00e4mlichkeit muss sogar ALF lachen [\u2026].<\/a><\/p>\n<p style=\"text-align: center;\"><a href=\"https:\/\/www.spiegel.de\/panorama\/klimawandel-wie-wir-uns-mit-begriffen-wie-umweltfreundlich-selbst-beluegen-a-74c4630e-de62-4040-a76e-ba59bbc7aded\"><span style=\"color: #ff0000;\">Klimakatastrophe: Wie wir uns mit Begriffen wie &#8222;umweltfreundlich&#8220; selbst bel\u00fcgen<\/span><\/a><\/p>\n<p>Da diese Webseite seit August letzten Jahres auch unter der Webadresse<\/p>\n<p><a href=\"https:\/\/wo-soll-das-hinfuehren.de\/Hauptmenue\/?p=39\">&#8222;Die Seite der Wahrheit&#8220; <\/a><\/p>\n<p>zu erreichen ist, pr\u00e4sentiere ich hier auch die ganze Wahrheit.<\/p>\n<blockquote><p><strong>&gt; Die Wahrheit ist die Wahrheit &lt;<\/strong><\/p><\/blockquote>\n<p>Nur das Passende zur eigenen Meinung annehmen, bringt gar nichts.<\/p>\n<p>Fast alle Klima- und Umweltaktivisten glauben offensichtlich, dass wir mit modernerer Technik so \u00e4hnlich weiter machen k\u00f6nnen wie bisher.<\/p>\n<p>Das ist Unsinn: <a href=\"https:\/\/wo-soll-das-hinfuehren.de\/Hauptmenue\/wp-content\/uploads\/2022\/06\/ScreenRecorderProject170.mp4\">Wachstum<\/a><\/p>\n<p><a href=\"https:\/\/wo-soll-das-hinfuehren.de\/Hauptmenue\/wp-content\/uploads\/2022\/06\/ScreenRecorderProject174.mp4\">So geht`s nicht weiter<\/a><\/p>\n<blockquote><p><strong>Die Wahrheit l\u00e4sst sich leicht verdr\u00e4ngen, aber sie holt uns ein [\u2026].<\/strong><\/p><\/blockquote>\n<p>Dieses Interview aus dem Jahr 2019 von Professor Schellnhuber hat mir k\u00fcrzlich ein Facebook-Freund empfohlen:<\/p>\n<h3><span style=\"color: #0000ff;\"><strong><a style=\"color: #0000ff;\" href=\"https:\/\/www.zdf.de\/dokumentation\/terra-x\/interview-hans-joachim-schellnhuber-klimawandel-100.html\">&#8222;Wir t\u00f6ten unsere besten Freunde&#8220; <\/a><\/strong><\/span><\/h3>\n<p>&nbsp;<\/p>\n<p><a href=\"https:\/\/wo-soll-das-hinfuehren.de\/Hauptmenue\/wp-content\/uploads\/2022\/12\/FB_IMG_1668277772495.jpg\"><img loading=\"lazy\" decoding=\"async\" class=\"alignnone size-medium wp-image-4770\" src=\"https:\/\/wo-soll-das-hinfuehren.de\/Hauptmenue\/wp-content\/uploads\/2022\/12\/FB_IMG_1668277772495-183x300.jpg\" alt=\"\" width=\"183\" height=\"300\" srcset=\"https:\/\/wo-soll-das-hinfuehren.de\/Hauptmenue\/wp-content\/uploads\/2022\/12\/FB_IMG_1668277772495-183x300.jpg 183w, https:\/\/wo-soll-das-hinfuehren.de\/Hauptmenue\/wp-content\/uploads\/2022\/12\/FB_IMG_1668277772495-624x1024.jpg 624w, https:\/\/wo-soll-das-hinfuehren.de\/Hauptmenue\/wp-content\/uploads\/2022\/12\/FB_IMG_1668277772495.jpg 720w\" sizes=\"auto, (max-width: 183px) 100vw, 183px\" \/><\/a><\/p>\n<p>&nbsp;<\/p>\n<ul>\n<li>\n<h2><span style=\"color: #008080;\"><strong><a style=\"color: #008080;\" href=\"https:\/\/youtu.be\/CWw-xcDzMDI\"><span style=\"color: #008000;\">Der Mut zur Wahrheit<\/span><\/a><\/strong><\/span><\/h2>\n<\/li>\n<\/ul>\n<p>&nbsp;<\/p>\n<ul>\n<li><span style=\"color: #0000ff;\"><a style=\"color: #0000ff;\" href=\"https:\/\/youtu.be\/J4eRzKb8BxE\"><strong>Wie Kanzler Nehammer die Klimakrise leugnet<\/strong><\/a><\/span><\/li>\n<\/ul>\n<p>&nbsp;<\/p>\n<p><a href=\"https:\/\/wo-soll-das-hinfuehren.de\/Hauptmenue\/wp-content\/uploads\/2023\/04\/FB_IMG_1681744818594.jpg\"><img loading=\"lazy\" decoding=\"async\" class=\"alignnone size-medium wp-image-5083\" src=\"https:\/\/wo-soll-das-hinfuehren.de\/Hauptmenue\/wp-content\/uploads\/2023\/04\/FB_IMG_1681744818594-296x300.jpg\" alt=\"\" width=\"296\" height=\"300\" srcset=\"https:\/\/wo-soll-das-hinfuehren.de\/Hauptmenue\/wp-content\/uploads\/2023\/04\/FB_IMG_1681744818594-296x300.jpg 296w, https:\/\/wo-soll-das-hinfuehren.de\/Hauptmenue\/wp-content\/uploads\/2023\/04\/FB_IMG_1681744818594.jpg 410w\" sizes=\"auto, (max-width: 296px) 100vw, 296px\" \/><\/a><\/p>\n<p>&nbsp;<\/p>\n<p><a href=\"https:\/\/wo-soll-das-hinfuehren.de\/Hauptmenue\/wp-content\/uploads\/2023\/04\/FB_IMG_1681744938091.jpg\"><img loading=\"lazy\" decoding=\"async\" class=\"alignnone size-medium wp-image-5082\" src=\"https:\/\/wo-soll-das-hinfuehren.de\/Hauptmenue\/wp-content\/uploads\/2023\/04\/FB_IMG_1681744938091-300x295.jpg\" alt=\"\" width=\"300\" height=\"295\" srcset=\"https:\/\/wo-soll-das-hinfuehren.de\/Hauptmenue\/wp-content\/uploads\/2023\/04\/FB_IMG_1681744938091-300x295.jpg 300w, https:\/\/wo-soll-das-hinfuehren.de\/Hauptmenue\/wp-content\/uploads\/2023\/04\/FB_IMG_1681744938091.jpg 720w\" sizes=\"auto, (max-width: 300px) 100vw, 300px\" \/><\/a><\/p>\n<p>&nbsp;<\/p>\n<ul>\n<li><strong><a href=\"https:\/\/www.blaetter.de\/ausgabe\/2023\/april\/wir-koennen-nur-noch-beten-frankreich-nach-der-winterduerre?utm_source=pocket-newtab-global-de-DE\"><span style=\"color: #0000ff;\">\u00bbWir k\u00f6nnen nur noch beten\u00ab: Frankreich nach der Winterd\u00fcrre<\/span><\/a><\/strong><\/li>\n<\/ul>\n<p>&nbsp;<\/p>\n<ul>\n<li><a href=\"https:\/\/m.youtube.com\/watch?v=LCzHbuwj0kE&amp;feature=share\">Forscher aus Kanada<\/a><\/li>\n<\/ul>\n<p>&nbsp;<\/p>\n<p><a href=\"https:\/\/wo-soll-das-hinfuehren.de\/Hauptmenue\/wp-content\/uploads\/2023\/04\/FB_IMG_1679939937828.jpg\"><img loading=\"lazy\" decoding=\"async\" class=\"alignnone size-medium wp-image-5064\" src=\"https:\/\/wo-soll-das-hinfuehren.de\/Hauptmenue\/wp-content\/uploads\/2023\/04\/FB_IMG_1679939937828-300x300.jpg\" alt=\"\" width=\"300\" height=\"300\" srcset=\"https:\/\/wo-soll-das-hinfuehren.de\/Hauptmenue\/wp-content\/uploads\/2023\/04\/FB_IMG_1679939937828-300x300.jpg 300w, https:\/\/wo-soll-das-hinfuehren.de\/Hauptmenue\/wp-content\/uploads\/2023\/04\/FB_IMG_1679939937828-150x150.jpg 150w, https:\/\/wo-soll-das-hinfuehren.de\/Hauptmenue\/wp-content\/uploads\/2023\/04\/FB_IMG_1679939937828.jpg 720w\" sizes=\"auto, (max-width: 300px) 100vw, 300px\" \/><\/a><\/p>\n<p>&nbsp;<\/p>\n<p>&nbsp;<\/p>\n<ul>\n<li><a href=\"https:\/\/freitaginderarena.podigee.io\/49-reinhard-steurer\">Professor Reinhard Steurer: \u00dcber Schein-Klimaschutz in Politik und Wirtschaft <\/a><\/li>\n<\/ul>\n<p><a href=\"https:\/\/wo-soll-das-hinfuehren.de\/Hauptmenue\/wp-content\/uploads\/2018\/03\/facebook_1681480214043_7052639187683236384.jpg\"><img loading=\"lazy\" decoding=\"async\" class=\"alignnone size-medium wp-image-5059\" src=\"https:\/\/wo-soll-das-hinfuehren.de\/Hauptmenue\/wp-content\/uploads\/2018\/03\/facebook_1681480214043_7052639187683236384-246x300.jpg\" alt=\"\" width=\"246\" height=\"300\" srcset=\"https:\/\/wo-soll-das-hinfuehren.de\/Hauptmenue\/wp-content\/uploads\/2018\/03\/facebook_1681480214043_7052639187683236384-246x300.jpg 246w, https:\/\/wo-soll-das-hinfuehren.de\/Hauptmenue\/wp-content\/uploads\/2018\/03\/facebook_1681480214043_7052639187683236384.jpg 720w\" sizes=\"auto, (max-width: 246px) 100vw, 246px\" \/><\/a><\/p>\n<p><a href=\"https:\/\/wo-soll-das-hinfuehren.de\/Hauptmenue\/wp-content\/uploads\/2023\/04\/Kommentar-zum-Podcast-von-Professor-Steurer.jpg\">Mein Kommentar zu Professor Steurers Podcast<\/a><\/p>\n<p><a href=\"https:\/\/wo-soll-das-hinfuehren.de\/Hauptmenue\/wp-content\/uploads\/2023\/04\/Kommentar-Podcast-Prof.-Steurer-Bestaetigung.jpg\">Best\u00e4tigung<\/a><\/p>\n<p>Wirklich \u00fcber den\u00a0<a href=\"https:\/\/wo-soll-das-hinfuehren.de\/Hauptmenue\/wp-content\/uploads\/2023\/04\/Tellerrand-Jpeg.jpg\">Tellerrand<\/a> schauen, k\u00f6nnen offensichtlich nur eine Handvoll Menschen. Meiner Einsch\u00e4tzung nach muss man dazu an den <a href=\"https:\/\/wo-soll-das-hinfuehren.de\/Hauptmenue\/wp-content\/uploads\/2023\/04\/FB_IMG_1681028288833.jpg\">&#8222;Richtigen Gott&#8220;<\/a> glauben. Und nicht an den Wirtschafts- und Wachstumsgott. Der Wirtschafts- und Wachstumsgott bringt Arbeit und Einkommen. Nach ein paar Jahrzehnten jedoch den Tod. Hierzu wieder mal die mehrfach verlinkten Ausschnitte aus Professor Leschs Video &#8222;Die Menschheit schafft sich ab&#8220;:<\/p>\n<p><a href=\"https:\/\/wo-soll-das-hinfuehren.de\/Hauptmenue\/wp-content\/uploads\/2022\/06\/ScreenRecorderProject170.mp4\">Wachstum<\/a><\/p>\n<p><a href=\"https:\/\/wo-soll-das-hinfuehren.de\/Hauptmenue\/wp-content\/uploads\/2022\/06\/ScreenRecorderProject174.mp4\">So geht`s nicht weiter<\/a><\/p>\n<p>Unser westlicher Lebensstil hat nichts mit einer nachhaltigen Lebensweise im Einklang mit der Natur zu tun. Er basiert auf Konsum und Verschwendung. Dieses Video schaute ich mir am 15.04.2023 mit meinem 7 Jahre alten Enkelsohn an:<\/p>\n<p><a href=\"https:\/\/youtu.be\/pLXJTUAygQ0\">Konsumwahn\/Konsumgesellschaft und Umweltschutz? Warum unser Konsum der Umwelt schadet-Doku- Schlaumal<\/a><\/p>\n<p>&nbsp;<\/p>\n<ul>\n<li>Empfehlenswerte Webseite: <a href=\"https:\/\/www.klimapoetin.de\">Klimapoetin.de<\/a><\/li>\n<\/ul>\n<p><a href=\"https:\/\/www.klimapoetin.de\/ueber-mich.html\">Sch\u00f6ne Beschreibung<\/a><\/p>\n<p><a href=\"https:\/\/wo-soll-das-hinfuehren.de\/Hauptmenue\/wp-content\/uploads\/2023\/04\/Screenshot_20230411-063346_Google.jpg\"><img loading=\"lazy\" decoding=\"async\" class=\"alignnone size-medium wp-image-5053\" src=\"https:\/\/wo-soll-das-hinfuehren.de\/Hauptmenue\/wp-content\/uploads\/2023\/04\/Screenshot_20230411-063346_Google-146x300.jpg\" alt=\"\" width=\"146\" height=\"300\" srcset=\"https:\/\/wo-soll-das-hinfuehren.de\/Hauptmenue\/wp-content\/uploads\/2023\/04\/Screenshot_20230411-063346_Google-146x300.jpg 146w, https:\/\/wo-soll-das-hinfuehren.de\/Hauptmenue\/wp-content\/uploads\/2023\/04\/Screenshot_20230411-063346_Google-498x1024.jpg 498w, https:\/\/wo-soll-das-hinfuehren.de\/Hauptmenue\/wp-content\/uploads\/2023\/04\/Screenshot_20230411-063346_Google.jpg 720w\" sizes=\"auto, (max-width: 146px) 100vw, 146px\" \/><\/a><\/p>\n<p><a href=\"https:\/\/www.klimapoetin.de\/media\/files\/die-letzte-generation-07.mp4\">Die letzte Generation<\/a><\/p>\n<p>&nbsp;<\/p>\n<ul>\n<li><span style=\"color: #0000ff;\">Simone Weil habe ich in meinen Beitrag\u00a0\u00a0<a style=\"color: #0000ff;\" href=\"https:\/\/wo-soll-das-hinfuehren.de\/Hauptmenue\/?p=27\">THEMA NR. 1 : WIRTSCHAFTSWACHSTUM \/ KLIMAKATASTROPHE<\/a> aufgenommen.<\/span><\/li>\n<\/ul>\n<p><span style=\"color: #0000ff;\">(Ist schon beeindruckend, wie beharrlich die Menschheit Richtung Abgrund marschiert und sich durch nichts und niemandem aufhalten l\u00e4sst.)<\/span><\/p>\n<p><span style=\"color: #0000ff;\"><a style=\"color: #0000ff;\" href=\"https:\/\/zeitung.faz.net\/faz\/feuilleton\/2022-08-17\/8f6c122bffe2ecf394c0410994a09696\/?GEPC=s9\">Wo bitte geht es zum Abgrund?<\/a><\/span><\/p>\n<p><span style=\"color: #0000ff;\"><a style=\"color: #0000ff;\" href=\"https:\/\/wo-soll-das-hinfuehren.de\/Hauptmenue\/wp-content\/uploads\/2018\/03\/GRENZEN-DER-INTELLIGENZ.jpg\">Auf diese Erkl\u00e4rung stie\u00df ich vor ca. 20 Jahren<\/a><\/span><\/p>\n<p><span style=\"color: #0000ff;\"><a style=\"color: #0000ff;\" href=\"https:\/\/wo-soll-das-hinfuehren.de\/Hauptmenue\/wp-content\/uploads\/2023\/04\/M-G-S.1.jpg\">Meine Geschichte zum Jahreswechsel 2021-2022 Teil 1<\/a><\/span><\/p>\n<p><span style=\"color: #0000ff;\"><a style=\"color: #0000ff;\" href=\"https:\/\/wo-soll-das-hinfuehren.de\/Hauptmenue\/wp-content\/uploads\/2023\/04\/M-G-S.2.jpg\">Meine Geschichte zum Jahreswechsel 2021-2022 Teil 2<\/a><\/span><\/p>\n<p><span style=\"color: #0000ff;\"><a style=\"color: #0000ff;\" href=\"https:\/\/wo-soll-das-hinfuehren.de\/Hauptmenue\/wp-content\/uploads\/2022\/01\/Meine-Geschichte-zum-Jahreswechsel-neu.pdf\">Meine Geschichte zum Jahreswechsel 2021-2022 PDF<\/a><\/span><\/p>\n<p>&nbsp;<\/p>\n<ul>\n<li><strong><a href=\"https:\/\/wo-soll-das-hinfuehren.de\/Hauptmenue\/wp-content\/uploads\/2023\/04\/FB_IMG_1679854528520.jpg\">Werner Kohn<\/a><\/strong><\/li>\n<\/ul>\n<p>&nbsp;<\/p>\n<p><a href=\"https:\/\/wo-soll-das-hinfuehren.de\/Hauptmenue\/wp-content\/uploads\/2023\/04\/FB_IMG_1681188836909.jpg\"><img loading=\"lazy\" decoding=\"async\" class=\"alignnone size-medium wp-image-5022\" src=\"https:\/\/wo-soll-das-hinfuehren.de\/Hauptmenue\/wp-content\/uploads\/2023\/04\/FB_IMG_1681188836909-300x267.jpg\" alt=\"\" width=\"300\" height=\"267\" srcset=\"https:\/\/wo-soll-das-hinfuehren.de\/Hauptmenue\/wp-content\/uploads\/2023\/04\/FB_IMG_1681188836909-300x267.jpg 300w, https:\/\/wo-soll-das-hinfuehren.de\/Hauptmenue\/wp-content\/uploads\/2023\/04\/FB_IMG_1681188836909.jpg 525w\" sizes=\"auto, (max-width: 300px) 100vw, 300px\" \/><\/a><\/p>\n<p>&nbsp;<\/p>\n<p><a href=\"https:\/\/wo-soll-das-hinfuehren.de\/Hauptmenue\/wp-content\/uploads\/2023\/04\/FB_IMG_1681196526436.jpg\"><img loading=\"lazy\" decoding=\"async\" class=\"alignnone size-medium wp-image-5021\" src=\"https:\/\/wo-soll-das-hinfuehren.de\/Hauptmenue\/wp-content\/uploads\/2023\/04\/FB_IMG_1681196526436-300x293.jpg\" alt=\"\" width=\"300\" height=\"293\" srcset=\"https:\/\/wo-soll-das-hinfuehren.de\/Hauptmenue\/wp-content\/uploads\/2023\/04\/FB_IMG_1681196526436-300x293.jpg 300w, https:\/\/wo-soll-das-hinfuehren.de\/Hauptmenue\/wp-content\/uploads\/2023\/04\/FB_IMG_1681196526436.jpg 720w\" sizes=\"auto, (max-width: 300px) 100vw, 300px\" \/><\/a><\/p>\n<p>&nbsp;<\/p>\n<ul>\n<li><a href=\"https:\/\/taz.de\/Neuer-Bericht-des-Weltklimarats-IPCC\/!5920070\/\">Neuer Bericht des Weltklimarats IPCC: 1,5-Grad-Grenze wohl bald erreicht <\/a><\/li>\n<\/ul>\n<p>&nbsp;<\/p>\n<ul>\n<li><a href=\"https:\/\/www.zeit.de\/wissen\/2023-03\/ipcc-bericht-klimakrise-erderwaermung-klimapolitik\">IPCC-Bericht &#8222;Der Weltklimarat ist ein bisschen wie die katholische Kirche&#8220;<\/a><\/li>\n<\/ul>\n<p>&nbsp;<\/p>\n<ul>\n<li>\n<h3>Neuer Beitrag: <span style=\"color: #0000ff;\"><strong><a style=\"color: #0000ff;\" href=\"https:\/\/wo-soll-das-hinfuehren.de\/Hauptmenue\/?p=4923\">DOPPELMORAL<\/a><\/strong><\/span><\/h3>\n<\/li>\n<\/ul>\n<p>&nbsp;<\/p>\n<ul>\n<li>Bevor ich in den n\u00e4chsten Tagen das gro\u00dfe Thema &#8222;Doppelmoral&#8220; in einem neuen Beitrag aufgreife, hier noch etwas Galgenhumor [\u2026].<\/li>\n<\/ul>\n<p><a href=\"https:\/\/youtu.be\/KSAsACl1vg0\">Wir sinken nicht, alles nur Panikmache (Erik der Wikinger &#8211; Monty Python &#8211; 1989)<\/a><\/p>\n<p>Bitte das Video anschauen: <a href=\"https:\/\/youtu.be\/4K0qmB30Duc\">Video M\u00f6nch L\u00fctzerath<\/a><\/p>\n<p><a href=\"https:\/\/www.tagesspiegel.de\/meinung\/ein-phantom-das-bleiben-wird-was-trieb-den-monch-von-lutzerath-9191799.html?utm_source=pocket-newtab-global-de-DE\">Ein Phantom, das bleiben wird: Was trieb den M\u00f6nch von L\u00fctzerath?<\/a><\/p>\n<p>&nbsp;<\/p>\n<ul>\n<li>Professor Flohn habe ich in der Aufz\u00e4hlung weiter unten vergessen.<\/li>\n<\/ul>\n<p><a href=\"https:\/\/youtu.be\/R7qwsiKCvwY\">Erste Weltklimakonferenz 1979<\/a><\/p>\n<p>&nbsp;<\/p>\n<ul>\n<li>Nachdem ich die Webseite <a href=\"https:\/\/www.klimanotstand.com\">Klimanotstand.com<\/a> in meiner Webseite integriert habe, kommt auch das Video von &#8222;Wolli&#8220; von 2022 hinzu.<\/li>\n<\/ul>\n<p><a href=\"https:\/\/youtu.be\/SXNtv-FSKEc\">Wolli ist Ingenieur des technischen Umweltschutz<\/a><\/p>\n<p>&nbsp;<\/p>\n<ul>\n<li>Hier das beste Beispiel, dass es kaum noch Menschen gibt, welche klar und etwas weiter denken k\u00f6nnen [\u2026].<\/li>\n<\/ul>\n<p><a href=\"https:\/\/www.umweltbundesamt.de\/themen\/klimaneutral-leben-im-alltag\">Umweltbundesamt &#8211; Klimaneutral leben im Alltag<\/a><\/p>\n<p><a href=\"https:\/\/www.spiegel.de\/politik\/deutschland\/olaf-scholz-bundeskanzler-gegen-staatliche-einschraenkungen-bei-autofahren-und-fleischkonsum-a-d9b2edd0-a05d-456e-9478-74bd390b1ecd\">Scholz stellt sich gegen Einschr\u00e4nkungen bei Autofahren und Fleischkonsum<\/a><\/p>\n<p>&nbsp;<\/p>\n<ul>\n<li>Nun komme ich zur traurigen Realit\u00e4t und Wahrheit, die ja bekanntlich fast niemand h\u00f6ren oder lesen will [\u2026].<\/li>\n<\/ul>\n<p><a href=\"https:\/\/youtu.be\/A2ElvIwMHrw\">Siehe Arte-Doku &#8222;Klimawandel und Vogel Strau\u00df Taktik&#8220;<\/a><\/p>\n<p>Abgesehen von Professor Lesch, Professor Austmann, Professor Ditfurth, Professor Paech, Professor Schellnhuber, Professor Rahmstorf, Professor Latif, Professor Quaschning\u00a0 und meiner Wenigkeit, habe ich in den letzten 19 Jahren lediglich von vier Herren den Eindruck, dass sie die Zusammenh\u00e4nge geistig erfassen. (Wolli &#8211; den ich weiter oben genannt habe &#8211;\u00a0 ist die f\u00fcnfte Person.)<\/p>\n<p>&#8211; <a href=\"https:\/\/wo-soll-das-hinfuehren.de\/Hauptmenue\/wp-content\/uploads\/2018\/02\/Kommentar-Telepolis.jpg\">Kommentar zu dem Telepolis-Artikel: Von wegen Immaterialisierung: Das Lebendige wird erdr\u00fcckt durch von Menschen geschaffene tote Objekte <\/a><\/p>\n<p>&#8211; <a href=\"https:\/\/wo-soll-das-hinfuehren.de\/Hauptmenue\/wp-content\/uploads\/2022\/06\/Kommentar-1.jpg\">Ein Kommentar von einem Herrn im Mai 2022<\/a><\/p>\n<p>&#8211; <a href=\"https:\/\/wo-soll-das-hinfuehren.de\/Hauptmenue\/wp-content\/uploads\/2023\/02\/20220929_215827.jpg\">Ein Kommentar vom Herbst 2022<\/a><\/p>\n<p>&#8211; <a href=\"https:\/\/www.klimanotstand.com\">Klimanotstand.com<\/a><\/p>\n<p>&nbsp;<\/p>\n<ul>\n<li>Da ich im Internet so einiges mitverfolge und gelegentlich kommentiere, erhalte ich ein Feedback \u00fcber die Ansichten vieler Menschen. Unser Grundproblem, also unser katastrophaler \u00f6kologischer Fu\u00dfabdruck und CO2-Fu\u00dfabdruck, ist fast nirgendwo Thema. Nach dem Motto: <strong><a href=\"https:\/\/wo-soll-das-hinfuehren.de\/Hauptmenue\/wp-content\/uploads\/2022\/01\/ScreenRecorderProject158_cut_001.mp4\">&#8222;\u00dcber den Elefanten will niemand sprechen.&#8220;<\/a><\/strong><\/li>\n<\/ul>\n<p>Meine Sichtweise ist deshalb weiterhin:<\/p>\n<p>Solange sich fast die gesamte Menschheit lieber weiter selbst bel\u00fcgt und in der Regel nur \u00fcber Halbwahrheiten redet oder schreibt, wird sie sich abschaffen. Wenn kleine Kinder in der Arte Doku &#8222;Klimawandel und Vogel Strau\u00df Taktik&#8220; die Auswirkungen, die Zusammenh\u00e4nge und die Ursachen der Klima- und Umweltkatastrophe geistig auf die Reihe kriegen, kann es nicht sein, dass 99 Prozent der Erwachsenen dies geistig nicht auf die Reihe kriegen. Es ist aus meiner Sicht der menschliche Egoismus und die Verlogenheit vieler Menschen. Ehrliche Menschen, welche ggf. in Notsituationen nicht die Wahrheit sagen um z.B. andere Menschen nicht zu verletzen, gibt es nur wenige. Vor allem, wenn es um die eigenen Interessen geht. Das ist meine Lebenserfahrung in den letzten Jahrzehnten. Fast alle Menschen kennen <strong>n u r <\/strong>nehmen, genie\u00dfen und Tr\u00e4ume erf\u00fcllen. Wer will sich z.B. f\u00fcr sein sch\u00f6nes Eigenheim sch\u00e4men? <span style=\"color: #0000ff;\"><strong><a style=\"color: #0000ff;\" href=\"https:\/\/www.n-tv.de\/wirtschaft\/Bauen-schadet-Klima-wie-Autos-und-Fleisch-article21280049.html?utm_source=pocket-newtab\">&#8222;Bauen schadet Klima &#8222;wie Autos und Fleisch&#8220;<\/a><\/strong><\/span><\/p>\n<p>Textauszug aus dem Artikel: &#8222;Niemand sollte stolz darauf sein, gebaut zu haben &#8211; wegen des Klimas kann man sich daf\u00fcr ebenso sch\u00e4men wie f\u00fcr Autofahren und Fleischessen&#8220;<\/p>\n<p>Trotz minimalistischer Lebensweise in einer 29 m2 Wohnung, vieler Verzichte u. a. auf ein Auto und Reisen, ben\u00f6tige ich noch 1,5 Planeten und produziere ca. 6,5 Tonnen CO2 im Jahr. <strong><a href=\"https:\/\/wo-soll-das-hinfuehren.de\/Hauptmenue\/wp-content\/uploads\/2018\/02\/Mein-CO2-Fussabdruck.jpg\">&#8222;Mein \u00f6kologischer Fu\u00dfabdruck und CO2-Fu\u00dfabdruck&#8220;<\/a><\/strong><\/p>\n<p>Deshalb zerst\u00f6re auch ich meine Lebensgrundlage trotz gro\u00dfer Anstrengungen dies nicht zu tun. Jedoch bin ich ehrlich und entschuldige mich in meinem Beitrag &#8222;Die Menschheit schafft sich ab&#8220; daf\u00fcr. So wie Professor Lesch und Astronaut Alexander Gerst es in ihren Videos oder Vortr\u00e4gen machten. (Zur Info: Wir ben\u00f6tigen schon fast einen Planeten, nur f\u00fcr unsere tolle Infrastruktur.)<\/p>\n<p>&nbsp;<\/p>\n<ul>\n<li>Bevor ich zur traurigen Realit\u00e4t und Wahrheit komme m\u00f6chte ich in meinen News 2023 an diese drei Artikel und Warnungen erinnern:<\/li>\n<\/ul>\n<p><a href=\"https:\/\/www.zeit.de\/green\/2022-12\/cop-15-weltnaturgipfel-antonio-guterres\"><strong><span style=\"color: #0000ff;\">UN-Chef Guterres warnt vor &#8222;Krieg gegen die Natur&#8220;<\/span><\/strong><\/a><\/p>\n<p><strong><a href=\"https:\/\/www.deutschlandfunk.de\/hoimar-von-ditfurth-vor-100-jahren-geboren-er-warnte-100.html\"><span style=\"color: #0000ff;\">Hoimar von Ditfurth: vor 100 Jahren geboren Er warnte bereits 1978 vor dem menschengemachten Klimawandel<\/span><\/a><\/strong><\/p>\n<p><strong><a href=\"https:\/\/www.heise.de\/tp\/features\/Von-wegen-Immaterialisierung-Das-Lebendige-wird-erdrueckt-durch-von-Menschen-geschaffene-tote-4986392.html\"><span style=\"color: #0000ff;\">Von wegen Immaterialisierung: Das Lebendige wird erdr\u00fcckt durch von Menschen geschaffene tote Objekte<\/span> <\/a><\/strong><\/p>\n<p>&nbsp;<\/p>\n<ul>\n<li>Hier nochmal eine Erinnerung vom 28.07.2021, da ja manche Leute meinen ich pr\u00e4sentiere lediglich meine Meinung:<\/li>\n<\/ul>\n<p><strong><a href=\"https:\/\/www.klimareporter.de\/erdsystem\/tausende-forschende-warnen-erneut-vor-unermesslichem-leid-durch-die-klimakrise\"><span style=\"color: #ff0000;\">Klimanotstand erneut ausgerufen 28. Juli 2021 &#8211; Tausende Forschende warnen erneut vor &#8222;unermesslichem Leid&#8220; durch die Klimakrise<\/span> <\/a><\/strong><\/p>\n<p>&nbsp;<\/p>\n<ul>\n<li>Nachdem einige schlaue Menschen schon seit \u00fcber 40 Jahren vergeblich warnen m\u00f6chte ich das neue Jahr mit diesem Ausschnitt aus Professor Leschs Vortrag &#8222;Warum tun wir nicht, was wir tun sollen&#8220; an der TU-M\u00fcnchen 2018 beginnen: <strong><a href=\"https:\/\/wo-soll-das-hinfuehren.de\/Hauptmenue\/wp-content\/uploads\/2022\/02\/ScreenRecorderProject162.mp4\">&#8222;Eigentlich ist das Thema durch.&#8220;<\/a><\/strong><\/li>\n<\/ul>\n<p><strong><a href=\"https:\/\/youtu.be\/MTbhCndKbTM\">Link zum ganzen Vortrag<\/a><\/strong><\/p>\n<div align=\"center\">\n<p>&nbsp;<\/p>\n<p style=\"text-align: center;\"><strong><a id=\"ebsr5556uh\" href=\"https:\/\/www.besucherzaehler-kostenlos.de\">besucherzaehler-kostenlos.de<\/a><script language=\"JavaScript\" src=\"https:\/\/www.besucherzaehler-kostenlos.de\/js\/counter.js.php?count=1&#038;id=Z5uw93MPVv&#038;start=7863&#038;design=2d\"><\/script><\/strong><\/p>\n<\/div>\n","protected":false},"excerpt":{"rendered":"<p>Die neuesten Informationen stehen oben in dem Beitrag, nach dieser Einleitung. &nbsp; &nbsp; &nbsp; &nbsp; &nbsp; &nbsp; &nbsp; Neuen Besuchern empfehle ich, sich meine Einleitung von den &#8222;News 2021&#8220; anzuschauen. Weitere sehr empfehlenswerte Videos sind: &#8222;Einfach. Besser. Leben.&#8220; von Professor Austmann, &#8222;Weniger ist mehr&#8220; von Professor Niko Paech und &#8222;Klimaneutral leben im Alltag&#8220; vom Umweltbundesamt. &hellip; <a href=\"https:\/\/wo-soll-das-hinfuehren.de\/Hauptmenue\/?p=4775\" class=\"more-link\"><span class=\"screen-reader-text\">News 2023<\/span> weiterlesen<\/a><\/p>\n","protected":false},"author":1,"featured_media":0,"comment_status":"closed","ping_status":"open","sticky":false,"template":"","format":"standard","meta":{"footnotes":""},"categories":[1],"tags":[],"class_list":["post-4775","post","type-post","status-publish","format-standard","hentry","category-allgemein"],"jetpack_featured_media_url":"","_links":{"self":[{"href":"https:\/\/wo-soll-das-hinfuehren.de\/Hauptmenue\/index.php?rest_route=\/wp\/v2\/posts\/4775","targetHints":{"allow":["GET"]}}],"collection":[{"href":"https:\/\/wo-soll-das-hinfuehren.de\/Hauptmenue\/index.php?rest_route=\/wp\/v2\/posts"}],"about":[{"href":"https:\/\/wo-soll-das-hinfuehren.de\/Hauptmenue\/index.php?rest_route=\/wp\/v2\/types\/post"}],"author":[{"embeddable":true,"href":"https:\/\/wo-soll-das-hinfuehren.de\/Hauptmenue\/index.php?rest_route=\/wp\/v2\/users\/1"}],"replies":[{"embeddable":true,"href":"https:\/\/wo-soll-das-hinfuehren.de\/Hauptmenue\/index.php?rest_route=%2Fwp%2Fv2%2Fcomments&post=4775"}],"version-history":[{"count":456,"href":"https:\/\/wo-soll-das-hinfuehren.de\/Hauptmenue\/index.php?rest_route=\/wp\/v2\/posts\/4775\/revisions"}],"predecessor-version":[{"id":5534,"href":"https:\/\/wo-soll-das-hinfuehren.de\/Hauptmenue\/index.php?rest_route=\/wp\/v2\/posts\/4775\/revisions\/5534"}],"wp:attachment":[{"href":"https:\/\/wo-soll-das-hinfuehren.de\/Hauptmenue\/index.php?rest_route=%2Fwp%2Fv2%2Fmedia&parent=4775"}],"wp:term":[{"taxonomy":"category","embeddable":true,"href":"https:\/\/wo-soll-das-hinfuehren.de\/Hauptmenue\/index.php?rest_route=%2Fwp%2Fv2%2Fcategories&post=4775"},{"taxonomy":"post_tag","embeddable":true,"href":"https:\/\/wo-soll-das-hinfuehren.de\/Hauptmenue\/index.php?rest_route=%2Fwp%2Fv2%2Ftags&post=4775"}],"curies":[{"name":"wp","href":"https:\/\/api.w.org\/{rel}","templated":true}]}}