{"id":4923,"date":"2018-02-04T07:20:18","date_gmt":"2018-02-04T07:20:18","guid":{"rendered":"https:\/\/wo-soll-das-hinfuehren.de\/Hauptmenue\/?p=4923"},"modified":"2025-10-20T14:28:20","modified_gmt":"2025-10-20T14:28:20","slug":"doppelmoral","status":"publish","type":"post","link":"https:\/\/wo-soll-das-hinfuehren.de\/Hauptmenue\/?p=4923","title":{"rendered":"DOPPELMORAL"},"content":{"rendered":"<p>Diesen Beitrag erstellte ich am 18.02.2023.<\/p>\n<p>Aufgrund meiner Lebenserfahrung und meinen Erfahrungen beim Thema Klima- und Umwelt m\u00f6chte ich das Thema &#8222;DOPPELMORAL&#8220; aufgreifen.<\/p>\n<p>&#8222;Die Fakten sind offensichtlich, doch trotz der drohenden Katastrophe passiert wenig. Irgendetwas hindert uns daran, unser Verhalten zu \u00e4ndern&#8220;, sagt die Dame in der Arte Doku &#8222;Klimawandel und Vogel Strau\u00df Taktik.&#8220;<\/p>\n<p><a href=\"https:\/\/wo-soll-das-hinfuehren.de\/Hauptmenue\/wp-content\/uploads\/2023\/02\/ScreenRecorderProject175_cut_001.mp4\">Ausschnitt aus der Arte Doku &#8222;Klimawandel und Vogel Strau\u00df Taktik&#8220;<\/a><\/p>\n<p>Hierzu noch ein Ausschnitt aus Professor Austmanns Vortrag &#8222;Einfach. Besser. Leben.&#8220; von 2018:<\/p>\n<p><a href=\"https:\/\/wo-soll-das-hinfuehren.de\/Hauptmenue\/wp-content\/uploads\/2022\/02\/ScreenRecorderProject166.mp4\">Ausschnitt &#8222;Einfach. Besser. Leben&#8220;<\/a><\/p>\n<p>&nbsp;<\/p>\n<p>Der Ausl\u00f6ser f\u00fcr die Erstellung dieses Beitrages war der Flug dieser Klimakleber:<\/p>\n<p><a href=\"https:\/\/wo-soll-das-hinfuehren.de\/Hauptmenue\/wp-content\/uploads\/2018\/02\/20230207_131906-scaled.jpg\"><img loading=\"lazy\" decoding=\"async\" class=\"alignnone size-medium wp-image-4941\" src=\"https:\/\/wo-soll-das-hinfuehren.de\/Hauptmenue\/wp-content\/uploads\/2018\/02\/20230207_131906-300x169.jpg\" alt=\"\" width=\"300\" height=\"169\" srcset=\"https:\/\/wo-soll-das-hinfuehren.de\/Hauptmenue\/wp-content\/uploads\/2018\/02\/20230207_131906-300x169.jpg 300w, https:\/\/wo-soll-das-hinfuehren.de\/Hauptmenue\/wp-content\/uploads\/2018\/02\/20230207_131906-1024x576.jpg 1024w, https:\/\/wo-soll-das-hinfuehren.de\/Hauptmenue\/wp-content\/uploads\/2018\/02\/20230207_131906-768x432.jpg 768w, https:\/\/wo-soll-das-hinfuehren.de\/Hauptmenue\/wp-content\/uploads\/2018\/02\/20230207_131906-1536x864.jpg 1536w, https:\/\/wo-soll-das-hinfuehren.de\/Hauptmenue\/wp-content\/uploads\/2018\/02\/20230207_131906-2048x1152.jpg 2048w\" sizes=\"auto, (max-width: 300px) 100vw, 300px\" \/><\/a><\/p>\n<p><a href=\"https:\/\/wo-soll-das-hinfuehren.de\/Hauptmenue\/wp-content\/uploads\/2018\/02\/20230207_131906-1.jpg\"><img loading=\"lazy\" decoding=\"async\" class=\"alignnone size-medium wp-image-4943\" src=\"https:\/\/wo-soll-das-hinfuehren.de\/Hauptmenue\/wp-content\/uploads\/2018\/02\/20230207_131906-1-300x218.jpg\" alt=\"\" width=\"300\" height=\"218\" srcset=\"https:\/\/wo-soll-das-hinfuehren.de\/Hauptmenue\/wp-content\/uploads\/2018\/02\/20230207_131906-1-300x218.jpg 300w, https:\/\/wo-soll-das-hinfuehren.de\/Hauptmenue\/wp-content\/uploads\/2018\/02\/20230207_131906-1-768x559.jpg 768w, https:\/\/wo-soll-das-hinfuehren.de\/Hauptmenue\/wp-content\/uploads\/2018\/02\/20230207_131906-1.jpg 779w\" sizes=\"auto, (max-width: 300px) 100vw, 300px\" \/><\/a><\/p>\n<p>F\u00fcr die meisten Klima- und Umweltaktivisten war ihr Flug nach Thailand wohl kein gro\u00dfes Problem und Widerspruch. F\u00fcr mich ist es mit eines der besten Beispiele f\u00fcr die allgemein vorherrschende &#8222;DOPPELMORAL&#8220; [\u2026].<\/p>\n<p>Hier noch drei weitere Links zu dem Ereignis:<\/p>\n<p><a href=\"https:\/\/taz.de\/Bali-Debatte-um-die-Letzte-Generation\/!5909597\/\">Debatte um die &#8222;Letzte Generation&#8220;<\/a><\/p>\n<p><a href=\"https:\/\/taz.de\/Urlaub-nach-Autobahn-Blockade\/!5909531\/\">Urlaub nach Autobahnblockade<\/a><\/p>\n<p><a href=\"https:\/\/twitter.com\/AufstandLastGen\/status\/1621064338680467458\">Letzte Generation: Doppelmoral und Klimakollaps \u2013 unser Statement<\/a><\/p>\n<p>Nach dem Motto:<\/p>\n<p><a href=\"https:\/\/wo-soll-das-hinfuehren.de\/Hauptmenue\/wp-content\/uploads\/2022\/06\/20220613_083945.jpg\"><img loading=\"lazy\" decoding=\"async\" class=\"alignnone size-medium wp-image-4467\" src=\"https:\/\/wo-soll-das-hinfuehren.de\/Hauptmenue\/wp-content\/uploads\/2022\/06\/20220613_083945-300x300.jpg\" alt=\"\" width=\"300\" height=\"300\" srcset=\"https:\/\/wo-soll-das-hinfuehren.de\/Hauptmenue\/wp-content\/uploads\/2022\/06\/20220613_083945-300x300.jpg 300w, https:\/\/wo-soll-das-hinfuehren.de\/Hauptmenue\/wp-content\/uploads\/2022\/06\/20220613_083945-150x150.jpg 150w, https:\/\/wo-soll-das-hinfuehren.de\/Hauptmenue\/wp-content\/uploads\/2022\/06\/20220613_083945.jpg 712w\" sizes=\"auto, (max-width: 300px) 100vw, 300px\" \/><\/a><\/p>\n<p>&nbsp;<\/p>\n<p style=\"text-align: center;\">Tatsache ist, dass die meisten Menschen auf fast nichts verzichten wollen [\u2026].<\/p>\n<p style=\"text-align: center;\">Selbst die Menschen, welche die Bedrohung durch die Klima- und Umweltkatastrophe und deren Ursachen geistig halbwegs erfassen k\u00f6nnen [\u2026].<\/p>\n<p>Hier weitere Informationen zur DOPPELMORAL:<\/p>\n<p><a href=\"https:\/\/www.welt.de\/wissenschaft\/article238399269\/Umweltpsychologe-zu-Nachhaltigkeit-Jeder-traegt-eine-Doppelmoral-in-sich.html\">DOPPELMORAL<\/a><\/p>\n<p><a href=\"https:\/\/wo-soll-das-hinfuehren.de\/Hauptmenue\/wp-content\/uploads\/2022\/06\/Screenshot_20220518-063002_Facebook.jpg\">DOPPELMORAL &#8222;FLIEGEN&#8220;<\/a><\/p>\n<p><a href=\"https:\/\/www.google.com\/url?sa=t&amp;rct=j&amp;q=&amp;esrc=s&amp;source=web&amp;cd=&amp;cad=rja&amp;uact=8&amp;ved=2ahUKEwixi9ql26mAAxUR_7sIHZUtDgoQwqsBegQIDRAG&amp;url=https%3A%2F%2Fwww.youtube.com%2Fwatch%3Fv%3DqXAEseBheWs&amp;usg=AOvVaw0x5cKWsNRFnS_cLRiuIYev&amp;opi=89978449\"><strong><span style=\"color: #ff0000;\">UBA-Erkl\u00e4rfilm: Flugreisen und Klimawirkung<\/span><\/strong><\/a><\/p>\n<p><a href=\"https:\/\/taz.de\/Die-Raucherecke\/!5195574\/\">DOPPELMORAL\u00a0 &#8222;Rauchen&#8220;<\/a><\/p>\n<p><a href=\"https:\/\/youtu.be\/8mu80MqIj7g\">DOPPELMORAL &#8211; Der Autokult [Zeichen der Zeit 1964]<\/a><\/p>\n<p><a href=\"https:\/\/www.spiegel.de\/panorama\/klimawandel-wie-wir-uns-mit-begriffen-wie-umweltfreundlich-selbst-beluegen-a-74c4630e-de62-4040-a76e-ba59bbc7aded\">DOPPELMORAL &#8211; Klimakatastrophe: Wie wir uns mit Begriffen wie &#8222;umweltfreundlich&#8220; selbst bel\u00fcgen<\/a><\/p>\n<p>&nbsp;<\/p>\n<p style=\"text-align: center;\">Ich habe mittlerweile den Eindruck, dass fast die gesamte Menschheit aus Egoisten und Heuchlern besteht, welche <strong>nur <\/strong>\u00fcber Halbwahrheiten reden oder schreiben wollen [\u2026].<\/p>\n<p style=\"text-align: center;\">K\u00fcrzlich gesehen und geliked:<\/p>\n<p style=\"text-align: center;\"><a href=\"https:\/\/wo-soll-das-hinfuehren.de\/Hauptmenue\/wp-content\/uploads\/2023\/02\/FB_IMG_1676442063602.jpg\"><img loading=\"lazy\" decoding=\"async\" class=\"size-medium wp-image-4909 aligncenter\" src=\"https:\/\/wo-soll-das-hinfuehren.de\/Hauptmenue\/wp-content\/uploads\/2023\/02\/FB_IMG_1676442063602-300x300.jpg\" alt=\"\" width=\"300\" height=\"300\" srcset=\"https:\/\/wo-soll-das-hinfuehren.de\/Hauptmenue\/wp-content\/uploads\/2023\/02\/FB_IMG_1676442063602-300x300.jpg 300w, https:\/\/wo-soll-das-hinfuehren.de\/Hauptmenue\/wp-content\/uploads\/2023\/02\/FB_IMG_1676442063602-150x150.jpg 150w, https:\/\/wo-soll-das-hinfuehren.de\/Hauptmenue\/wp-content\/uploads\/2023\/02\/FB_IMG_1676442063602.jpg 720w\" sizes=\"auto, (max-width: 300px) 100vw, 300px\" \/><\/a><\/p>\n<p>&nbsp;<\/p>\n<p style=\"text-align: center;\">Man nennt diese Zeit auch &#8222;ENDZEIT&#8220;<\/p>\n<p>&nbsp;<\/p>\n<p style=\"text-align: center;\">Eine Textpassage aus meinen &#8222;News 2021&#8220;:<\/p>\n<p>&nbsp;<\/p>\n<p><a href=\"https:\/\/www.zeit.de\/kultur\/2019-07\/klimakatastrophe-apokalypse-weltuntergang-hysterie-erderwaermung\"><strong>Klimakatastrophe: Die Apokalypse ist leider auserz\u00e4hlt<\/strong> <\/a><\/p>\n<p><strong><a href=\"https:\/\/www.dw.com\/de\/die-klimakrise-das-ende-der-zivilisation\/a-57463706\">Die Klimakrise &#8211; das Ende der Zivilisation?<\/a><\/strong><\/p>\n<p>Da die Intelligenz der allermeisten Menschen nicht ausreicht um die Zusammenh\u00e4nge zwischen ihrer Lebensweise und den damit verbundenen Auswirkungen auf ihre Lebensgrundlage zu verstehen, f\u00fchrt unser Weg in den Abgrund immer weiter [\u2026]. Wir bekommen nicht einmal ein generelles Tempolimit auf Autobahnen hin [\u2026]. Ich dachte vor 18 Jahren, dass aufgrund der Dringlichkeit, Verbrennungsmotoren f\u00fcr Autos bis maximal 2020 produziert werden d\u00fcrfen [\u2026].<\/p>\n<p>Aus meiner Sicht schaffen wir es leider nicht uns Ma\u00df zu regeln [\u2026]. Die Natur wird das nun in letzter Instanz \u00fcbernehmen [\u2026]. Unbewusst sagte ich der Redakteurin 2019, als sie von mir Informationen \u00fcber meine Bem\u00fchungen &#8222;Die Welt zu retten&#8220; erhielt:<strong> <a href=\"https:\/\/wo-soll-das-hinfuehren.de\/Hauptmenue\/wp-content\/uploads\/2018\/03\/GNZ-08.08.2019.jpg\">&#8222;Die Natur zeigt uns die Rote Karte&#8220;<\/a><\/strong><\/p>\n<p>An dieser Stelle nochmal die Information an Besucher dieser Webseite:<\/p>\n<p>Ich bin gl\u00e4ubiger Christ, evangelisch. Ich glaube an Gott und die Sch\u00f6pfung. Ich erstellte vor 22 Jahren diese Webseite, weil es mein Gewissen von mir verlangte. Ebenso verlangt etwas &#8222;H\u00f6heres&#8220; und mein Gewissen von mir, mit dieser Webseite weiter zu machen [\u2026]. Ich brauche meinen kleinen Enkels\u00f6hnen in ein paar Jahren nicht zu erz\u00e4hlen, dass mir ihre Zukunft egal war [\u2026].<\/p>\n<p>Textauszug aus dem oben verlinkten Artikel &#8220; Klimakatastrophe: Die Apokalypse ist leider auserz\u00e4hlt&#8220; : &#8222;Denn Klimaschutz kann nur aus einer grundlegenden Motivation heraus geschehen wie etwa dem Respekt vor der Sch\u00f6pfung, den eigenen Kindern oder schlicht der Idee, kein gewissenloses Arschloch zu sein.&#8220;<\/p>\n<p style=\"text-align: center;\">Glaubt alle weiter an Euren Wirtschafts- und Wachstumsgott.<\/p>\n<p>Zwei Ausschnitte aus dem in meinem Begr\u00fc\u00dfungsbeitrag verlinkten Video &#8222;Die Menschheit schafft sich ab&#8220;, von Professor Lesch:<\/p>\n<p><a href=\"https:\/\/wo-soll-das-hinfuehren.de\/Hauptmenue\/wp-content\/uploads\/2022\/06\/ScreenRecorderProject170.mp4\">Wachstum<\/a><\/p>\n<p><a href=\"https:\/\/wo-soll-das-hinfuehren.de\/Hauptmenue\/wp-content\/uploads\/2022\/06\/ScreenRecorderProject174.mp4\">So geht`s nicht weiter<\/a><\/p>\n<p>&nbsp;<\/p>\n<p>Mittlerweile wei\u00df ich, dass viele Dinge in meinem Leben keine Zuf\u00e4lle sind [\u2026].<\/p>\n<p>Eines davon: <a href=\"https:\/\/youtu.be\/HncIi7EA-30\">RTL Klima Update: Verdr\u00e4ngung | 18.02.2023<\/a><\/p>\n<p>DOPPELMORAL &#8211; <a href=\"https:\/\/youtu.be\/mN7V5dll8Lo\">RTL Klima Update: Leerfl\u00fcge | 10.02.2022<\/a><\/p>\n<p>Ralf Benk\u00f6 gab am 22.02.2023 in der Nachrichensendung RTL-Aktuell Reisetipps, wie man bei Flugreisen Geld sparen kann [\u2026].<\/p>\n<p>&nbsp;<\/p>\n<p>Hierzu eine Textpassage aus meinen &#8222;News 2022&#8220;:<\/p>\n<ul>\n<li><strong><a href=\"https:\/\/taz.de\/Reisebranche-und-Erderhitzung\/!5830657\/\">Reisebranche und Erderhitzung<\/a><\/strong><\/li>\n<\/ul>\n<p>Ich habe leider den Eindruck, dass den meisten Menschen die Zukunft des Planeten und die Zukunft junger Menschen egal ist. Auch die Zukunft ihrer Kinder und Enkelkinder scheint den meisten Menschen egal zu sein [\u2026]. In Urlaub muss es jetzt nach den Corona-Lockerungen gehen [\u2026]. Und das nat\u00fcrlich mit dem Flugzeug [\u2026].\u00a0 Mit anderen Worten hei\u00dft das: \u201eTrotz katastrophalen 415 ppm CO2 in unserer Atmosph\u00e4re, zum Spa\u00df weitere Tonnen CO2 innerhalb weniger Stunden emittieren.\u201c Weitere Worte hierzu erspare ich mir und erspare ich Euch [\u2026]. Nee, das muss ich doch loswerden: \u201eIch dachte in jedem Menschen w\u00e4re ein bisschen Verstand und ein bisschen Verantwortungsbewusstsein vorhanden.\u201c<\/p>\n<p><a href=\"https:\/\/www.google.com\/url?sa=t&amp;rct=j&amp;q=&amp;esrc=s&amp;source=web&amp;cd=&amp;cad=rja&amp;uact=8&amp;ved=2ahUKEwixi9ql26mAAxUR_7sIHZUtDgoQwqsBegQIDRAG&amp;url=https%3A%2F%2Fwww.youtube.com%2Fwatch%3Fv%3DqXAEseBheWs&amp;usg=AOvVaw0x5cKWsNRFnS_cLRiuIYev&amp;opi=89978449\"><span style=\"color: #ff0000;\"><strong>UBA-Erkl\u00e4rfilm: Flugreisen und Klimawirkung<\/strong><\/span><\/a><\/p>\n<p><a href=\"https:\/\/youtu.be\/mN7V5dll8Lo\">RTL Klima Update: Fliegen \/ Leerfl\u00fcge | 10.02.2022<\/a><\/p>\n<p><a href=\"https:\/\/www.focus.de\/wissen\/videos\/wahnsinnige-zahlen-massenverkehr-ueber-europa_id_3677779.html\">Wahnsinnige Zahlen &#8211; Massenverkehr \u00fcber Europa<\/a><\/p>\n<p>27.000 Flugzeuge rauschen t\u00e4glich \u00fcber Europa hinweg. Diese Animation ist von 2013 [\u2026]. Leider sieht man auch hier, wie bei den Autos und sehr vielen anderen Dingen, dass wir ma\u00dflos sind [\u2026].<\/p>\n<p>&nbsp;<\/p>\n<p style=\"text-align: center;\">Kleiner Hinweis:<\/p>\n<p style=\"text-align: center;\">Die Natur interessiert es nicht, was wir alles f\u00fcr uns rechtfertigen.<\/p>\n<p>&nbsp;<\/p>\n<p><a href=\"https:\/\/wo-soll-das-hinfuehren.de\/Hauptmenue\/wp-content\/uploads\/2023\/02\/FB_IMG_1672687752515.jpg\"><img loading=\"lazy\" decoding=\"async\" class=\"size-medium wp-image-4907 aligncenter\" src=\"https:\/\/wo-soll-das-hinfuehren.de\/Hauptmenue\/wp-content\/uploads\/2023\/02\/FB_IMG_1672687752515-226x300.jpg\" alt=\"\" width=\"226\" height=\"300\" srcset=\"https:\/\/wo-soll-das-hinfuehren.de\/Hauptmenue\/wp-content\/uploads\/2023\/02\/FB_IMG_1672687752515-226x300.jpg 226w, https:\/\/wo-soll-das-hinfuehren.de\/Hauptmenue\/wp-content\/uploads\/2023\/02\/FB_IMG_1672687752515.jpg 720w\" sizes=\"auto, (max-width: 226px) 100vw, 226px\" \/><\/a><\/p>\n<p>&nbsp;<\/p>\n<p><a href=\"https:\/\/wo-soll-das-hinfuehren.de\/Hauptmenue\/wp-content\/uploads\/2023\/02\/20230113_082707.jpg\"><img loading=\"lazy\" decoding=\"async\" class=\"size-medium wp-image-5000 aligncenter\" src=\"https:\/\/wo-soll-das-hinfuehren.de\/Hauptmenue\/wp-content\/uploads\/2023\/02\/20230113_082707-190x300.jpg\" alt=\"\" width=\"190\" height=\"300\" srcset=\"https:\/\/wo-soll-das-hinfuehren.de\/Hauptmenue\/wp-content\/uploads\/2023\/02\/20230113_082707-190x300.jpg 190w, https:\/\/wo-soll-das-hinfuehren.de\/Hauptmenue\/wp-content\/uploads\/2023\/02\/20230113_082707-649x1024.jpg 649w, https:\/\/wo-soll-das-hinfuehren.de\/Hauptmenue\/wp-content\/uploads\/2023\/02\/20230113_082707.jpg 720w\" sizes=\"auto, (max-width: 190px) 100vw, 190px\" \/><\/a><\/p>\n<p><a href=\"https:\/\/wo-soll-das-hinfuehren.de\/Hauptmenue\/wp-content\/uploads\/2023\/02\/FB_IMG_1671437453730.jpg\"><img loading=\"lazy\" decoding=\"async\" class=\"size-medium wp-image-4906 aligncenter\" src=\"https:\/\/wo-soll-das-hinfuehren.de\/Hauptmenue\/wp-content\/uploads\/2023\/02\/FB_IMG_1671437453730-300x252.jpg\" alt=\"\" width=\"300\" height=\"252\" srcset=\"https:\/\/wo-soll-das-hinfuehren.de\/Hauptmenue\/wp-content\/uploads\/2023\/02\/FB_IMG_1671437453730-300x252.jpg 300w, https:\/\/wo-soll-das-hinfuehren.de\/Hauptmenue\/wp-content\/uploads\/2023\/02\/FB_IMG_1671437453730.jpg 720w\" sizes=\"auto, (max-width: 300px) 100vw, 300px\" \/><\/a><\/p>\n<p>&nbsp;<\/p>\n<div align=\"center\">\n<p style=\"text-align: center;\"><strong><a id=\"ebsr5556uh\" href=\"https:\/\/www.besucherzaehler-kostenlos.de\">besucherzaehler-kostenlos.de<\/a><script language=\"JavaScript\" src=\"https:\/\/www.besucherzaehler-kostenlos.de\/js\/counter.js.php?count=1&#038;id=Z5uw93MPVv&#038;start=7863&#038;design=2d\"><\/script><\/strong><\/p>\n<\/div>\n","protected":false},"excerpt":{"rendered":"<p>Diesen Beitrag erstellte ich am 18.02.2023. Aufgrund meiner Lebenserfahrung und meinen Erfahrungen beim Thema Klima- und Umwelt m\u00f6chte ich das Thema &#8222;DOPPELMORAL&#8220; aufgreifen. &#8222;Die Fakten sind offensichtlich, doch trotz der drohenden Katastrophe passiert wenig. Irgendetwas hindert uns daran, unser Verhalten zu \u00e4ndern&#8220;, sagt die Dame in der Arte Doku &#8222;Klimawandel und Vogel Strau\u00df Taktik.&#8220; Ausschnitt &hellip; <a href=\"https:\/\/wo-soll-das-hinfuehren.de\/Hauptmenue\/?p=4923\" class=\"more-link\"><span class=\"screen-reader-text\">DOPPELMORAL<\/span> weiterlesen<\/a><\/p>\n","protected":false},"author":1,"featured_media":0,"comment_status":"closed","ping_status":"open","sticky":false,"template":"","format":"standard","meta":{"footnotes":""},"categories":[1],"tags":[],"class_list":["post-4923","post","type-post","status-publish","format-standard","hentry","category-allgemein"],"jetpack_featured_media_url":"","_links":{"self":[{"href":"https:\/\/wo-soll-das-hinfuehren.de\/Hauptmenue\/index.php?rest_route=\/wp\/v2\/posts\/4923","targetHints":{"allow":["GET"]}}],"collection":[{"href":"https:\/\/wo-soll-das-hinfuehren.de\/Hauptmenue\/index.php?rest_route=\/wp\/v2\/posts"}],"about":[{"href":"https:\/\/wo-soll-das-hinfuehren.de\/Hauptmenue\/index.php?rest_route=\/wp\/v2\/types\/post"}],"author":[{"embeddable":true,"href":"https:\/\/wo-soll-das-hinfuehren.de\/Hauptmenue\/index.php?rest_route=\/wp\/v2\/users\/1"}],"replies":[{"embeddable":true,"href":"https:\/\/wo-soll-das-hinfuehren.de\/Hauptmenue\/index.php?rest_route=%2Fwp%2Fv2%2Fcomments&post=4923"}],"version-history":[{"count":78,"href":"https:\/\/wo-soll-das-hinfuehren.de\/Hauptmenue\/index.php?rest_route=\/wp\/v2\/posts\/4923\/revisions"}],"predecessor-version":[{"id":6883,"href":"https:\/\/wo-soll-das-hinfuehren.de\/Hauptmenue\/index.php?rest_route=\/wp\/v2\/posts\/4923\/revisions\/6883"}],"wp:attachment":[{"href":"https:\/\/wo-soll-das-hinfuehren.de\/Hauptmenue\/index.php?rest_route=%2Fwp%2Fv2%2Fmedia&parent=4923"}],"wp:term":[{"taxonomy":"category","embeddable":true,"href":"https:\/\/wo-soll-das-hinfuehren.de\/Hauptmenue\/index.php?rest_route=%2Fwp%2Fv2%2Fcategories&post=4923"},{"taxonomy":"post_tag","embeddable":true,"href":"https:\/\/wo-soll-das-hinfuehren.de\/Hauptmenue\/index.php?rest_route=%2Fwp%2Fv2%2Ftags&post=4923"}],"curies":[{"name":"wp","href":"https:\/\/api.w.org\/{rel}","templated":true}]}}