{"id":530,"date":"2018-02-10T19:25:15","date_gmt":"2018-02-10T19:25:15","guid":{"rendered":"http:\/\/wo-soll-das-hinfuehren.de\/Hauptmenue\/?p=530"},"modified":"2020-09-18T21:57:15","modified_gmt":"2020-09-18T21:57:15","slug":"aktuelles","status":"publish","type":"post","link":"https:\/\/wo-soll-das-hinfuehren.de\/Hauptmenue\/?p=530","title":{"rendered":"News 2018"},"content":{"rendered":"<p style=\"text-align: center;\">Die neuesten Informationen stehen oben in dem Beitrag.<\/p>\n<p>&nbsp;<\/p>\n<ul>\n<li><a href=\"http:\/\/wo-soll-das-hinfuehren.de\/Hauptmenue\/?p=1177\">Auf den Punkt gebracht \u2013 Meine Sichtweise Weihnachten 2018<\/a><\/li>\n<\/ul>\n<p>&nbsp;<\/p>\n<ul>\n<li><a href=\"https:\/\/www.youtube.com\/watch?v=9ZUNY7sYaf0&amp;t=115s\">Die Menschheit schafft sich ab &#8211; das neue Buch von Harald Lesch<\/a><\/li>\n<\/ul>\n<p>&nbsp;<\/p>\n<ul>\n<li><a href=\"https:\/\/www.youtube.com\/watch?v=aJfV_aMaqRM\">Harald Lesch &#8211; Warum tun wir nicht, was wir tun sollen<\/a><\/li>\n<\/ul>\n<p>&nbsp;<\/p>\n<ul>\n<li><a href=\"http:\/\/www.flughafen-bi.de\/Archiv\/2018\/2018_10_21_Michael%20Kopatz.html\">Rede von Dr. Michael Kopatz (Wuppertal Institut f\u00fcr Klima, Umwelt, Energie)<\/a><\/li>\n<\/ul>\n<p>&nbsp;<\/p>\n<ul>\n<li><a href=\"http:\/\/www.flughafen-bi.de\/Archiv\/2018\/2018_10_21_Sonntagsdemo%207%20Jahre%20Landebahn.html\">Teilnahme an der Sonntagsdemo am 21.10.2018 auf dem Frankfurter Flughafen.<\/a><\/li>\n<li><a href=\"https:\/\/www.swr.de\/swraktuell\/rheinland-pfalz\/mainz\/Fluglaerm-am-Frankfurter-Flughafen-Protest-gegen-Nordwest-Landebahn-mit-Ziegelsteinen,fluglaerm-demo-100.html\">SWR-Aktuell &#8211; Video<\/a><\/li>\n<\/ul>\n<p>&nbsp;<\/p>\n<ul>\n<li><a href=\"https:\/\/www.sueddeutsche.de\/politik\/klimawandel-so-verheizen-wir-die-welt-1.4087750\">So verheizen wir die Welt <\/a><\/li>\n<\/ul>\n<p>&nbsp;<\/p>\n<ul>\n<li><a href=\"https:\/\/www.rubikon.news\/artikel\/die-macht-des-einzelnen\">Rubikon &#8211; Die Macht des Einzelnen<\/a><\/li>\n<\/ul>\n<p>&nbsp;<\/p>\n<ul>\n<li><a href=\"https:\/\/peds-ansichten.de\/2016\/07\/die-luege-vom-ewigen-wirtschaftswachstum\/\">Die L\u00fcge vom ewigen Wirtschaftswachstum<\/a><\/li>\n<\/ul>\n<p>&nbsp;<\/p>\n<ul>\n<li><a href=\"http:\/\/wo-soll-das-hinfuehren.de\/Hauptmenue\/?p=1119\">Eine Fahrradtour im Kinzigtal <\/a><\/li>\n<\/ul>\n<p>&nbsp;<\/p>\n<ul>\n<li><a href=\"https:\/\/orf.at\/stories\/2451797\/2451801\/\">Mit Vollgas in die Klimakrise<\/a><\/li>\n<\/ul>\n<p>&nbsp;<\/p>\n<ul>\n<li><a href=\"http:\/\/www.spiegel.de\/kultur\/gesellschaft\/kapitalismus-und-klimawandel-muessen-zusammengedacht-werden-kolumne-a-1222540.html\">Klimawandel und Kapitalismus &#8211; Unser Lebensstil muss verhandelbar sein <\/a><\/li>\n<\/ul>\n<p>&nbsp;<\/p>\n<ul>\n<li><a href=\"http:\/\/www.spiegel.de\/kultur\/gesellschaft\/klimawandel-die-katastrophe-haette-verhindert-werden-koennen-a-1221528.html\">Klimawandel &#8211; Die Katastrophe h\u00e4tte verhindert werden k\u00f6nnen <\/a><\/li>\n<\/ul>\n<p>&nbsp;<\/p>\n<ul>\n<li>Dieser Buch Text &#8220;\u00a0<a href=\"http:\/\/wo-soll-das-hinfuehren.de\/Hauptmenue\/wp-content\/uploads\/2018\/03\/GRENZEN-DER-INTELLIGENZ.jpg\">Grenzen der Intelligenz, Sieg der Gewohnheit <\/a> &#8220; und mein <a href=\"http:\/\/wo-soll-das-hinfuehren.de\/Hauptmenue\/?p=1052\">Kommentar<\/a> hierzu wurden am 05.08.2018 in meinem Beitrag &#8220;\u00a0<a href=\"http:\/\/wo-soll-das-hinfuehren.de\/Hauptmenue\/?p=1\">Ansichten anderer Menschen<\/a> &#8220; eingestellt.<\/li>\n<\/ul>\n<p>&nbsp;<\/p>\n<ul>\n<li><a href=\"https:\/\/www.youtube.com\/watch?v=12AXaI5ucEA\">Video Prof. Dr. Harald Lesch: \u201eMit Naturgesetzen kann man nicht verhandeln&#8220;<\/a><\/li>\n<\/ul>\n<p>&nbsp;<\/p>\n<ul>\n<li>Biologin Juliane Filser \u00fcber \u00d6kologie und Kapitalismus\u00a0 \u00a0 \u00a0 \u00a0 \u00a0 \u00a0 \u00a0 \u00a0 \u00a0 \u00a0 \u00a0 <a href=\"http:\/\/www.taz.de\/!5520279\/\">\u201eNachhaltigkeit m\u00fcsste Schulfach werden\u201c<\/a><\/li>\n<\/ul>\n<p>&nbsp;<\/p>\n<ul>\n<li><a href=\"http:\/\/www.spiegel.de\/wissenschaft\/natur\/warum-wir-den-klimawandel-fuerchten-aber-nichts-dagegen-unternehmen-a-1218733.html\">Warum wir den Klimawandel f\u00fcrchten, aber nichts dagegen unternehmen<\/a><\/li>\n<\/ul>\n<p>&nbsp;<\/p>\n<ul>\n<li>Neues &#8220;\u00a0<a href=\"https:\/\/www.ardmediathek.de\/tv\/LexiTV\/Der-%C3%B6kologische-Fu%C3%9Fabdruck-der-Menschen\/MDR-Fernsehen\/Video?bcastId=7545188&amp;documentId=46406640\">VIDEO &#8211; \u00d6kologischer Fu\u00dfabdruck<\/a> &#8220; in dem Beitrag &#8220; Pl\u00e4doyer &#8220; am 23.07.2018 eingestellt.<\/li>\n<\/ul>\n<p>&nbsp;<\/p>\n<ul>\n<li><a href=\"https:\/\/www.youtube.com\/watch?v=OOtxVO2QxNo\">Klimawandel &#8211; Wie viel Hitze vertr\u00e4gt die Erde?<\/a><\/li>\n<\/ul>\n<p>&nbsp;<\/p>\n<ul>\n<li><a href=\"https:\/\/www.youtube.com\/watch?v=dMDQzXvEBTE\">Video Klimawandel<\/a><\/li>\n<\/ul>\n<p>&nbsp;<\/p>\n<ul>\n<li><a href=\"http:\/\/wo-soll-das-hinfuehren.de\/Hauptmenue\/wp-content\/uploads\/2018\/02\/EINE-EINFACHE-RECHNUNG.jpg\">EINE EINFACHE RECHNUNG &#8211; UMDENKEN<\/a><\/li>\n<\/ul>\n<p>&nbsp;<\/p>\n<ul>\n<li><a href=\"https:\/\/www.zdf.de\/nachrichten\/heute\/leben-oekologisch-auf-kredit-global-footprint-100.html\">Alle Ressourcen f\u00fcr 2018 aufgebraucht<\/a><\/li>\n<\/ul>\n<p>&nbsp;<\/p>\n<ul>\n<li>Sonnenuntergang am 07.07.2018 \u00fcber den Vier Fichten zwischen W\u00e4chtersbach und Gelnhausen. <a href=\"http:\/\/wo-soll-das-hinfuehren.de\/Hauptmenue\/wp-content\/uploads\/2018\/02\/DSCN9198.jpg\">Bild 1<\/a>\u00a0\u00a0 <a href=\"http:\/\/wo-soll-das-hinfuehren.de\/Hauptmenue\/wp-content\/uploads\/2018\/02\/DSCN9202.jpg\">Bild 2<\/a><\/li>\n<\/ul>\n<p><em>Wenn unsere Kinder und Enkelkinder w\u00fcssten wie umweltsch\u00e4dlich eine Flugreise ist und dass sie die zeitverz\u00f6gerte Abschlussrechnung daf\u00fcr bezahlen, w\u00fcrden Sie lieber in der N\u00e4he Urlaub machen \u2026und \u00e4ltere Menschen w\u00fcrden den Schaden ihren Nachkommen nicht antun.<\/em><\/p>\n<p><a href=\"http:\/\/www.sueddeutsche.de\/news\/wissen\/umwelt-der-umwelt-zuliebe-aufs-fliegen-verzichten-dpa.urn-newsml-dpa-com-20090101-171106-99-751735\">Unseren Kindern zuliebe aufs Fliegen verzichten<\/a><\/p>\n<blockquote><p><span style=\"color: #993366;\"><strong>Mit nichts schadet der einzelne Mensch dem Klima so sehr wie mit dem Fliegen.<\/strong><\/span><\/p><\/blockquote>\n<p><a href=\"https:\/\/www.taz.de\/!5516458\/\">Warum Touristen die Welt zerst\u00f6ren\u00a0<\/a>\u00a0\u00a0\u00a0\u00a0\u00a0 Zum einmaligen lesen bitte &#8220; Jetzt nicht &#8220; anklicken.<\/p>\n<ul>\n<li>Der Beitrag &#8220; <a href=\"http:\/\/wo-soll-das-hinfuehren.de\/Hauptmenue\/?p=1\">Ansichten anderer Menschen<\/a> &#8220; wurde am 04.07.2018 aktualisiert und enth\u00e4lt nun weitere Informationen von dem Gr\u00fcndungsdirektor des Potzdam &#8211; Institut f\u00fcr Klimafolgenforschung Hans Joachim Schellnhuber und eine Buchempfehlung am Ende des Beitrages.<\/li>\n<\/ul>\n<p>&nbsp;<\/p>\n<ul>\n<li>Der Beitrag &#8220;\u00a0<a href=\"http:\/\/wo-soll-das-hinfuehren.de\/Hauptmenue\/?p=881\">HOFFNUNG<\/a> &#8220; wurde am 01.07.2018 neu erstellt.<\/li>\n<\/ul>\n<p>&nbsp;<\/p>\n<ul>\n<li>Der Beitrag &#8220;\u00a0<a href=\"http:\/\/wo-soll-das-hinfuehren.de\/Hauptmenue\/?p=848\">Res\u00fcmee<\/a> &#8220; wurde am 29.06.2018 neu erstellt.<\/li>\n<\/ul>\n<p>&nbsp;<\/p>\n<ul>\n<li>Die erste Mahnwache fand am Freitag den 29.06.2018 von 8.30- 10.30 Uhr vor dem Main-Kinzig-Forum in Gelnhausen statt.<\/li>\n<\/ul>\n<p><a href=\"http:\/\/wo-soll-das-hinfuehren.de\/Hauptmenue\/wp-content\/uploads\/2018\/02\/DSCI0429.jpg\"><img loading=\"lazy\" decoding=\"async\" class=\"alignnone size-medium wp-image-835\" src=\"http:\/\/wo-soll-das-hinfuehren.de\/Hauptmenue\/wp-content\/uploads\/2018\/02\/DSCI0429-300x225.jpg\" alt=\"\" width=\"300\" height=\"225\" srcset=\"https:\/\/wo-soll-das-hinfuehren.de\/Hauptmenue\/wp-content\/uploads\/2018\/02\/DSCI0429-300x225.jpg 300w, https:\/\/wo-soll-das-hinfuehren.de\/Hauptmenue\/wp-content\/uploads\/2018\/02\/DSCI0429-768x576.jpg 768w, https:\/\/wo-soll-das-hinfuehren.de\/Hauptmenue\/wp-content\/uploads\/2018\/02\/DSCI0429-1024x768.jpg 1024w\" sizes=\"auto, (max-width: 300px) 100vw, 300px\" \/><\/a><\/p>\n<p>Das Kleingedruckte sind Flyer.\u00a0\u00a0\u00a0\u00a0\u00a0\u00a0\u00a0\u00a0\u00a0\u00a0\u00a0 Nachzulesen unter : \u00a0 \u00a0 \u00a0\u00a0 &#8220;\u00a0<a href=\"http:\/\/wo-soll-das-hinfuehren.de\/Hauptmenue\/?p=104\">Meine Werbung<\/a> &#8220;<\/p>\n<p><a href=\"http:\/\/wo-soll-das-hinfuehren.de\/Hauptmenue\/wp-content\/uploads\/2018\/02\/DSCI0422.jpg\"><img loading=\"lazy\" decoding=\"async\" class=\"alignnone size-medium wp-image-841\" src=\"http:\/\/wo-soll-das-hinfuehren.de\/Hauptmenue\/wp-content\/uploads\/2018\/02\/DSCI0422-300x225.jpg\" alt=\"\" width=\"300\" height=\"225\" srcset=\"https:\/\/wo-soll-das-hinfuehren.de\/Hauptmenue\/wp-content\/uploads\/2018\/02\/DSCI0422-300x225.jpg 300w, https:\/\/wo-soll-das-hinfuehren.de\/Hauptmenue\/wp-content\/uploads\/2018\/02\/DSCI0422-768x576.jpg 768w, https:\/\/wo-soll-das-hinfuehren.de\/Hauptmenue\/wp-content\/uploads\/2018\/02\/DSCI0422-1024x768.jpg 1024w\" sizes=\"auto, (max-width: 300px) 100vw, 300px\" \/><\/a><\/p>\n<p>Zusatzschild:<\/p>\n<p><a href=\"http:\/\/wo-soll-das-hinfuehren.de\/Hauptmenue\/wp-content\/uploads\/2018\/02\/Wenn-wir-Auto-fahren-zweifarbig.jpg\"><img loading=\"lazy\" decoding=\"async\" class=\"alignnone size-medium wp-image-838\" src=\"http:\/\/wo-soll-das-hinfuehren.de\/Hauptmenue\/wp-content\/uploads\/2018\/02\/Wenn-wir-Auto-fahren-zweifarbig-300x212.jpg\" alt=\"\" width=\"300\" height=\"212\" srcset=\"https:\/\/wo-soll-das-hinfuehren.de\/Hauptmenue\/wp-content\/uploads\/2018\/02\/Wenn-wir-Auto-fahren-zweifarbig-300x212.jpg 300w, https:\/\/wo-soll-das-hinfuehren.de\/Hauptmenue\/wp-content\/uploads\/2018\/02\/Wenn-wir-Auto-fahren-zweifarbig-768x543.jpg 768w, https:\/\/wo-soll-das-hinfuehren.de\/Hauptmenue\/wp-content\/uploads\/2018\/02\/Wenn-wir-Auto-fahren-zweifarbig-1024x724.jpg 1024w, https:\/\/wo-soll-das-hinfuehren.de\/Hauptmenue\/wp-content\/uploads\/2018\/02\/Wenn-wir-Auto-fahren-zweifarbig.jpg 1754w\" sizes=\"auto, (max-width: 300px) 100vw, 300px\" \/><\/a><\/p>\n<p><span style=\"color: #008000;\">&#8230;..<strong> weil wir\u00a0\u00a0 V e r a n t w o r t u n g\u00a0\u00a0 tragen !<\/strong><\/span><\/p>\n<p>&nbsp;<\/p>\n<ul>\n<li><a href=\"http:\/\/wo-soll-das-hinfuehren.de\/Hauptmenue\/wp-content\/uploads\/2018\/02\/Antwort-Landrat.jpg\">Antwortschreiben von unserem Landrat<\/a><\/li>\n<\/ul>\n<p>&nbsp;<\/p>\n<ul>\n<li>Video 250. Montagsdemonstration auf dem Frankfurter Flughafen am 11.06.2018.<\/li>\n<\/ul>\n<div style=\"width: 660px;\" class=\"wp-video\"><video class=\"wp-video-shortcode\" id=\"video-530-1\" width=\"660\" height=\"371\" preload=\"metadata\" controls=\"controls\"><source type=\"video\/mp4\" src=\"http:\/\/wo-soll-das-hinfuehren.de\/Hauptmenue\/wp-content\/uploads\/2018\/02\/Video-Montagsdemo_cut_001-1.mp4?_=1\" \/><a href=\"http:\/\/wo-soll-das-hinfuehren.de\/Hauptmenue\/wp-content\/uploads\/2018\/02\/Video-Montagsdemo_cut_001-1.mp4\">http:\/\/wo-soll-das-hinfuehren.de\/Hauptmenue\/wp-content\/uploads\/2018\/02\/Video-Montagsdemo_cut_001-1.mp4<\/a><\/video><\/div>\n<p><a href=\"http:\/\/wo-soll-das-hinfuehren.de\/Hauptmenue\/wp-content\/uploads\/2018\/02\/Bild-250.jpg\"><img loading=\"lazy\" decoding=\"async\" class=\"alignnone size-medium wp-image-933\" src=\"http:\/\/wo-soll-das-hinfuehren.de\/Hauptmenue\/wp-content\/uploads\/2018\/02\/Bild-250-300x158.jpg\" alt=\"\" width=\"300\" height=\"158\" srcset=\"https:\/\/wo-soll-das-hinfuehren.de\/Hauptmenue\/wp-content\/uploads\/2018\/02\/Bild-250-300x158.jpg 300w, https:\/\/wo-soll-das-hinfuehren.de\/Hauptmenue\/wp-content\/uploads\/2018\/02\/Bild-250-768x403.jpg 768w, https:\/\/wo-soll-das-hinfuehren.de\/Hauptmenue\/wp-content\/uploads\/2018\/02\/Bild-250-1024x538.jpg 1024w, https:\/\/wo-soll-das-hinfuehren.de\/Hauptmenue\/wp-content\/uploads\/2018\/02\/Bild-250.jpg 1354w\" sizes=\"auto, (max-width: 300px) 100vw, 300px\" \/><\/a><\/p>\n<p><a href=\"http:\/\/wo-soll-das-hinfuehren.de\/Hauptmenue\/wp-content\/uploads\/2018\/02\/Bild-Ausschnitt-gro\u00df-250.-Montagsdemo.jpg\"><img loading=\"lazy\" decoding=\"async\" class=\"alignnone size-medium wp-image-789\" src=\"http:\/\/wo-soll-das-hinfuehren.de\/Hauptmenue\/wp-content\/uploads\/2018\/02\/Bild-Ausschnitt-gro\u00df-250.-Montagsdemo-300x206.jpg\" alt=\"\" width=\"300\" height=\"206\" srcset=\"https:\/\/wo-soll-das-hinfuehren.de\/Hauptmenue\/wp-content\/uploads\/2018\/02\/Bild-Ausschnitt-gro\u00df-250.-Montagsdemo-300x206.jpg 300w, https:\/\/wo-soll-das-hinfuehren.de\/Hauptmenue\/wp-content\/uploads\/2018\/02\/Bild-Ausschnitt-gro\u00df-250.-Montagsdemo.jpg 396w\" sizes=\"auto, (max-width: 300px) 100vw, 300px\" \/><\/a><\/p>\n<p>Meine neue Infotafel. ( U.a. zu sehen auf dem ersten Bild der nachfolgend verlinkten Seite oben links. )<\/p>\n<p><a href=\"http:\/\/wo-soll-das-hinfuehren.de\/Hauptmenue\/wp-content\/uploads\/2018\/03\/Schild-Mahnwache.pub_.jpg\"><img loading=\"lazy\" decoding=\"async\" class=\"alignnone size-medium wp-image-708\" src=\"http:\/\/wo-soll-das-hinfuehren.de\/Hauptmenue\/wp-content\/uploads\/2018\/03\/Schild-Mahnwache.pub_-300x212.jpg\" alt=\"\" width=\"300\" height=\"212\" srcset=\"https:\/\/wo-soll-das-hinfuehren.de\/Hauptmenue\/wp-content\/uploads\/2018\/03\/Schild-Mahnwache.pub_-300x212.jpg 300w, https:\/\/wo-soll-das-hinfuehren.de\/Hauptmenue\/wp-content\/uploads\/2018\/03\/Schild-Mahnwache.pub_-768x543.jpg 768w, https:\/\/wo-soll-das-hinfuehren.de\/Hauptmenue\/wp-content\/uploads\/2018\/03\/Schild-Mahnwache.pub_-1024x724.jpg 1024w, https:\/\/wo-soll-das-hinfuehren.de\/Hauptmenue\/wp-content\/uploads\/2018\/03\/Schild-Mahnwache.pub_.jpg 1754w\" sizes=\"auto, (max-width: 300px) 100vw, 300px\" \/><\/a><\/p>\n<p>Weitere Bilder zu finden unter:<a href=\"http:\/\/www.flughafen-bi.de\/Archiv\/2018\/2018_06_11_montagsdemo_250te.html\">http:\/\/www.flughafen-bi.de\/Archiv\/2018\/2018_06_11_montagsdemo_250te.html<\/a><\/p>\n<ul>\n<li><a href=\"http:\/\/www.bund-hessen.de\/nc\/presse\/pressemitteilungen\/detail\/artikel\/250-montagsdemo-am-frankfurter-flughafen-nur-engagement-hilft\/?tx_ttnews%5BbackPid%5D=9028&amp;cHash=b5e09461d86c1aad8151ca9f6e67faad\">Pressemitteilung BUND &#8211; Hessen<\/a><\/li>\n<li><a href=\"https:\/\/twitter.com\/i\/web\/status\/1006928666134306817\">Informations- und Flyeraustausch mit Frau Lazarski\u00a0 UECNA-Br\u00fcssel<\/a><\/li>\n<li><a href=\"http:\/\/www.flughafen-bi.de\/Archiv\/2018\/2018_06_11_montagsdemo_250te.html\">Informations- und Flyeraustausch mit Herrn Mosel BUND und BAW Hamburg<\/a><\/li>\n<li><a href=\"http:\/\/wo-soll-das-hinfuehren.de\/Hauptmenue\/wp-content\/uploads\/2018\/02\/Postkarte-Nachtflugverbot.jpg\">Postkarte an Minister Tarek Al-Wazir<\/a><\/li>\n<li><a href=\"http:\/\/www.sueddeutsche.de\/news\/wissen\/umwelt-der-umwelt-zuliebe-aufs-fliegen-verzichten-dpa.urn-newsml-dpa-com-20090101-171106-99-751735\">Der Umwelt zuliebe aufs Fliegen verzichten<\/a><\/li>\n<\/ul>\n<p>&nbsp;<\/p>\n<ul>\n<li>Am 08.06.2018 habe ich damit begonnen die ersten\u00a0 1000\u00a0 neuen\u00a0<a href=\"http:\/\/wo-soll-das-hinfuehren.de\/Hauptmenue\/wp-content\/uploads\/2018\/03\/Schild-Mahnwache.pub_.jpg\">Flyer<\/a> an Haushalte zu verteilen.<\/li>\n<\/ul>\n<p>&nbsp;<\/p>\n<ul>\n<li><a href=\"http:\/\/wo-soll-das-hinfuehren.de\/Hauptmenue\/wp-content\/uploads\/2018\/02\/Brief-n.-L.-Landrat-ohne-Funk-Nr.-1.jpg\">Brief an unseren Landrat am 08.06.2018<\/a><\/li>\n<\/ul>\n<p>&nbsp;<\/p>\n<ul>\n<li>Mein Pl\u00e4doyer wurde am 07.06.2018 aktualisiert. Es ist falsch zu denken, wir m\u00fcssen auf Politiker warten, bis sie strengere Umweltgesetze erlassen. Jeder einzelne von uns sollte gleich mit einer nachhaltigeren Lebensweise beginnen !\u00a0 Jeder von uns ist Teil des Problems und gleichzeitig L\u00f6sung des Problems, wie es Florian Schreckenbach sehr sch\u00f6n beschreibt. Bsp.: nachhaltiger Urlaub machen ( Link in dem Beitrag &#8220;\u00a0<a href=\"http:\/\/wo-soll-das-hinfuehren.de\/Hauptmenue\/?p=125\">GUTES TUN<\/a>\u00a0 &#8220; )<\/li>\n<\/ul>\n<p>&nbsp;<\/p>\n<ul>\n<li><a href=\"http:\/\/wo-soll-das-hinfuehren.de\/Hauptmenue\/wp-content\/uploads\/2018\/02\/VW-BUS-ERLEBNIS-mit-Linkhinweis-1.jpg\">Ein kleines Erlebnis am 06.06.2018<\/a><\/li>\n<\/ul>\n<p>&nbsp;<\/p>\n<ul>\n<li>Mit einer neuen Infotafel ( siehe &#8220; Meine Werbung &#8220; ) werde ich bald Mahnwachen auf \u00f6ffentlichen Pl\u00e4tzen durchf\u00fchren.<\/li>\n<\/ul>\n<p>&nbsp;<\/p>\n<ul>\n<li>In dem Beitrag &#8220; Die traurigen Fakten &#8220; finden Sie nun weitere Informationen zum Thema: KLIMAWANDEL-TEMPERATURANSTIEG<\/li>\n<\/ul>\n<p>&nbsp;<\/p>\n<ul>\n<li>In der KW 23 schrieb ich Politiker an. Ebenfalls nahm ich Kontakt zur Goethe- Universit\u00e4t in Frankfurt auf und zu unserem Landrat und bat um deren Genehmigung, dort in K\u00fcrze Mahnwachen abhalten zu d\u00fcrfen.<\/li>\n<\/ul>\n<p><a href=\"http:\/\/wo-soll-das-hinfuehren.de\/Hauptmenue\/wp-content\/uploads\/2018\/02\/Brief-n.-L.-Minister-Al-Wazir-1.jpg\">Brief Minister Tarek Al-Wazir<\/a><\/p>\n<p>&nbsp;<\/p>\n<ul>\n<li>Professor Hans- Werner Sinn schickte ich am 01.06.2018 diesen Brief:<\/li>\n<\/ul>\n<p><a href=\"http:\/\/wo-soll-das-hinfuehren.de\/Hauptmenue\/wp-content\/uploads\/2018\/02\/Brief-n.-L.-Prof.-Sinn-ohne-Funknr.-6.jpg\"><img loading=\"lazy\" decoding=\"async\" class=\"alignnone size-medium wp-image-684\" src=\"http:\/\/wo-soll-das-hinfuehren.de\/Hauptmenue\/wp-content\/uploads\/2018\/02\/Brief-n.-L.-Prof.-Sinn-ohne-Funknr.-6-212x300.jpg\" alt=\"\" width=\"212\" height=\"300\" srcset=\"https:\/\/wo-soll-das-hinfuehren.de\/Hauptmenue\/wp-content\/uploads\/2018\/02\/Brief-n.-L.-Prof.-Sinn-ohne-Funknr.-6-212x300.jpg 212w, https:\/\/wo-soll-das-hinfuehren.de\/Hauptmenue\/wp-content\/uploads\/2018\/02\/Brief-n.-L.-Prof.-Sinn-ohne-Funknr.-6-768x1086.jpg 768w, https:\/\/wo-soll-das-hinfuehren.de\/Hauptmenue\/wp-content\/uploads\/2018\/02\/Brief-n.-L.-Prof.-Sinn-ohne-Funknr.-6-724x1024.jpg 724w, https:\/\/wo-soll-das-hinfuehren.de\/Hauptmenue\/wp-content\/uploads\/2018\/02\/Brief-n.-L.-Prof.-Sinn-ohne-Funknr.-6.jpg 1240w\" sizes=\"auto, (max-width: 212px) 100vw, 212px\" \/><\/a><\/p>\n<p>&nbsp;<\/p>\n<ul>\n<li>Montagsdemonstration am 28.05.2018 auf dem Frankfurter Flughafen.<\/li>\n<\/ul>\n<p>&nbsp;<\/p>\n<p>Bilder zu finden unter:<a href=\"http:\/\/www.flughafen-bi.de\/Archiv\/2018\/2018_05_28_montagsdemo.html\">http:\/\/www.flughafen-bi.de\/Archiv\/2018\/2018_05_28_montagsdemo.html<\/a><\/p>\n<p>&nbsp;<\/p>\n<ul>\n<li>Am 16. Mai schickte ich dem B\u00fcrgermeister von Gelnhausen eine E-Mail und bat ihn, sich meine Internetseite anzuschauen. Am 23. Mai habe ich die B\u00fcrgermeister der umliegenden St\u00e4dte und Gemeinden angeschrieben und sie \u00fcber die Existenz meiner Internetseite informiert.<\/li>\n<\/ul>\n<p><a href=\"http:\/\/wo-soll-das-hinfuehren.de\/Hauptmenue\/wp-content\/uploads\/2018\/02\/Anschreiben-B\u00fcrgermeister-Liste-1.jpg\">Angeschriebene B\u00fcrgermeister<\/a><\/p>\n<p>&nbsp;<\/p>\n<ul>\n<li>Korrekturleserin \/ Korrekturleser gesucht ! ( Ich bin auch nur ein Mensch und bitte Rechtschreibfehler zu entschuldigen. )<\/li>\n<\/ul>\n<p>&nbsp;<\/p>\n<ul>\n<li>Zwei Unterst\u00fctzer gesucht !<\/li>\n<\/ul>\n<p>Ich m\u00f6chte gerne in regelm\u00e4\u00dfigen Abst\u00e4nden Infoveranstaltungen auf dem Frankfurter Flughafen durchf\u00fchren und hierbei meine Flyer verteilen. Um solche Veranstaltungen dort anzumelden zu k\u00f6nnen, bedarf es drei Personen, da der Infostand st\u00e4ndig mit mindestens zwei Personen besetzt sein muss.<\/p>\n<p>&nbsp;<\/p>\n<ul>\n<li>Der Beitrag &#8220; Ansichten anderer Menschen &#8220; wurde neu \u00fcberarbeitet und enth\u00e4lt nun auch sehr passende Informationen von Nachhaltig-sein.info. ( Neuer Kooperationspartner )<\/li>\n<\/ul>\n<p>&nbsp;<\/p>\n<ul>\n<li>Der Beitrag &#8220; Die traurigen Fakten &#8220; wurde neu \u00fcberarbeitet und enth\u00e4lt nun auch sehr interessante Informationen zum CO2 Aussto\u00df in Deutschland.<\/li>\n<\/ul>\n<p>&nbsp;<\/p>\n<ul>\n<li>Ich habe einige Institutionen \u00fcber meine neu \u00fcberarbeitete Internetseite informiert und kooperiere nun mit einigen.\u00a0\u00a0\u00a0\u00a0\u00a0\u00a0\u00a0\u00a0\u00a0\u00a0\u00a0\u00a0\u00a0 HERZLICHEN DANK an alle die mich unterst\u00fctzen !<\/li>\n<\/ul>\n<p>&nbsp;<\/p>\n<ul>\n<li>Ab dem 28. Mai werde ich mit einem Infoschild ( siehe &#8220; Meine Werbung &#8222;) im DIN A 1 Format an Montagsdemonstrationen auf dem Frankfurter Flughafen teilnehmen.<\/li>\n<\/ul>\n<p>&nbsp;<\/p>\n<ul>\n<li>In meinem Alltag mache ich Werbung f\u00fcr diese Internetseite und suche nach weiteren M\u00f6glichkeiten um m\u00f6glichst viele Menschen zu erreichen.<\/li>\n<\/ul>\n<p>&nbsp;<\/p>\n<ul>\n<li>Von vielen Menschen h\u00f6re ich, dass sie sich auch seit Jahren Sorgen um unsere Umwelt machen.<\/li>\n<\/ul>\n<p>&nbsp;<\/p>\n<ul>\n<li>Sch\u00f6n und sinnvoll w\u00e4re es nat\u00fcrlich, wenn Sie Kommentare schreiben.<\/li>\n<\/ul>\n<p>&nbsp;<\/p>\n<ul>\n<li>Zwei bekannten Fernsehmoderatoren habe ich am 16. April einen Brief geschrieben ( zu finden unter dem Beitrag &#8220; Meine Werbung &#8220; ) und bekam bisher diese entt\u00e4uschende Antwort.<\/li>\n<\/ul>\n<p><a href=\"http:\/\/wo-soll-das-hinfuehren.de\/Hauptmenue\/wp-content\/uploads\/2018\/02\/Antwort-Ranga-Yogeshwar-mit-Rahmen.jpg\"><img loading=\"lazy\" decoding=\"async\" class=\"alignnone size-medium wp-image-580\" src=\"http:\/\/wo-soll-das-hinfuehren.de\/Hauptmenue\/wp-content\/uploads\/2018\/02\/Antwort-Ranga-Yogeshwar-mit-Rahmen-212x300.jpg\" alt=\"\" width=\"212\" height=\"300\" srcset=\"https:\/\/wo-soll-das-hinfuehren.de\/Hauptmenue\/wp-content\/uploads\/2018\/02\/Antwort-Ranga-Yogeshwar-mit-Rahmen-212x300.jpg 212w, https:\/\/wo-soll-das-hinfuehren.de\/Hauptmenue\/wp-content\/uploads\/2018\/02\/Antwort-Ranga-Yogeshwar-mit-Rahmen-768x1086.jpg 768w, https:\/\/wo-soll-das-hinfuehren.de\/Hauptmenue\/wp-content\/uploads\/2018\/02\/Antwort-Ranga-Yogeshwar-mit-Rahmen-724x1024.jpg 724w, https:\/\/wo-soll-das-hinfuehren.de\/Hauptmenue\/wp-content\/uploads\/2018\/02\/Antwort-Ranga-Yogeshwar-mit-Rahmen.jpg 1240w\" sizes=\"auto, (max-width: 212px) 100vw, 212px\" \/><\/a><\/p>\n<p>Ich finde es sehr traurig, dass die meisten Menschen immer schneller rennen ohne \u00fcberhaupt einmal zu schauen wo sie hinrennen. Viele Menschen haben, bzw. nehmen sich nicht die Zeit um sich einmal auf dieser und anderen Internetseiten zu informieren, was wir unserer Natur und unseren Kindern durch unsere Lebensweise antun. Auch Herr Yogeshwar und die Programmgruppe Wissen &amp; Religion vom WDR haben keine Zeit um sich mit diesem wichtigen Thema zu besch\u00e4ftigen&#8230;.<\/p>\n","protected":false},"excerpt":{"rendered":"<p>Die neuesten Informationen stehen oben in dem Beitrag. &nbsp; Auf den Punkt gebracht \u2013 Meine Sichtweise Weihnachten 2018 &nbsp; Die Menschheit schafft sich ab &#8211; das neue Buch von Harald Lesch &nbsp; Harald Lesch &#8211; Warum tun wir nicht, was wir tun sollen &nbsp; Rede von Dr. Michael Kopatz (Wuppertal Institut f\u00fcr Klima, Umwelt, Energie) &hellip; <a href=\"https:\/\/wo-soll-das-hinfuehren.de\/Hauptmenue\/?p=530\" class=\"more-link\"><span class=\"screen-reader-text\">News 2018<\/span> weiterlesen<\/a><\/p>\n","protected":false},"author":1,"featured_media":0,"comment_status":"open","ping_status":"open","sticky":false,"template":"","format":"standard","meta":{"footnotes":""},"categories":[1],"tags":[],"class_list":["post-530","post","type-post","status-publish","format-standard","hentry","category-allgemein"],"jetpack_featured_media_url":"","_links":{"self":[{"href":"https:\/\/wo-soll-das-hinfuehren.de\/Hauptmenue\/index.php?rest_route=\/wp\/v2\/posts\/530","targetHints":{"allow":["GET"]}}],"collection":[{"href":"https:\/\/wo-soll-das-hinfuehren.de\/Hauptmenue\/index.php?rest_route=\/wp\/v2\/posts"}],"about":[{"href":"https:\/\/wo-soll-das-hinfuehren.de\/Hauptmenue\/index.php?rest_route=\/wp\/v2\/types\/post"}],"author":[{"embeddable":true,"href":"https:\/\/wo-soll-das-hinfuehren.de\/Hauptmenue\/index.php?rest_route=\/wp\/v2\/users\/1"}],"replies":[{"embeddable":true,"href":"https:\/\/wo-soll-das-hinfuehren.de\/Hauptmenue\/index.php?rest_route=%2Fwp%2Fv2%2Fcomments&post=530"}],"version-history":[{"count":206,"href":"https:\/\/wo-soll-das-hinfuehren.de\/Hauptmenue\/index.php?rest_route=\/wp\/v2\/posts\/530\/revisions"}],"predecessor-version":[{"id":2811,"href":"https:\/\/wo-soll-das-hinfuehren.de\/Hauptmenue\/index.php?rest_route=\/wp\/v2\/posts\/530\/revisions\/2811"}],"wp:attachment":[{"href":"https:\/\/wo-soll-das-hinfuehren.de\/Hauptmenue\/index.php?rest_route=%2Fwp%2Fv2%2Fmedia&parent=530"}],"wp:term":[{"taxonomy":"category","embeddable":true,"href":"https:\/\/wo-soll-das-hinfuehren.de\/Hauptmenue\/index.php?rest_route=%2Fwp%2Fv2%2Fcategories&post=530"},{"taxonomy":"post_tag","embeddable":true,"href":"https:\/\/wo-soll-das-hinfuehren.de\/Hauptmenue\/index.php?rest_route=%2Fwp%2Fv2%2Ftags&post=530"}],"curies":[{"name":"wp","href":"https:\/\/api.w.org\/{rel}","templated":true}]}}