{"id":5543,"date":"2018-03-04T16:47:10","date_gmt":"2018-03-04T16:47:10","guid":{"rendered":"https:\/\/wo-soll-das-hinfuehren.de\/Hauptmenue\/?p=5543"},"modified":"2026-02-07T22:29:42","modified_gmt":"2026-02-07T22:29:42","slug":"news-2024","status":"publish","type":"post","link":"https:\/\/wo-soll-das-hinfuehren.de\/Hauptmenue\/?p=5543","title":{"rendered":"News 2024"},"content":{"rendered":"<p>Die neuesten Informationen stehen oben in dem Beitrag, nach dieser Einleitung.<\/p>\n<p><a href=\"https:\/\/wo-soll-das-hinfuehren.de\/Hauptmenue\/wp-content\/uploads\/2022\/12\/FB_IMG_1668277772495.jpg\"><img loading=\"lazy\" decoding=\"async\" class=\" wp-image-4770 alignleft\" src=\"https:\/\/wo-soll-das-hinfuehren.de\/Hauptmenue\/wp-content\/uploads\/2022\/12\/FB_IMG_1668277772495-183x300.jpg\" alt=\"\" width=\"196\" height=\"321\" srcset=\"https:\/\/wo-soll-das-hinfuehren.de\/Hauptmenue\/wp-content\/uploads\/2022\/12\/FB_IMG_1668277772495-183x300.jpg 183w, https:\/\/wo-soll-das-hinfuehren.de\/Hauptmenue\/wp-content\/uploads\/2022\/12\/FB_IMG_1668277772495-624x1024.jpg 624w, https:\/\/wo-soll-das-hinfuehren.de\/Hauptmenue\/wp-content\/uploads\/2022\/12\/FB_IMG_1668277772495.jpg 720w\" sizes=\"auto, (max-width: 196px) 100vw, 196px\" \/><\/a><a href=\"https:\/\/wo-soll-das-hinfuehren.de\/Hauptmenue\/wp-content\/uploads\/2022\/12\/FB_IMG_1670834649617.jpg\"><img loading=\"lazy\" decoding=\"async\" class=\" wp-image-4769 alignright\" src=\"https:\/\/wo-soll-das-hinfuehren.de\/Hauptmenue\/wp-content\/uploads\/2022\/12\/FB_IMG_1670834649617-300x300.jpg\" alt=\"\" width=\"323\" height=\"323\" srcset=\"https:\/\/wo-soll-das-hinfuehren.de\/Hauptmenue\/wp-content\/uploads\/2022\/12\/FB_IMG_1670834649617-300x300.jpg 300w, https:\/\/wo-soll-das-hinfuehren.de\/Hauptmenue\/wp-content\/uploads\/2022\/12\/FB_IMG_1670834649617-150x150.jpg 150w, https:\/\/wo-soll-das-hinfuehren.de\/Hauptmenue\/wp-content\/uploads\/2022\/12\/FB_IMG_1670834649617.jpg 720w\" sizes=\"auto, (max-width: 323px) 100vw, 323px\" \/><\/a><\/p>\n<p>&nbsp;<\/p>\n<p>&nbsp;<\/p>\n<p>&nbsp;<\/p>\n<p>&nbsp;<\/p>\n<p>&nbsp;<\/p>\n<p>&nbsp;<\/p>\n<p>&nbsp;<\/p>\n<p>Neuen Besuchern empfehle ich, sich meine Einleitung von den <strong><a href=\"https:\/\/wo-soll-das-hinfuehren.de\/Hauptmenue\/?p=2952\">&#8222;News 2021&#8220;<\/a><\/strong> anzuschauen. Weitere sehr empfehlenswerte Videos sind: <strong><a href=\"https:\/\/youtu.be\/hHKzAIL7g00\">&#8222;Einfach. Besser. Leben.&#8220;<\/a><\/strong> von Professor Austmann, <strong><a href=\"https:\/\/youtu.be\/TUCSTKSOo3g\">&#8222;Weniger ist mehr&#8220;<\/a><\/strong> von Professor Niko Paech und <a href=\"https:\/\/www.umweltbundesamt.de\/themen\/klimaneutral-leben-im-alltag\"><strong>&#8222;Klimaneutral leben im Alltag&#8220;<\/strong><\/a> vom Umweltbundesamt. Zum Thema Arbeitspl\u00e4tze, Biodiversit\u00e4t und CO2 (Treibhausgas) in der Luft empfehle ich die Fernsehbeitr\u00e4ge aus dem Jahr 1978 mit Hoimar von Ditfurth: <strong><a href=\"https:\/\/www.zdf.de\/dokumentation\/dokumentation-sonstige\/querschnitt-die-balance-der-biosphaere-100.html\">&#8222;Der Ast, auf dem wir sitzen&#8220;\u00a0 Teil 1 und Teil 2 <\/a><\/strong><\/p>\n<p style=\"text-align: center;\">Besonders empfehlenswert sind zwei Arte Doku`s, die Anstalt vom 16.07.2024 und ein 1 Jahr altes Erkl\u00e4rvideo:<\/p>\n<p style=\"text-align: center;\"><strong><a href=\"https:\/\/youtu.be\/A2ElvIwMHrw\">&#8222;Klimawandel und Vogel Strau\u00df Taktik&#8220;<\/a><\/strong><\/p>\n<p style=\"text-align: center;\"><strong><a href=\"https:\/\/www.arte.tv\/de\/videos\/115507-000-A\/zu-viel-konsum-zu-viele-menschen\/?fbclid=IwY2xjawCU619leHRuA2FlbQIxMQABHWFup7oL84SbdntivljdisKp3S7ifMiY2tkECNBlJu5yyVeUDYQofeeZAg_aem_Ac1nPpl3tRVaose0S0rm32muv_J4rk6Qig62ThtHUHlPuMRUFe7YMJYlg8YbJanlr3dyUzDnbvltGSsEXlWmGyNx\">Zu viel Konsum? Zu viele Menschen? Die Erde am Limit<\/a><\/strong><\/p>\n<p style=\"text-align: center;\"><a href=\"https:\/\/www.zdf.de\/comedy\/die-anstalt\/die-anstalt-vom-16-juli-2024-100.html\"><strong>&#8222;Die Anstalt&#8220; vom 16.07.2024<\/strong><\/a><\/p>\n<p style=\"text-align: center;\"><strong><a href=\"https:\/\/youtu.be\/OFqRqSwVPao?si=eK7Z5aFMFu6GGgCR\">Erkl\u00e4rvideo<\/a><\/strong><\/p>\n<p style=\"text-align: center;\">Diesen weiter unten verlinkten Text sollte sich jeder\/jede \u00f6fters einmal durchlesen:<\/p>\n<p style=\"text-align: center;\"><strong><a href=\"https:\/\/www.brainchange-oldschool.de\/2021\/05\/20\/mensch-versteh-doch-f%C3%BChle\/?fbclid=IwZXh0bgNhZW0CMTEAAR2mzy-hI7v5LnsMoJIcTWtuGLhXGOZYKOHReVpzF9Cg2o0l4fIwP_b0Vi8_aem_ogpH6NHQ1oQdl0g5IexTDA\"><span style=\"color: #008000;\">brainchange-oldschool.de <\/span><\/a><\/strong><\/p>\n<p>&nbsp;<\/p>\n<p style=\"text-align: center;\"><span style=\"color: #008000;\"><strong><em>Links und Bilder bitte anklicken<\/em><\/strong><\/span><\/p>\n<p>&nbsp;<\/p>\n<ul>\n<li>Nach meinem Hinweis gestern Abend auf meine &#8222;News 2024&#8220; wurde der Post gel\u00f6scht und ich bin aktuell auf Facebook gesperrt. Heute Morgen habe ich eine \u00dcberpr\u00fcfung beantragt, da meine Kommentare in der letzten Zeit \u00f6fters von Facebook gel\u00f6scht wurden.<\/li>\n<\/ul>\n<p><a href=\"https:\/\/wo-soll-das-hinfuehren.de\/Hauptmenue\/wp-content\/uploads\/2018\/03\/Screenshot_20241108_080912_Facebook.jpg\"><img loading=\"lazy\" decoding=\"async\" class=\"alignnone size-medium wp-image-6304\" src=\"https:\/\/wo-soll-das-hinfuehren.de\/Hauptmenue\/wp-content\/uploads\/2018\/03\/Screenshot_20241108_080912_Facebook-135x300.jpg\" alt=\"\" width=\"135\" height=\"300\" srcset=\"https:\/\/wo-soll-das-hinfuehren.de\/Hauptmenue\/wp-content\/uploads\/2018\/03\/Screenshot_20241108_080912_Facebook-135x300.jpg 135w, https:\/\/wo-soll-das-hinfuehren.de\/Hauptmenue\/wp-content\/uploads\/2018\/03\/Screenshot_20241108_080912_Facebook-461x1024.jpg 461w, https:\/\/wo-soll-das-hinfuehren.de\/Hauptmenue\/wp-content\/uploads\/2018\/03\/Screenshot_20241108_080912_Facebook-691x1536.jpg 691w, https:\/\/wo-soll-das-hinfuehren.de\/Hauptmenue\/wp-content\/uploads\/2018\/03\/Screenshot_20241108_080912_Facebook.jpg 720w\" sizes=\"auto, (max-width: 135px) 100vw, 135px\" \/><\/a><\/p>\n<p>&nbsp;<\/p>\n<ul>\n<li>Heute am 07.11.2024 habe ich drei Gr\u00fcnde um die Webseite zu aktualisieren.<\/li>\n<\/ul>\n<p>Die heftigen Unwetter in Spanien, der neue Pr\u00e4sident der USA und ein Post von einer jungen Frau auf Facebook gestern.<\/p>\n<p>Unwetter in Spanien<\/p>\n<p><a href=\"https:\/\/www.tagesschau.de\/multimedia\/video\/video-1396122.html?at_medium=tagesschau&amp;at_campaign=DeviceSharing&amp;at_content=SiteSharing&amp;fbclid=IwY2xjawGZ_K5leHRuA2FlbQIxMQABHZtbouAY9xZLlz7XDB_TPdYMj65j95UGizrJV0rbDojn_QFsiT1C9gBnvQ_aem_6_WEIyTU2uHHPtg-qR6DmA\">\u00dcberschwemmungen in Spanien und die wachsende Zahl von Naturkatastrophen in der Klimakrise Stand: 31.10.2024 14:43 Uhr<\/a><\/p>\n<p><a href=\"https:\/\/www.tagesschau.de\/ausland\/europa\/spanien-unwetterkatastrophe-soldaten-102.html\">Weitere Tote und neue Unwetterwarnung in Spanien Stand: 03.11.2024 13:27 Uhr<\/a><\/p>\n<p><a href=\"https:\/\/wo-soll-das-hinfuehren.de\/Hauptmenue\/wp-content\/uploads\/2024\/11\/FB_IMG_1729368584832.jpg\"><img loading=\"lazy\" decoding=\"async\" class=\"alignnone size-medium wp-image-6272\" src=\"https:\/\/wo-soll-das-hinfuehren.de\/Hauptmenue\/wp-content\/uploads\/2024\/11\/FB_IMG_1729368584832-236x300.jpg\" alt=\"\" width=\"236\" height=\"300\" srcset=\"https:\/\/wo-soll-das-hinfuehren.de\/Hauptmenue\/wp-content\/uploads\/2024\/11\/FB_IMG_1729368584832-236x300.jpg 236w, https:\/\/wo-soll-das-hinfuehren.de\/Hauptmenue\/wp-content\/uploads\/2024\/11\/FB_IMG_1729368584832.jpg 720w\" sizes=\"auto, (max-width: 236px) 100vw, 236px\" \/><\/a><\/p>\n<p><a href=\"https:\/\/wo-soll-das-hinfuehren.de\/Hauptmenue\/wp-content\/uploads\/2024\/11\/FB_IMG_1730917792153.jpg\"><img loading=\"lazy\" decoding=\"async\" class=\"alignnone size-medium wp-image-6278\" src=\"https:\/\/wo-soll-das-hinfuehren.de\/Hauptmenue\/wp-content\/uploads\/2024\/11\/FB_IMG_1730917792153-300x200.jpg\" alt=\"\" width=\"300\" height=\"200\" srcset=\"https:\/\/wo-soll-das-hinfuehren.de\/Hauptmenue\/wp-content\/uploads\/2024\/11\/FB_IMG_1730917792153-300x200.jpg 300w, https:\/\/wo-soll-das-hinfuehren.de\/Hauptmenue\/wp-content\/uploads\/2024\/11\/FB_IMG_1730917792153.jpg 720w\" sizes=\"auto, (max-width: 300px) 100vw, 300px\" \/><\/a><\/p>\n<p>Am 30.10.2024 teilte ich diesen Post von einem Herrn mit dem Text: Maximale Punkzahl von mir f\u00fcr diesen Text.<\/p>\n<p><a href=\"https:\/\/wo-soll-das-hinfuehren.de\/Hauptmenue\/wp-content\/uploads\/2024\/11\/Screenshot_20241107_204745_Facebook.jpg\"><img loading=\"lazy\" decoding=\"async\" class=\"alignnone size-medium wp-image-6284\" src=\"https:\/\/wo-soll-das-hinfuehren.de\/Hauptmenue\/wp-content\/uploads\/2024\/11\/Screenshot_20241107_204745_Facebook-186x300.jpg\" alt=\"\" width=\"186\" height=\"300\" srcset=\"https:\/\/wo-soll-das-hinfuehren.de\/Hauptmenue\/wp-content\/uploads\/2024\/11\/Screenshot_20241107_204745_Facebook-186x300.jpg 186w, https:\/\/wo-soll-das-hinfuehren.de\/Hauptmenue\/wp-content\/uploads\/2024\/11\/Screenshot_20241107_204745_Facebook-636x1024.jpg 636w, https:\/\/wo-soll-das-hinfuehren.de\/Hauptmenue\/wp-content\/uploads\/2024\/11\/Screenshot_20241107_204745_Facebook.jpg 711w\" sizes=\"auto, (max-width: 186px) 100vw, 186px\" \/><\/a><\/p>\n<p>Aus meinen &#8222;News 2021&#8220;:<\/p>\n<p><a href=\"https:\/\/wo-soll-das-hinfuehren.de\/Hauptmenue\/wp-content\/uploads\/2021\/08\/20210823_182656.jpg\"><img loading=\"lazy\" decoding=\"async\" class=\"alignnone size-medium wp-image-3646\" src=\"https:\/\/wo-soll-das-hinfuehren.de\/Hauptmenue\/wp-content\/uploads\/2021\/08\/20210823_182656-300x300.jpg\" alt=\"\" width=\"300\" height=\"300\" srcset=\"https:\/\/wo-soll-das-hinfuehren.de\/Hauptmenue\/wp-content\/uploads\/2021\/08\/20210823_182656-300x300.jpg 300w, https:\/\/wo-soll-das-hinfuehren.de\/Hauptmenue\/wp-content\/uploads\/2021\/08\/20210823_182656-150x150.jpg 150w, https:\/\/wo-soll-das-hinfuehren.de\/Hauptmenue\/wp-content\/uploads\/2021\/08\/20210823_182656.jpg 717w\" sizes=\"auto, (max-width: 300px) 100vw, 300px\" \/><\/a><\/p>\n<p>&nbsp;<\/p>\n<h3><strong>Das n\u00e4chste Ungl\u00fcck [\u2026].<\/strong><\/h3>\n<p><a href=\"https:\/\/wo-soll-das-hinfuehren.de\/Hauptmenue\/wp-content\/uploads\/2024\/11\/FB_IMG_1730897045969.jpg\"><img loading=\"lazy\" decoding=\"async\" class=\"alignnone size-medium wp-image-6286\" src=\"https:\/\/wo-soll-das-hinfuehren.de\/Hauptmenue\/wp-content\/uploads\/2024\/11\/FB_IMG_1730897045969-300x300.jpg\" alt=\"\" width=\"300\" height=\"300\" srcset=\"https:\/\/wo-soll-das-hinfuehren.de\/Hauptmenue\/wp-content\/uploads\/2024\/11\/FB_IMG_1730897045969-300x300.jpg 300w, https:\/\/wo-soll-das-hinfuehren.de\/Hauptmenue\/wp-content\/uploads\/2024\/11\/FB_IMG_1730897045969-150x150.jpg 150w, https:\/\/wo-soll-das-hinfuehren.de\/Hauptmenue\/wp-content\/uploads\/2024\/11\/FB_IMG_1730897045969.jpg 526w\" sizes=\"auto, (max-width: 300px) 100vw, 300px\" \/><\/a><\/p>\n<p>Vor vier Jahren: <a href=\"https:\/\/youtu.be\/GA6qzpCTr4w?si=hiidmBWwQFPC5mnL\">Donald Trump \u00fcber Klimawandel: \u201eIch glaube, die Wissenschaft wei\u00df nicht Bescheid\u201c<\/a><\/p>\n<p>Dazu der passende Text, den eine junge Frau gestern auf Facebook postete:<\/p>\n<p><a href=\"https:\/\/wo-soll-das-hinfuehren.de\/Hauptmenue\/wp-content\/uploads\/2024\/11\/Screenshot_20241106_164933_Facebook.jpg\"><img loading=\"lazy\" decoding=\"async\" class=\"alignnone wp-image-6281\" src=\"https:\/\/wo-soll-das-hinfuehren.de\/Hauptmenue\/wp-content\/uploads\/2024\/11\/Screenshot_20241106_164933_Facebook-172x300.jpg\" alt=\"\" width=\"225\" height=\"392\" srcset=\"https:\/\/wo-soll-das-hinfuehren.de\/Hauptmenue\/wp-content\/uploads\/2024\/11\/Screenshot_20241106_164933_Facebook-172x300.jpg 172w, https:\/\/wo-soll-das-hinfuehren.de\/Hauptmenue\/wp-content\/uploads\/2024\/11\/Screenshot_20241106_164933_Facebook-586x1024.jpg 586w, https:\/\/wo-soll-das-hinfuehren.de\/Hauptmenue\/wp-content\/uploads\/2024\/11\/Screenshot_20241106_164933_Facebook.jpg 690w\" sizes=\"auto, (max-width: 225px) 100vw, 225px\" \/><\/a><\/p>\n<p>&nbsp;<\/p>\n<p>&nbsp;<\/p>\n<ul>\n<li>\n<h2><strong>Empfehlung:<\/strong><\/h2>\n<\/li>\n<\/ul>\n<h2><a href=\"https:\/\/video.twimg.com\/amplify_video\/1848417406118506496\/vid\/avc1\/514x360\/SIo9iIs22xd9A_ck.mp4?tag=16&amp;fbclid=IwY2xjawGHUuBleHRuA2FlbQIxMQABHbDWexowJkW-Jty4yxmw_d2FUru-fAoWLnI3lIqIg9M_M9VYW7ygtL6f_Q_aem_FV7mD7Ykr9qHFMbCqqXRZQ\"><span style=\"color: #0000ff;\"><strong>Professor Seiffert<\/strong><\/span><\/a><\/h2>\n<p>&nbsp;<\/p>\n<p><a href=\"https:\/\/wo-soll-das-hinfuehren.de\/Hauptmenue\/wp-content\/uploads\/2024\/10\/FB_IMG_1729746089668.jpg\"><img loading=\"lazy\" decoding=\"async\" class=\"alignnone size-medium wp-image-6244\" src=\"https:\/\/wo-soll-das-hinfuehren.de\/Hauptmenue\/wp-content\/uploads\/2024\/10\/FB_IMG_1729746089668-300x295.jpg\" alt=\"\" width=\"300\" height=\"295\" srcset=\"https:\/\/wo-soll-das-hinfuehren.de\/Hauptmenue\/wp-content\/uploads\/2024\/10\/FB_IMG_1729746089668-300x295.jpg 300w, https:\/\/wo-soll-das-hinfuehren.de\/Hauptmenue\/wp-content\/uploads\/2024\/10\/FB_IMG_1729746089668.jpg 720w\" sizes=\"auto, (max-width: 300px) 100vw, 300px\" \/><\/a><\/p>\n<p><strong><a href=\"https:\/\/www.youtube.com\/live\/Qc-sOvdUSQI?si=odmBCEGE6kF30bmy\">Von nat\u00fcrlichen und sozialen Kipppunkten | #visionsforclimate mit Harald Lesch &amp; Cecilia Scorza <\/a><\/strong><\/p>\n<p><span style=\"color: #ff0000;\"><strong>Und hier wieder der Nachwei\u00df, dass wir weiter mit Vollgas in den Abgrund rasen:<\/strong><\/span><\/p>\n<p>Was sagte Professor Seiffert zum Thema &#8222;Fliegen&#8220;?<\/p>\n<p>Heute, am 24.10.2024 in den RTL-Aktuell Nachrichten:<\/p>\n<div style=\"width: 660px;\" class=\"wp-video\"><video class=\"wp-video-shortcode\" id=\"video-5543-1\" width=\"660\" height=\"371\" preload=\"metadata\" controls=\"controls\"><source type=\"video\/mp4\" src=\"https:\/\/wo-soll-das-hinfuehren.de\/Hauptmenue\/wp-content\/uploads\/2024\/10\/20241024_191750_cut_001-1.mp4?_=1\" \/><a href=\"https:\/\/wo-soll-das-hinfuehren.de\/Hauptmenue\/wp-content\/uploads\/2024\/10\/20241024_191750_cut_001-1.mp4\">https:\/\/wo-soll-das-hinfuehren.de\/Hauptmenue\/wp-content\/uploads\/2024\/10\/20241024_191750_cut_001-1.mp4<\/a><\/video><\/div>\n<p><span style=\"color: #ff0000;\"><strong><a style=\"color: #ff0000;\" href=\"https:\/\/www.google.com\/url?sa=t&amp;rct=j&amp;q=&amp;esrc=s&amp;source=web&amp;cd=&amp;cad=rja&amp;uact=8&amp;ved=2ahUKEwixi9ql26mAAxUR_7sIHZUtDgoQwqsBegQIDRAG&amp;url=https%3A%2F%2Fwww.youtube.com%2Fwatch%3Fv%3DqXAEseBheWs&amp;usg=AOvVaw0x5cKWsNRFnS_cLRiuIYev&amp;opi=89978449\">Umweltbundesamt-Erkl\u00e4rfilm: Flugreisen und Klimawirkung<\/a><\/strong><\/span><\/p>\n<p>Aus meinen News 2022:<\/p>\n<p><a href=\"https:\/\/wo-soll-das-hinfuehren.de\/Hauptmenue\/wp-content\/uploads\/2022\/06\/Screenshot_20220518-063002_Facebook.jpg\"><img loading=\"lazy\" decoding=\"async\" class=\"alignnone size-medium wp-image-4472\" src=\"https:\/\/wo-soll-das-hinfuehren.de\/Hauptmenue\/wp-content\/uploads\/2022\/06\/Screenshot_20220518-063002_Facebook-146x300.jpg\" alt=\"\" width=\"146\" height=\"300\" srcset=\"https:\/\/wo-soll-das-hinfuehren.de\/Hauptmenue\/wp-content\/uploads\/2022\/06\/Screenshot_20220518-063002_Facebook-146x300.jpg 146w, https:\/\/wo-soll-das-hinfuehren.de\/Hauptmenue\/wp-content\/uploads\/2022\/06\/Screenshot_20220518-063002_Facebook-498x1024.jpg 498w, https:\/\/wo-soll-das-hinfuehren.de\/Hauptmenue\/wp-content\/uploads\/2022\/06\/Screenshot_20220518-063002_Facebook.jpg 720w\" sizes=\"auto, (max-width: 146px) 100vw, 146px\" \/><\/a><\/p>\n<p>&nbsp;<\/p>\n<ul>\n<li>Heute am 18.10.2024 auf Facebook geliked und gepostet.<\/li>\n<\/ul>\n<p>Mit dem Text:<\/p>\n<p>Das absolut Bemerkenswerte ist:<\/p>\n<p>Die allermeisten Menschen kriegen nichts davon mit.<\/p>\n<p><a href=\"https:\/\/wo-soll-das-hinfuehren.de\/Hauptmenue\/wp-content\/uploads\/2024\/10\/FB_IMG_1729252155941.jpg\"><img loading=\"lazy\" decoding=\"async\" class=\"alignnone size-medium wp-image-6235\" src=\"https:\/\/wo-soll-das-hinfuehren.de\/Hauptmenue\/wp-content\/uploads\/2024\/10\/FB_IMG_1729252155941-300x300.jpg\" alt=\"\" width=\"300\" height=\"300\" srcset=\"https:\/\/wo-soll-das-hinfuehren.de\/Hauptmenue\/wp-content\/uploads\/2024\/10\/FB_IMG_1729252155941-300x300.jpg 300w, https:\/\/wo-soll-das-hinfuehren.de\/Hauptmenue\/wp-content\/uploads\/2024\/10\/FB_IMG_1729252155941-150x150.jpg 150w, https:\/\/wo-soll-das-hinfuehren.de\/Hauptmenue\/wp-content\/uploads\/2024\/10\/FB_IMG_1729252155941.jpg 526w\" sizes=\"auto, (max-width: 300px) 100vw, 300px\" \/><\/a><\/p>\n<p>Das wird sich wohl in den n\u00e4chsten Jahren dramatisch \u00e4ndern [\u2026].<\/p>\n<p>&nbsp;<\/p>\n<ul>\n<li>Empfehlung: Dr. Mark Benecke<\/li>\n<\/ul>\n<p><strong><a href=\"https:\/\/youtu.be\/IeY4AT_RnNo?si=eJkUZ__RXo2xYOV-\"><span style=\"color: #ff0000;\">Time is up: Update Herbst\/Winter 2024\u00a0 &#8211; Die neuesten Zahlen<\/span> <\/a><\/strong><\/p>\n<p>&nbsp;<\/p>\n<p>&nbsp;<\/p>\n<ul>\n<li>Vor f\u00fcnf Jahren, am 08.10.2019 erstellte ich meinen Beitrag &#8222;Die Menschheit schafft sich ab&#8220;. Letztes Jahr habe ich dem Beitrag noch ein wenig hinzugef\u00fcgt. Gestern habe ich den Beitrag nur am Ende noch ein wenig erweitert. Meine aktuelle Erkenntnis: Die Menschheit wird sich in den n\u00e4chsten Jahrzehnten abschaffen und wei\u00df nicht warum [\u2026].<\/li>\n<\/ul>\n<p><span style=\"color: #ff0000;\"><strong><a style=\"color: #ff0000;\" href=\"https:\/\/wo-soll-das-hinfuehren.de\/Hauptmenue\/?p=2332\">Die Menschheit schafft sich ab<\/a><\/strong><\/span><\/p>\n<p>Hier wieder eine Galerie mit treffenden Texten:<\/p>\n<p><a href=\"https:\/\/wo-soll-das-hinfuehren.de\/Hauptmenue\/wp-content\/uploads\/2018\/03\/FB_IMG_1711006190656.jpg\"><img loading=\"lazy\" decoding=\"async\" class=\"alignnone size-medium wp-image-6201\" src=\"https:\/\/wo-soll-das-hinfuehren.de\/Hauptmenue\/wp-content\/uploads\/2018\/03\/FB_IMG_1711006190656-300x300.jpg\" alt=\"\" width=\"300\" height=\"300\" srcset=\"https:\/\/wo-soll-das-hinfuehren.de\/Hauptmenue\/wp-content\/uploads\/2018\/03\/FB_IMG_1711006190656-300x300.jpg 300w, https:\/\/wo-soll-das-hinfuehren.de\/Hauptmenue\/wp-content\/uploads\/2018\/03\/FB_IMG_1711006190656-150x150.jpg 150w, https:\/\/wo-soll-das-hinfuehren.de\/Hauptmenue\/wp-content\/uploads\/2018\/03\/FB_IMG_1711006190656.jpg 720w\" sizes=\"auto, (max-width: 300px) 100vw, 300px\" \/><\/a><\/p>\n<p><a href=\"https:\/\/wo-soll-das-hinfuehren.de\/Hauptmenue\/wp-content\/uploads\/2018\/03\/FB_IMG_1704699641413.jpg\"><img loading=\"lazy\" decoding=\"async\" class=\"alignnone size-medium wp-image-6203\" src=\"https:\/\/wo-soll-das-hinfuehren.de\/Hauptmenue\/wp-content\/uploads\/2018\/03\/FB_IMG_1704699641413-300x300.jpg\" alt=\"\" width=\"300\" height=\"300\" srcset=\"https:\/\/wo-soll-das-hinfuehren.de\/Hauptmenue\/wp-content\/uploads\/2018\/03\/FB_IMG_1704699641413-300x300.jpg 300w, https:\/\/wo-soll-das-hinfuehren.de\/Hauptmenue\/wp-content\/uploads\/2018\/03\/FB_IMG_1704699641413-150x150.jpg 150w, https:\/\/wo-soll-das-hinfuehren.de\/Hauptmenue\/wp-content\/uploads\/2018\/03\/FB_IMG_1704699641413.jpg 720w\" sizes=\"auto, (max-width: 300px) 100vw, 300px\" \/><\/a><\/p>\n<p><a href=\"https:\/\/wo-soll-das-hinfuehren.de\/Hauptmenue\/wp-content\/uploads\/2018\/03\/FB_IMG_1701001880846.jpg\"><img loading=\"lazy\" decoding=\"async\" class=\"alignnone size-medium wp-image-6204\" src=\"https:\/\/wo-soll-das-hinfuehren.de\/Hauptmenue\/wp-content\/uploads\/2018\/03\/FB_IMG_1701001880846-300x300.jpg\" alt=\"\" width=\"300\" height=\"300\" srcset=\"https:\/\/wo-soll-das-hinfuehren.de\/Hauptmenue\/wp-content\/uploads\/2018\/03\/FB_IMG_1701001880846-300x300.jpg 300w, https:\/\/wo-soll-das-hinfuehren.de\/Hauptmenue\/wp-content\/uploads\/2018\/03\/FB_IMG_1701001880846-150x150.jpg 150w, https:\/\/wo-soll-das-hinfuehren.de\/Hauptmenue\/wp-content\/uploads\/2018\/03\/FB_IMG_1701001880846.jpg 433w\" sizes=\"auto, (max-width: 300px) 100vw, 300px\" \/><\/a><\/p>\n<p><a href=\"https:\/\/wo-soll-das-hinfuehren.de\/Hauptmenue\/wp-content\/uploads\/2018\/03\/FB_IMG_1709802551567.jpg\"><img loading=\"lazy\" decoding=\"async\" class=\"alignnone size-medium wp-image-6205\" src=\"https:\/\/wo-soll-das-hinfuehren.de\/Hauptmenue\/wp-content\/uploads\/2018\/03\/FB_IMG_1709802551567-300x231.jpg\" alt=\"\" width=\"300\" height=\"231\" srcset=\"https:\/\/wo-soll-das-hinfuehren.de\/Hauptmenue\/wp-content\/uploads\/2018\/03\/FB_IMG_1709802551567-300x231.jpg 300w, https:\/\/wo-soll-das-hinfuehren.de\/Hauptmenue\/wp-content\/uploads\/2018\/03\/FB_IMG_1709802551567.jpg 720w\" sizes=\"auto, (max-width: 300px) 100vw, 300px\" \/><\/a><\/p>\n<p><a href=\"https:\/\/wo-soll-das-hinfuehren.de\/Hauptmenue\/wp-content\/uploads\/2018\/03\/FB_IMG_1708071040217.jpg\"><img loading=\"lazy\" decoding=\"async\" class=\"alignnone size-medium wp-image-6207\" src=\"https:\/\/wo-soll-das-hinfuehren.de\/Hauptmenue\/wp-content\/uploads\/2018\/03\/FB_IMG_1708071040217-300x274.jpg\" alt=\"\" width=\"300\" height=\"274\" srcset=\"https:\/\/wo-soll-das-hinfuehren.de\/Hauptmenue\/wp-content\/uploads\/2018\/03\/FB_IMG_1708071040217-300x274.jpg 300w, https:\/\/wo-soll-das-hinfuehren.de\/Hauptmenue\/wp-content\/uploads\/2018\/03\/FB_IMG_1708071040217.jpg 720w\" sizes=\"auto, (max-width: 300px) 100vw, 300px\" \/><\/a><\/p>\n<p><a href=\"https:\/\/wo-soll-das-hinfuehren.de\/Hauptmenue\/wp-content\/uploads\/2018\/03\/FB_IMG_1701099622408.jpg\"><img loading=\"lazy\" decoding=\"async\" class=\"alignnone size-medium wp-image-6209\" src=\"https:\/\/wo-soll-das-hinfuehren.de\/Hauptmenue\/wp-content\/uploads\/2018\/03\/FB_IMG_1701099622408-300x290.jpg\" alt=\"\" width=\"300\" height=\"290\" srcset=\"https:\/\/wo-soll-das-hinfuehren.de\/Hauptmenue\/wp-content\/uploads\/2018\/03\/FB_IMG_1701099622408-300x290.jpg 300w, https:\/\/wo-soll-das-hinfuehren.de\/Hauptmenue\/wp-content\/uploads\/2018\/03\/FB_IMG_1701099622408.jpg 526w\" sizes=\"auto, (max-width: 300px) 100vw, 300px\" \/><\/a><\/p>\n<p><a href=\"https:\/\/wo-soll-das-hinfuehren.de\/Hauptmenue\/wp-content\/uploads\/2018\/03\/FB_IMG_1701522299412.jpg\"><img loading=\"lazy\" decoding=\"async\" class=\"alignnone size-medium wp-image-6211\" src=\"https:\/\/wo-soll-das-hinfuehren.de\/Hauptmenue\/wp-content\/uploads\/2018\/03\/FB_IMG_1701522299412-300x294.jpg\" alt=\"\" width=\"300\" height=\"294\" srcset=\"https:\/\/wo-soll-das-hinfuehren.de\/Hauptmenue\/wp-content\/uploads\/2018\/03\/FB_IMG_1701522299412-300x294.jpg 300w, https:\/\/wo-soll-das-hinfuehren.de\/Hauptmenue\/wp-content\/uploads\/2018\/03\/FB_IMG_1701522299412.jpg 480w\" sizes=\"auto, (max-width: 300px) 100vw, 300px\" \/><\/a><\/p>\n<p><a href=\"https:\/\/wo-soll-das-hinfuehren.de\/Hauptmenue\/wp-content\/uploads\/2018\/03\/FB_IMG_1701432865409.jpg\"><img loading=\"lazy\" decoding=\"async\" class=\"alignnone size-medium wp-image-6213\" src=\"https:\/\/wo-soll-das-hinfuehren.de\/Hauptmenue\/wp-content\/uploads\/2018\/03\/FB_IMG_1701432865409-200x300.jpg\" alt=\"\" width=\"200\" height=\"300\" srcset=\"https:\/\/wo-soll-das-hinfuehren.de\/Hauptmenue\/wp-content\/uploads\/2018\/03\/FB_IMG_1701432865409-200x300.jpg 200w, https:\/\/wo-soll-das-hinfuehren.de\/Hauptmenue\/wp-content\/uploads\/2018\/03\/FB_IMG_1701432865409.jpg 639w\" sizes=\"auto, (max-width: 200px) 100vw, 200px\" \/><\/a><\/p>\n<p><a href=\"https:\/\/wo-soll-das-hinfuehren.de\/Hauptmenue\/wp-content\/uploads\/2018\/03\/FB_IMG_1717475544393.jpg\"><img loading=\"lazy\" decoding=\"async\" class=\"alignnone size-medium wp-image-6215\" src=\"https:\/\/wo-soll-das-hinfuehren.de\/Hauptmenue\/wp-content\/uploads\/2018\/03\/FB_IMG_1717475544393-249x300.jpg\" alt=\"\" width=\"249\" height=\"300\" srcset=\"https:\/\/wo-soll-das-hinfuehren.de\/Hauptmenue\/wp-content\/uploads\/2018\/03\/FB_IMG_1717475544393-249x300.jpg 249w, https:\/\/wo-soll-das-hinfuehren.de\/Hauptmenue\/wp-content\/uploads\/2018\/03\/FB_IMG_1717475544393.jpg 720w\" sizes=\"auto, (max-width: 249px) 100vw, 249px\" \/><\/a><\/p>\n<p>Das postete ich am 04.12.2023 auf Facebook:<\/p>\n<p><a href=\"https:\/\/wo-soll-das-hinfuehren.de\/Hauptmenue\/wp-content\/uploads\/2023\/12\/Screenshot_20231204_170901_Facebook.jpg\"><img loading=\"lazy\" decoding=\"async\" class=\"alignnone size-medium wp-image-5450\" src=\"https:\/\/wo-soll-das-hinfuehren.de\/Hauptmenue\/wp-content\/uploads\/2023\/12\/Screenshot_20231204_170901_Facebook-135x300.jpg\" alt=\"\" width=\"135\" height=\"300\" srcset=\"https:\/\/wo-soll-das-hinfuehren.de\/Hauptmenue\/wp-content\/uploads\/2023\/12\/Screenshot_20231204_170901_Facebook-135x300.jpg 135w, https:\/\/wo-soll-das-hinfuehren.de\/Hauptmenue\/wp-content\/uploads\/2023\/12\/Screenshot_20231204_170901_Facebook-461x1024.jpg 461w, https:\/\/wo-soll-das-hinfuehren.de\/Hauptmenue\/wp-content\/uploads\/2023\/12\/Screenshot_20231204_170901_Facebook-691x1536.jpg 691w, https:\/\/wo-soll-das-hinfuehren.de\/Hauptmenue\/wp-content\/uploads\/2023\/12\/Screenshot_20231204_170901_Facebook.jpg 720w\" sizes=\"auto, (max-width: 135px) 100vw, 135px\" \/><\/a><\/p>\n<p><a href=\"https:\/\/wo-soll-das-hinfuehren.de\/Hauptmenue\/wp-content\/uploads\/2018\/03\/FB_IMG_1720200589860.jpg\"><img loading=\"lazy\" decoding=\"async\" class=\"alignnone size-medium wp-image-6222\" src=\"https:\/\/wo-soll-das-hinfuehren.de\/Hauptmenue\/wp-content\/uploads\/2018\/03\/FB_IMG_1720200589860-300x294.jpg\" alt=\"\" width=\"300\" height=\"294\" srcset=\"https:\/\/wo-soll-das-hinfuehren.de\/Hauptmenue\/wp-content\/uploads\/2018\/03\/FB_IMG_1720200589860-300x294.jpg 300w, https:\/\/wo-soll-das-hinfuehren.de\/Hauptmenue\/wp-content\/uploads\/2018\/03\/FB_IMG_1720200589860.jpg 526w\" sizes=\"auto, (max-width: 300px) 100vw, 300px\" \/><\/a><\/p>\n<p>&nbsp;<\/p>\n<p>&nbsp;<\/p>\n<ul>\n<li>Heute am 13.09.2024 habe ich den Podcast von den Nachdenkseiten &#8222;Das Thema Klimawandel ist nicht neu&#8220; auch in meinem Beitrag &#8222;Fakten, Basiswissen und aktuelle Infos zum Klimawandel&#8220; verlinkt.<\/li>\n<\/ul>\n<p><a href=\"https:\/\/www.nachdenkseiten.de\/?p=55110#more-55110\"><strong><span style=\"color: #0000ff;\">Das Thema Klimawandel ist nicht neu<\/span><\/strong><\/a><\/p>\n<blockquote class=\"wp-embedded-content\" data-secret=\"Qqi9w0y8Ya\"><p><a href=\"https:\/\/wo-soll-das-hinfuehren.de\/Hauptmenue\/?p=2912\">Fakten, Basiswissen und aktuelle Infos zum Klimawandel<\/a><\/p><\/blockquote>\n<p><iframe loading=\"lazy\" class=\"wp-embedded-content\" sandbox=\"allow-scripts\" security=\"restricted\" style=\"position: absolute; visibility: hidden;\" title=\"&#8222;Fakten, Basiswissen und aktuelle Infos zum Klimawandel&#8220; &#8211; HERZLICH WILLKOMMEN\" src=\"https:\/\/wo-soll-das-hinfuehren.de\/Hauptmenue\/?p=2912&#038;embed=true#?secret=tozp9FybJv#?secret=Qqi9w0y8Ya\" data-secret=\"Qqi9w0y8Ya\" width=\"600\" height=\"338\" frameborder=\"0\" marginwidth=\"0\" marginheight=\"0\" scrolling=\"no\"><\/iframe><\/p>\n<p>&nbsp;<\/p>\n<ul>\n<li>Eigentlich wollte ich die Webseite noch nicht aktualisieren. Pers\u00f6nliche Gespr\u00e4che, Telefonate und ein paar Aktivit\u00e4ten auf Facebook veranlassen mich heute am 12.09.2024 zur Aktualisierung [\u2026].<\/li>\n<\/ul>\n<p>Am 21.08.2024 postete ich dies auf Facebook:<\/p>\n<p><a href=\"https:\/\/wo-soll-das-hinfuehren.de\/Hauptmenue\/wp-content\/uploads\/2018\/03\/Screenshot_20240912_164617_Facebook.jpg\"><img loading=\"lazy\" decoding=\"async\" class=\"alignnone size-medium wp-image-6110\" src=\"https:\/\/wo-soll-das-hinfuehren.de\/Hauptmenue\/wp-content\/uploads\/2018\/03\/Screenshot_20240912_164617_Facebook-135x300.jpg\" alt=\"\" width=\"135\" height=\"300\" srcset=\"https:\/\/wo-soll-das-hinfuehren.de\/Hauptmenue\/wp-content\/uploads\/2018\/03\/Screenshot_20240912_164617_Facebook-135x300.jpg 135w, https:\/\/wo-soll-das-hinfuehren.de\/Hauptmenue\/wp-content\/uploads\/2018\/03\/Screenshot_20240912_164617_Facebook-461x1024.jpg 461w, https:\/\/wo-soll-das-hinfuehren.de\/Hauptmenue\/wp-content\/uploads\/2018\/03\/Screenshot_20240912_164617_Facebook-691x1536.jpg 691w, https:\/\/wo-soll-das-hinfuehren.de\/Hauptmenue\/wp-content\/uploads\/2018\/03\/Screenshot_20240912_164617_Facebook.jpg 720w\" sizes=\"auto, (max-width: 135px) 100vw, 135px\" \/><\/a><\/p>\n<p>Das ist die traurige Realit\u00e4t:<\/p>\n<p><a href=\"https:\/\/wo-soll-das-hinfuehren.de\/Hauptmenue\/wp-content\/uploads\/2024\/09\/Screenshot_20240912_172209_Samsung-Internet.jpg\"><img loading=\"lazy\" decoding=\"async\" class=\"alignnone size-medium wp-image-6133\" src=\"https:\/\/wo-soll-das-hinfuehren.de\/Hauptmenue\/wp-content\/uploads\/2024\/09\/Screenshot_20240912_172209_Samsung-Internet-293x300.jpg\" alt=\"\" width=\"293\" height=\"300\" srcset=\"https:\/\/wo-soll-das-hinfuehren.de\/Hauptmenue\/wp-content\/uploads\/2024\/09\/Screenshot_20240912_172209_Samsung-Internet-293x300.jpg 293w, https:\/\/wo-soll-das-hinfuehren.de\/Hauptmenue\/wp-content\/uploads\/2024\/09\/Screenshot_20240912_172209_Samsung-Internet.jpg 673w\" sizes=\"auto, (max-width: 293px) 100vw, 293px\" \/><\/a><\/p>\n<p>Hier der Artikel von meinem Post, den ich mehrfach auf meiner Webseite verlinkt habe:<\/p>\n<h4><a href=\"https:\/\/www.focus.de\/wissen\/klima\/klimakatastrophe-forscher-sehen-menschheit-mitte-des-jahrhunderts-am-ende_id_10802940.html?utm_source=facebook&amp;utm_medium=social&amp;utm_campaign=facebook-focus-online&amp;fbc=facebook-focus-online&amp;ts=201909081341&amp;cid=08092019&amp;fbclid=IwAR0hAQUvmvUqlTWd9ef9cfq7GrOLZMw5SeaHLAI9gRDtuQza1G0goQNLfz4\"><span style=\"color: #ff0000;\">Warnung vor dem Nichtstun! Schock-Prognose zur Klimakatastrophe: Mitte des Jahrhunderts ist die Menschheit am Ende<\/span><\/a><\/h4>\n<p>Mir selbst fehlen mittlerweile die Worte f\u00fcr das Verhalten der allermeisten Menschen [\u2026]. Deshalb wieder eine kleine Galerie mit treffenden Texten [\u2026].<\/p>\n<p><a href=\"https:\/\/wo-soll-das-hinfuehren.de\/Hauptmenue\/wp-content\/uploads\/2024\/09\/FB_IMG_1725366229271.jpg\"><img loading=\"lazy\" decoding=\"async\" class=\"alignnone size-medium wp-image-6127\" src=\"https:\/\/wo-soll-das-hinfuehren.de\/Hauptmenue\/wp-content\/uploads\/2024\/09\/FB_IMG_1725366229271-300x203.jpg\" alt=\"\" width=\"300\" height=\"203\" srcset=\"https:\/\/wo-soll-das-hinfuehren.de\/Hauptmenue\/wp-content\/uploads\/2024\/09\/FB_IMG_1725366229271-300x203.jpg 300w, https:\/\/wo-soll-das-hinfuehren.de\/Hauptmenue\/wp-content\/uploads\/2024\/09\/FB_IMG_1725366229271.jpg 720w\" sizes=\"auto, (max-width: 300px) 100vw, 300px\" \/><\/a><\/p>\n<p><a href=\"https:\/\/wo-soll-das-hinfuehren.de\/Hauptmenue\/wp-content\/uploads\/2024\/09\/FB_IMG_1722633342162.jpg\"><img loading=\"lazy\" decoding=\"async\" class=\"alignnone size-medium wp-image-6117\" src=\"https:\/\/wo-soll-das-hinfuehren.de\/Hauptmenue\/wp-content\/uploads\/2024\/09\/FB_IMG_1722633342162-286x300.jpg\" alt=\"\" width=\"286\" height=\"300\" srcset=\"https:\/\/wo-soll-das-hinfuehren.de\/Hauptmenue\/wp-content\/uploads\/2024\/09\/FB_IMG_1722633342162-286x300.jpg 286w, https:\/\/wo-soll-das-hinfuehren.de\/Hauptmenue\/wp-content\/uploads\/2024\/09\/FB_IMG_1722633342162.jpg 720w\" sizes=\"auto, (max-width: 286px) 100vw, 286px\" \/><\/a><\/p>\n<p><a href=\"https:\/\/wo-soll-das-hinfuehren.de\/Hauptmenue\/wp-content\/uploads\/2024\/09\/FB_IMG_1724836639949.jpg\"><img loading=\"lazy\" decoding=\"async\" class=\"alignnone size-medium wp-image-6122\" src=\"https:\/\/wo-soll-das-hinfuehren.de\/Hauptmenue\/wp-content\/uploads\/2024\/09\/FB_IMG_1724836639949-300x300.jpg\" alt=\"\" width=\"300\" height=\"300\" srcset=\"https:\/\/wo-soll-das-hinfuehren.de\/Hauptmenue\/wp-content\/uploads\/2024\/09\/FB_IMG_1724836639949-300x300.jpg 300w, https:\/\/wo-soll-das-hinfuehren.de\/Hauptmenue\/wp-content\/uploads\/2024\/09\/FB_IMG_1724836639949-150x150.jpg 150w, https:\/\/wo-soll-das-hinfuehren.de\/Hauptmenue\/wp-content\/uploads\/2024\/09\/FB_IMG_1724836639949.jpg 720w\" sizes=\"auto, (max-width: 300px) 100vw, 300px\" \/><\/a><\/p>\n<p><a href=\"https:\/\/wo-soll-das-hinfuehren.de\/Hauptmenue\/wp-content\/uploads\/2024\/09\/FB_IMG_1721715578053.jpg\"><img loading=\"lazy\" decoding=\"async\" class=\"alignnone size-medium wp-image-6113\" src=\"https:\/\/wo-soll-das-hinfuehren.de\/Hauptmenue\/wp-content\/uploads\/2024\/09\/FB_IMG_1721715578053-300x238.jpg\" alt=\"\" width=\"300\" height=\"238\" srcset=\"https:\/\/wo-soll-das-hinfuehren.de\/Hauptmenue\/wp-content\/uploads\/2024\/09\/FB_IMG_1721715578053-300x238.jpg 300w, https:\/\/wo-soll-das-hinfuehren.de\/Hauptmenue\/wp-content\/uploads\/2024\/09\/FB_IMG_1721715578053.jpg 720w\" sizes=\"auto, (max-width: 300px) 100vw, 300px\" \/><\/a><\/p>\n<p><a href=\"https:\/\/wo-soll-das-hinfuehren.de\/Hauptmenue\/wp-content\/uploads\/2024\/09\/FB_IMG_1725301810968.jpg\"><img loading=\"lazy\" decoding=\"async\" class=\"alignnone size-medium wp-image-6126\" src=\"https:\/\/wo-soll-das-hinfuehren.de\/Hauptmenue\/wp-content\/uploads\/2024\/09\/FB_IMG_1725301810968-241x300.jpg\" alt=\"\" width=\"241\" height=\"300\" srcset=\"https:\/\/wo-soll-das-hinfuehren.de\/Hauptmenue\/wp-content\/uploads\/2024\/09\/FB_IMG_1725301810968-241x300.jpg 241w, https:\/\/wo-soll-das-hinfuehren.de\/Hauptmenue\/wp-content\/uploads\/2024\/09\/FB_IMG_1725301810968.jpg 700w\" sizes=\"auto, (max-width: 241px) 100vw, 241px\" \/><\/a><\/p>\n<p><a href=\"https:\/\/wo-soll-das-hinfuehren.de\/Hauptmenue\/wp-content\/uploads\/2024\/09\/FB_IMG_1725695102039.jpg\"><img loading=\"lazy\" decoding=\"async\" class=\"alignnone size-medium wp-image-6130\" src=\"https:\/\/wo-soll-das-hinfuehren.de\/Hauptmenue\/wp-content\/uploads\/2024\/09\/FB_IMG_1725695102039-300x300.jpg\" alt=\"\" width=\"300\" height=\"300\" srcset=\"https:\/\/wo-soll-das-hinfuehren.de\/Hauptmenue\/wp-content\/uploads\/2024\/09\/FB_IMG_1725695102039-300x300.jpg 300w, https:\/\/wo-soll-das-hinfuehren.de\/Hauptmenue\/wp-content\/uploads\/2024\/09\/FB_IMG_1725695102039-150x150.jpg 150w, https:\/\/wo-soll-das-hinfuehren.de\/Hauptmenue\/wp-content\/uploads\/2024\/09\/FB_IMG_1725695102039.jpg 720w\" sizes=\"auto, (max-width: 300px) 100vw, 300px\" \/><\/a><\/p>\n<p><a href=\"https:\/\/wo-soll-das-hinfuehren.de\/Hauptmenue\/wp-content\/uploads\/2024\/09\/FB_IMG_1722710144133-1.jpg\"><img loading=\"lazy\" decoding=\"async\" class=\"alignnone size-medium wp-image-6118\" src=\"https:\/\/wo-soll-das-hinfuehren.de\/Hauptmenue\/wp-content\/uploads\/2024\/09\/FB_IMG_1722710144133-1-300x300.jpg\" alt=\"\" width=\"300\" height=\"300\" srcset=\"https:\/\/wo-soll-das-hinfuehren.de\/Hauptmenue\/wp-content\/uploads\/2024\/09\/FB_IMG_1722710144133-1-300x300.jpg 300w, https:\/\/wo-soll-das-hinfuehren.de\/Hauptmenue\/wp-content\/uploads\/2024\/09\/FB_IMG_1722710144133-1-150x150.jpg 150w, https:\/\/wo-soll-das-hinfuehren.de\/Hauptmenue\/wp-content\/uploads\/2024\/09\/FB_IMG_1722710144133-1.jpg 526w\" sizes=\"auto, (max-width: 300px) 100vw, 300px\" \/><\/a><\/p>\n<p><a href=\"https:\/\/wo-soll-das-hinfuehren.de\/Hauptmenue\/wp-content\/uploads\/2024\/09\/FB_IMG_1722841908711.jpg\"><img loading=\"lazy\" decoding=\"async\" class=\"alignnone size-medium wp-image-6119\" src=\"https:\/\/wo-soll-das-hinfuehren.de\/Hauptmenue\/wp-content\/uploads\/2024\/09\/FB_IMG_1722841908711-300x200.jpg\" alt=\"\" width=\"300\" height=\"200\" srcset=\"https:\/\/wo-soll-das-hinfuehren.de\/Hauptmenue\/wp-content\/uploads\/2024\/09\/FB_IMG_1722841908711-300x200.jpg 300w, https:\/\/wo-soll-das-hinfuehren.de\/Hauptmenue\/wp-content\/uploads\/2024\/09\/FB_IMG_1722841908711.jpg 680w\" sizes=\"auto, (max-width: 300px) 100vw, 300px\" \/><\/a><\/p>\n<p><a href=\"https:\/\/wo-soll-das-hinfuehren.de\/Hauptmenue\/wp-content\/uploads\/2024\/09\/FB_IMG_1725215803187.jpg\"><img loading=\"lazy\" decoding=\"async\" class=\"alignnone size-medium wp-image-6125\" src=\"https:\/\/wo-soll-das-hinfuehren.de\/Hauptmenue\/wp-content\/uploads\/2024\/09\/FB_IMG_1725215803187-197x300.jpg\" alt=\"\" width=\"197\" height=\"300\" srcset=\"https:\/\/wo-soll-das-hinfuehren.de\/Hauptmenue\/wp-content\/uploads\/2024\/09\/FB_IMG_1725215803187-197x300.jpg 197w, https:\/\/wo-soll-das-hinfuehren.de\/Hauptmenue\/wp-content\/uploads\/2024\/09\/FB_IMG_1725215803187.jpg 328w\" sizes=\"auto, (max-width: 197px) 100vw, 197px\" \/><\/a><\/p>\n<p><a href=\"https:\/\/wo-soll-das-hinfuehren.de\/Hauptmenue\/wp-content\/uploads\/2024\/09\/FB_IMG_1722596815722.jpg\"><img loading=\"lazy\" decoding=\"async\" class=\"alignnone size-medium wp-image-6115\" src=\"https:\/\/wo-soll-das-hinfuehren.de\/Hauptmenue\/wp-content\/uploads\/2024\/09\/FB_IMG_1722596815722-300x300.jpg\" alt=\"\" width=\"300\" height=\"300\" srcset=\"https:\/\/wo-soll-das-hinfuehren.de\/Hauptmenue\/wp-content\/uploads\/2024\/09\/FB_IMG_1722596815722-300x300.jpg 300w, https:\/\/wo-soll-das-hinfuehren.de\/Hauptmenue\/wp-content\/uploads\/2024\/09\/FB_IMG_1722596815722-150x150.jpg 150w, https:\/\/wo-soll-das-hinfuehren.de\/Hauptmenue\/wp-content\/uploads\/2024\/09\/FB_IMG_1722596815722.jpg 700w\" sizes=\"auto, (max-width: 300px) 100vw, 300px\" \/><\/a><\/p>\n<p><a href=\"https:\/\/wo-soll-das-hinfuehren.de\/Hauptmenue\/wp-content\/uploads\/2024\/09\/FB_IMG_1725456956125.jpg\"><img loading=\"lazy\" decoding=\"async\" class=\"alignnone size-medium wp-image-6128\" src=\"https:\/\/wo-soll-das-hinfuehren.de\/Hauptmenue\/wp-content\/uploads\/2024\/09\/FB_IMG_1725456956125-300x249.jpg\" alt=\"\" width=\"300\" height=\"249\" srcset=\"https:\/\/wo-soll-das-hinfuehren.de\/Hauptmenue\/wp-content\/uploads\/2024\/09\/FB_IMG_1725456956125-300x249.jpg 300w, https:\/\/wo-soll-das-hinfuehren.de\/Hauptmenue\/wp-content\/uploads\/2024\/09\/FB_IMG_1725456956125.jpg 720w\" sizes=\"auto, (max-width: 300px) 100vw, 300px\" \/><\/a><\/p>\n<p><a href=\"https:\/\/wo-soll-das-hinfuehren.de\/Hauptmenue\/wp-content\/uploads\/2024\/09\/FB_IMG_1724905440838.jpg\"><img loading=\"lazy\" decoding=\"async\" class=\"alignnone size-medium wp-image-6123\" src=\"https:\/\/wo-soll-das-hinfuehren.de\/Hauptmenue\/wp-content\/uploads\/2024\/09\/FB_IMG_1724905440838-300x219.jpg\" alt=\"\" width=\"300\" height=\"219\" srcset=\"https:\/\/wo-soll-das-hinfuehren.de\/Hauptmenue\/wp-content\/uploads\/2024\/09\/FB_IMG_1724905440838-300x219.jpg 300w, https:\/\/wo-soll-das-hinfuehren.de\/Hauptmenue\/wp-content\/uploads\/2024\/09\/FB_IMG_1724905440838.jpg 720w\" sizes=\"auto, (max-width: 300px) 100vw, 300px\" \/><\/a><\/p>\n<p>Hier sind wir [\u2026].<\/p>\n<p><a href=\"https:\/\/wo-soll-das-hinfuehren.de\/Hauptmenue\/wp-content\/uploads\/2024\/09\/FB_IMG_1725825549751.jpg\"><img loading=\"lazy\" decoding=\"async\" class=\"alignnone size-medium wp-image-6150\" src=\"https:\/\/wo-soll-das-hinfuehren.de\/Hauptmenue\/wp-content\/uploads\/2024\/09\/FB_IMG_1725825549751-283x300.jpg\" alt=\"\" width=\"283\" height=\"300\" srcset=\"https:\/\/wo-soll-das-hinfuehren.de\/Hauptmenue\/wp-content\/uploads\/2024\/09\/FB_IMG_1725825549751-283x300.jpg 283w, https:\/\/wo-soll-das-hinfuehren.de\/Hauptmenue\/wp-content\/uploads\/2024\/09\/FB_IMG_1725825549751.jpg 509w\" sizes=\"auto, (max-width: 283px) 100vw, 283px\" \/><\/a><\/p>\n<p><a href=\"https:\/\/wo-soll-das-hinfuehren.de\/Hauptmenue\/wp-content\/uploads\/2024\/09\/FB_IMG_1725551500335.jpg\"><img loading=\"lazy\" decoding=\"async\" class=\"alignnone wp-image-6129\" src=\"https:\/\/wo-soll-das-hinfuehren.de\/Hauptmenue\/wp-content\/uploads\/2024\/09\/FB_IMG_1725551500335-249x300.jpg\" alt=\"\" width=\"343\" height=\"414\" srcset=\"https:\/\/wo-soll-das-hinfuehren.de\/Hauptmenue\/wp-content\/uploads\/2024\/09\/FB_IMG_1725551500335-249x300.jpg 249w, https:\/\/wo-soll-das-hinfuehren.de\/Hauptmenue\/wp-content\/uploads\/2024\/09\/FB_IMG_1725551500335.jpg 720w\" sizes=\"auto, (max-width: 343px) 100vw, 343px\" \/><\/a><\/p>\n<p>Bundespressekonferenz 2019:<\/p>\n<p>Worte von Dr. Eckart von Hirschhausen zum Thema &#8222;Wachstum&#8220;:<\/p>\n<p><a href=\"https:\/\/youtu.be\/OAoPkVfeTo0\">Dr. Eckart von Hirschhausen<\/a><\/p>\n<p>Zu finden in meinem Beitrag <a href=\"https:\/\/wo-soll-das-hinfuehren.de\/Hauptmenue\/?p=1604\">&#8222;Unterst\u00fctzer von fridaysforfuture&#8220;<\/a><\/p>\n<p>Saskia Meyer fragt 2021:<\/p>\n<p><strong><a href=\"https:\/\/youtu.be\/xwJl_FriZfs\"><span style=\"color: #ff0000;\">Saskia Meyer: Wollen wir wirklich die H\u00f6lle auf Erden?<\/span><\/a><\/strong><\/p>\n<p>Die Antwort: Ja, nat\u00fcrlich [\u2026].<\/p>\n<p>&nbsp;<\/p>\n<ul>\n<li>Heute Morgen habe ich mir dieses Gespr\u00e4ch mit Professor Steurer angeschaut:<\/li>\n<\/ul>\n<p><a href=\"https:\/\/youtu.be\/ZxT-CqlT1YY?si=nrX4NzpFFZJluShQ\"><span style=\"color: #ff0000;\"><strong>Klimapolitik-Experte Reinhard Steurer \u00fcber Schein-Klimaschutz<\/strong><\/span><\/a><\/p>\n<p>So erlebe ich das schon seit 21 Jahren [\u2026].<\/p>\n<p>&nbsp;<\/p>\n<ul>\n<li>Da diese Grafik heute am 09.09.2024 mehrfach auf Facebook gepostet wurde veranlasst dies mich heute auch hier mit der &#8222;Wahrheit&#8220; weiter zu machen [\u2026].<\/li>\n<\/ul>\n<p><a href=\"https:\/\/wo-soll-das-hinfuehren.de\/Hauptmenue\/wp-content\/uploads\/2024\/09\/FB_IMG_1725815677813.jpg\"><img loading=\"lazy\" decoding=\"async\" class=\"alignnone size-medium wp-image-6098\" src=\"https:\/\/wo-soll-das-hinfuehren.de\/Hauptmenue\/wp-content\/uploads\/2024\/09\/FB_IMG_1725815677813-300x300.jpg\" alt=\"\" width=\"300\" height=\"300\" srcset=\"https:\/\/wo-soll-das-hinfuehren.de\/Hauptmenue\/wp-content\/uploads\/2024\/09\/FB_IMG_1725815677813-300x300.jpg 300w, https:\/\/wo-soll-das-hinfuehren.de\/Hauptmenue\/wp-content\/uploads\/2024\/09\/FB_IMG_1725815677813-150x150.jpg 150w, https:\/\/wo-soll-das-hinfuehren.de\/Hauptmenue\/wp-content\/uploads\/2024\/09\/FB_IMG_1725815677813.jpg 720w\" sizes=\"auto, (max-width: 300px) 100vw, 300px\" \/><\/a><\/p>\n<p>Zu diesen Posts gab ich auch einige Kommentare auf Facebook ab. Durch einen kleinen Austausch mit einem Herrn fiel mir dieses 1 Jahr alte Video von Martin Oetting ein, welches ich in meinen &#8222;News 2023&#8220; verlinkt habe:<\/p>\n<h2><strong><a href=\"https:\/\/youtu.be\/CWw-xcDzMDI\"><span style=\"color: #008000;\">Der Mut zur Wahrheit<\/span><\/a><\/strong><\/h2>\n<p>Offensichtlich wurde ich vor ca. 3 Wochen aus der Facebook-Gruppe &#8222;F\u00fcr unsere Enkel\/Klimaschutz geht alle an&#8220; geworfen, weil ich dort \u00f6fters Kommentare abgab, in denen ich die ganze Wahrheit pr\u00e4sentierte. Soweit ich mich erinnere, hat in den ganzen Jahren lediglich ein Rentner aus \u00d6sterreich geschrieben, dass er seine Lebensweise ge\u00e4ndert hat. Dem Ersteller der Gruppe habe ich nach kurzem Austausch geschrieben, dass ich auch nicht mehr in diese Gruppe m\u00f6chte, da dort &#8211; wie in den anderen Umweltgruppen &#8211; kein Austausch \u00fcber unser Grundproblem (unseren westlichen Lebensstil) stattfindet.<\/p>\n<p>&nbsp;<\/p>\n<ul>\n<li>Ein weiterer Beweis, dass es nicht am Verstehen liegt:<\/li>\n<\/ul>\n<p><span style=\"color: #339966;\"><strong><a style=\"color: #339966;\" href=\"https:\/\/cba.media\/668963?fbclid=IwY2xjawEnHkdleHRuA2FlbQIxMQABHWTinI6ZWiSUqAYi8zIQczu-DGCT0x5uU4jrBaM3XINr3lzfEG6Q7gyBIw_aem_j-46IEnqLGuN2W1eVOPwKw\"><span style=\"color: #008000;\">Kinder sprechen \u00fcber Klimawandel und Zukunftstr\u00e4ume<\/span><\/a><\/strong><\/span><\/p>\n<p>In diesem Zusammenhang m\u00f6chte ich nochmal den in meinen News 2023 verlinkten Podcast von Professor Steurer empfehlen:<\/p>\n<p><strong><a href=\"https:\/\/m.youtube.com\/watch?si=-z1S1cMZ9ISkZ38c&amp;fbclid=IwAR0Zztd0sH0C5tY1csdLgKvqEbdzbf0AlANspdrHrc-v-1fZe_EuPaUASNY&amp;v=HRei8XwZIa8&amp;feature=youtu.be\"><span style=\"color: #008000;\">\u201ePapa, was hast du getan, um die Katastrophe zu verhindern?\u201c Reinhard Steurer in \u00d61 #Gedanken<\/span> <\/a><\/strong><\/p>\n<p>&nbsp;<\/p>\n<ul>\n<li>Kleines Jubil\u00e4um: 2 Jahre\u00a0 &#8222;<strong><a href=\"https:\/\/www.die-seite-der-wahrheit.de\">die-seite-der-wahrheit.de&#8220;<\/a><\/strong><\/li>\n<\/ul>\n<p>Die Ignoranz und Verdr\u00e4ngung wird immer gr\u00f6\u00dfer, desto n\u00e4her die Katastrophe r\u00fcckt [\u2026].\u00a0 Professor Schellnhuber beschreibt es am 06.12.2023 im \u00f6sterreichischen Fernsehen:\u00a0 <strong><a href=\"https:\/\/youtu.be\/CjwV0zlHxOo?si=NQ8UcOkgXfPR8RrE\">Interview <\/a><\/strong><\/p>\n<p>\u00dcber Verzicht &#8211; unser Grundproblem &#8211; wird auch weiterhin nicht gesprochen, geschrieben oder diskutiert. Auch in keiner Umweltgruppe [\u2026]. Der Ausgang ist klar [\u2026]. Mehrfach auf meiner Webseite verlinkt:<\/p>\n<h3><a href=\"https:\/\/youtu.be\/_RMQZU-xLvk\"><span style=\"color: #ff0000;\">Wer wir waren<\/span><\/a><\/h3>\n<h3><a href=\"https:\/\/wo-soll-das-hinfuehren.de\/Hauptmenue\/wp-content\/uploads\/2023\/05\/ScreenRecorderProject180.mp4\"><span style=\"color: #ff0000;\">Ausschnitt<\/span><\/a><\/h3>\n<p><a href=\"https:\/\/wo-soll-das-hinfuehren.de\/Hauptmenue\/wp-content\/uploads\/2022\/06\/Kommentar-1.jpg\"><strong>Ein treffender Kommentar von einem Herrn im Mai 2022<\/strong><\/a><\/p>\n<p><a href=\"https:\/\/wo-soll-das-hinfuehren.de\/Hauptmenue\/wp-content\/uploads\/2024\/07\/FB_IMG_1720159073434.jpg\"><strong>Der Nachweis, dass wir unserem Verschwinden nichts entgegenzusetzen haben<\/strong><\/a><\/p>\n<p>Wahre Worte:<\/p>\n<p><a href=\"https:\/\/wo-soll-das-hinfuehren.de\/Hauptmenue\/wp-content\/uploads\/2024\/08\/FB_IMG_1723029144206.jpg\"><img loading=\"lazy\" decoding=\"async\" class=\"alignnone size-medium wp-image-6071\" src=\"https:\/\/wo-soll-das-hinfuehren.de\/Hauptmenue\/wp-content\/uploads\/2024\/08\/FB_IMG_1723029144206-300x300.jpg\" alt=\"\" width=\"300\" height=\"300\" srcset=\"https:\/\/wo-soll-das-hinfuehren.de\/Hauptmenue\/wp-content\/uploads\/2024\/08\/FB_IMG_1723029144206-300x300.jpg 300w, https:\/\/wo-soll-das-hinfuehren.de\/Hauptmenue\/wp-content\/uploads\/2024\/08\/FB_IMG_1723029144206-150x150.jpg 150w, https:\/\/wo-soll-das-hinfuehren.de\/Hauptmenue\/wp-content\/uploads\/2024\/08\/FB_IMG_1723029144206.jpg 720w\" sizes=\"auto, (max-width: 300px) 100vw, 300px\" \/><\/a><\/p>\n<p>&nbsp;<\/p>\n<p style=\"text-align: center;\"><strong>Die Wahrheit ist unumst\u00f6\u00dflich und holt uns jetzt ein [\u2026].<\/strong><\/p>\n<p>Vor einem Jahr bei Kassel:<\/p>\n<p><iframe loading=\"lazy\" title=\"Ernte zerst\u00f6rt?- Junglandwirt emp\u00f6rt \u00fcber Unwettersch\u00e4den in Kassel am 22.06.2023\" width=\"660\" height=\"371\" src=\"https:\/\/www.youtube.com\/embed\/fVGKi5_MdaQ?feature=oembed\" frameborder=\"0\" allow=\"accelerometer; autoplay; clipboard-write; encrypted-media; gyroscope; picture-in-picture; web-share\" referrerpolicy=\"strict-origin-when-cross-origin\" allowfullscreen><\/iframe><\/p>\n<p>Anfang August 2024 bei Kassel:<\/p>\n<p><strong><a href=\"https:\/\/www.hessenschau.de\/panorama\/nach-dem-unwetter-in-nordhessen-gottsbueren-gleicht-einem-truemmerfeld-v2,unwetter-gottsbueren-104.html\">Unwetter bei Kassel &#8211; Gottsb\u00fcren gleicht einem Tr\u00fcmmerfeld<\/a><\/strong><\/p>\n<p>&nbsp;<\/p>\n<ul>\n<li>Empfehlung: <strong><a href=\"https:\/\/youtu.be\/OFqRqSwVPao?si=eK7Z5aFMFu6GGgCR\">Erkl\u00e4rvideo<\/a><\/strong><\/li>\n<\/ul>\n<p>Dazu kann ich dieses etwas \u00e4ltere Erkl\u00e4rvideo aus meinem Beitrag &#8222;Die Menschheit schafft sich ab&#8220; empfehlen, in dem Zeilen vom IPCC Bericht vorgelesen werden. Hinweis: Das Video dauert ca. 10 Minuten und enth\u00e4lt eine l\u00e4ngere Sprachpause nach ein paar Minuten.<\/p>\n<p><a href=\"http:\/\/climatefactsnow.org\/alle-fakten-in-10-minuten-erklaert\/\"><strong>Alle Fakten in 10 Minuten erkl\u00e4rt<\/strong><\/a><\/p>\n<p>Und da ja die meisten Menschen nichts von der Realit\u00e4t mitbekommen (wollen), hier nochmal ein Link aus meinen &#8222;News 2023&#8220; und ein weiter unten verlinkter Artikel:<\/p>\n<p><strong><a href=\"https:\/\/www.klimareporter.de\/erdsystem\/tausende-forschende-warnen-erneut-vor-unermesslichem-leid-durch-die-klimakrise\"><span style=\"color: #ff0000;\">Klimanotstand erneut ausgerufen 28. Juli 2021 &#8211; Tausende Forschende warnen erneut vor &#8222;unermesslichem Leid&#8220; durch die Klimakrise<\/span><\/a><\/strong><\/p>\n<p><strong><a href=\"https:\/\/www.tagesspiegel.de\/wissen\/die-besten-klimawissenschaftler-sind-verzweifelt-sie-erwarten-eine-verheerende-uberhitzung-des-planeten-11638898.html\"><span style=\"color: #ff0000;\">Verheerende \u00dcberhitzung des Planeten: Die besten Klimawissenschaftler sind verzweifelt<\/span><\/a><\/strong><\/p>\n<p>&nbsp;<\/p>\n<ul>\n<li>Heute am 01.08.2024 ist Earth Overshoot Day.<\/li>\n<\/ul>\n<h6 class=\"detail_headline\">Ab dem 1. August schulden wir Menschen der Erde was!<\/h6>\n<p><span style=\"color: #ff0000;\"><strong><a style=\"color: #ff0000;\" href=\"https:\/\/www.ardalpha.de\/wissen\/umwelt\/nachhaltigkeit\/earth-overshoot-day-welterschoepfungstag-klima-oekologischer-fussabdruck-100.html?fbclid=IwY2xjawEYapRleHRuA2FlbQIxMQABHbvgbWRg-clKRKZIWqwcAiUfSDAfnk7RhS4ctHm6RjEZqAOCKW2h5Sj5qQ_aem_reZLjQAP_Kiw1xtpvjrG2w\">Earth Overshoot Day 2024<\/a><\/strong><\/span><\/p>\n<p>Ein Screenshot von Facebook:<\/p>\n<p><a href=\"https:\/\/wo-soll-das-hinfuehren.de\/Hauptmenue\/wp-content\/uploads\/2024\/08\/Screenshot_20240801_152019_Facebook.jpg\"><img loading=\"lazy\" decoding=\"async\" class=\"alignnone size-medium wp-image-6026\" src=\"https:\/\/wo-soll-das-hinfuehren.de\/Hauptmenue\/wp-content\/uploads\/2024\/08\/Screenshot_20240801_152019_Facebook-135x300.jpg\" alt=\"\" width=\"135\" height=\"300\" srcset=\"https:\/\/wo-soll-das-hinfuehren.de\/Hauptmenue\/wp-content\/uploads\/2024\/08\/Screenshot_20240801_152019_Facebook-135x300.jpg 135w, https:\/\/wo-soll-das-hinfuehren.de\/Hauptmenue\/wp-content\/uploads\/2024\/08\/Screenshot_20240801_152019_Facebook-461x1024.jpg 461w, https:\/\/wo-soll-das-hinfuehren.de\/Hauptmenue\/wp-content\/uploads\/2024\/08\/Screenshot_20240801_152019_Facebook-691x1536.jpg 691w, https:\/\/wo-soll-das-hinfuehren.de\/Hauptmenue\/wp-content\/uploads\/2024\/08\/Screenshot_20240801_152019_Facebook.jpg 720w\" sizes=\"auto, (max-width: 135px) 100vw, 135px\" \/><\/a><\/p>\n<p>&nbsp;<\/p>\n<ul>\n<li>Nachdem ich dem ganzen bunten Treiben nicht einfach tatenlos zusehen kann, war ich in den letzten 3 Wochen auf Facebook wieder aktiv. Mit dem Ergebnis:<\/li>\n<\/ul>\n<p><strong>&#8222;Das Ganze was aktuell abl\u00e4uft ist ein einziges gro\u00dfes TRAUERSPIEL!&#8220;<\/strong><\/p>\n<p>Es gibt fast keine Menschen, welche sich mit unserem westlichen Lebensstil auseinandersetzen! Das ist eines unserer Grundprobleme, weil unser Lebensstil nichts mit einer nachhaltigen Lebensweise im Einklang mit der Natur zu tun hat, sondern auf Konsum, Wachstum und Verschwendung basiert. Es gibt au\u00dfer Professor Lesch, Professor Austmann, dem bereits verstorbenen Professor Hoimar von Dithfurt und meiner Wenigkeit niemand, der unseren kollektiven Massenselbstmord bemerkt. Ausnahme ist eine aktive Frau auf Facebook, deren Posts auch gr\u00f6\u00dftenteils ignoriert werden und vermutlich ein paar j\u00fcngere Leute, welche die Webseite <span style=\"color: #008000;\"><strong><a style=\"color: #008000;\" href=\"https:\/\/www.brainchange-oldschool.de\/2021\/05\/20\/mensch-versteh-doch-f%C3%BChle\/?fbclid=IwZXh0bgNhZW0CMTEAAR2mzy-hI7v5LnsMoJIcTWtuGLhXGOZYKOHReVpzF9Cg2o0l4fIwP_b0Vi8_aem_ogpH6NHQ1oQdl0g5IexTDA\">brainchange-oldschool.de <\/a><\/strong><\/span>betreiben.<\/p>\n<p>Hier noch ein paar Bildchen dazu [\u2026].<\/p>\n<p>Das findet aktuell statt und wurde heute beim Friseur best\u00e4tigt:<\/p>\n<p><a href=\"https:\/\/wo-soll-das-hinfuehren.de\/Hauptmenue\/wp-content\/uploads\/2024\/08\/FB_IMG_1722518226478.jpg\"><img loading=\"lazy\" decoding=\"async\" class=\"alignnone size-medium wp-image-6004\" src=\"https:\/\/wo-soll-das-hinfuehren.de\/Hauptmenue\/wp-content\/uploads\/2024\/08\/FB_IMG_1722518226478-243x300.jpg\" alt=\"\" width=\"243\" height=\"300\" srcset=\"https:\/\/wo-soll-das-hinfuehren.de\/Hauptmenue\/wp-content\/uploads\/2024\/08\/FB_IMG_1722518226478-243x300.jpg 243w, https:\/\/wo-soll-das-hinfuehren.de\/Hauptmenue\/wp-content\/uploads\/2024\/08\/FB_IMG_1722518226478.jpg 519w\" sizes=\"auto, (max-width: 243px) 100vw, 243px\" \/><\/a><\/p>\n<p>Recht gut erkannt:<\/p>\n<p><a href=\"https:\/\/wo-soll-das-hinfuehren.de\/Hauptmenue\/wp-content\/uploads\/2024\/08\/FB_IMG_1722512697668.jpg\"><img loading=\"lazy\" decoding=\"async\" class=\"alignnone size-medium wp-image-6005\" src=\"https:\/\/wo-soll-das-hinfuehren.de\/Hauptmenue\/wp-content\/uploads\/2024\/08\/FB_IMG_1722512697668-264x300.jpg\" alt=\"\" width=\"264\" height=\"300\" srcset=\"https:\/\/wo-soll-das-hinfuehren.de\/Hauptmenue\/wp-content\/uploads\/2024\/08\/FB_IMG_1722512697668-264x300.jpg 264w, https:\/\/wo-soll-das-hinfuehren.de\/Hauptmenue\/wp-content\/uploads\/2024\/08\/FB_IMG_1722512697668.jpg 720w\" sizes=\"auto, (max-width: 264px) 100vw, 264px\" \/><\/a><\/p>\n<p>Habe ich auf Facebook vor kurzem geliked:<\/p>\n<p><a href=\"https:\/\/wo-soll-das-hinfuehren.de\/Hauptmenue\/wp-content\/uploads\/2024\/08\/FB_IMG_1722022343935.jpg\"><img loading=\"lazy\" decoding=\"async\" class=\"alignnone size-medium wp-image-6003\" src=\"https:\/\/wo-soll-das-hinfuehren.de\/Hauptmenue\/wp-content\/uploads\/2024\/08\/FB_IMG_1722022343935-228x300.jpg\" alt=\"\" width=\"228\" height=\"300\" srcset=\"https:\/\/wo-soll-das-hinfuehren.de\/Hauptmenue\/wp-content\/uploads\/2024\/08\/FB_IMG_1722022343935-228x300.jpg 228w, https:\/\/wo-soll-das-hinfuehren.de\/Hauptmenue\/wp-content\/uploads\/2024\/08\/FB_IMG_1722022343935.jpg 526w\" sizes=\"auto, (max-width: 228px) 100vw, 228px\" \/><\/a><\/p>\n<p>Das auch:<\/p>\n<p><a href=\"https:\/\/wo-soll-das-hinfuehren.de\/Hauptmenue\/wp-content\/uploads\/2024\/08\/FB_IMG_1722450675548.jpg\"><img loading=\"lazy\" decoding=\"async\" class=\"alignnone size-medium wp-image-6016\" src=\"https:\/\/wo-soll-das-hinfuehren.de\/Hauptmenue\/wp-content\/uploads\/2024\/08\/FB_IMG_1722450675548-212x300.jpg\" alt=\"\" width=\"212\" height=\"300\" srcset=\"https:\/\/wo-soll-das-hinfuehren.de\/Hauptmenue\/wp-content\/uploads\/2024\/08\/FB_IMG_1722450675548-212x300.jpg 212w, https:\/\/wo-soll-das-hinfuehren.de\/Hauptmenue\/wp-content\/uploads\/2024\/08\/FB_IMG_1722450675548.jpg 509w\" sizes=\"auto, (max-width: 212px) 100vw, 212px\" \/><\/a><\/p>\n<p>\u00dcber die vielen Autos habe ich mich auch wieder etwas aufgeregt und einige Kommentare und Empfehlungen abgegeben. Auch bei dem Thema sind alle resistent [\u2026]. Die Zahl der zugelassenen Fahrzeuge \u00fcbersteigt allein in Deutschland schon 49 Millionen PKW`s. Der Trend geht zu riesigen SUV`S.<\/p>\n<p><a href=\"https:\/\/wo-soll-das-hinfuehren.de\/Hauptmenue\/wp-content\/uploads\/2024\/08\/FB_IMG_1721465903963.jpg\"><img loading=\"lazy\" decoding=\"async\" class=\"alignnone size-medium wp-image-6002\" src=\"https:\/\/wo-soll-das-hinfuehren.de\/Hauptmenue\/wp-content\/uploads\/2024\/08\/FB_IMG_1721465903963-220x300.jpg\" alt=\"\" width=\"220\" height=\"300\" srcset=\"https:\/\/wo-soll-das-hinfuehren.de\/Hauptmenue\/wp-content\/uploads\/2024\/08\/FB_IMG_1721465903963-220x300.jpg 220w, https:\/\/wo-soll-das-hinfuehren.de\/Hauptmenue\/wp-content\/uploads\/2024\/08\/FB_IMG_1721465903963.jpg 720w\" sizes=\"auto, (max-width: 220px) 100vw, 220px\" \/><\/a><\/p>\n<p>Noch ein Artikel dazu: <a href=\"https:\/\/www.spiegel.de\/deinspiegel\/vom-suv-bis-zum-van-warum-werden-autos-immer-groesser-a-8d4eff69-94d4-4e77-896d-fdedf58b48f9\"><strong><span style=\"color: #ff0000;\">Warum werden Autos immer gr\u00f6\u00dfer?<\/span><\/strong><\/a><\/p>\n<p>&nbsp;<\/p>\n<ul>\n<li>Dieser Artikel vom 26.07.2024 gibt mir Anlass meine Webseite fr\u00fcher als geplant zu aktualisieren:<\/li>\n<\/ul>\n<p><span style=\"color: #ff0000;\"><strong><a style=\"color: #ff0000;\" href=\"https:\/\/www.profil.at\/meinung\/verdraengen-und-vertagen-der-bequeme-klima-schwindel\/402929095?fbclid=IwY2xjawESLjhleHRuA2FlbQIxMQABHbMY7mw1JRYdGgu7bFlMmTr-yHyfRj2KwrIM4wN6BvNl8whqrAXmRC39YA_aem_nJLj8i0v9ztj2cGfOPBMQg\">Verdr\u00e4ngen und vertagen: Der bequeme Klima-Schwindel<\/a><\/strong><\/span><\/p>\n<p>Aus dem Artikel:<\/p>\n<p><a href=\"https:\/\/wo-soll-das-hinfuehren.de\/Hauptmenue\/wp-content\/uploads\/2024\/08\/Screenshot_20240807_150933_Samsung-Internet.jpg\"><img loading=\"lazy\" decoding=\"async\" class=\"alignnone size-medium wp-image-6068\" src=\"https:\/\/wo-soll-das-hinfuehren.de\/Hauptmenue\/wp-content\/uploads\/2024\/08\/Screenshot_20240807_150933_Samsung-Internet-259x300.jpg\" alt=\"\" width=\"259\" height=\"300\" srcset=\"https:\/\/wo-soll-das-hinfuehren.de\/Hauptmenue\/wp-content\/uploads\/2024\/08\/Screenshot_20240807_150933_Samsung-Internet-259x300.jpg 259w, https:\/\/wo-soll-das-hinfuehren.de\/Hauptmenue\/wp-content\/uploads\/2024\/08\/Screenshot_20240807_150933_Samsung-Internet.jpg 720w\" sizes=\"auto, (max-width: 259px) 100vw, 259px\" \/><\/a><\/p>\n<p>Eigentlich wollte ich meine Webseite erst im August aktualisieren, weil diese 21 Jahre alte Webseite, dann seit 2 Jahren auch unter der Webadresse\u00a0<strong><a href=\"https:\/\/www.die-seite-der-wahrheit.de\">https:\/\/www.die-seite-der-wahrheit.de <\/a><\/strong>zu erreichen ist. Begeben wir uns mal ein bisschen in die Details [\u2026].<\/p>\n<p>Erfreulich: <a href=\"https:\/\/www.zdf.de\/nachrichten\/panorama\/groesste-un-umfrage-klima-sorge-klimaschutz-100.html?fbclid=IwZXh0bgNhZW0CMTEAAR0j-epdnI_6MLl4cEYC4OinNctuLp_nae6tObgqzxnQH0eGiyxWypV2DfM_aem_ozvNXKdMFZonoCxaf3Qk3g\">Viele Menschen sind f\u00fcr mehr Klimaschutz<\/a><\/p>\n<p>Kommen wir zur\u00fcck zum oben verlinkten Artikel vom 26.07.2024 und zur traurigen Realit\u00e4t\/Wahrheit:<\/p>\n<div style=\"width: 480px;\" class=\"wp-video\"><video class=\"wp-video-shortcode\" id=\"video-5543-2\" width=\"480\" height=\"848\" preload=\"metadata\" controls=\"controls\"><source type=\"video\/mp4\" src=\"https:\/\/wo-soll-das-hinfuehren.de\/Hauptmenue\/wp-content\/uploads\/2024\/07\/VID-20240606-WA0001.mp4?_=2\" \/><a href=\"https:\/\/wo-soll-das-hinfuehren.de\/Hauptmenue\/wp-content\/uploads\/2024\/07\/VID-20240606-WA0001.mp4\">https:\/\/wo-soll-das-hinfuehren.de\/Hauptmenue\/wp-content\/uploads\/2024\/07\/VID-20240606-WA0001.mp4<\/a><\/video><\/div>\n<p>Bleiben wir weiter bei dem Artikel vom 26.07.2024 und der Wahrheit und schauen uns erneut an, was Frau Professorin Kromp-Kolb letztes Jahr im Sommer schrieb:<\/p>\n<p><a href=\"https:\/\/wo-soll-das-hinfuehren.de\/Hauptmenue\/wp-content\/uploads\/2023\/09\/FB_IMG_1693378417662.jpg\"><img loading=\"lazy\" decoding=\"async\" class=\"alignnone size-medium wp-image-5275\" src=\"https:\/\/wo-soll-das-hinfuehren.de\/Hauptmenue\/wp-content\/uploads\/2023\/09\/FB_IMG_1693378417662-64x300.jpg\" alt=\"\" width=\"64\" height=\"300\" srcset=\"https:\/\/wo-soll-das-hinfuehren.de\/Hauptmenue\/wp-content\/uploads\/2023\/09\/FB_IMG_1693378417662-64x300.jpg 64w, https:\/\/wo-soll-das-hinfuehren.de\/Hauptmenue\/wp-content\/uploads\/2023\/09\/FB_IMG_1693378417662-329x1536.jpg 329w, https:\/\/wo-soll-das-hinfuehren.de\/Hauptmenue\/wp-content\/uploads\/2023\/09\/FB_IMG_1693378417662.jpg 439w\" sizes=\"auto, (max-width: 64px) 100vw, 64px\" \/><\/a><\/p>\n<p>Weitere Fakten und weiter unten schon mal verlinkt:<\/p>\n<p><a href=\"https:\/\/taz.de\/Erdueberlastungstag-fuer-Deutschland\/!6008013\/\"><strong><span style=\"color: #ff0000;\">Erd\u00fcberlastungstag f\u00fcr Deutschland: Ressourcen f\u00fcr 2024 verbraucht<\/span> <\/strong><\/a><\/p>\n<p>Das Ergebnis einer recht aktuellen Umfrage:<\/p>\n<p><a href=\"https:\/\/wo-soll-das-hinfuehren.de\/Hauptmenue\/wp-content\/uploads\/2024\/07\/FB_IMG_1720159073434.jpg\"><img loading=\"lazy\" decoding=\"async\" class=\"alignnone size-medium wp-image-5959\" src=\"https:\/\/wo-soll-das-hinfuehren.de\/Hauptmenue\/wp-content\/uploads\/2024\/07\/FB_IMG_1720159073434-155x300.jpg\" alt=\"\" width=\"155\" height=\"300\" srcset=\"https:\/\/wo-soll-das-hinfuehren.de\/Hauptmenue\/wp-content\/uploads\/2024\/07\/FB_IMG_1720159073434-155x300.jpg 155w, https:\/\/wo-soll-das-hinfuehren.de\/Hauptmenue\/wp-content\/uploads\/2024\/07\/FB_IMG_1720159073434-531x1024.jpg 531w, https:\/\/wo-soll-das-hinfuehren.de\/Hauptmenue\/wp-content\/uploads\/2024\/07\/FB_IMG_1720159073434.jpg 567w\" sizes=\"auto, (max-width: 155px) 100vw, 155px\" \/><\/a><\/p>\n<p>Bleiben wir (nat\u00fcrlich) weiter bei der traurigen Wahrheit:<\/p>\n<p><a href=\"https:\/\/www.deutschlandfunk.de\/studie-planetare-grenzen-ueberschritten-lebensgrundlage-mensch-100.html\"><span style=\"color: #ff0000;\"><strong>Studie zu planetaren Grenzen &#8211; Die Menschheit ruiniert ihre Lebensgrundlage<\/strong><\/span><\/a><\/p>\n<p>Noch eine Grafik dazu:<\/p>\n<p><a href=\"https:\/\/wo-soll-das-hinfuehren.de\/Hauptmenue\/wp-content\/uploads\/2024\/07\/planetary-boundaries-infografik-2023-100-1280xauto.jpg\"><img loading=\"lazy\" decoding=\"async\" class=\"alignnone size-medium wp-image-5960\" src=\"https:\/\/wo-soll-das-hinfuehren.de\/Hauptmenue\/wp-content\/uploads\/2024\/07\/planetary-boundaries-infografik-2023-100-1280xauto-300x169.jpg\" alt=\"\" width=\"300\" height=\"169\" srcset=\"https:\/\/wo-soll-das-hinfuehren.de\/Hauptmenue\/wp-content\/uploads\/2024\/07\/planetary-boundaries-infografik-2023-100-1280xauto-300x169.jpg 300w, https:\/\/wo-soll-das-hinfuehren.de\/Hauptmenue\/wp-content\/uploads\/2024\/07\/planetary-boundaries-infografik-2023-100-1280xauto-1024x576.jpg 1024w, https:\/\/wo-soll-das-hinfuehren.de\/Hauptmenue\/wp-content\/uploads\/2024\/07\/planetary-boundaries-infografik-2023-100-1280xauto-768x432.jpg 768w, https:\/\/wo-soll-das-hinfuehren.de\/Hauptmenue\/wp-content\/uploads\/2024\/07\/planetary-boundaries-infografik-2023-100-1280xauto.jpg 1280w\" sizes=\"auto, (max-width: 300px) 100vw, 300px\" \/><\/a><\/p>\n<p>Eine weiter unten verlinkte Grafik:<\/p>\n<p><a href=\"https:\/\/wo-soll-das-hinfuehren.de\/Hauptmenue\/wp-content\/uploads\/2024\/02\/Screenshot_20240218_101812_Chrome.jpg\"><img loading=\"lazy\" decoding=\"async\" class=\"alignnone size-medium wp-image-5730\" src=\"https:\/\/wo-soll-das-hinfuehren.de\/Hauptmenue\/wp-content\/uploads\/2024\/02\/Screenshot_20240218_101812_Chrome-135x300.jpg\" alt=\"\" width=\"135\" height=\"300\" srcset=\"https:\/\/wo-soll-das-hinfuehren.de\/Hauptmenue\/wp-content\/uploads\/2024\/02\/Screenshot_20240218_101812_Chrome-135x300.jpg 135w, https:\/\/wo-soll-das-hinfuehren.de\/Hauptmenue\/wp-content\/uploads\/2024\/02\/Screenshot_20240218_101812_Chrome-461x1024.jpg 461w, https:\/\/wo-soll-das-hinfuehren.de\/Hauptmenue\/wp-content\/uploads\/2024\/02\/Screenshot_20240218_101812_Chrome-691x1536.jpg 691w, https:\/\/wo-soll-das-hinfuehren.de\/Hauptmenue\/wp-content\/uploads\/2024\/02\/Screenshot_20240218_101812_Chrome.jpg 720w\" sizes=\"auto, (max-width: 135px) 100vw, 135px\" \/><\/a><\/p>\n<p>Und noch der Link dazu:<\/p>\n<p><a href=\"https:\/\/www.stockholmresilience.org\/research\/planetary-boundaries.html\"><strong><span style=\"color: #ff0000;\">Planetare Grenzen &#8211; Stockholm Resilience Centre<\/span><\/strong><\/a><\/p>\n<p>Ein k\u00fcrzlicher Post auf Facebook:<\/p>\n<p><a href=\"https:\/\/wo-soll-das-hinfuehren.de\/Hauptmenue\/wp-content\/uploads\/2024\/07\/FB_IMG_1722191269105.jpg\"><img loading=\"lazy\" decoding=\"async\" class=\"alignnone size-medium wp-image-5977\" src=\"https:\/\/wo-soll-das-hinfuehren.de\/Hauptmenue\/wp-content\/uploads\/2024\/07\/FB_IMG_1722191269105-214x300.jpg\" alt=\"\" width=\"214\" height=\"300\" srcset=\"https:\/\/wo-soll-das-hinfuehren.de\/Hauptmenue\/wp-content\/uploads\/2024\/07\/FB_IMG_1722191269105-214x300.jpg 214w, https:\/\/wo-soll-das-hinfuehren.de\/Hauptmenue\/wp-content\/uploads\/2024\/07\/FB_IMG_1722191269105.jpg 720w\" sizes=\"auto, (max-width: 214px) 100vw, 214px\" \/><\/a><\/p>\n<p>Seine Erkenntnis deckt sich mit meiner Erkenntnis [\u2026].<\/p>\n<p><a href=\"https:\/\/wo-soll-das-hinfuehren.de\/Hauptmenue\/wp-content\/uploads\/2024\/07\/FB_IMG_1720209459213.jpg\"><img loading=\"lazy\" decoding=\"async\" class=\"alignnone size-medium wp-image-5984\" src=\"https:\/\/wo-soll-das-hinfuehren.de\/Hauptmenue\/wp-content\/uploads\/2024\/07\/FB_IMG_1720209459213-300x229.jpg\" alt=\"\" width=\"300\" height=\"229\" srcset=\"https:\/\/wo-soll-das-hinfuehren.de\/Hauptmenue\/wp-content\/uploads\/2024\/07\/FB_IMG_1720209459213-300x229.jpg 300w, https:\/\/wo-soll-das-hinfuehren.de\/Hauptmenue\/wp-content\/uploads\/2024\/07\/FB_IMG_1720209459213.jpg 708w\" sizes=\"auto, (max-width: 300px) 100vw, 300px\" \/><\/a><\/p>\n<p>Ein Ausschnitt aus Professor Leschs Vortrag &#8222;Warum tun wir nicht, was wir tun sollen&#8220; an der TU-M\u00fcnchen 2018:<\/p>\n<div style=\"width: 660px;\" class=\"wp-video\"><video class=\"wp-video-shortcode\" id=\"video-5543-3\" width=\"660\" height=\"368\" preload=\"metadata\" controls=\"controls\"><source type=\"video\/mp4\" src=\"https:\/\/wo-soll-das-hinfuehren.de\/Hauptmenue\/wp-content\/uploads\/2022\/02\/ScreenRecorderProject162.mp4?_=3\" \/><a href=\"https:\/\/wo-soll-das-hinfuehren.de\/Hauptmenue\/wp-content\/uploads\/2022\/02\/ScreenRecorderProject162.mp4\">https:\/\/wo-soll-das-hinfuehren.de\/Hauptmenue\/wp-content\/uploads\/2022\/02\/ScreenRecorderProject162.mp4<\/a><\/video><\/div>\n<p>Der Link zum ganzen Vortrag:\u00a0 <span style=\"color: #ff0000;\"><strong><a style=\"color: #ff0000;\" href=\"https:\/\/youtu.be\/MTbhCndKbTM\">&#8222;Warum tun wir nicht, was wir tun sollen&#8220;<\/a><\/strong><\/span><\/p>\n<p>&nbsp;<\/p>\n<ul>\n<li>Empfehlung:<\/li>\n<\/ul>\n<p><a href=\"https:\/\/www.zdf.de\/comedy\/die-anstalt\/die-anstalt-vom-16-juli-2024-100.html\">&#8222;Die Anstalt&#8220; vom 16.07.2024<\/a><\/p>\n<p>&nbsp;<\/p>\n<ul>\n<li>Empfehlung: Dr. Mark Benecke\u00a0 (Weitere aktuelle Messungen)<\/li>\n<\/ul>\n<p><a href=\"https:\/\/youtu.be\/Cy7UcHLtma0?si=YjbFfK2xtpIcKPdU\">&#8222;Time is up&#8220;: Update Juli 2024<\/a><\/p>\n<p>&nbsp;<\/p>\n<ul>\n<li>Kleine Bildgalerie [\u2026].<\/li>\n<\/ul>\n<p>Die 1,5 Grad haben wir offensichtlich dieses Jahr schon gerissen [\u2026].<\/p>\n<p><a href=\"https:\/\/wo-soll-das-hinfuehren.de\/Hauptmenue\/wp-content\/uploads\/2024\/07\/FB_IMG_1716301054868.jpg\"><img loading=\"lazy\" decoding=\"async\" class=\"alignnone wp-image-5917\" src=\"https:\/\/wo-soll-das-hinfuehren.de\/Hauptmenue\/wp-content\/uploads\/2024\/07\/FB_IMG_1716301054868-300x208.jpg\" alt=\"\" width=\"342\" height=\"237\" srcset=\"https:\/\/wo-soll-das-hinfuehren.de\/Hauptmenue\/wp-content\/uploads\/2024\/07\/FB_IMG_1716301054868-300x208.jpg 300w, https:\/\/wo-soll-das-hinfuehren.de\/Hauptmenue\/wp-content\/uploads\/2024\/07\/FB_IMG_1716301054868.jpg 720w\" sizes=\"auto, (max-width: 342px) 100vw, 342px\" \/><\/a><\/p>\n<p><a href=\"https:\/\/wo-soll-das-hinfuehren.de\/Hauptmenue\/wp-content\/uploads\/2024\/07\/FB_IMG_1711863420478.jpg\"><img loading=\"lazy\" decoding=\"async\" class=\"alignnone size-medium wp-image-5934\" src=\"https:\/\/wo-soll-das-hinfuehren.de\/Hauptmenue\/wp-content\/uploads\/2024\/07\/FB_IMG_1711863420478-230x300.jpg\" alt=\"\" width=\"230\" height=\"300\" srcset=\"https:\/\/wo-soll-das-hinfuehren.de\/Hauptmenue\/wp-content\/uploads\/2024\/07\/FB_IMG_1711863420478-230x300.jpg 230w, https:\/\/wo-soll-das-hinfuehren.de\/Hauptmenue\/wp-content\/uploads\/2024\/07\/FB_IMG_1711863420478.jpg 720w\" sizes=\"auto, (max-width: 230px) 100vw, 230px\" \/><\/a><\/p>\n<p><a href=\"https:\/\/wo-soll-das-hinfuehren.de\/Hauptmenue\/wp-content\/uploads\/2024\/07\/FB_IMG_1717047286646.jpg\"><img loading=\"lazy\" decoding=\"async\" class=\"alignnone size-medium wp-image-5919\" src=\"https:\/\/wo-soll-das-hinfuehren.de\/Hauptmenue\/wp-content\/uploads\/2024\/07\/FB_IMG_1717047286646-300x300.jpg\" alt=\"\" width=\"300\" height=\"300\" srcset=\"https:\/\/wo-soll-das-hinfuehren.de\/Hauptmenue\/wp-content\/uploads\/2024\/07\/FB_IMG_1717047286646-300x300.jpg 300w, https:\/\/wo-soll-das-hinfuehren.de\/Hauptmenue\/wp-content\/uploads\/2024\/07\/FB_IMG_1717047286646-150x150.jpg 150w, https:\/\/wo-soll-das-hinfuehren.de\/Hauptmenue\/wp-content\/uploads\/2024\/07\/FB_IMG_1717047286646.jpg 720w\" sizes=\"auto, (max-width: 300px) 100vw, 300px\" \/><\/a><\/p>\n<p><a href=\"https:\/\/wo-soll-das-hinfuehren.de\/Hauptmenue\/wp-content\/uploads\/2024\/07\/FB_IMG_1716030993221.jpg\"><img loading=\"lazy\" decoding=\"async\" class=\"alignnone size-medium wp-image-5918\" src=\"https:\/\/wo-soll-das-hinfuehren.de\/Hauptmenue\/wp-content\/uploads\/2024\/07\/FB_IMG_1716030993221-240x300.jpg\" alt=\"\" width=\"240\" height=\"300\" srcset=\"https:\/\/wo-soll-das-hinfuehren.de\/Hauptmenue\/wp-content\/uploads\/2024\/07\/FB_IMG_1716030993221-240x300.jpg 240w, https:\/\/wo-soll-das-hinfuehren.de\/Hauptmenue\/wp-content\/uploads\/2024\/07\/FB_IMG_1716030993221.jpg 720w\" sizes=\"auto, (max-width: 240px) 100vw, 240px\" \/><\/a><\/p>\n<p><a href=\"https:\/\/wo-soll-das-hinfuehren.de\/Hauptmenue\/wp-content\/uploads\/2024\/07\/FB_IMG_1717675918826.jpg\"><img loading=\"lazy\" decoding=\"async\" class=\"alignnone size-medium wp-image-5921\" src=\"https:\/\/wo-soll-das-hinfuehren.de\/Hauptmenue\/wp-content\/uploads\/2024\/07\/FB_IMG_1717675918826-300x220.jpg\" alt=\"\" width=\"300\" height=\"220\" srcset=\"https:\/\/wo-soll-das-hinfuehren.de\/Hauptmenue\/wp-content\/uploads\/2024\/07\/FB_IMG_1717675918826-300x220.jpg 300w, https:\/\/wo-soll-das-hinfuehren.de\/Hauptmenue\/wp-content\/uploads\/2024\/07\/FB_IMG_1717675918826.jpg 720w\" sizes=\"auto, (max-width: 300px) 100vw, 300px\" \/><\/a><\/p>\n<p><a href=\"https:\/\/wo-soll-das-hinfuehren.de\/Hauptmenue\/wp-content\/uploads\/2024\/07\/FB_IMG_1717998093425.jpg\"><img loading=\"lazy\" decoding=\"async\" class=\"alignnone size-medium wp-image-5922\" src=\"https:\/\/wo-soll-das-hinfuehren.de\/Hauptmenue\/wp-content\/uploads\/2024\/07\/FB_IMG_1717998093425-300x300.jpg\" alt=\"\" width=\"300\" height=\"300\" srcset=\"https:\/\/wo-soll-das-hinfuehren.de\/Hauptmenue\/wp-content\/uploads\/2024\/07\/FB_IMG_1717998093425-300x300.jpg 300w, https:\/\/wo-soll-das-hinfuehren.de\/Hauptmenue\/wp-content\/uploads\/2024\/07\/FB_IMG_1717998093425-150x150.jpg 150w, https:\/\/wo-soll-das-hinfuehren.de\/Hauptmenue\/wp-content\/uploads\/2024\/07\/FB_IMG_1717998093425.jpg 720w\" sizes=\"auto, (max-width: 300px) 100vw, 300px\" \/><\/a><\/p>\n<p>&nbsp;<\/p>\n<ul>\n<li>Damit konnte keiner rechnen [\u2026].<\/li>\n<\/ul>\n<p><a href=\"https:\/\/wo-soll-das-hinfuehren.de\/Hauptmenue\/wp-content\/uploads\/2024\/07\/FB_IMG_1717475438607.jpg\"><img loading=\"lazy\" decoding=\"async\" class=\"alignnone size-medium wp-image-5920\" src=\"https:\/\/wo-soll-das-hinfuehren.de\/Hauptmenue\/wp-content\/uploads\/2024\/07\/FB_IMG_1717475438607-300x244.jpg\" alt=\"\" width=\"300\" height=\"244\" srcset=\"https:\/\/wo-soll-das-hinfuehren.de\/Hauptmenue\/wp-content\/uploads\/2024\/07\/FB_IMG_1717475438607-300x244.jpg 300w, https:\/\/wo-soll-das-hinfuehren.de\/Hauptmenue\/wp-content\/uploads\/2024\/07\/FB_IMG_1717475438607.jpg 720w\" sizes=\"auto, (max-width: 300px) 100vw, 300px\" \/><\/a><\/p>\n<p><span style=\"color: #ff0000;\"><strong><a style=\"color: #ff0000;\" href=\"https:\/\/youtube.com\/shorts\/CAL1rvpo27Y?si=DA15p7e4_K1Wz4bK\">\u00dcberflutungen in China<\/a><\/strong><\/span><\/p>\n<p>&nbsp;<\/p>\n<ul>\n<li>Ein weiterer Kommentar, der die Situation recht gut beschreibt:<\/li>\n<\/ul>\n<p><a href=\"https:\/\/wo-soll-das-hinfuehren.de\/Hauptmenue\/wp-content\/uploads\/2024\/07\/Notes_240712_175434.jpg\"><img loading=\"lazy\" decoding=\"async\" class=\"alignnone size-medium wp-image-5923\" src=\"https:\/\/wo-soll-das-hinfuehren.de\/Hauptmenue\/wp-content\/uploads\/2024\/07\/Notes_240712_175434-212x300.jpg\" alt=\"\" width=\"212\" height=\"300\" srcset=\"https:\/\/wo-soll-das-hinfuehren.de\/Hauptmenue\/wp-content\/uploads\/2024\/07\/Notes_240712_175434-212x300.jpg 212w, https:\/\/wo-soll-das-hinfuehren.de\/Hauptmenue\/wp-content\/uploads\/2024\/07\/Notes_240712_175434.jpg 720w\" sizes=\"auto, (max-width: 212px) 100vw, 212px\" \/><\/a><\/p>\n<p><span style=\"color: #ff0000;\"><strong><a style=\"color: #ff0000;\" href=\"https:\/\/wo-soll-das-hinfuehren.de\/Hauptmenue\/wp-content\/uploads\/2018\/02\/DSCN1059-e1569507366828.jpg\">Bild-Zeitung vom 23.02.2007<\/a><\/strong><\/span><\/p>\n<p>&nbsp;<\/p>\n<ul>\n<li>Dieser Kommentar vor ein paar Tagen von einer Frau auf Facebook hat nat\u00fcrlich auch einen Platz auf meiner Webseite verdient:<\/li>\n<\/ul>\n<p><a href=\"https:\/\/wo-soll-das-hinfuehren.de\/Hauptmenue\/wp-content\/uploads\/2018\/03\/Notes_240508_070342.jpg\"><img loading=\"lazy\" decoding=\"async\" class=\"alignnone size-medium wp-image-5912\" src=\"https:\/\/wo-soll-das-hinfuehren.de\/Hauptmenue\/wp-content\/uploads\/2018\/03\/Notes_240508_070342-212x300.jpg\" alt=\"\" width=\"212\" height=\"300\" srcset=\"https:\/\/wo-soll-das-hinfuehren.de\/Hauptmenue\/wp-content\/uploads\/2018\/03\/Notes_240508_070342-212x300.jpg 212w, https:\/\/wo-soll-das-hinfuehren.de\/Hauptmenue\/wp-content\/uploads\/2018\/03\/Notes_240508_070342.jpg 720w\" sizes=\"auto, (max-width: 212px) 100vw, 212px\" \/><\/a><\/p>\n<ul>\n<li>Das wurde heute ebenfalls in einer Umweltgruppe gepostet:<\/li>\n<\/ul>\n<p><span style=\"color: #ff0000;\"><strong><a style=\"color: #ff0000;\" href=\"https:\/\/www.tagesspiegel.de\/wissen\/die-besten-klimawissenschaftler-sind-verzweifelt-sie-erwarten-eine-verheerende-uberhitzung-des-planeten-11638898.html\">Verheerende \u00dcberhitzung des Planeten: Die besten Klimawissenschaftler sind verzweifelt<\/a><\/strong><\/span><\/p>\n<p>&nbsp;<\/p>\n<ul>\n<li>Wurde heute am 09.05.2024 (Christi Himmelfahrt) in einer Umweltgruppe gepostet:<\/li>\n<\/ul>\n<p><a href=\"https:\/\/wo-soll-das-hinfuehren.de\/Hauptmenue\/wp-content\/uploads\/2018\/03\/Screenshot_20240509_181711_WhatsApp.jpg\"><img loading=\"lazy\" decoding=\"async\" class=\"alignnone size-medium wp-image-5897\" src=\"https:\/\/wo-soll-das-hinfuehren.de\/Hauptmenue\/wp-content\/uploads\/2018\/03\/Screenshot_20240509_181711_WhatsApp-275x300.jpg\" alt=\"\" width=\"275\" height=\"300\" srcset=\"https:\/\/wo-soll-das-hinfuehren.de\/Hauptmenue\/wp-content\/uploads\/2018\/03\/Screenshot_20240509_181711_WhatsApp-275x300.jpg 275w, https:\/\/wo-soll-das-hinfuehren.de\/Hauptmenue\/wp-content\/uploads\/2018\/03\/Screenshot_20240509_181711_WhatsApp.jpg 720w\" sizes=\"auto, (max-width: 275px) 100vw, 275px\" \/><\/a><\/p>\n<p>Abgesehen davon, dass wir uns bereits mitten in der Klima- und Umweltkatastrophe befinden, finde ich die Frage recht gut. Nachdem ich nun schon 21 Jahre lang mehr oder weniger vergeblich aufkl\u00e4re und warne, wei\u00df ich seit einigen Jahren, warum ich mit den meisten Menschen nichts zu tun haben m\u00f6chte. Es hat u.a. etwas mit Ehrlichkeit, Charakter und Moral zu tun.<\/p>\n<p>Aus meinem Musikbeitrag:<\/p>\n<ul>\n<li><strong><a href=\"https:\/\/youtu.be\/PivWY9wn5ps\">Michael Jackson \u2013 Man in the Mirror (Official Video)<\/a><\/strong><\/li>\n<\/ul>\n<p><a href=\"https:\/\/www.songtexte.com\/uebersetzung\/michael-jackson\/man-in-the-mirror-deutsch-63d6b6cb.html\">Deutsche \u00dcbersetzung\u00a0 Man in the Mirror<\/a><\/p>\n<p>Man in the Mirror ist seit 10 Jahren mein Handy-Klingelton<\/p>\n<p>Mein Beitrag <strong><a href=\"https:\/\/wo-soll-das-hinfuehren.de\/Hauptmenue\/?p=239\">&#8222;\u00d6kologischer Fu\u00dfabdruck&#8220;<\/a><\/strong><\/p>\n<p>&nbsp;<\/p>\n<p><a href=\"https:\/\/wo-soll-das-hinfuehren.de\/Hauptmenue\/wp-content\/uploads\/2022\/06\/Kommentar-1.jpg\"><strong>Ein Kommentar von einem Herrn im Mai 2022<\/strong><\/a><\/p>\n<p>&nbsp;<\/p>\n<ul>\n<li>Ein paar Wenige scheinen auf der Suche nach der Wahrheit zu sein. Offen dar\u00fcber reden, schreiben oder diskutieren will allerdings fast niemand. Ein Post von einem Herrn Anfang Mai auf Facebook:<\/li>\n<\/ul>\n<p><a href=\"https:\/\/wo-soll-das-hinfuehren.de\/Hauptmenue\/wp-content\/uploads\/2018\/03\/Screenshot_20240505_101201_Facebook.jpg\"><img loading=\"lazy\" decoding=\"async\" class=\"alignnone size-medium wp-image-5890\" src=\"https:\/\/wo-soll-das-hinfuehren.de\/Hauptmenue\/wp-content\/uploads\/2018\/03\/Screenshot_20240505_101201_Facebook-135x300.jpg\" alt=\"\" width=\"135\" height=\"300\" srcset=\"https:\/\/wo-soll-das-hinfuehren.de\/Hauptmenue\/wp-content\/uploads\/2018\/03\/Screenshot_20240505_101201_Facebook-135x300.jpg 135w, https:\/\/wo-soll-das-hinfuehren.de\/Hauptmenue\/wp-content\/uploads\/2018\/03\/Screenshot_20240505_101201_Facebook-461x1024.jpg 461w, https:\/\/wo-soll-das-hinfuehren.de\/Hauptmenue\/wp-content\/uploads\/2018\/03\/Screenshot_20240505_101201_Facebook-691x1536.jpg 691w, https:\/\/wo-soll-das-hinfuehren.de\/Hauptmenue\/wp-content\/uploads\/2018\/03\/Screenshot_20240505_101201_Facebook.jpg 720w\" sizes=\"auto, (max-width: 135px) 100vw, 135px\" \/><\/a><\/p>\n<p>Ein Post von einem anderen Herrn Ende April mit treffender Begr\u00fc\u00dfung:<\/p>\n<p><a href=\"https:\/\/wo-soll-das-hinfuehren.de\/Hauptmenue\/wp-content\/uploads\/2018\/03\/Screenshot_20240509_165508_Facebook.jpg\"><img loading=\"lazy\" decoding=\"async\" class=\"alignnone size-medium wp-image-5894\" src=\"https:\/\/wo-soll-das-hinfuehren.de\/Hauptmenue\/wp-content\/uploads\/2018\/03\/Screenshot_20240509_165508_Facebook-135x300.jpg\" alt=\"\" width=\"135\" height=\"300\" srcset=\"https:\/\/wo-soll-das-hinfuehren.de\/Hauptmenue\/wp-content\/uploads\/2018\/03\/Screenshot_20240509_165508_Facebook-135x300.jpg 135w, https:\/\/wo-soll-das-hinfuehren.de\/Hauptmenue\/wp-content\/uploads\/2018\/03\/Screenshot_20240509_165508_Facebook-461x1024.jpg 461w, https:\/\/wo-soll-das-hinfuehren.de\/Hauptmenue\/wp-content\/uploads\/2018\/03\/Screenshot_20240509_165508_Facebook-691x1536.jpg 691w, https:\/\/wo-soll-das-hinfuehren.de\/Hauptmenue\/wp-content\/uploads\/2018\/03\/Screenshot_20240509_165508_Facebook.jpg 720w\" sizes=\"auto, (max-width: 135px) 100vw, 135px\" \/><\/a><\/p>\n<p>&nbsp;<\/p>\n<ul>\n<li>Der n\u00e4chste Grund, warum sich die Menschheit abschafft:<\/li>\n<\/ul>\n<p><a href=\"https:\/\/www.tagesspiegel.de\/wissen\/erduberlastungstag-2024-deutschland-lebt-ab-2-mai-auf-kosten-anderer-11601233.html?fbclid=IwZXh0bgNhZW0CMTEAAR295_JQqFL_-kY9P4ZmjLnmdK_FjQp5cqrdL790p4XZB3K7DXg65_pnUsY_aem_AYLmEvJLcqJQ3mrI3KwWqyG9y8TF_9VQ-g79G9eZoL09qPDnGYbjN0m8qYWfVbktfLzbs3RCHpTRvYpXmtAzoV9c\"><span style=\"color: #ff0000;\"><strong>Erd\u00fcberlastungstag 2024: Deutschland lebt ab 2. Mai auf Kosten anderer <\/strong><\/span><\/a><\/p>\n<p><a href=\"https:\/\/taz.de\/Erdueberlastungstag-fuer-Deutschland\/!6008013\/\"><span style=\"color: #ff0000;\"><strong>Erd\u00fcberlastungstag f\u00fcr Deutschland: Ressourcen f\u00fcr 2024 verbraucht <\/strong><\/span><\/a><\/p>\n<p>Textauszug aus dem Taz-Artikel:<\/p>\n<p><span class=\"body\" role=\"main\">Dabei gibt es viele Ma\u00dfnahmen, die den Ressourcenverbrauch senken k\u00f6nnten: erneuerbare Energien ausbauen, weniger tierische Produkte konsumieren, vom Auto aufs Fahrrad oder den \u00f6ffentlichen Nahverkehr umsteigen.<\/span><\/p>\n<p>Ein treffendes Zitat von Leo Tolstoi, welches das Verhalten der allermeisten Menschen beschreibt:<\/p>\n<p><a href=\"https:\/\/wo-soll-das-hinfuehren.de\/Hauptmenue\/wp-content\/uploads\/2023\/07\/FB_IMG_1685287909836.jpg\"><img loading=\"lazy\" decoding=\"async\" class=\"alignnone size-medium wp-image-5197\" src=\"https:\/\/wo-soll-das-hinfuehren.de\/Hauptmenue\/wp-content\/uploads\/2023\/07\/FB_IMG_1685287909836-300x288.jpg\" alt=\"\" width=\"300\" height=\"288\" srcset=\"https:\/\/wo-soll-das-hinfuehren.de\/Hauptmenue\/wp-content\/uploads\/2023\/07\/FB_IMG_1685287909836-300x288.jpg 300w, https:\/\/wo-soll-das-hinfuehren.de\/Hauptmenue\/wp-content\/uploads\/2023\/07\/FB_IMG_1685287909836.jpg 720w\" sizes=\"auto, (max-width: 300px) 100vw, 300px\" \/><\/a><\/p>\n<p>&nbsp;<\/p>\n<ul>\n<li>Wie man in der Arte Doku <strong><a href=\"https:\/\/www.arte.tv\/de\/videos\/115507-000-A\/zu-viel-konsum-zu-viele-menschen\/?fbclid=IwY2xjawCU619leHRuA2FlbQIxMQABHWFup7oL84SbdntivljdisKp3S7ifMiY2tkECNBlJu5yyVeUDYQofeeZAg_aem_Ac1nPpl3tRVaose0S0rm32muv_J4rk6Qig62ThtHUHlPuMRUFe7YMJYlg8YbJanlr3dyUzDnbvltGSsEXlWmGyNx\">Zu viel Konsum? Zu viele Menschen? Die Erde am Limit <\/a><\/strong>sieht, scheint das gr\u00f6\u00dfte Hobby der meisten Menschen das &#8222;Fliegen&#8220; zu sein. Ich pers\u00f6nlich kann es nicht nachvollziehen, wie man sich bei ca. 420 ppm CO2 in der Atmosph\u00e4re &#8211; und den bereits \u00fcberall auf der Welt sichtbaren Auswirkungen &#8211; in ein Flugzeug setzen kann und innerhalb weniger Stunden tonnenweise CO2 und weitere umweltsch\u00e4dliche Schadstoffe produzieren kann. Ein Screenshot aus meinen &#8222;News 2022&#8220;:<\/li>\n<\/ul>\n<p><a href=\"https:\/\/wo-soll-das-hinfuehren.de\/Hauptmenue\/wp-content\/uploads\/2022\/06\/Screenshot_20220518-063002_Facebook.jpg\"><img loading=\"lazy\" decoding=\"async\" class=\"alignnone size-medium wp-image-4472\" src=\"https:\/\/wo-soll-das-hinfuehren.de\/Hauptmenue\/wp-content\/uploads\/2022\/06\/Screenshot_20220518-063002_Facebook-146x300.jpg\" alt=\"\" width=\"146\" height=\"300\" srcset=\"https:\/\/wo-soll-das-hinfuehren.de\/Hauptmenue\/wp-content\/uploads\/2022\/06\/Screenshot_20220518-063002_Facebook-146x300.jpg 146w, https:\/\/wo-soll-das-hinfuehren.de\/Hauptmenue\/wp-content\/uploads\/2022\/06\/Screenshot_20220518-063002_Facebook-498x1024.jpg 498w, https:\/\/wo-soll-das-hinfuehren.de\/Hauptmenue\/wp-content\/uploads\/2022\/06\/Screenshot_20220518-063002_Facebook.jpg 720w\" sizes=\"auto, (max-width: 146px) 100vw, 146px\" \/><\/a><\/p>\n<p>Hier ein Aufkl\u00e4rvideo vom Umweltbundesamt zum Thema &#8222;Fliegen&#8220; und ein Artikel \u00fcber die traurige Realit\u00e4t:<\/p>\n<p><a href=\"https:\/\/www.google.com\/url?sa=t&amp;rct=j&amp;q=&amp;esrc=s&amp;source=web&amp;cd=&amp;cad=rja&amp;uact=8&amp;ved=2ahUKEwixi9ql26mAAxUR_7sIHZUtDgoQwqsBegQIDRAG&amp;url=https%3A%2F%2Fwww.youtube.com%2Fwatch%3Fv%3DqXAEseBheWs&amp;usg=AOvVaw0x5cKWsNRFnS_cLRiuIYev&amp;opi=89978449\"><strong><span style=\"color: #ff0000;\">UBA-Erkl\u00e4rfilm: Flugreisen und Klimawirkung<\/span><\/strong><\/a><\/p>\n<p><a href=\"https:\/\/www.hessenschau.de\/wirtschaft\/fraport-im-hoehenflug-frankfurter-flughafenbetreiber-meldet-rekordgewinn-im-sommer-v2,fraport-zahlen-112.html\"><span style=\"color: #ff0000;\"><strong>Fraport im H\u00f6henflug &#8211; Frankfurter Flughafenbetreiber meldet Rekordgewinn im Sommer 2023<\/strong><\/span><\/a><\/p>\n<p>Zwei Textausz\u00fcge aus meinem Beitrag &#8222;Die Menschheit schafft sich ab&#8220;:<\/p>\n<p>Das sind aus meiner Sicht die f\u00fcnf Hauptgr\u00fcnde f\u00fcr die Zerst\u00f6rung: Habgier, Egoismus, Dummheit, Verlogenheit und Neid.<\/p>\n<p>Unser Konsum- und Luxuswahn ist selbst- und alleszerst\u00f6rend, weil er nichts mit einer nachhaltigen Lebensweise und Vernunft zu tun hat. Es ist reiner Egoismus. Und er ist f\u00fcr die meisten Menschen wie eine Droge. Kapitalismus befeuert die Sache wie Sauerstoff die Flammen bei einem Feuer.<\/p>\n<p>&nbsp;<\/p>\n<ul>\n<li>Da die allermeisten Menschen fast nichts vom laufenden Zusammenbruch der \u00d6kosysteme, der Wirtschaft und der menschlichen Zivilisation mitbekommen, hier an der Stelle noch einmal der Artikel, den ich in meinen &#8222;News 2019&#8220; verlinkte:<\/li>\n<\/ul>\n<h4><a href=\"https:\/\/www.focus.de\/wissen\/klima\/klimakatastrophe-forscher-sehen-menschheit-mitte-des-jahrhunderts-am-ende_id_10802940.html?utm_source=facebook&amp;utm_medium=social&amp;utm_campaign=facebook-focus-online&amp;fbc=facebook-focus-online&amp;ts=201909081341&amp;cid=08092019&amp;fbclid=IwAR0hAQUvmvUqlTWd9ef9cfq7GrOLZMw5SeaHLAI9gRDtuQza1G0goQNLfz4\"><span style=\"color: #ff0000;\">Warnung vor dem Nichtstun! Schock-Prognose zur Klimakatastrophe: Mitte des Jahrhunderts ist die Menschheit am Ende<\/span><\/a><\/h4>\n<p>Aktuelles:<\/p>\n<p><a href=\"https:\/\/www.stockholmresilience.org\/research\/planetary-boundaries.html\"><strong><span style=\"color: #ff0000;\">Planetare Grenzen &#8211; Stockholm Resilience Centre<\/span><\/strong><\/a><\/p>\n<p><a href=\"https:\/\/wo-soll-das-hinfuehren.de\/Hauptmenue\/wp-content\/uploads\/2024\/02\/Screenshot_20240218_101812_Chrome.jpg\"><img loading=\"lazy\" decoding=\"async\" class=\"alignnone size-medium wp-image-5730\" src=\"https:\/\/wo-soll-das-hinfuehren.de\/Hauptmenue\/wp-content\/uploads\/2024\/02\/Screenshot_20240218_101812_Chrome-135x300.jpg\" alt=\"\" width=\"135\" height=\"300\" srcset=\"https:\/\/wo-soll-das-hinfuehren.de\/Hauptmenue\/wp-content\/uploads\/2024\/02\/Screenshot_20240218_101812_Chrome-135x300.jpg 135w, https:\/\/wo-soll-das-hinfuehren.de\/Hauptmenue\/wp-content\/uploads\/2024\/02\/Screenshot_20240218_101812_Chrome-461x1024.jpg 461w, https:\/\/wo-soll-das-hinfuehren.de\/Hauptmenue\/wp-content\/uploads\/2024\/02\/Screenshot_20240218_101812_Chrome-691x1536.jpg 691w, https:\/\/wo-soll-das-hinfuehren.de\/Hauptmenue\/wp-content\/uploads\/2024\/02\/Screenshot_20240218_101812_Chrome.jpg 720w\" sizes=\"auto, (max-width: 135px) 100vw, 135px\" \/><\/a><\/p>\n<p>&nbsp;<\/p>\n<ul>\n<li>Eine aktuelle Arte Doku, welche die Gesamtproblematik halbwegs beschreibt:<\/li>\n<\/ul>\n<p><span style=\"color: #ff0000;\"><strong><a style=\"color: #ff0000;\" href=\"https:\/\/www.arte.tv\/de\/videos\/115507-000-A\/zu-viel-konsum-zu-viele-menschen\/?fbclid=IwY2xjawCU619leHRuA2FlbQIxMQABHWFup7oL84SbdntivljdisKp3S7ifMiY2tkECNBlJu5yyVeUDYQofeeZAg_aem_Ac1nPpl3tRVaose0S0rm32muv_J4rk6Qig62ThtHUHlPuMRUFe7YMJYlg8YbJanlr3dyUzDnbvltGSsEXlWmGyNx\">Zu viel Konsum? Zu viele Menschen? Die Erde am Limit<\/a><\/strong><\/span><\/p>\n<p>Ein &#8222;paar vern\u00fcnftige Menschen&#8220; werden die Welt wohl nicht mehr retten. Ausschnitt aus dem Presseartikel \u00fcber meine Bem\u00fchungen von 2019:<\/p>\n<p><a href=\"https:\/\/wo-soll-das-hinfuehren.de\/Hauptmenue\/wp-content\/uploads\/2024\/04\/Screenshot_20240424_182330_Chrome.jpg\"><img loading=\"lazy\" decoding=\"async\" class=\"alignnone size-medium wp-image-5840\" src=\"https:\/\/wo-soll-das-hinfuehren.de\/Hauptmenue\/wp-content\/uploads\/2024\/04\/Screenshot_20240424_182330_Chrome-300x211.jpg\" alt=\"\" width=\"300\" height=\"211\" srcset=\"https:\/\/wo-soll-das-hinfuehren.de\/Hauptmenue\/wp-content\/uploads\/2024\/04\/Screenshot_20240424_182330_Chrome-300x211.jpg 300w, https:\/\/wo-soll-das-hinfuehren.de\/Hauptmenue\/wp-content\/uploads\/2024\/04\/Screenshot_20240424_182330_Chrome-768x539.jpg 768w, https:\/\/wo-soll-das-hinfuehren.de\/Hauptmenue\/wp-content\/uploads\/2024\/04\/Screenshot_20240424_182330_Chrome.jpg 943w\" sizes=\"auto, (max-width: 300px) 100vw, 300px\" \/><\/a><\/p>\n<p>&nbsp;<\/p>\n<ul>\n<li>Das &#8222;Auto&#8220; ist ein Grund von vielen Gr\u00fcnden, warum sich die Menschheit abschafft. Hier ein aktueller Artikel:<\/li>\n<\/ul>\n<p><a href=\"https:\/\/www.conviva-plus.ch\/?page=3565&amp;fbclid=IwY2xjawCUHVRleHRuA2FlbQIxMQABHdwmVuYhomgzykcurY5VNPjanvQfOcoSD8onmThW6B7issz3zx2WUxxgzg_aem_AfWpDt_ujwKanMCqXoeRZ5wvvKSu5h5RRrJmFJWn4XxPawDm1pSHRpsb9NIhu5Q_8hTSyi4vnR88wTDG5kUbGErN\"><span style=\"color: #ff0000;\"><strong>Autos stehen 95% ihres Lebens still &amp; ungenutzt auf Parkplatz \u2013 Mehr Stehzeuge als Fahrzeuge? Interessante Zahlen zu den ineffizenten, teuren Staubf\u00e4ngern &#8230;<\/strong><\/span><\/a><\/p>\n<p>Mit dem Thema &#8222;Auto&#8220; beginnen meine &#8222;News 2024&#8220; :<\/p>\n<p>Nach meinen Informationen ein Blick vom Rathaus in Dresden. Von unserem kollektiven Massenselbstmord durch unserem Konsum- und Technikwahn bemerkt fast niemand etwas [\u2026].<\/p>\n<p><a href=\"https:\/\/wo-soll-das-hinfuehren.de\/Hauptmenue\/wp-content\/uploads\/2024\/01\/FB_IMG_1704620424126.jpg\"><img loading=\"lazy\" decoding=\"async\" class=\"alignnone size-medium wp-image-5559\" src=\"https:\/\/wo-soll-das-hinfuehren.de\/Hauptmenue\/wp-content\/uploads\/2024\/01\/FB_IMG_1704620424126-231x300.jpg\" alt=\"\" width=\"231\" height=\"300\" srcset=\"https:\/\/wo-soll-das-hinfuehren.de\/Hauptmenue\/wp-content\/uploads\/2024\/01\/FB_IMG_1704620424126-231x300.jpg 231w, https:\/\/wo-soll-das-hinfuehren.de\/Hauptmenue\/wp-content\/uploads\/2024\/01\/FB_IMG_1704620424126.jpg 526w\" sizes=\"auto, (max-width: 231px) 100vw, 231px\" \/><\/a><\/p>\n<p>Empfehlung aus meinem Beitrag:\u00a0 <a href=\"https:\/\/youtu.be\/8mu80MqIj7g\"><strong><span style=\"color: #ff0000;\">DOPPELMORAL &#8211; Der Autokult [Zeichen der Zeit 1964]<\/span><\/strong><\/a><\/p>\n<p>Das Video von 1964 beschreibt sehr sch\u00f6n den AUTOWAHN, dem die allermeisten Menschen verfallen sind [\u2026]. 1964 waren allein in Deutschland ca. 8 Millionen Pkw`s zugelassen und h\u00e4tten alle Stra\u00dfen gef\u00fcllt. Aktuell sind es \u00fcber 49 Millionen Pkw`s [\u2026]. Der Trend geht zu riesigen SUVS [\u2026]. Die Menschheit macht genau das Gegenteil von dem was n\u00f6tig w\u00e4re [\u2026].<\/p>\n<p>&nbsp;<\/p>\n<ul>\n<li>\n<h2>Aus meinen &#8222;News 2019&#8220;:<\/h2>\n<\/li>\n<\/ul>\n<p>&nbsp;<\/p>\n<ul>\n<li>\n<h3>Bildzeitung vom 23.02.2007<\/h3>\n<\/li>\n<\/ul>\n<p><a href=\"https:\/\/wo-soll-das-hinfuehren.de\/Hauptmenue\/wp-content\/uploads\/2018\/02\/DSCN1059-e1569507366828.jpg\"><img loading=\"lazy\" decoding=\"async\" class=\"alignnone size-medium wp-image-2306\" src=\"https:\/\/wo-soll-das-hinfuehren.de\/Hauptmenue\/wp-content\/uploads\/2018\/02\/DSCN1059-e1569507366828-225x300.jpg\" alt=\"\" width=\"225\" height=\"300\" srcset=\"https:\/\/wo-soll-das-hinfuehren.de\/Hauptmenue\/wp-content\/uploads\/2018\/02\/DSCN1059-e1569507366828-225x300.jpg 225w, https:\/\/wo-soll-das-hinfuehren.de\/Hauptmenue\/wp-content\/uploads\/2018\/02\/DSCN1059-e1569507366828-768x1024.jpg 768w\" sizes=\"auto, (max-width: 225px) 100vw, 225px\" \/><\/a><\/p>\n<p>Wissenschaftler stellen nach fast 13 Jahren fest, dass das Auftauen der Polkappen, der Gletscher und der Permafrostb\u00f6den in dieser Schnelligkeit und in dem aktuellen Umfang nun 70 Jahre fr\u00fcher als angenommen beginnt. Und trotz der erschreckenden neuen Erkenntnis haben wir pl\u00f6tzlich wieder 8 Jahre Zeit um die Klimakatastrophe zu verhindern. Das kann nur von Menschen kommen (&#8230;).<\/p>\n<p>Wenn es nicht so traurig w\u00e4re, m\u00fcsste ich dar\u00fcber lachen.<\/p>\n<p>In einem Punkt sind sich einige Wissenschaftler und Frau Merkel einig: 2050 werden wir Klimaneutral sein, weil dann keine Menschen mehr leben, welche CO2 produzieren k\u00f6nnen. Frau Merkel meint wir schaffen das (&#8230;). Mit ihrer Politik ganz bestimmt (&#8230;).<\/p>\n<p>&nbsp;<\/p>\n<ul>\n<li><a href=\"https:\/\/youtu.be\/ZjeEjhH7V8w\">Greta Thunberg h\u00e4lt berechtigte Wutrede bei UN-Sondergipfel zum Klima.<\/a><\/li>\n<\/ul>\n<p>&nbsp;<\/p>\n<ul>\n<li><a href=\"https:\/\/www.aol.de\/nachrichten\/2019\/09\/25\/treffen-mit-klima-ikone-merkel-widerspricht-greta-thunberg\/\">Aber unsere Kanzlerin f\u00e4hrt weiter den selbst- und alleszerst\u00f6renden Kurs. Das ist beispiellose Dummheit und beispielloser Egoismus. Frau Merkel glaubt an Technologie, nicht an Naturgesetze.<\/a><\/li>\n<\/ul>\n<p>So wie die meisten Menschen nicht verstehen, dass unsere Lebensweise einen gro\u00dfen Einfluss auf unsere Lebensgrundlage hat, wird es Frau Merkel nie verstehen. Ihr fehlt die n\u00f6tige Intelligenz dazu. Sie ist Physikerin und sollte schon lange die Warnungen von Wissenschaftlern und Klimaforschern verstehen und ernst nehmen.<\/p>\n<ul>\n<li>Meine Flyer von 2006: <a href=\"https:\/\/wo-soll-das-hinfuehren.de\/Hauptmenue\/wp-content\/uploads\/2018\/02\/NATUR-IN-NOT-2005-blau-Vorderseite.jpg\">Flyer 1 Vorders.<\/a> \u00a0 \u00a0<a href=\"https:\/\/wo-soll-das-hinfuehren.de\/Hauptmenue\/wp-content\/uploads\/2018\/02\/NATUR-IN-NOT-2005-blau-R\u00fcckseitseite.jpg\">Flyer 1 R\u00fccks.<\/a> \u00a0 \u00a0<a href=\"https:\/\/wo-soll-das-hinfuehren.de\/Hauptmenue\/wp-content\/uploads\/2018\/02\/NATUR-IN-NOT-2005-Flugticket.jpg\">Flyer 2<\/a><\/li>\n<\/ul>\n<p>&nbsp;<\/p>\n<ul>\n<li><strong>Ich werde in den n\u00e4chsten Tagen einen neuen Beitrag erstellen, der die Gr\u00fcnde aufzeigt, warum sich die Menschheit ausl\u00f6scht.<\/strong><\/li>\n<\/ul>\n<p>Ich erstelle diesen Beitrag, weil z. B. in einer Grandparents-for-future Gruppe niemand f\u00fcr den Klimawandel verantwortlich ist (&#8230;).\u00a0 Nach dem Motto: &#8220; <strong>Der Klimawandel ist in erster Linie von Menschen gemacht, aber keiner war`s.&#8220;<\/strong><\/p>\n<p>Und dem Motto: <strong>&#8222;Alles muss sich \u00e4ndern, aber bitte nicht bei mir!&#8220;<\/strong><\/p>\n<p>Der Durchschnittsdeutsche ben\u00f6tigt 3 Erden f\u00fcr seine Lebensweise und produziert ca. 10 Tonnen CO2 im Jahr. Nachhaltig w\u00e4re 1 Erde und 2 Tonnen CO2 im Jahr. Das geht alles zu Lasten unserer Umwelt. Immer mehr Menschen \u00fcberziehen durch ihren Wohlstand und ihre Lebensweise ihr Umweltkonto (&#8230;). Und das schon seit Jahrzehnten. Unserer Natur bleibt dadurch gar keine andere Wahl als nun kaputt zu gehen (&#8230;). Das ist so simpel, wie einfach.<\/p>\n<p>Luisa Neubauer m\u00f6chte Kohlekraftwerke sofort abschalten, aber aufs Fliegen m\u00f6chte sie nicht verzichten. Was bedeutet das in Fakten? Sie produziert dadurch weit mehr CO2 als die zul\u00e4ssigen 2 Tonnen. Diese Informationen, welche ich nun so h\u00f6re oder lese, zeigen mir, dass die meisten Menschen weiterhin in ihrer selbstgemachten Scheinwelt leben und die Realit\u00e4t \u00fcberhaupt nicht erkennen. Das gilt vor allem auch f\u00fcr Politiker und Wirtschaftsbosse (&#8230;). Der menschliche Egoismus ist im Jahr 2019 wohl nicht mehr zu toppen.<\/p>\n<p>Heute las ich in einer WhattsApp-Gruppe: In Zukunft m\u00fcssen umweltfreundliche Smartphones produziert werden. Wir sind ja erst am Anfang. <strong>Ein umweltfreundliches Smartphone besteht aus reinem Holz, ohne Elektronik und Akku und dient lediglich kleinen Kindern zum Spielen.<\/strong> F\u00fcr mich sind solche \u00c4u\u00dferungen bzw. Rechtfertigungen f\u00fcr die Handynutzung und die vielen anderen Dinge wie z. B. andere Elektronik, Autos, auch Elektroautos und und und Rechtfertigungen von Menschen, welche nicht \u00fcber den Tellerrand schauen k\u00f6nnen oder wollen. Mit wirklicher Intelligenz hat das nichts zu tun.<\/p>\n<p><strong>Wir sind bereits am Ende mit unserer Umweltzerst\u00f6rung und werden ganz sicher nicht mit immer mehr Technik, Ressourcen- und Energieverbrauch die Welt retten! Was f\u00fcr ein menschlicher Irrsinn!<\/strong><\/p>\n<p><strong>Wir sind auf der Erde Lebewesen wie viele andere auch und ma\u00dfen uns an, hier alles mit Technik und Giften steuern zu k\u00f6nnen. Egoistischer geht es kaum.<\/strong><\/p>\n<p>Alle Menschen auf dieser Welt m\u00fcssten ab sofort nachhaltig leben, wenn wir unsere Lebensgrundlage nicht weiter zerst\u00f6ren wollen. Das ist gar nicht m\u00f6glich und das wollen die meisten Menschen auch nicht. Dies w\u00fcrde bedeuten auf fast alles zu verzichten und leben wie manche Urv\u00f6lker im Urwald (&#8230;). Deshalb geht die Selbst- und Naturzerst\u00f6rung in etwas geminderter Form weiter bis uns die Natur die Lichter ausknippst. Anders ist der menschliche Egoismus wohl nicht tot zu kriegen. Sorry, aber anders kann ich es leider nicht treffend formulieren.<\/p>\n<p>Wir haben uns eine Welt geschaffen, die alles andere als nachhaltig ist und versuchen offensichtlich diese Lebensweise mir allen Raffinessen zu rechtfertigen und in \u00e4hnlicher Form weiterzuf\u00fchren (&#8230;).<\/p>\n<p>Hinzu kommt, dass wir unserer Natur bereits solche gigantischen Sch\u00e4den zugef\u00fcgt haben, welche nicht mehr R\u00fcckg\u00e4ngig gemacht werden k\u00f6nnen und auch nicht mehr reparabel sind. Die Apokalypse l\u00e4uft (&#8230;). Beispiele: Dramatische Schmelze der Polkappen, der Gletscher, rasantes Auftauen der Permafrostb\u00f6den, die vielen Waldbr\u00e4nde auf der Erde, das Waldsterben uvm.. 415 ppm CO2 in der Luft. 1,3 Grad Erderw\u00e4rmung.<\/p>\n<p>Wir verbrennen t\u00e4glich Millionen Liter Treibstoff (Schwer\u00f6l, \u00d6l, Benzin, Diesel, Heiz\u00f6l, Kerosin, Gas) und tonnenweise Kohle. Erzeugen dadurch Unmengen giftige Abgase, CO2, W\u00e4rme und wundern uns warum sich unser Planet immer schneller erw\u00e4rmt. Mit realer Intelligenz hat das ebenfalls nichts zu tun. Mit selbstgeschaffener menschlicher Intelligenz sehr wohl.<\/p>\n<p>Neunj\u00e4hrige Kinder mit realer Intelligenz sind deshalb intelligenter als die meisten Erwachsenen. Bsp.: <a href=\"https:\/\/wo-soll-das-hinfuehren.de\/Hauptmenue\/wp-content\/uploads\/2018\/02\/Eine-kleine-Geschichte-vom-20.06.2019-neu.jpg\">Eine kleine Geschichte vom 20.06.2019<\/a><\/p>\n<p><strong>Fortw\u00e4hrendes Wirtschaftswachstum kann und wird es auf einer festen Gr\u00f6\u00dfe wie unserer Erde nicht geben. Schon gar nicht bei einer stetig wachsenden Weltbev\u00f6lkerung mit immer mehr Anspr\u00fcchen. Diese Tatsache will offensichtlich niemand h\u00f6ren und glauben. Und nun gehen uns die Planeten aus, um dort mit der Zerst\u00f6rung in \u00e4hnlicher Form weiter zu machen. Die zerst\u00f6rerische Technik haben wir nun daf\u00fcr.<br \/>\n<\/strong><\/p>\n<p>Ein sehr gutes Beispiel erlebte ich am Donnerstag in unserem 8 Familienhaus mit Polizeieinsatz. Diese unglaubliche Geschichte werde ich in den n\u00e4chsten Tagen hier einstellen. \u00dcberschrift: &#8222;Ich dachte, ich bin im falschen Film.&#8220;<\/p>\n<p>Mein Titel f\u00fcr dieses von mir gemachte Bild am 20.09.2019: \u00a0 \u00a0 \u00a0 \u00a0 \u00a0\u00a0 &#8222;Selbstzerst\u00f6rung im Endstadium&#8220;<\/p>\n<p><a href=\"https:\/\/wo-soll-das-hinfuehren.de\/Hauptmenue\/wp-content\/uploads\/2018\/02\/20190920_083153.jpg\"><img loading=\"lazy\" decoding=\"async\" class=\"alignnone size-medium wp-image-2255\" src=\"https:\/\/wo-soll-das-hinfuehren.de\/Hauptmenue\/wp-content\/uploads\/2018\/02\/20190920_083153-300x169.jpg\" alt=\"\" width=\"300\" height=\"169\" srcset=\"https:\/\/wo-soll-das-hinfuehren.de\/Hauptmenue\/wp-content\/uploads\/2018\/02\/20190920_083153-300x169.jpg 300w, https:\/\/wo-soll-das-hinfuehren.de\/Hauptmenue\/wp-content\/uploads\/2018\/02\/20190920_083153-768x432.jpg 768w, https:\/\/wo-soll-das-hinfuehren.de\/Hauptmenue\/wp-content\/uploads\/2018\/02\/20190920_083153-1024x576.jpg 1024w\" sizes=\"auto, (max-width: 300px) 100vw, 300px\" \/><\/a><\/p>\n<p><a href=\"https:\/\/wo-soll-das-hinfuehren.de\/Hauptmenue\/wp-content\/uploads\/2018\/02\/20190922_195508.jpg\"><img loading=\"lazy\" decoding=\"async\" class=\"alignnone size-medium wp-image-2258\" src=\"https:\/\/wo-soll-das-hinfuehren.de\/Hauptmenue\/wp-content\/uploads\/2018\/02\/20190922_195508-244x300.jpg\" alt=\"\" width=\"244\" height=\"300\" srcset=\"https:\/\/wo-soll-das-hinfuehren.de\/Hauptmenue\/wp-content\/uploads\/2018\/02\/20190922_195508-244x300.jpg 244w, https:\/\/wo-soll-das-hinfuehren.de\/Hauptmenue\/wp-content\/uploads\/2018\/02\/20190922_195508.jpg 720w\" sizes=\"auto, (max-width: 244px) 100vw, 244px\" \/><\/a><\/p>\n<p>&nbsp;<\/p>\n<ul>\n<li><a href=\"https:\/\/youtu.be\/IB5RyvdRAcU\"><strong>AUFRUF<\/strong><\/a><\/li>\n<\/ul>\n<p>&nbsp;<\/p>\n<ul>\n<li>\n<h4><a href=\"https:\/\/www.focus.de\/wissen\/klima\/klimakatastrophe-forscher-sehen-menschheit-mitte-des-jahrhunderts-am-ende_id_10802940.html?utm_source=facebook&amp;utm_medium=social&amp;utm_campaign=facebook-focus-online&amp;fbc=facebook-focus-online&amp;ts=201909081341&amp;cid=08092019&amp;fbclid=IwAR0hAQUvmvUqlTWd9ef9cfq7GrOLZMw5SeaHLAI9gRDtuQza1G0goQNLfz4\"><span style=\"color: #ff0000;\">Warnung vor dem Nichtstun! Schock-Prognose zur Klimakatastrophe: Mitte des Jahrhunderts ist die Menschheit am Ende<\/span><\/a><\/h4>\n<\/li>\n<\/ul>\n<p>&nbsp;<\/p>\n<hr \/>\n<p>&nbsp;<\/p>\n<ul>\n<li><strong><a href=\"https:\/\/youtu.be\/QRoHCCR2Rf8\"><span style=\"color: #ff0000;\">Das ist kein sch\u00f6nes Wetter! Umwelt-Messungen, 6. April 2024<\/span> <\/a><\/strong><\/li>\n<\/ul>\n<p>&nbsp;<\/p>\n<ul>\n<li><strong><a href=\"https:\/\/taz.de\/Hungerstreik-fuer-Regierungserklaerung\/!6000466\/\">Hungerstreik f\u00fcr Regierungserkl\u00e4rung: 30 Personen verzichten auf Essen <\/a><\/strong><\/li>\n<\/ul>\n<p>&nbsp;<\/p>\n<ul>\n<li><strong><a href=\"https:\/\/youtu.be\/iM5jauDvtnA\">Pressekonferenz vom 05. April 2024 &#8211; Hungerstreik<\/a><\/strong><\/li>\n<\/ul>\n<p>&nbsp;<\/p>\n<ul>\n<li><strong><a href=\"https:\/\/taz.de\/Hungerstreik-vor-dem-Kanzleramt\/!6002371\/\">Hungerstreik vor dem Kanzleramt: Streiken, bis der Arzt kommt <\/a><\/strong><\/li>\n<\/ul>\n<p><strong><a href=\"https:\/\/www.stern.de\/gesellschaft\/klimawandel--koennen-wir-den-planeten-noch-retten--herr-schellnhuber--34580186.html?fbclid=IwAR1t8uhwMAreXEqTSIBU7fvPTHfRDwJyzQ7y3fCmnD2iurnL_hnVO_zWoyY_aem_ATnpoDdzPm_jaeKEIxAC0mAu192P90M9yNgMfrXKFDmSrCHItar9EgYBii0zbnDDBXFpn-6NI4lKU5LJuXFAbezv\"><span style=\"color: #ff0000;\">Interview Klimaforscher Hans Joachim Schellnhuber: &#8222;So dramatisch war die Situation noch nie&#8220;<\/span> <\/a><\/strong><\/p>\n<p>Textauszug:<\/p>\n<p><strong>Waren Sie naiv?<\/strong><br \/>\nDas war plausibler Zweckoptimismus. Wir dachten, es geht immerhin um das \u00dcberleben unserer Zivilisation, die Menschheit kann gar nicht so verbohrt und gleichg\u00fcltig sein, dass sie hier nicht entschlossen gegensteuert. Dass man zum kollektiven Selbstmord aus Bequemlichkeit bereit ist, ging \u00fcber unsere Vorstellungskraft.<\/p>\n<p>Textauszug aus meinem Beitrag &#8222;Die Menschheit schafft sich ab&#8220;:<\/p>\n<p>Das sind aus meiner Sicht die f\u00fcnf Hauptgr\u00fcnde f\u00fcr die Zerst\u00f6rung: Habgier, Egoismus, Dummheit, Verlogenheit und Neid.<\/p>\n<p>Ausschnit aus Professor Austmanns Vortrag &#8222;Einfach. Besser. Leben.&#8220; von 2018:<\/p>\n<p><a href=\"https:\/\/wo-soll-das-hinfuehren.de\/Hauptmenue\/wp-content\/uploads\/2022\/02\/ScreenRecorderProject166.mp4\">Ausschnitt &#8222;Einfach. Besser. Leben&#8220;<\/a><\/p>\n<p>Link zum ganzen, mehrfach verlinkten Vortrag:<\/p>\n<p><strong><a href=\"https:\/\/youtu.be\/hHKzAIL7g00\">&#8222;Einfach. Besser. Leben.&#8220;<\/a><\/strong><\/p>\n<p>&nbsp;<\/p>\n<ul>\n<li>Eine Erinnerung von Facebook an eine Story vor 4 Jahren:<\/li>\n<\/ul>\n<p><a href=\"https:\/\/wo-soll-das-hinfuehren.de\/Hauptmenue\/wp-content\/uploads\/2024\/04\/Screenshot_20240404_170746_Facebook.jpg\"><img loading=\"lazy\" decoding=\"async\" class=\"alignnone size-medium wp-image-5787\" src=\"https:\/\/wo-soll-das-hinfuehren.de\/Hauptmenue\/wp-content\/uploads\/2024\/04\/Screenshot_20240404_170746_Facebook-167x300.jpg\" alt=\"\" width=\"167\" height=\"300\" srcset=\"https:\/\/wo-soll-das-hinfuehren.de\/Hauptmenue\/wp-content\/uploads\/2024\/04\/Screenshot_20240404_170746_Facebook-167x300.jpg 167w, https:\/\/wo-soll-das-hinfuehren.de\/Hauptmenue\/wp-content\/uploads\/2024\/04\/Screenshot_20240404_170746_Facebook-570x1024.jpg 570w, https:\/\/wo-soll-das-hinfuehren.de\/Hauptmenue\/wp-content\/uploads\/2024\/04\/Screenshot_20240404_170746_Facebook.jpg 698w\" sizes=\"auto, (max-width: 167px) 100vw, 167px\" \/><\/a><\/p>\n<p>&nbsp;<\/p>\n<ul>\n<li><strong><a href=\"https:\/\/www.rbb-online.de\/rbb24\/videos\/20240325_2145\/hungerstreik-klima.html\">Aktuelles vom Hungerstreik in Berlin (Video)<\/a><\/strong><\/li>\n<\/ul>\n<p>&nbsp;<\/p>\n<ul>\n<li>Am 16.03.2024 habe ich meine Bem\u00fchungen auf Facebook mit dem nachfolgenden Text eingestellt:<\/li>\n<\/ul>\n<p><a href=\"https:\/\/wo-soll-das-hinfuehren.de\/Hauptmenue\/wp-content\/uploads\/2024\/03\/Screenshot_20240326_174951_Facebook.jpg\"><img loading=\"lazy\" decoding=\"async\" class=\"alignnone size-medium wp-image-5781\" src=\"https:\/\/wo-soll-das-hinfuehren.de\/Hauptmenue\/wp-content\/uploads\/2024\/03\/Screenshot_20240326_174951_Facebook-245x300.jpg\" alt=\"\" width=\"245\" height=\"300\" srcset=\"https:\/\/wo-soll-das-hinfuehren.de\/Hauptmenue\/wp-content\/uploads\/2024\/03\/Screenshot_20240326_174951_Facebook-245x300.jpg 245w, https:\/\/wo-soll-das-hinfuehren.de\/Hauptmenue\/wp-content\/uploads\/2024\/03\/Screenshot_20240326_174951_Facebook.jpg 709w\" sizes=\"auto, (max-width: 245px) 100vw, 245px\" \/><\/a><\/p>\n<p><strong><a href=\"https:\/\/wo-soll-das-hinfuehren.de\/Hauptmenue\/?p=2332\">&#8222;Die Menschheit schafft sich ab&#8220;<\/a><\/strong><\/p>\n<p>&nbsp;<\/p>\n<ul>\n<li>K\u00fcrzlich habe ich ein Herz von einem Facebook-Freund f\u00fcr einen Post am 09.07.2023 bekommen. Mein Text zu dem Bildchen lautete:<\/li>\n<\/ul>\n<p>Die zivilisierten Menschen hatten dies noch nie gehabt&#8230;<\/p>\n<p><a href=\"https:\/\/wo-soll-das-hinfuehren.de\/Hauptmenue\/wp-content\/uploads\/2023\/10\/FB_IMG_1687375310557.jpg\"><img loading=\"lazy\" decoding=\"async\" class=\"alignnone size-medium wp-image-5364\" src=\"https:\/\/wo-soll-das-hinfuehren.de\/Hauptmenue\/wp-content\/uploads\/2023\/10\/FB_IMG_1687375310557-267x300.jpg\" alt=\"\" width=\"267\" height=\"300\" srcset=\"https:\/\/wo-soll-das-hinfuehren.de\/Hauptmenue\/wp-content\/uploads\/2023\/10\/FB_IMG_1687375310557-267x300.jpg 267w, https:\/\/wo-soll-das-hinfuehren.de\/Hauptmenue\/wp-content\/uploads\/2023\/10\/FB_IMG_1687375310557.jpg 720w\" sizes=\"auto, (max-width: 267px) 100vw, 267px\" \/><\/a><\/p>\n<p>&nbsp;<\/p>\n<ul>\n<li>Nachdem ich Wolfgang Metzelers (Wolli) Bundesliga-Aktion in meinen &#8222;News 2023&#8220; verlinkt hatte, m\u00f6chte ich ihn heute am 10.03.2024 bei seinem Hungerstreik in Berlin unterst\u00fctzen [\u2026].<\/li>\n<\/ul>\n<p>Wolli geh\u00f6rt offensichtlich zu den wenigen Menschen, die sich nicht selbst und andere bel\u00fcgen [\u2026].<\/p>\n<p>Seit dem 07.03.2024 ist er im Hungerstreik. Ich m\u00f6chte an der Stelle alle Leute bitten ihn zu unterst\u00fctzen! Dieses Video (erster Link) von ihm postete ich am 01.03.2024 auf Facebook:<\/p>\n<p><strong><a href=\"https:\/\/youtu.be\/DlrTYzMa6oM\">Hungern bis ihr ehrlich seid<\/a><\/strong><\/p>\n<p><strong><a href=\"https:\/\/www.berliner-zeitung.de\/mensch-metropole\/berlin-hungerstreik-und-galgen-aktion-gegen-den-klima-horror-aktivist-legt-sich-schlinge-um-den-hals-li.2194434\">Berliner Zeitung: Hungern gegen den Klima-Horror: Aktivist legt sich eine Schlinge um den Hals<\/a><\/strong><\/p>\n<p><strong><a href=\"https:\/\/hungern-bis-ihr-ehrlich-seid.de\/\">Hungern bis ihr ehrlich seid.de<\/a><\/strong><\/p>\n<p>Bitte gerne einen Brief an Bundeskanzler Scholz schreiben. (Vorlage unter dem letzten Link.)<\/p>\n<p>Leider bin ich sp\u00e4t dran. Das waren zwei Kommentare von mir nach dem Post am 01.03.2024 auf Facebook:<\/p>\n<p><a href=\"https:\/\/wo-soll-das-hinfuehren.de\/Hauptmenue\/wp-content\/uploads\/2024\/03\/Screenshot_20240310_194914_Facebook.jpg\"><img loading=\"lazy\" decoding=\"async\" class=\"alignnone size-medium wp-image-5763\" src=\"https:\/\/wo-soll-das-hinfuehren.de\/Hauptmenue\/wp-content\/uploads\/2024\/03\/Screenshot_20240310_194914_Facebook-213x300.jpg\" alt=\"\" width=\"213\" height=\"300\" srcset=\"https:\/\/wo-soll-das-hinfuehren.de\/Hauptmenue\/wp-content\/uploads\/2024\/03\/Screenshot_20240310_194914_Facebook-213x300.jpg 213w, https:\/\/wo-soll-das-hinfuehren.de\/Hauptmenue\/wp-content\/uploads\/2024\/03\/Screenshot_20240310_194914_Facebook.jpg 720w\" sizes=\"auto, (max-width: 213px) 100vw, 213px\" \/><\/a><\/p>\n<p>Der Link aus meinen &#8222;News 2023&#8220;:<\/p>\n<p><a href=\"https:\/\/youtu.be\/SXNtv-FSKEc\"><strong>Wolli ist Ingenieur des technischen Umweltschutz<\/strong><\/a><\/p>\n<p>Professor Schellnhuber am 06.12.2023 im \u00f6sterreichischem Fernsehen:<\/p>\n<p><strong><a href=\"https:\/\/youtu.be\/CjwV0zlHxOo?si=NQ8UcOkgXfPR8RrE\">Klimaforscher Schellnhuber: &#8222;3 Grad Erderw\u00e4rmung w\u00e4re das Ende der menschlichen Zivilisation.\u201c<\/a><\/strong><\/p>\n<p>&nbsp;<\/p>\n<p>&nbsp;<\/p>\n<ul>\n<li>Neues Update von Dr. Mark Benecke:<\/li>\n<\/ul>\n<p><strong><a href=\"https:\/\/youtu.be\/qVIeZcyXMdA\">Time is up: Update M\u00e4rz 2024<\/a><\/strong><\/p>\n<p>&nbsp;<\/p>\n<ul>\n<li>Mit diesem Screenshot aus meinen &#8222;News 2023&#8220; hatte ich vor ein paar Tagen auf Facebook angek\u00fcndigt weiter zu machen:<\/li>\n<\/ul>\n<p><a href=\"https:\/\/wo-soll-das-hinfuehren.de\/Hauptmenue\/wp-content\/uploads\/2024\/03\/Screenshot_20240302_080326_Chrome.jpg\"><img loading=\"lazy\" decoding=\"async\" class=\"alignnone size-medium wp-image-5737\" src=\"https:\/\/wo-soll-das-hinfuehren.de\/Hauptmenue\/wp-content\/uploads\/2024\/03\/Screenshot_20240302_080326_Chrome-135x300.jpg\" alt=\"\" width=\"135\" height=\"300\" srcset=\"https:\/\/wo-soll-das-hinfuehren.de\/Hauptmenue\/wp-content\/uploads\/2024\/03\/Screenshot_20240302_080326_Chrome-135x300.jpg 135w, https:\/\/wo-soll-das-hinfuehren.de\/Hauptmenue\/wp-content\/uploads\/2024\/03\/Screenshot_20240302_080326_Chrome-461x1024.jpg 461w, https:\/\/wo-soll-das-hinfuehren.de\/Hauptmenue\/wp-content\/uploads\/2024\/03\/Screenshot_20240302_080326_Chrome-691x1536.jpg 691w, https:\/\/wo-soll-das-hinfuehren.de\/Hauptmenue\/wp-content\/uploads\/2024\/03\/Screenshot_20240302_080326_Chrome.jpg 720w\" sizes=\"auto, (max-width: 135px) 100vw, 135px\" \/><\/a><\/p>\n<p>Die ganze Welt redet oder schreibt seit vielen Jahren \u00fcber &#8222;Nachhaltigkeit&#8220; [\u2026].<\/p>\n<p>Nachhaltig leben will allerdings niemand [\u2026].<\/p>\n<p>Ein Herr hat vor ein paar Tagen einen sehr treffenden Kommentar abgegeben:<\/p>\n<p><a href=\"https:\/\/wo-soll-das-hinfuehren.de\/Hauptmenue\/wp-content\/uploads\/2024\/04\/Notes_240421_091911.jpg\"><img loading=\"lazy\" decoding=\"async\" class=\"alignnone size-medium wp-image-5827\" src=\"https:\/\/wo-soll-das-hinfuehren.de\/Hauptmenue\/wp-content\/uploads\/2024\/04\/Notes_240421_091911-212x300.jpg\" alt=\"\" width=\"212\" height=\"300\" srcset=\"https:\/\/wo-soll-das-hinfuehren.de\/Hauptmenue\/wp-content\/uploads\/2024\/04\/Notes_240421_091911-212x300.jpg 212w, https:\/\/wo-soll-das-hinfuehren.de\/Hauptmenue\/wp-content\/uploads\/2024\/04\/Notes_240421_091911.jpg 720w\" sizes=\"auto, (max-width: 212px) 100vw, 212px\" \/><\/a><\/p>\n<p>Das ist ein Kommentar von einer Frau:<\/p>\n<p><a href=\"https:\/\/wo-soll-das-hinfuehren.de\/Hauptmenue\/wp-content\/uploads\/2024\/03\/Notes_240305_111451.jpg\"><img loading=\"lazy\" decoding=\"async\" class=\"alignnone size-medium wp-image-5741\" src=\"https:\/\/wo-soll-das-hinfuehren.de\/Hauptmenue\/wp-content\/uploads\/2024\/03\/Notes_240305_111451-212x300.jpg\" alt=\"\" width=\"212\" height=\"300\" srcset=\"https:\/\/wo-soll-das-hinfuehren.de\/Hauptmenue\/wp-content\/uploads\/2024\/03\/Notes_240305_111451-212x300.jpg 212w, https:\/\/wo-soll-das-hinfuehren.de\/Hauptmenue\/wp-content\/uploads\/2024\/03\/Notes_240305_111451.jpg 720w\" sizes=\"auto, (max-width: 212px) 100vw, 212px\" \/><\/a><\/p>\n<p>&nbsp;<\/p>\n<ul>\n<li><a href=\"https:\/\/www.stockholmresilience.org\/research\/planetary-boundaries.html\"><span style=\"color: #ff0000;\"><strong>Planetare Grenzen &#8211; Stockholm Resilience Centre<\/strong><\/span><\/a><\/li>\n<\/ul>\n<p><a href=\"https:\/\/wo-soll-das-hinfuehren.de\/Hauptmenue\/wp-content\/uploads\/2024\/02\/Screenshot_20240218_101812_Chrome.jpg\"><img loading=\"lazy\" decoding=\"async\" class=\"alignnone size-medium wp-image-5730\" src=\"https:\/\/wo-soll-das-hinfuehren.de\/Hauptmenue\/wp-content\/uploads\/2024\/02\/Screenshot_20240218_101812_Chrome-135x300.jpg\" alt=\"\" width=\"135\" height=\"300\" srcset=\"https:\/\/wo-soll-das-hinfuehren.de\/Hauptmenue\/wp-content\/uploads\/2024\/02\/Screenshot_20240218_101812_Chrome-135x300.jpg 135w, https:\/\/wo-soll-das-hinfuehren.de\/Hauptmenue\/wp-content\/uploads\/2024\/02\/Screenshot_20240218_101812_Chrome-461x1024.jpg 461w, https:\/\/wo-soll-das-hinfuehren.de\/Hauptmenue\/wp-content\/uploads\/2024\/02\/Screenshot_20240218_101812_Chrome-691x1536.jpg 691w, https:\/\/wo-soll-das-hinfuehren.de\/Hauptmenue\/wp-content\/uploads\/2024\/02\/Screenshot_20240218_101812_Chrome.jpg 720w\" sizes=\"auto, (max-width: 135px) 100vw, 135px\" \/><\/a><\/p>\n<p>&nbsp;<\/p>\n<ul>\n<li>Nachdem ich in den letzten Tagen einige Kommentare bei Privatpersonen, in Facebook-Gruppen und in einer Whats-App-Umweltgruppe abgab, kann ich leider nur berichten, dass die ganze Wahrheit &#8211; wie ich sie auf meiner Webseite pr\u00e4sentiere &#8211; weiterhin niemand h\u00f6ren oder lesen will. Wie Professor Schellnhuber in dem Gespr\u00e4ch am 06.12.2023 im \u00f6sterreichischen Fernsehen sagte, wird die Verdr\u00e4ngung immer gr\u00f6\u00dfer, je n\u00e4her die Katastrophe r\u00fcckt. Viele Menschen verdr\u00e4ngen alles. Die wenigen, die aktiv sind, leben in ihrer Blase und glauben, dass uns ein paar strengere Umweltgesetze und modernere Technik retten werden. Wenn ich dann versuche den Leuten zu erkl\u00e4ren, dass das nicht reicht, bin ich ein b\u00f6ser Mensch oder neuerdings sogar ein Schwurbler. <a href=\"https:\/\/wo-soll-das-hinfuehren.de\/Hauptmenue\/wp-content\/uploads\/2022\/12\/FB_IMG_1668277772495.jpg\">Gustave le Bon<\/a> &#8211; den ich oben verlinkt habe &#8211; hat es vor ca. 130 Jahren erkannt, wie die allermeisten Menschen ticken. Mit einer Zukunft wird das bei dieser Haltung und Einstellung halt nichts. Wie ein Herr k\u00fcrzlich kommentierte, setzt sich die Physik durch.<\/li>\n<\/ul>\n<p>Da Herr Kerkovius in seinem unten verlinkten Buch \u00fcber die ganzheitliche Wahrnehmung berichtet und Professor Lesch in der unten verlinkten Vorlesung &#8222;Anthropoz\u00e4n-Zeitalter des Menschen&#8220; Hegel und das Ganze erw\u00e4hnt, habe ich heute am 17.02.2024 einmal nach Hegel gegoogelt. Diesen recht aktuellen Artikel fand ich:<\/p>\n<p><span style=\"color: #008000;\"><strong><a style=\"color: #008000;\" href=\"https:\/\/weltwoche.ch\/story\/das-wahre-ist-das-ganze\/\">Das Wahre ist das Ganze<\/a><\/strong><\/span><\/p>\n<p>Interview von Professor Schellnhuber am 06.12.2023 im \u00f6sterreichischen Fernsehen :<\/p>\n<p><strong><a href=\"https:\/\/youtu.be\/CjwV0zlHxOo?si=NQ8UcOkgXfPR8RrE\">Klimaforscher Schellnhuber: &#8222;3 Grad Erderw\u00e4rmung w\u00e4re das Ende der menschlichen Zivilisation.\u201c<\/a><\/strong><\/p>\n<p>Vielleicht noch ein bisschen kleines Einmaleis und Physik von mir, nachdem ich mich seit \u00fcber zwanzig Jahren mit der ganzen Problematik befasse und seit \u00fcber zwanzig Jahren vergeblich warne:<\/p>\n<blockquote><p>Wenn wir nicht nachhaltig leben, zerst\u00f6ren wir unsere Lebensgrundlage<\/p>\n<p>Wenn wir unsere Lebensgrundlage zerst\u00f6ren, haben wir keine Zukunft<\/p><\/blockquote>\n<p>Aus meinen &#8222;News 2023&#8220;:<\/p>\n<h3><a href=\"https:\/\/youtu.be\/_RMQZU-xLvk\"><strong>&#8222;Wer wir waren&#8220;<\/strong><\/a><\/h3>\n<h3><strong><a href=\"https:\/\/wo-soll-das-hinfuehren.de\/Hauptmenue\/wp-content\/uploads\/2023\/05\/ScreenRecorderProject180.mp4\">Ausschnitt<\/a><\/strong><\/h3>\n<p>&nbsp;<\/p>\n<ul>\n<li>\u00dcber Kommentare bei einem Facebook-Freund machte ich in der letzten Woche eine erfreuliche Bekanntschaft mit Herrn Kerkovius. Er schrieb 2009 das Buch &#8222;Fluch und Segen des Fortschritts&#8230; oder die Bedrohung der Sch\u00f6pfung&#8220;. Nun erscheint eine Neuauflage. F\u00fcr mich ist es auch ein Segen in dieser Welt noch Leute zu treffen, welche die traurige Entwicklung geistig auf die Reihe bekommen und ebenfalls versuchen aufzukl\u00e4ren, zu warnen und zum UMDENKEN anregen. Mit seiner freundlichen Genehmigung f\u00fcge ich nachfolgend zwei Links ein und kann allen empfehlen sich seine Informationen durchzulesen.<\/li>\n<\/ul>\n<p><a href=\"https:\/\/kritisches-netzwerk.de\/forum\/fluch-und-segen-des-fortschritts-oder-die-bedrohung-der-sch%C3%B6pfung-christopher-kerkovius\"><strong>Fluch und Segen des Fortschritts &#8211; oder die Bedrohung der Sch\u00f6pfung (CHRISTOPHER KERKOVIUS)<\/strong><\/a><\/p>\n<p><strong><a href=\"https:\/\/www.fotokunst-kerkovius.de\/fluch-und-segen-mein-buch\/?fbclid=IwAR1oZs3iGfq4MEpjHFL1JCJbZswIjnFElc1kESneLnYw1fJKG6X2rV5DGM4\">Vorwort Neuauflage<\/a><\/strong><\/p>\n<p><a href=\"https:\/\/wo-soll-das-hinfuehren.de\/Hauptmenue\/wp-content\/uploads\/2024\/02\/Screenshot_20240204_205336_Chrome-1.jpg\"><img loading=\"lazy\" decoding=\"async\" class=\"alignnone size-medium wp-image-5688\" src=\"https:\/\/wo-soll-das-hinfuehren.de\/Hauptmenue\/wp-content\/uploads\/2024\/02\/Screenshot_20240204_205336_Chrome-1-300x139.jpg\" alt=\"\" width=\"300\" height=\"139\" srcset=\"https:\/\/wo-soll-das-hinfuehren.de\/Hauptmenue\/wp-content\/uploads\/2024\/02\/Screenshot_20240204_205336_Chrome-1-300x139.jpg 300w, https:\/\/wo-soll-das-hinfuehren.de\/Hauptmenue\/wp-content\/uploads\/2024\/02\/Screenshot_20240204_205336_Chrome-1-1024x475.jpg 1024w, https:\/\/wo-soll-das-hinfuehren.de\/Hauptmenue\/wp-content\/uploads\/2024\/02\/Screenshot_20240204_205336_Chrome-1-768x356.jpg 768w, https:\/\/wo-soll-das-hinfuehren.de\/Hauptmenue\/wp-content\/uploads\/2024\/02\/Screenshot_20240204_205336_Chrome-1.jpg 1450w\" sizes=\"auto, (max-width: 300px) 100vw, 300px\" \/><\/a><\/p>\n<p>&nbsp;<\/p>\n<ul>\n<li>Diese Grafik zeigt Professor Lesch in dem weiter unten verlinkten Vortrag &#8222;Anthropoz\u00e4n &#8211; Zeitalter des Menschen&#8220; an der Ludwig-Maximilians-Universit\u00e4t in M\u00fcnchen:<\/li>\n<\/ul>\n<p><a href=\"https:\/\/wo-soll-das-hinfuehren.de\/Hauptmenue\/wp-content\/uploads\/2024\/02\/Overshoot-Day.jpg\"><img loading=\"lazy\" decoding=\"async\" class=\"alignnone size-medium wp-image-5668\" src=\"https:\/\/wo-soll-das-hinfuehren.de\/Hauptmenue\/wp-content\/uploads\/2024\/02\/Overshoot-Day-300x245.jpg\" alt=\"\" width=\"300\" height=\"245\" srcset=\"https:\/\/wo-soll-das-hinfuehren.de\/Hauptmenue\/wp-content\/uploads\/2024\/02\/Overshoot-Day-300x245.jpg 300w, https:\/\/wo-soll-das-hinfuehren.de\/Hauptmenue\/wp-content\/uploads\/2024\/02\/Overshoot-Day-1024x836.jpg 1024w, https:\/\/wo-soll-das-hinfuehren.de\/Hauptmenue\/wp-content\/uploads\/2024\/02\/Overshoot-Day-768x627.jpg 768w, https:\/\/wo-soll-das-hinfuehren.de\/Hauptmenue\/wp-content\/uploads\/2024\/02\/Overshoot-Day.jpg 1500w\" sizes=\"auto, (max-width: 300px) 100vw, 300px\" \/><\/a><\/p>\n<p>Dieser Artikel erschien im Sommer 2023 in einer \u00f6sterreichischen Zeitung:<\/p>\n<p><a href=\"https:\/\/wo-soll-das-hinfuehren.de\/Hauptmenue\/wp-content\/uploads\/2023\/09\/FB_IMG_1693378417662.jpg\"><img loading=\"lazy\" decoding=\"async\" class=\"alignnone size-medium wp-image-5275\" src=\"https:\/\/wo-soll-das-hinfuehren.de\/Hauptmenue\/wp-content\/uploads\/2023\/09\/FB_IMG_1693378417662-64x300.jpg\" alt=\"\" width=\"64\" height=\"300\" srcset=\"https:\/\/wo-soll-das-hinfuehren.de\/Hauptmenue\/wp-content\/uploads\/2023\/09\/FB_IMG_1693378417662-64x300.jpg 64w, https:\/\/wo-soll-das-hinfuehren.de\/Hauptmenue\/wp-content\/uploads\/2023\/09\/FB_IMG_1693378417662-329x1536.jpg 329w, https:\/\/wo-soll-das-hinfuehren.de\/Hauptmenue\/wp-content\/uploads\/2023\/09\/FB_IMG_1693378417662.jpg 439w\" sizes=\"auto, (max-width: 64px) 100vw, 64px\" \/><\/a><\/p>\n<p>Machen solche Informationen irgendetwas mit uns?<\/p>\n<p>Die Antwort lautet: nein<\/p>\n<p>Fast alle Menschen wollen ein &#8222;Weiter wie bisher&#8220;<\/p>\n<p>Moderne Technik soll es m\u00f6glich machen, dass wir mit unserer zerst\u00f6rerischen Lebensweise so \u00e4hnlich weitermachen k\u00f6nnen wie bisher.<\/p>\n<p>Nachdem ich nun schon seit fast 21 Jahren mehr oder weniger vergeblich auf die traurigen Fakten aufmerksam mache und vergeblich warne, m\u00f6chte ich den Leuten mitteilen, dass sich fast jeder und jede mit dem Titel<\/p>\n<h3><strong><a href=\"https:\/\/youtu.be\/sWlbnNDu6OE\">&#8222;Die Erdzerst\u00f6rer&#8220;<\/a><\/strong><\/h3>\n<p>betiteln kann.<\/p>\n<p>Ich nehme diesen Titel auch an, da ich ca. 1,5 Planeten f\u00fcr meine recht minimalistische Lebensweise ben\u00f6tige und ca. 6,5 Tonnen CO2 im Jahr produziere. Allerdings ist bei mir schon vor \u00fcber 20 Jahren aufgrund meiner Erkenntnisse etwas passiert.<\/p>\n<p>1. Ich versuche m\u00f6glichst nachhaltig zu leben.<\/p>\n<p>2. Ich warne und versuche \u00fcber unseren Weg in den Abgrund aufzukl\u00e4ren, um ein UMDENKEN anzusto\u00dfen.<\/p>\n<p>Dass die Ignoranz bei fast allen Menschen so gro\u00df ist, h\u00e4tte ich niemals erwartet.<\/p>\n<p>Allerdings macht das Verhalten der allermeisten Menschen auch klar, dass sich die Menschheit nicht von ihrem kollektiven Massenselbstmord &#8211; der mit der aktuellen Zerst\u00f6rung der Natur einhergeht &#8211; abhalten l\u00e4sst. Da nach meinen Erkenntnissen die negativen Eigenschaften wie Habgier, Egoismus, Verlogenheit, Neid und Doppelmoral bei den allermeisten Menschen stark ausgepr\u00e4gt sind, gehen Appelle an Verstand, Vernunft und Gewissen mehr oder weniger ins Leere.<\/p>\n<p>Empfehlung hierzu mein Beitrag <strong><a href=\"https:\/\/wo-soll-das-hinfuehren.de\/Hauptmenue\/?p=4923\">&#8222;DOPPELMORAL&#8220;<\/a><\/strong><\/p>\n<p>&nbsp;<\/p>\n<ul>\n<li>Bevor es in den n\u00e4chsten Tagen mit weiteren Informationen weitergeht, m\u00f6chte ich erneut diesen Artikel aus meinen News 2023 von Professor Steurer verlinken und aufgreifen:<\/li>\n<\/ul>\n<p><strong><span style=\"color: #ff0000;\"><a style=\"color: #ff0000;\" href=\"https:\/\/www.diepresse.com\/17889683\/wir-schauen-uns-beim-scheitern-zu?fbclid=IwAR3JT8ZOnUC0et1kZIoAnlb0Q93Rd6U2M1hSERDbhiwNIf_YHDb3Pn2r7FU\">\u201eWir schauen uns beim Scheitern zu\u201c<\/a><\/span><\/strong><\/p>\n<p><a href=\"https:\/\/wo-soll-das-hinfuehren.de\/Hauptmenue\/wp-content\/uploads\/2024\/02\/Screenshot_20240203_200631_Chrome.jpg\"><img loading=\"lazy\" decoding=\"async\" class=\"alignnone size-medium wp-image-5653\" src=\"https:\/\/wo-soll-das-hinfuehren.de\/Hauptmenue\/wp-content\/uploads\/2024\/02\/Screenshot_20240203_200631_Chrome-135x300.jpg\" alt=\"\" width=\"135\" height=\"300\" srcset=\"https:\/\/wo-soll-das-hinfuehren.de\/Hauptmenue\/wp-content\/uploads\/2024\/02\/Screenshot_20240203_200631_Chrome-135x300.jpg 135w, https:\/\/wo-soll-das-hinfuehren.de\/Hauptmenue\/wp-content\/uploads\/2024\/02\/Screenshot_20240203_200631_Chrome-461x1024.jpg 461w, https:\/\/wo-soll-das-hinfuehren.de\/Hauptmenue\/wp-content\/uploads\/2024\/02\/Screenshot_20240203_200631_Chrome-691x1536.jpg 691w, https:\/\/wo-soll-das-hinfuehren.de\/Hauptmenue\/wp-content\/uploads\/2024\/02\/Screenshot_20240203_200631_Chrome.jpg 720w\" sizes=\"auto, (max-width: 135px) 100vw, 135px\" \/><\/a><\/p>\n<p><span style=\"color: #000000;\">Nachfolgend ein Textauszug aus dem Artikel:<\/span><\/p>\n<p><span style=\"color: #0000ff;\"><strong>&#8222;Nicht wissen wollen&#8220; erlebe ich seit \u00fcber zwanzig Jahren [\u2026].<\/strong><\/span><\/p>\n<p><a href=\"https:\/\/wo-soll-das-hinfuehren.de\/Hauptmenue\/wp-content\/uploads\/2024\/02\/Screenshot_20240203_200711_Chrome.jpg\"><img loading=\"lazy\" decoding=\"async\" class=\"alignnone size-medium wp-image-5654\" src=\"https:\/\/wo-soll-das-hinfuehren.de\/Hauptmenue\/wp-content\/uploads\/2024\/02\/Screenshot_20240203_200711_Chrome-135x300.jpg\" alt=\"\" width=\"135\" height=\"300\" srcset=\"https:\/\/wo-soll-das-hinfuehren.de\/Hauptmenue\/wp-content\/uploads\/2024\/02\/Screenshot_20240203_200711_Chrome-135x300.jpg 135w, https:\/\/wo-soll-das-hinfuehren.de\/Hauptmenue\/wp-content\/uploads\/2024\/02\/Screenshot_20240203_200711_Chrome-461x1024.jpg 461w, https:\/\/wo-soll-das-hinfuehren.de\/Hauptmenue\/wp-content\/uploads\/2024\/02\/Screenshot_20240203_200711_Chrome-691x1536.jpg 691w, https:\/\/wo-soll-das-hinfuehren.de\/Hauptmenue\/wp-content\/uploads\/2024\/02\/Screenshot_20240203_200711_Chrome.jpg 720w\" sizes=\"auto, (max-width: 135px) 100vw, 135px\" \/><\/a><\/p>\n<p><span style=\"color: #0000ff;\"><strong>Dieses Gesellschaftsversagen durch Ignoranz sehe ich seit zwanzig Jahren<\/strong> <strong>[\u2026].<\/strong><\/span><\/p>\n<p>Hier noch ein Presseartikel :<\/p>\n<p><a href=\"https:\/\/wo-soll-das-hinfuehren.de\/Hauptmenue\/wp-content\/uploads\/2024\/02\/FB_IMG_1701776328465.jpg\"><img loading=\"lazy\" decoding=\"async\" class=\"alignnone size-medium wp-image-5655\" src=\"https:\/\/wo-soll-das-hinfuehren.de\/Hauptmenue\/wp-content\/uploads\/2024\/02\/FB_IMG_1701776328465-253x300.jpg\" alt=\"\" width=\"253\" height=\"300\" srcset=\"https:\/\/wo-soll-das-hinfuehren.de\/Hauptmenue\/wp-content\/uploads\/2024\/02\/FB_IMG_1701776328465-253x300.jpg 253w, https:\/\/wo-soll-das-hinfuehren.de\/Hauptmenue\/wp-content\/uploads\/2024\/02\/FB_IMG_1701776328465.jpg 720w\" sizes=\"auto, (max-width: 253px) 100vw, 253px\" \/><\/a><\/p>\n<p>&nbsp;<\/p>\n<ul>\n<li>\n<h4>Empfehlung: <a href=\"https:\/\/youtu.be\/ThqfNX8EMe4?si=jn6vcOMU7Fqwpp6L\">Time is up: Update f\u00fcr Winter 2023<\/a><\/h4>\n<\/li>\n<\/ul>\n<p>&nbsp;<\/p>\n<ul>\n<li>\n<h4>Empfehlung: <a href=\"https:\/\/youtu.be\/UeyntbpAALo?si=NZ6qVsJJ5xRSLI6O\">Anthropoz\u00e4n \u2022 Zeitalter des Menschen \u2022 Wissenschaftsjahr 2023 LMU\/BMBF | Harald Lesch<\/a><\/h4>\n<\/li>\n<\/ul>\n<p>&nbsp;<\/p>\n<ul>\n<li>\n<h4>Erneute Empfehlung: <strong><a href=\"https:\/\/youtu.be\/CWw-xcDzMDI\">Der Mut zur Wahrheit<\/a><\/strong><\/h4>\n<\/li>\n<\/ul>\n<p>&nbsp;<\/p>\n<ul>\n<li><strong><a href=\"https:\/\/taz.de\/2023-waermstes-Jahr-seit-100000-Jahren\/!5984015\/\"><span style=\"color: #ff0000;\">2023 w\u00e4rmstes Jahr seit 100.000 Jahren: Knapp unter der 1,5-Grad-Schwelle<\/span> <\/a><\/strong><\/li>\n<\/ul>\n<p>&nbsp;<\/p>\n<ul>\n<li><strong><a href=\"https:\/\/youtu.be\/9IVAxpojiCs?si=teeCtARAao7yMzgT\">&#8222;We Tried&#8220;<\/a><\/strong><\/li>\n<\/ul>\n<p>&nbsp;<\/p>\n<ul>\n<li>Empfehlung: <a href=\"https:\/\/youtu.be\/YuHSWq80oDU\">Rechtsschutz nur f\u00fcr &#8222;guten&#8220; Protest &#8211; wie Justiz und Politik Stimmungen anheizen<\/a><\/li>\n<\/ul>\n<p>&nbsp;<\/p>\n<ul>\n<li>Hier noch ein empfehlenswerter Artikel zu den Bauernprotesten morgen:<\/li>\n<\/ul>\n<p><a href=\"https:\/\/www.geo.de\/natur\/nachhaltigkeit\/agrardiesel-streit--warum-die-bauern-die-falschen-forderungen-stellen-34303400.html?fbclid=IwAR2TQLJvfp8NuZ8iEG-lTdh84IXp-5ZwwJR5cymDhdU0FnFag8cjmQ3zKAc\">Meinung &#8211; Streit um Agrardiesel Faire Preise statt Pr\u00e4mien! Warum ich als Landwirtin den Bauernaufstand f\u00fcr falsch halte <\/a><\/p>\n<p>&nbsp;<\/p>\n<ul>\n<li>Da sich an der Gesamtsituation nichts ge\u00e4ndert hat, habe ich die Einleitung von meinen &#8222;News 2023&#8220; \u00fcbernommen und beginne die &#8222;News 2024&#8220; mit einer Bildgalerie. Das Zitat von Jane Fonda hatte ich vor ca. 18 Jahren auf meiner zwanzig Jahre alten Webseite pr\u00e4sentiert.<\/li>\n<\/ul>\n<p>&nbsp;<\/p>\n<p><a href=\"https:\/\/wo-soll-das-hinfuehren.de\/Hauptmenue\/wp-content\/uploads\/2024\/01\/FB_IMG_1704272078987.jpg\"><img loading=\"lazy\" decoding=\"async\" class=\"alignnone size-medium wp-image-5557\" src=\"https:\/\/wo-soll-das-hinfuehren.de\/Hauptmenue\/wp-content\/uploads\/2024\/01\/FB_IMG_1704272078987-300x300.jpg\" alt=\"\" width=\"300\" height=\"300\" srcset=\"https:\/\/wo-soll-das-hinfuehren.de\/Hauptmenue\/wp-content\/uploads\/2024\/01\/FB_IMG_1704272078987-300x300.jpg 300w, https:\/\/wo-soll-das-hinfuehren.de\/Hauptmenue\/wp-content\/uploads\/2024\/01\/FB_IMG_1704272078987-150x150.jpg 150w, https:\/\/wo-soll-das-hinfuehren.de\/Hauptmenue\/wp-content\/uploads\/2024\/01\/FB_IMG_1704272078987.jpg 720w\" sizes=\"auto, (max-width: 300px) 100vw, 300px\" \/><\/a><\/p>\n<p><a href=\"https:\/\/wo-soll-das-hinfuehren.de\/Hauptmenue\/wp-content\/uploads\/2024\/01\/FB_IMG_1704035491245.jpg\"><img loading=\"lazy\" decoding=\"async\" class=\"alignnone size-medium wp-image-5554\" src=\"https:\/\/wo-soll-das-hinfuehren.de\/Hauptmenue\/wp-content\/uploads\/2024\/01\/FB_IMG_1704035491245-264x300.jpg\" alt=\"\" width=\"264\" height=\"300\" srcset=\"https:\/\/wo-soll-das-hinfuehren.de\/Hauptmenue\/wp-content\/uploads\/2024\/01\/FB_IMG_1704035491245-264x300.jpg 264w, https:\/\/wo-soll-das-hinfuehren.de\/Hauptmenue\/wp-content\/uploads\/2024\/01\/FB_IMG_1704035491245.jpg 720w\" sizes=\"auto, (max-width: 264px) 100vw, 264px\" \/><\/a><\/p>\n<p><a href=\"https:\/\/wo-soll-das-hinfuehren.de\/Hauptmenue\/wp-content\/uploads\/2024\/01\/FB_IMG_1704055970579.jpg\"><img loading=\"lazy\" decoding=\"async\" class=\"alignnone size-medium wp-image-5556\" src=\"https:\/\/wo-soll-das-hinfuehren.de\/Hauptmenue\/wp-content\/uploads\/2024\/01\/FB_IMG_1704055970579-236x300.jpg\" alt=\"\" width=\"236\" height=\"300\" srcset=\"https:\/\/wo-soll-das-hinfuehren.de\/Hauptmenue\/wp-content\/uploads\/2024\/01\/FB_IMG_1704055970579-236x300.jpg 236w, https:\/\/wo-soll-das-hinfuehren.de\/Hauptmenue\/wp-content\/uploads\/2024\/01\/FB_IMG_1704055970579.jpg 503w\" sizes=\"auto, (max-width: 236px) 100vw, 236px\" \/><\/a><\/p>\n<p><a href=\"https:\/\/wo-soll-das-hinfuehren.de\/Hauptmenue\/wp-content\/uploads\/2024\/01\/FB_IMG_1703780157978.jpg\"><img loading=\"lazy\" decoding=\"async\" class=\"alignnone size-medium wp-image-5553\" src=\"https:\/\/wo-soll-das-hinfuehren.de\/Hauptmenue\/wp-content\/uploads\/2024\/01\/FB_IMG_1703780157978-300x281.jpg\" alt=\"\" width=\"300\" height=\"281\" srcset=\"https:\/\/wo-soll-das-hinfuehren.de\/Hauptmenue\/wp-content\/uploads\/2024\/01\/FB_IMG_1703780157978-300x281.jpg 300w, https:\/\/wo-soll-das-hinfuehren.de\/Hauptmenue\/wp-content\/uploads\/2024\/01\/FB_IMG_1703780157978.jpg 552w\" sizes=\"auto, (max-width: 300px) 100vw, 300px\" \/><\/a><\/p>\n<p><a href=\"https:\/\/wo-soll-das-hinfuehren.de\/Hauptmenue\/wp-content\/uploads\/2024\/01\/FB_IMG_1703002995534.jpg\"><img loading=\"lazy\" decoding=\"async\" class=\"alignnone size-medium wp-image-5552\" src=\"https:\/\/wo-soll-das-hinfuehren.de\/Hauptmenue\/wp-content\/uploads\/2024\/01\/FB_IMG_1703002995534-176x300.jpg\" alt=\"\" width=\"176\" height=\"300\" srcset=\"https:\/\/wo-soll-das-hinfuehren.de\/Hauptmenue\/wp-content\/uploads\/2024\/01\/FB_IMG_1703002995534-176x300.jpg 176w, https:\/\/wo-soll-das-hinfuehren.de\/Hauptmenue\/wp-content\/uploads\/2024\/01\/FB_IMG_1703002995534-600x1024.jpg 600w, https:\/\/wo-soll-das-hinfuehren.de\/Hauptmenue\/wp-content\/uploads\/2024\/01\/FB_IMG_1703002995534.jpg 697w\" sizes=\"auto, (max-width: 176px) 100vw, 176px\" \/><\/a><\/p>\n<p><a href=\"https:\/\/wo-soll-das-hinfuehren.de\/Hauptmenue\/wp-content\/uploads\/2024\/01\/FB_IMG_1704046088783.jpg\"><img loading=\"lazy\" decoding=\"async\" class=\"alignnone size-medium wp-image-5555\" src=\"https:\/\/wo-soll-das-hinfuehren.de\/Hauptmenue\/wp-content\/uploads\/2024\/01\/FB_IMG_1704046088783-300x225.jpg\" alt=\"\" width=\"300\" height=\"225\" srcset=\"https:\/\/wo-soll-das-hinfuehren.de\/Hauptmenue\/wp-content\/uploads\/2024\/01\/FB_IMG_1704046088783-300x225.jpg 300w, https:\/\/wo-soll-das-hinfuehren.de\/Hauptmenue\/wp-content\/uploads\/2024\/01\/FB_IMG_1704046088783.jpg 720w\" sizes=\"auto, (max-width: 300px) 100vw, 300px\" \/><\/a><\/p>\n<p><a href=\"https:\/\/wo-soll-das-hinfuehren.de\/Hauptmenue\/wp-content\/uploads\/2024\/01\/FB_IMG_1704561281484.jpg\"><img loading=\"lazy\" decoding=\"async\" class=\"alignnone size-medium wp-image-5558\" src=\"https:\/\/wo-soll-das-hinfuehren.de\/Hauptmenue\/wp-content\/uploads\/2024\/01\/FB_IMG_1704561281484-300x225.jpg\" alt=\"\" width=\"300\" height=\"225\" srcset=\"https:\/\/wo-soll-das-hinfuehren.de\/Hauptmenue\/wp-content\/uploads\/2024\/01\/FB_IMG_1704561281484-300x225.jpg 300w, https:\/\/wo-soll-das-hinfuehren.de\/Hauptmenue\/wp-content\/uploads\/2024\/01\/FB_IMG_1704561281484.jpg 720w\" sizes=\"auto, (max-width: 300px) 100vw, 300px\" \/><\/a><\/p>\n<p>Nach meinen Informationen ein Blick vom Rathaus in Dresden. Von unserem kollektiven Massenselbstmord durch unserem Konsum- und Technikwahn bemerkt fast niemand etwas [\u2026].<\/p>\n<p><a href=\"https:\/\/wo-soll-das-hinfuehren.de\/Hauptmenue\/wp-content\/uploads\/2024\/01\/FB_IMG_1704620424126.jpg\"><img loading=\"lazy\" decoding=\"async\" class=\"alignnone size-medium wp-image-5559\" src=\"https:\/\/wo-soll-das-hinfuehren.de\/Hauptmenue\/wp-content\/uploads\/2024\/01\/FB_IMG_1704620424126-231x300.jpg\" alt=\"\" width=\"231\" height=\"300\" srcset=\"https:\/\/wo-soll-das-hinfuehren.de\/Hauptmenue\/wp-content\/uploads\/2024\/01\/FB_IMG_1704620424126-231x300.jpg 231w, https:\/\/wo-soll-das-hinfuehren.de\/Hauptmenue\/wp-content\/uploads\/2024\/01\/FB_IMG_1704620424126.jpg 526w\" sizes=\"auto, (max-width: 231px) 100vw, 231px\" \/><\/a><\/p>\n<p>Aus meinem Beitrag: <a href=\"https:\/\/youtu.be\/8mu80MqIj7g\">DOPPELMORAL &#8211; Der Autokult [Zeichen der Zeit 1964]<\/a><\/p>\n<p>Habe einen Like heute am 07.01.2024 f\u00fcr diesen Kommentar zu den Bildern aus Dresden bekommen.<\/p>\n<p><a href=\"https:\/\/wo-soll-das-hinfuehren.de\/Hauptmenue\/wp-content\/uploads\/2024\/01\/Screenshot_20240107_184740_Facebook.jpg\"><img loading=\"lazy\" decoding=\"async\" class=\"alignnone size-medium wp-image-5578\" src=\"https:\/\/wo-soll-das-hinfuehren.de\/Hauptmenue\/wp-content\/uploads\/2024\/01\/Screenshot_20240107_184740_Facebook-286x300.jpg\" alt=\"\" width=\"286\" height=\"300\" srcset=\"https:\/\/wo-soll-das-hinfuehren.de\/Hauptmenue\/wp-content\/uploads\/2024\/01\/Screenshot_20240107_184740_Facebook-286x300.jpg 286w, https:\/\/wo-soll-das-hinfuehren.de\/Hauptmenue\/wp-content\/uploads\/2024\/01\/Screenshot_20240107_184740_Facebook.jpg 720w\" sizes=\"auto, (max-width: 286px) 100vw, 286px\" \/><\/a><\/p>\n<p>Ein zweiter Kommentar von mir:<\/p>\n<p>Erg\u00e4nzung zu meinem Kommentar&#8230;<\/p>\n<p>1964 waren in Deutschland knapp 8 Millionen PKWS zugelassen&#8230;<\/p>\n<p>Am 01.01.2023 waren es knapp 49 Millionen&#8230;<\/p>\n<p><a href=\"https:\/\/wo-soll-das-hinfuehren.de\/Hauptmenue\/wp-content\/uploads\/2022\/07\/FB_IMG_1654285853123.jpg\"><img loading=\"lazy\" decoding=\"async\" class=\"alignnone size-medium wp-image-4518\" src=\"https:\/\/wo-soll-das-hinfuehren.de\/Hauptmenue\/wp-content\/uploads\/2022\/07\/FB_IMG_1654285853123-300x259.jpg\" alt=\"\" width=\"300\" height=\"259\" srcset=\"https:\/\/wo-soll-das-hinfuehren.de\/Hauptmenue\/wp-content\/uploads\/2022\/07\/FB_IMG_1654285853123-300x259.jpg 300w, https:\/\/wo-soll-das-hinfuehren.de\/Hauptmenue\/wp-content\/uploads\/2022\/07\/FB_IMG_1654285853123.jpg 640w\" sizes=\"auto, (max-width: 300px) 100vw, 300px\" \/><\/a><\/p>\n<p><a href=\"https:\/\/wo-soll-das-hinfuehren.de\/Hauptmenue\/wp-content\/uploads\/2022\/06\/ScreenRecorderProject174.mp4\">So geht`s nicht weiter<\/a><\/p>\n<p>Link zum ganzen Video:<\/p>\n<p><a href=\"https:\/\/youtu.be\/9ZUNY7sYaf0?si=3rUJDGe0WbL6p9Qq\">https:\/\/youtu.be\/9ZUNY7sYaf0?si=3rUJDGe0WbL6p9Qq<\/a><\/p>\n<p><a href=\"https:\/\/wo-soll-das-hinfuehren.de\/Hauptmenue\/wp-content\/uploads\/2024\/01\/Screenshot_20240107_195519_Facebook.jpg\"><img loading=\"lazy\" decoding=\"async\" class=\"alignnone size-medium wp-image-5590\" src=\"https:\/\/wo-soll-das-hinfuehren.de\/Hauptmenue\/wp-content\/uploads\/2024\/01\/Screenshot_20240107_195519_Facebook-175x300.jpg\" alt=\"\" width=\"175\" height=\"300\" srcset=\"https:\/\/wo-soll-das-hinfuehren.de\/Hauptmenue\/wp-content\/uploads\/2024\/01\/Screenshot_20240107_195519_Facebook-175x300.jpg 175w, https:\/\/wo-soll-das-hinfuehren.de\/Hauptmenue\/wp-content\/uploads\/2024\/01\/Screenshot_20240107_195519_Facebook-597x1024.jpg 597w, https:\/\/wo-soll-das-hinfuehren.de\/Hauptmenue\/wp-content\/uploads\/2024\/01\/Screenshot_20240107_195519_Facebook.jpg 720w\" sizes=\"auto, (max-width: 175px) 100vw, 175px\" \/><\/a><\/p>\n<p>Das war ein aktueller Kommentar von mir an einen Herrn, der meinte, dass die Menschen nicht auf ein Auto verzichten:<\/p>\n<p><a href=\"https:\/\/wo-soll-das-hinfuehren.de\/Hauptmenue\/wp-content\/uploads\/2024\/01\/Screenshot_20240107_202155_Facebook.jpg\"><img loading=\"lazy\" decoding=\"async\" class=\"alignnone size-medium wp-image-5592\" src=\"https:\/\/wo-soll-das-hinfuehren.de\/Hauptmenue\/wp-content\/uploads\/2024\/01\/Screenshot_20240107_202155_Facebook-300x233.jpg\" alt=\"\" width=\"300\" height=\"233\" srcset=\"https:\/\/wo-soll-das-hinfuehren.de\/Hauptmenue\/wp-content\/uploads\/2024\/01\/Screenshot_20240107_202155_Facebook-300x233.jpg 300w, https:\/\/wo-soll-das-hinfuehren.de\/Hauptmenue\/wp-content\/uploads\/2024\/01\/Screenshot_20240107_202155_Facebook.jpg 720w\" sizes=\"auto, (max-width: 300px) 100vw, 300px\" \/><\/a><\/p>\n<p>&nbsp;<\/p>\n<p>&nbsp;<\/p>\n<div align=\"center\">\n<p style=\"text-align: center;\"><strong><a id=\"ebsr5556uh\" href=\"https:\/\/www.besucherzaehler-kostenlos.de\">besucherzaehler-kostenlos.de<\/a><script language=\"JavaScript\" src=\"https:\/\/www.besucherzaehler-kostenlos.de\/js\/counter.js.php?count=1&#038;id=Z5uw93MPVv&#038;start=7863&#038;design=2d\"><\/script><\/strong><\/p>\n<\/div>\n","protected":false},"excerpt":{"rendered":"<p>Die neuesten Informationen stehen oben in dem Beitrag, nach dieser Einleitung. &nbsp; &nbsp; &nbsp; &nbsp; &nbsp; &nbsp; &nbsp; Neuen Besuchern empfehle ich, sich meine Einleitung von den &#8222;News 2021&#8220; anzuschauen. Weitere sehr empfehlenswerte Videos sind: &#8222;Einfach. Besser. Leben.&#8220; von Professor Austmann, &#8222;Weniger ist mehr&#8220; von Professor Niko Paech und &#8222;Klimaneutral leben im Alltag&#8220; vom Umweltbundesamt. &hellip; <a href=\"https:\/\/wo-soll-das-hinfuehren.de\/Hauptmenue\/?p=5543\" class=\"more-link\"><span class=\"screen-reader-text\">News 2024<\/span> weiterlesen<\/a><\/p>\n","protected":false},"author":1,"featured_media":0,"comment_status":"closed","ping_status":"open","sticky":false,"template":"","format":"standard","meta":{"footnotes":""},"categories":[1],"tags":[],"class_list":["post-5543","post","type-post","status-publish","format-standard","hentry","category-allgemein"],"jetpack_featured_media_url":"","_links":{"self":[{"href":"https:\/\/wo-soll-das-hinfuehren.de\/Hauptmenue\/index.php?rest_route=\/wp\/v2\/posts\/5543","targetHints":{"allow":["GET"]}}],"collection":[{"href":"https:\/\/wo-soll-das-hinfuehren.de\/Hauptmenue\/index.php?rest_route=\/wp\/v2\/posts"}],"about":[{"href":"https:\/\/wo-soll-das-hinfuehren.de\/Hauptmenue\/index.php?rest_route=\/wp\/v2\/types\/post"}],"author":[{"embeddable":true,"href":"https:\/\/wo-soll-das-hinfuehren.de\/Hauptmenue\/index.php?rest_route=\/wp\/v2\/users\/1"}],"replies":[{"embeddable":true,"href":"https:\/\/wo-soll-das-hinfuehren.de\/Hauptmenue\/index.php?rest_route=%2Fwp%2Fv2%2Fcomments&post=5543"}],"version-history":[{"count":504,"href":"https:\/\/wo-soll-das-hinfuehren.de\/Hauptmenue\/index.php?rest_route=\/wp\/v2\/posts\/5543\/revisions"}],"predecessor-version":[{"id":7027,"href":"https:\/\/wo-soll-das-hinfuehren.de\/Hauptmenue\/index.php?rest_route=\/wp\/v2\/posts\/5543\/revisions\/7027"}],"wp:attachment":[{"href":"https:\/\/wo-soll-das-hinfuehren.de\/Hauptmenue\/index.php?rest_route=%2Fwp%2Fv2%2Fmedia&parent=5543"}],"wp:term":[{"taxonomy":"category","embeddable":true,"href":"https:\/\/wo-soll-das-hinfuehren.de\/Hauptmenue\/index.php?rest_route=%2Fwp%2Fv2%2Fcategories&post=5543"},{"taxonomy":"post_tag","embeddable":true,"href":"https:\/\/wo-soll-das-hinfuehren.de\/Hauptmenue\/index.php?rest_route=%2Fwp%2Fv2%2Ftags&post=5543"}],"curies":[{"name":"wp","href":"https:\/\/api.w.org\/{rel}","templated":true}]}}